{"id":508458,"date":"2025-11-03T08:19:11","date_gmt":"2025-11-03T08:19:11","guid":{"rendered":"https:\/\/www.europesays.com\/fr\/508458\/"},"modified":"2025-11-03T08:19:11","modified_gmt":"2025-11-03T08:19:11","slug":"saint-nicolas-de-port-il-retourne-chez-son-ex-concubine-malgre-une-interdiction-judiciaire","status":"publish","type":"post","link":"https:\/\/www.europesays.com\/fr\/508458\/","title":{"rendered":"Saint-Nicolas-de-Port. Il retourne chez son ex-concubine malgr\u00e9 une interdiction judiciaire"},"content":{"rendered":"<p>Derri\u00e8re les vitres du box du tribunal correctionnel, il ne cesse de s\u2019agiter, en jetant des regards noirs sur la plaignante rest\u00e9e au fond de la salle d\u2019audience, et ricane avec arrogance \u00e0 l\u2019\u00e9nonc\u00e9 des faits.<\/p>\n<p>Le pr\u00e9venu, un homme \u00e2g\u00e9 de 34 ans, compara\u00eet ce vendredi 31\u00a0octobre pour \u00ab\u00a0menace de mort r\u00e9it\u00e9r\u00e9e\u00a0\u00bb \u00e0 l\u2019encontre de son ex-concubine, \u00ab\u00a0usage illicite de&#8230;<\/p>\n","protected":false},"excerpt":{"rendered":"Derri\u00e8re les vitres du box du tribunal correctionnel, il ne cesse de s\u2019agiter, en jetant des regards noirs&hellip;\n","protected":false},"author":2,"featured_media":508459,"comment_status":"","ping_status":"","sticky":false,"template":"","format":"standard","meta":{"footnotes":""},"categories":[9635],"tags":[1111,11,9652,1704,1777,674,274,1011,27,775,3457,1702,12,25,9651],"class_list":{"0":"post-508458","1":"post","2":"type-post","3":"status-publish","4":"format-standard","5":"has-post-thumbnail","7":"category-nancy","8":"tag-actu","9":"tag-actualites","10":"tag-cc-des-pays-du-sel-et-du-vermois-54b","11":"tag-edition-nancy-et-agglomeration","12":"tag-eu","13":"tag-europe","14":"tag-faits-divers-justice","15":"tag-fr","16":"tag-france","17":"tag-grand-est","18":"tag-meurthe-et-moselle","19":"tag-nancy","20":"tag-news","21":"tag-republique-francaise","22":"tag-saint-nicolas-de-port"},"share_on_mastodon":{"url":"https:\/\/pubeurope.com\/@fr\/115484790807073223","error":""},"_links":{"self":[{"href":"https:\/\/www.europesays.com\/fr\/wp-json\/wp\/v2\/posts\/508458","targetHints":{"allow":["GET"]}}],"collection":[{"href":"https:\/\/www.europesays.com\/fr\/wp-json\/wp\/v2\/posts"}],"about":[{"href":"https:\/\/www.europesays.com\/fr\/wp-json\/wp\/v2\/types\/post"}],"author":[{"embeddable":true,"href":"https:\/\/www.europesays.com\/fr\/wp-json\/wp\/v2\/users\/2"}],"replies":[{"embeddable":true,"href":"https:\/\/www.europesays.com\/fr\/wp-json\/wp\/v2\/comments?post=508458"}],"version-history":[{"count":0,"href":"https:\/\/www.europesays.com\/fr\/wp-json\/wp\/v2\/posts\/508458\/revisions"}],"wp:featuredmedia":[{"embeddable":true,"href":"https:\/\/www.europesays.com\/fr\/wp-json\/wp\/v2\/media\/508459"}],"wp:attachment":[{"href":"https:\/\/www.europesays.com\/fr\/wp-json\/wp\/v2\/media?parent=508458"}],"wp:term":[{"taxonomy":"category","embeddable":true,"href":"https:\/\/www.europesays.com\/fr\/wp-json\/wp\/v2\/categories?post=508458"},{"taxonomy":"post_tag","embeddable":true,"href":"https:\/\/www.europesays.com\/fr\/wp-json\/wp\/v2\/tags?post=508458"}],"curies":[{"name":"wp","href":"https:\/\/api.w.org\/{rel}","templated":true}]}}