{"id":508464,"date":"2025-11-03T08:22:14","date_gmt":"2025-11-03T08:22:14","guid":{"rendered":"https:\/\/www.europesays.com\/fr\/508464\/"},"modified":"2025-11-03T08:22:14","modified_gmt":"2025-11-03T08:22:14","slug":"et-si-la-rochelle-declarait-forfait-a-toulon-pour-prendre-deux-semaines-de-vacances-comme-les-autres","status":"publish","type":"post","link":"https:\/\/www.europesays.com\/fr\/508464\/","title":{"rendered":"Et si La\u00a0Rochelle d\u00e9clarait forfait \u00e0 Toulon pour \u00ab\u00a0prendre deux semaines de vacances comme les autres\u00a0\u00bb\u00a0?"},"content":{"rendered":"<p><a href=\"https:\/\/www.20minutes.fr\/sport\/rugby\/top_14\/4097327-20240621-stade-toulousain-rochelle-complique-brillant-ronan-o-gara-veut-enfin-terrasser-toulouse\" target=\"_blank\" class=\"c-link c-link--is-underlined\" rel=\"noopener\">Ronan O\u2019Gara<\/a> ne va pas am\u00e9liorer l\u2019image qu\u2019il a aupr\u00e8s du petit monde du rugby fran\u00e7ais. <a href=\"https:\/\/www.20minutes.fr\/sport\/rugby\/4042775-20230624-top-14-manque-respect-ronan-o-gara-excuse-apres-avoir-traite-stade-toulousain-equipe-moyenne\" target=\"_blank\" class=\"c-link c-link--is-underlined\" rel=\"noopener\">L\u2019ancien ouvreur de l\u00e9gende irlandais, d\u00e9sormais manageur du Stade Rochelais<\/a>, se plaint souvent, ce qui lui vaut quelques critiques de la part de ses homologues. Et sa nouvelle sortie m\u00e9diatique, en marge de la victoire des siens face au Racing 92 (33-6) dimanche soir, ne va pas arranger le schmilblick.<\/p>\n<p>Alors que tous les clubs du <a href=\"https:\/\/www.20minutes.fr\/sport\/top_14\/\" target=\"_blank\" class=\"c-link c-link--is-underlined\" rel=\"noopener\">Top 14<\/a> sont en vacances pendant deux semaines, en raison des matchs internationaux, le Stade Rochelais va devoir se rendre samedi prochain \u00e0 Toulon, apr\u00e8s que le match eut \u00e9t\u00e9 report\u00e9 le 21\u00a0septembre dernier en raison des intemp\u00e9ries qui avaient touch\u00e9 le sud-est de la France et inond\u00e9 la ville de Toulon et son stade Mayol. Enfin, en th\u00e9orie.<\/p>\n<p>\u00ab\u00a0C\u2019est nous qui sommes punis\u00a0\u00bb<\/p>\n<p>Car O\u2019Gara a \u00e9mis l\u2019hypoth\u00e8se d\u2019un forfait. \u00ab\u00a0Je vais demander au vestiaire si c\u2019est mieux de prendre des vacances ou aller \u00e0 <a href=\"https:\/\/www.20minutes.fr\/sport\/rugby\/4152791-20250511-top-14-quand-prends-50-points-chez-toulon-prend-trempe-velodrome-face-toulouse\" target=\"_blank\" class=\"c-link c-link--is-underlined\" rel=\"noopener\">Mayol<\/a>, a lanc\u00e9 O\u2019Gara. Peut-\u00eatre que c\u2019est mieux de prendre deux semaines de vacances comme les autres \u00e9quipes. C\u2019est une catastrophe. On doit aller \u00e0 Toulon encore une fois, c\u2019est nous qui sommes punis. Pourquoi il n\u2019y avait pas eu un terrain disponible pour jouer le lendemain\u00a0? Ce n\u2019est pas de notre responsabilit\u00e9.\u00a0\u00bb<\/p>\n<\/p>\n<p>\u00ab\u00a0Je vais demander aux joueurs quand je vais rentrer au vestiaire ce que l\u2019on va faire, a ajout\u00e9 l\u2019ancien comparse de Peter Stringer. Lyon en a pris 50, le Racing 45. Est-ce qu\u2019on prend nos vacances demain\u00a0? C\u2019est un match difficile, je ne sais pas pourquoi on doit y aller, ce n\u2019est pas les m\u00eames r\u00e8gles, on est puni car on a une semaine en moins de vacances. Ce n\u2019est pas \u00e9gal. On va voir si on va \u00e0 Toulon. Ce sont les joueurs qui vont d\u00e9cider car tu ne peux pas y aller sans soldat.\u00a0\u00bb<\/p>\n","protected":false},"excerpt":{"rendered":"Ronan O\u2019Gara ne va pas am\u00e9liorer l\u2019image qu\u2019il a aupr\u00e8s du petit monde du rugby fran\u00e7ais. L\u2019ancien ouvreur&hellip;\n","protected":false},"author":2,"featured_media":508465,"comment_status":"","ping_status":"","sticky":false,"template":"","format":"standard","meta":{"footnotes":""},"categories":[9619],"tags":[1111,11,1777,674,1011,27,12,882,8177,25,479,517,6365,478,2310],"class_list":{"0":"post-508464","1":"post","2":"type-post","3":"status-publish","4":"format-standard","5":"has-post-thumbnail","7":"category-toulon","8":"tag-actu","9":"tag-actualites","10":"tag-eu","11":"tag-europe","12":"tag-fr","13":"tag-france","14":"tag-news","15":"tag-provence-alpes-cote-dazur","16":"tag-rc-toulon","17":"tag-republique-francaise","18":"tag-rugby","19":"tag-sport","20":"tag-stade-rochelais","21":"tag-top-14","22":"tag-toulon"},"share_on_mastodon":{"url":"https:\/\/pubeurope.com\/@fr\/115484802708087409","error":""},"_links":{"self":[{"href":"https:\/\/www.europesays.com\/fr\/wp-json\/wp\/v2\/posts\/508464","targetHints":{"allow":["GET"]}}],"collection":[{"href":"https:\/\/www.europesays.com\/fr\/wp-json\/wp\/v2\/posts"}],"about":[{"href":"https:\/\/www.europesays.com\/fr\/wp-json\/wp\/v2\/types\/post"}],"author":[{"embeddable":true,"href":"https:\/\/www.europesays.com\/fr\/wp-json\/wp\/v2\/users\/2"}],"replies":[{"embeddable":true,"href":"https:\/\/www.europesays.com\/fr\/wp-json\/wp\/v2\/comments?post=508464"}],"version-history":[{"count":0,"href":"https:\/\/www.europesays.com\/fr\/wp-json\/wp\/v2\/posts\/508464\/revisions"}],"wp:featuredmedia":[{"embeddable":true,"href":"https:\/\/www.europesays.com\/fr\/wp-json\/wp\/v2\/media\/508465"}],"wp:attachment":[{"href":"https:\/\/www.europesays.com\/fr\/wp-json\/wp\/v2\/media?parent=508464"}],"wp:term":[{"taxonomy":"category","embeddable":true,"href":"https:\/\/www.europesays.com\/fr\/wp-json\/wp\/v2\/categories?post=508464"},{"taxonomy":"post_tag","embeddable":true,"href":"https:\/\/www.europesays.com\/fr\/wp-json\/wp\/v2\/tags?post=508464"}],"curies":[{"name":"wp","href":"https:\/\/api.w.org\/{rel}","templated":true}]}}