{"id":508497,"date":"2025-11-03T08:44:11","date_gmt":"2025-11-03T08:44:11","guid":{"rendered":"https:\/\/www.europesays.com\/fr\/508497\/"},"modified":"2025-11-03T08:44:11","modified_gmt":"2025-11-03T08:44:11","slug":"ensemble-emmener-la-marseillaise-aux-sommets","status":"publish","type":"post","link":"https:\/\/www.europesays.com\/fr\/508497\/","title":{"rendered":"Ensemble, emmener La Marseillaise aux sommets"},"content":{"rendered":"\n<p>Un enthousiasme rare a entour\u00e9 la rencontre des Amis de La Marseillaise des Alpes aux M\u00e9es.<\/p>\n<p>Organis\u00e9 par un comit\u00e9 des Amis de La Marseillaise fort d\u2019une quarantaine de membres, l\u2019\u00e9v\u00e9nement visait \u00e0 \u00e9valuer la possibilit\u00e9 pour La Marseillaise \u00e0 revenir dans les Alpes-de-Haute-Provence, en allant jusqu\u2019aux Hautes-Alpes.<\/p>\n<p>Fr\u00e9d\u00e9rique La\u00een\u00e9, pr\u00e9sidente du comit\u00e9 d\u00e9partemental des Amis de La Marseillaise dans les Alpes, s\u2019est f\u00e9licit\u00e9e de l\u2019affluence &#8211;\u00a0110 participants\u00a0&#8211; \u00ab\u00a0un tr\u00e8s beau niveau de participation\u00a0\u00bb, a-t-elle soulign\u00e9.<\/p>\n<p> Plus de 3\u00a0500 euros\n              <\/p>\n<p>Dans l\u2019assistance, les maires communistes des M\u00e9es, de Ch\u00e2teau-Arnoux-Saint-Auban et de La Palud-sur-Verdon, Fr\u00e9d\u00e9ric Puech, Ren\u00e9 Villard et Mich\u00e8le Bizot-Gastaldi, \u00e9taient pr\u00e9sents.<\/p>\n<p>Jacques Depieds, maire DVD de Mane, de m\u00eame que Lila Des Jardins, conseill\u00e8re d\u00e9partementale DVG, ont \u00e9galement fait le d\u00e9placement. Dans la salle, des repr\u00e9sentants de la CGT, de la FSU, mais aussi du Secours populaire ou de l\u2019AFPS signalent leur souhait de voir s\u2019implanter dans leur territoire un journal \u00e0 la fois d\u2019information et d\u2019opinion.<\/p>\n<p>Bertrand Perrin et Sophie Delfino, responsables communistes des Alpes-de-Haute-Provence et des Hautes-Alpes, insistent sur l\u2019importance du pluralisme dans ces territoires.<\/p>\n<p>En conclusion du d\u00e9bat, L\u00e9o Purguette, pr\u00e9sident et directeur \u00e9ditorial de La\u00a0Marseillaise, indique\u00a0: \u00ab\u00a0Avec vous, oui, nous pouvons \u00eatre en mesure d\u2019emmener La\u00a0Marseillaise aux sommets\u00a0\u00bb.<\/p>\n<p>Marc Poggiale, pr\u00e9sident du comit\u00e9 de surveillance, salue la d\u00e9marche in\u00e9dite des Amis de La Marseillaise des Alpes. \u00ab\u00a0Nous partageons l\u2019id\u00e9e que La\u00a0Marseillaise a toute sa place dans les Alpes\u00a0\u00bb, a-t-il indiqu\u00e9.<\/p>\n<p>Plus de 3\u00a0500\u00a0euros de souscription ont \u00e9t\u00e9 collect\u00e9s sur place avec l\u2019objectif de cr\u00e9er les conditions d\u2019un retour de La\u00a0Marseillaise dans les Alpes, d\u00e8s janvier prochain.<\/p>\n","protected":false},"excerpt":{"rendered":"Un enthousiasme rare a entour\u00e9 la rencontre des Amis de La Marseillaise des Alpes aux M\u00e9es. Organis\u00e9 par&hellip;\n","protected":false},"author":2,"featured_media":508498,"comment_status":"","ping_status":"","sticky":false,"template":"","format":"standard","meta":{"footnotes":""},"categories":[2814],"tags":[1111,11,7819,1777,674,1011,27,884,12,882,25],"class_list":{"0":"post-508497","1":"post","2":"type-post","3":"status-publish","4":"format-standard","5":"has-post-thumbnail","7":"category-marseille","8":"tag-actu","9":"tag-actualites","10":"tag-collectif","11":"tag-eu","12":"tag-europe","13":"tag-fr","14":"tag-france","15":"tag-marseille","16":"tag-news","17":"tag-provence-alpes-cote-dazur","18":"tag-republique-francaise"},"share_on_mastodon":{"url":"https:\/\/pubeurope.com\/@fr\/115484889175055456","error":""},"_links":{"self":[{"href":"https:\/\/www.europesays.com\/fr\/wp-json\/wp\/v2\/posts\/508497","targetHints":{"allow":["GET"]}}],"collection":[{"href":"https:\/\/www.europesays.com\/fr\/wp-json\/wp\/v2\/posts"}],"about":[{"href":"https:\/\/www.europesays.com\/fr\/wp-json\/wp\/v2\/types\/post"}],"author":[{"embeddable":true,"href":"https:\/\/www.europesays.com\/fr\/wp-json\/wp\/v2\/users\/2"}],"replies":[{"embeddable":true,"href":"https:\/\/www.europesays.com\/fr\/wp-json\/wp\/v2\/comments?post=508497"}],"version-history":[{"count":0,"href":"https:\/\/www.europesays.com\/fr\/wp-json\/wp\/v2\/posts\/508497\/revisions"}],"wp:featuredmedia":[{"embeddable":true,"href":"https:\/\/www.europesays.com\/fr\/wp-json\/wp\/v2\/media\/508498"}],"wp:attachment":[{"href":"https:\/\/www.europesays.com\/fr\/wp-json\/wp\/v2\/media?parent=508497"}],"wp:term":[{"taxonomy":"category","embeddable":true,"href":"https:\/\/www.europesays.com\/fr\/wp-json\/wp\/v2\/categories?post=508497"},{"taxonomy":"post_tag","embeddable":true,"href":"https:\/\/www.europesays.com\/fr\/wp-json\/wp\/v2\/tags?post=508497"}],"curies":[{"name":"wp","href":"https:\/\/api.w.org\/{rel}","templated":true}]}}