{"id":50850,"date":"2025-04-25T04:13:11","date_gmt":"2025-04-25T04:13:11","guid":{"rendered":"https:\/\/www.europesays.com\/fr\/50850\/"},"modified":"2025-04-25T04:13:11","modified_gmt":"2025-04-25T04:13:11","slug":"las-saint-etienne-prend-en-main-ses-reseaux-sociaux","status":"publish","type":"post","link":"https:\/\/www.europesays.com\/fr\/50850\/","title":{"rendered":"L\u2019AS Saint-\u00c9tienne prend en main ses r\u00e9seaux sociaux"},"content":{"rendered":"<p><img loading=\"lazy\" decoding=\"async\" alt=\"\u00a9 Capture d'\u00e9cran - L'AS Saint-Etienne assure d\u00e9sormais la mod\u00e9ration de ses comptes sur les r\u00e9seaux sociaux.\" data-zoom-src=\"https:\/\/www.europesays.com\/fr\/wp-content\/uploads\/2025\/04\/initial-reseaux-sociaux-asse.jpg\" data-zoomable=\"\" height=\"702\" src=\"https:\/\/www.europesays.com\/fr\/wp-content\/uploads\/2025\/04\/initial-reseaux-sociaux-asse.jpg\" width=\"1248\"\/>  <\/p>\n<p class=\"article-desc\">\u00a9 Capture d&rsquo;\u00e9cran &#8211; L&rsquo;AS Saint-Etienne assure d\u00e9sormais la mod\u00e9ration de ses comptes sur les r\u00e9seaux sociaux. <\/p>\n<p><strong>\u00ab\u00a0<\/strong>D\u00e9sormais, tout commentaire discriminants ou diffamants est suivi d\u2019un blocage syst\u00e9matique par le compte officiel du club ainsi que d\u2019un signalement aupr\u00e8s de la plateforme sur laquelle le commentaire aura \u00e9t\u00e9 d\u00e9pos\u00e9, voire aux autorit\u00e9s\u00a0\u00bb, annonce l\u2019<strong>AS Saint-Etienne<\/strong>. <\/p>\n<p>Le club de foot de L1 pr\u00e9sente cette \u00ab\u00a0tol\u00e9rance z\u00e9ro\u00a0\u00bb comme une r\u00e9ponse au recul, voire \u00e0 l\u2019absence de politique de mod\u00e9ration des principales plateformes de <strong>r\u00e9seaux sociaux<\/strong>, telles que X (ex-twitter) ainsi que Facebook et Instagram. <\/p>\n<p>Les auteurs de commentaires discriminants bannis des r\u00e9seaux sociaux de l\u2019ASSE <\/p>\n<p>\u00ab\u00a0On assiste ces derniers mois \u00e0 une augmentation du nombre de commentaires d\u00e9sobligeants qui m\u00e9riteraient un bannissement de leurs auteurs\u00a0\u00bb, explique la direction du club professionnel qui y indique d\u00e9sormais s\u2019y employer elle-m\u00eame.<\/p>\n<p>Comme elle l\u2019a fait derni\u00e8rement vis-\u00e0-vis d\u2019un <strong>commentaire misogyne, sexiste et raciste<\/strong> adress\u00e9 \u00e0 trois de ses joueuses. Ajoutant qu\u2019elle \u00ab\u00a0soutiendra et accompagnera le joueur, la joueuse ou le ou la salari\u00e9(e) vis\u00e9(e) dans ses \u00e9ventuelles proc\u00e9dures judiciaires\u00a0\u00bb, elle confie qu\u2019un de ses salari\u00e9s victime de harc\u00e8lements r\u00e9p\u00e9t\u00e9s a engag\u00e9 une <strong>d\u00e9marche p\u00e9nale<\/strong>.<\/p>\n<p>\u00ab\u00a0Tout en continuant \u00e0 accepter la critique\u00a0\u00bb, l\u2019AS Saint-\u00c9tienne pr\u00e9vient qu\u2019elle r\u00e9pliquera par des <strong>blocages et signalements<\/strong> pour les commentaires relevant de toute forme de discrimination, telles que racisme, homophobie et transphobie, sexisme et misogynie, discrimination religieuse, diffamation, incitation \u00e0 la violence, \u00e0 la haine ou au harc\u00e8lement\u2026 etc.<\/p>\n","protected":false},"excerpt":{"rendered":"\u00a9 Capture d&rsquo;\u00e9cran &#8211; L&rsquo;AS Saint-Etienne assure d\u00e9sormais la mod\u00e9ration de ses comptes sur les r\u00e9seaux sociaux. \u00ab\u00a0D\u00e9sormais,&hellip;\n","protected":false},"author":2,"featured_media":50851,"comment_status":"","ping_status":"","sticky":false,"template":"","format":"standard","meta":{"footnotes":""},"categories":[9653],"tags":[1111,11,461,2430,1777,674,1011,27,12,25,14372,4001],"class_list":{"0":"post-50850","1":"post","2":"type-post","3":"status-publish","4":"format-standard","5":"has-post-thumbnail","7":"category-saint-etienne","8":"tag-actu","9":"tag-actualites","10":"tag-asse","11":"tag-auvergne-rhone-alpes","12":"tag-eu","13":"tag-europe","14":"tag-fr","15":"tag-france","16":"tag-news","17":"tag-republique-francaise","18":"tag-ru00e9seaux-sociaux","19":"tag-saint-etienne"},"share_on_mastodon":{"url":"https:\/\/pubeurope.com\/@fr\/114396659997821824","error":""},"_links":{"self":[{"href":"https:\/\/www.europesays.com\/fr\/wp-json\/wp\/v2\/posts\/50850","targetHints":{"allow":["GET"]}}],"collection":[{"href":"https:\/\/www.europesays.com\/fr\/wp-json\/wp\/v2\/posts"}],"about":[{"href":"https:\/\/www.europesays.com\/fr\/wp-json\/wp\/v2\/types\/post"}],"author":[{"embeddable":true,"href":"https:\/\/www.europesays.com\/fr\/wp-json\/wp\/v2\/users\/2"}],"replies":[{"embeddable":true,"href":"https:\/\/www.europesays.com\/fr\/wp-json\/wp\/v2\/comments?post=50850"}],"version-history":[{"count":0,"href":"https:\/\/www.europesays.com\/fr\/wp-json\/wp\/v2\/posts\/50850\/revisions"}],"wp:featuredmedia":[{"embeddable":true,"href":"https:\/\/www.europesays.com\/fr\/wp-json\/wp\/v2\/media\/50851"}],"wp:attachment":[{"href":"https:\/\/www.europesays.com\/fr\/wp-json\/wp\/v2\/media?parent=50850"}],"wp:term":[{"taxonomy":"category","embeddable":true,"href":"https:\/\/www.europesays.com\/fr\/wp-json\/wp\/v2\/categories?post=50850"},{"taxonomy":"post_tag","embeddable":true,"href":"https:\/\/www.europesays.com\/fr\/wp-json\/wp\/v2\/tags?post=50850"}],"curies":[{"name":"wp","href":"https:\/\/api.w.org\/{rel}","templated":true}]}}