{"id":508501,"date":"2025-11-03T08:46:13","date_gmt":"2025-11-03T08:46:13","guid":{"rendered":"https:\/\/www.europesays.com\/fr\/508501\/"},"modified":"2025-11-03T08:46:13","modified_gmt":"2025-11-03T08:46:13","slug":"la-nouvelle-proposition-choc-de-veronique-sarselli-pour-la-metropole-de-lyon","status":"publish","type":"post","link":"https:\/\/www.europesays.com\/fr\/508501\/","title":{"rendered":"La nouvelle proposition \u00ab\u00a0choc\u00a0\u00bb de V\u00e9ronique Sarselli pour la M\u00e9tropole de Lyon"},"content":{"rendered":"<p>                            <img loading=\"lazy\" width=\"1008\" height=\"630\" class=\"attachment-article size-article wp-post-image lazyload\" alt=\"\" decoding=\"async\" src=\"https:\/\/www.europesays.com\/fr\/wp-content\/uploads\/2025\/11\/Sarselli-e1738921813182.jpg\" data-eio-rwidth=\"1008\" data-eio-rheight=\"630\"\/><\/p>\n<p>V\u00e9ronique Sarselli, maire de Sainte-Foy-l\u00e8s-Lyon.<\/p>\n<p class=\"content\" style=\"font-size:1.2em;font-weight:700\">V\u00e9ronique Sarselli, candidate LR \u00e0 la pr\u00e9sidence de la M\u00e9tropole de Lyon, propose un dispositif connect\u00e9 pour prot\u00e9ger les personnes \u00e2g\u00e9es et vuln\u00e9rables face aux escroqueries \u00e0 domicile.<\/p>\n<p>Apr\u00e8s la suppression de la ZTL \u00e0 Lyon ou encore la gratuit\u00e9 de la premi\u00e8re heure de stationnement, V\u00e9ronique Sarselli poursuit sa s\u00e9rie d\u2019\u00a0\u00bbannonces chocs\u00a0\u00bb en vue des \u00e9lections m\u00e9tropolitaines de mars 2026. La maire de Sainte-Foy-l\u00e8s-Lyon (LR) propose d\u00e9sormais la mise en place d\u2019un \u201cbouton d\u2019alerte anti-fraude\u201d pour les personnes \u00e2g\u00e9es de plus de 75 ans et les publics vuln\u00e9rables.<\/p>\n<p><strong>A lire aussi <\/strong>: <a href=\"https:\/\/www.lyoncapitale.fr\/economie\/plan-d-urgence-premiere-heure-de-stationnement-gratuite-les-pistes-de-sarselli-pour-le-commerce-a-lyon\" target=\"_blank\" rel=\"noreferrer noopener\">Plan d&rsquo;urgence, heure de stationnement gratuite&#8230; Les pistes de Sarselli pour le commerce \u00e0 Lyon<\/a><\/p>\n<p>\u00ab\u00a0Face \u00e0 la recrudescence des escroqueries visant les seniors dans la M\u00e9tropole\u00a0\u00bb, la candidate entend frapper fort. Ce petit dispositif, install\u00e9 au domicile des b\u00e9n\u00e9ficiaires, permettrait d\u2019envoyer un SMS g\u00e9olocalis\u00e9 \u00e0 cinq proches ou de pr\u00e9venir les secours en cas de situation suspecte. Un appui long d\u00e9clencherait m\u00eame un enregistrement sonore de l\u2019environnement afin d\u2019aider \u00e0 \u00e9valuer le danger.<\/p>\n<p>\u00ab\u00a0Quand nos citoyens ne se sentent plus en s\u00e9curit\u00e9 jusque chez eux, c\u2019est que la soci\u00e9t\u00e9 a failli. Je veux une M\u00e9tropole qui veille sur eux, pas une M\u00e9tropole qui les oublie\u00a0\u00bb, plaide V\u00e9ronique Sarselli, qui fait de la s\u00e9curit\u00e9 du quotidien l\u2019un de ses chevaux de bataille.<\/p>\n<p><strong>Lire aussi :<\/strong>\u00a0<a href=\"https:\/\/www.lyoncapitale.fr\/politique\/veronique-sarselli-devoile-son-equipe-de-negociateurs-pour-les-elections-metropolitaines-2026\" target=\"_blank\" rel=\"noreferrer noopener\">V\u00e9ronique Sarselli d\u00e9voile son \u00e9quipe de n\u00e9gociateurs pour les \u00e9lections m\u00e9tropolitaines 2026<\/a><a href=\"https:\/\/www.lyoncapitale.fr\/#facebook\" target=\"_blank\" rel=\"noreferrer noopener\"><\/p>\n<p>Le dispositif serait financ\u00e9 par la M\u00e9tropole et d\u00e9ploy\u00e9 via les communes volontaires, en lien avec les CCAS (Centre Communal d&rsquo;Action Sociale), les associations d\u2019aidants et les forces de l\u2019ordre. \u00c0 terme, il pourrait aussi \u00ab\u00a0b\u00e9n\u00e9ficier aux femmes victimes de violences ou aux personnes isol\u00e9es\u00a0\u00bb explique V\u00e9ronique Sarselli.<\/p>\n<p>Pour la candidate LR, ce \u201cbouton d\u2019alerte\u201d incarne une politique de \u00ab\u00a0proximit\u00e9 et de bon sens\u00a0\u00bb. \u00ab\u00a0C\u2019est un geste de confiance envers nos a\u00een\u00e9s, nos familles, nos communes. C\u2019est du bon sens, de la pr\u00e9vention et de la r\u00e9activit\u00e9\u00a0\u00bb conclut-elle.<\/p>\n<p><strong>Lire aussi :\u00a0<\/strong><a href=\"https:\/\/www.lyoncapitale.fr\/politique\/ztl-supprimee-voies-bus-ouvertes-au-voitures-les-annonces-chocs-de-sarselli-pour-la-metropole-de-lyon\" target=\"_blank\" rel=\"noreferrer noopener\">ZTL supprim\u00e9e, voies bus ouvertes aux voitures&#8230; Les annonces \u00ab\u00a0chocs\u00a0\u00bb de Sarselli pour la m\u00e9tropole de Lyon<\/a><\/p>\n","protected":false},"excerpt":{"rendered":"V\u00e9ronique Sarselli, maire de Sainte-Foy-l\u00e8s-Lyon. V\u00e9ronique Sarselli, candidate LR \u00e0 la pr\u00e9sidence de la M\u00e9tropole de Lyon, propose&hellip;\n","protected":false},"author":2,"featured_media":508502,"comment_status":"","ping_status":"","sticky":false,"template":"","format":"standard","meta":{"footnotes":""},"categories":[1889],"tags":[1111,11,2430,63009,63010,1777,674,63011,63012,63013,1011,27,63014,2428,12,63015,63016,25,9905,63017,63018],"class_list":{"0":"post-508501","1":"post","2":"type-post","3":"status-publish","4":"format-standard","5":"has-post-thumbnail","7":"category-lyon","8":"tag-actu","9":"tag-actualites","10":"tag-auvergne-rhone-alpes","11":"tag-collapsible","12":"tag-dropdown","13":"tag-eu","14":"tag-europe","15":"tag-expandable","16":"tag-faq","17":"tag-foldable","18":"tag-fr","19":"tag-france","20":"tag-hide","21":"tag-lyon","22":"tag-news","23":"tag-read-more","24":"tag-readmore","25":"tag-republique-francaise","26":"tag-show","27":"tag-show-hide","28":"tag-toggle"},"share_on_mastodon":{"url":"https:\/\/pubeurope.com\/@fr\/115484898007785940","error":""},"_links":{"self":[{"href":"https:\/\/www.europesays.com\/fr\/wp-json\/wp\/v2\/posts\/508501","targetHints":{"allow":["GET"]}}],"collection":[{"href":"https:\/\/www.europesays.com\/fr\/wp-json\/wp\/v2\/posts"}],"about":[{"href":"https:\/\/www.europesays.com\/fr\/wp-json\/wp\/v2\/types\/post"}],"author":[{"embeddable":true,"href":"https:\/\/www.europesays.com\/fr\/wp-json\/wp\/v2\/users\/2"}],"replies":[{"embeddable":true,"href":"https:\/\/www.europesays.com\/fr\/wp-json\/wp\/v2\/comments?post=508501"}],"version-history":[{"count":0,"href":"https:\/\/www.europesays.com\/fr\/wp-json\/wp\/v2\/posts\/508501\/revisions"}],"wp:featuredmedia":[{"embeddable":true,"href":"https:\/\/www.europesays.com\/fr\/wp-json\/wp\/v2\/media\/508502"}],"wp:attachment":[{"href":"https:\/\/www.europesays.com\/fr\/wp-json\/wp\/v2\/media?parent=508501"}],"wp:term":[{"taxonomy":"category","embeddable":true,"href":"https:\/\/www.europesays.com\/fr\/wp-json\/wp\/v2\/categories?post=508501"},{"taxonomy":"post_tag","embeddable":true,"href":"https:\/\/www.europesays.com\/fr\/wp-json\/wp\/v2\/tags?post=508501"}],"curies":[{"name":"wp","href":"https:\/\/api.w.org\/{rel}","templated":true}]}}