{"id":508503,"date":"2025-11-03T08:47:11","date_gmt":"2025-11-03T08:47:11","guid":{"rendered":"https:\/\/www.europesays.com\/fr\/508503\/"},"modified":"2025-11-03T08:47:11","modified_gmt":"2025-11-03T08:47:11","slug":"une-fillette-de-2-ans-tuee-par-le-conducteur-dun-tracteur","status":"publish","type":"post","link":"https:\/\/www.europesays.com\/fr\/508503\/","title":{"rendered":"Une fillette de 2 ans tu\u00e9e par le conducteur d\u2019un tracteur"},"content":{"rendered":"<p>Vendredi dernier, vers midi, une petite fille \u00e2g\u00e9e de 2 ans est d\u00e9c\u00e9d\u00e9e apr\u00e8s avoir \u00e9t\u00e9 percut\u00e9e par le conducteur d\u2019un <a href=\"https:\/\/www.20minutes.fr\/dossier\/tracteur\" class=\"c-link c-link--is-underlined\" target=\"_blank\" rel=\"noopener\">tracteur <\/a>qui man\u0153uvrait \u00e0 Saint-Julien-sur-Bibost, pr\u00e8s de <a href=\"https:\/\/www.20minutes.fr\/lyon\/\" class=\"c-link c-link--is-underlined\" target=\"_blank\" rel=\"noopener\">Lyon<\/a>. D\u2019apr\u00e8s <a href=\"https:\/\/c.leprogres.fr\/faits-divers-justice\/2025\/11\/01\/une-fillette-de-2-ans-mortellement-percutee-par-un-membre-de-sa-famille\" rel=\"nofollow noopener\" target=\"_blank\" class=\"c-link c-link--is-underlined\">Le Progr\u00e8s<\/a>, la fillette n\u2019a pas pu \u00eatre sauv\u00e9e malgr\u00e9 l\u2019intervention rapide des <a href=\"https:\/\/www.20minutes.fr\/dossier\/secours\" class=\"c-link c-link--is-underlined\" target=\"_blank\" rel=\"noopener\">secours<\/a>.<\/p>\n<p>Toujours selon les informations du journal local, l\u2019homme au volant de l\u2019engin agricole est un membre de la famille de la victime. Ce dernier a \u00e9t\u00e9 entendu par les gendarmes du secteur. D\u2019apr\u00e8s les informations du quotidien local, une enqu\u00eate a \u00e9t\u00e9 ouverte pour \u00ab\u00a0homicide involontaire\u00a0\u00bb, confi\u00e9e \u00e0 la brigade territoriale de L\u2019Arbresle.<\/p>\n","protected":false},"excerpt":{"rendered":"Vendredi dernier, vers midi, une petite fille \u00e2g\u00e9e de 2 ans est d\u00e9c\u00e9d\u00e9e apr\u00e8s avoir \u00e9t\u00e9 percut\u00e9e par&hellip;\n","protected":false},"author":2,"featured_media":508504,"comment_status":"","ping_status":"","sticky":false,"template":"","format":"standard","meta":{"footnotes":""},"categories":[1889],"tags":[119,1111,47,11,2430,1777,674,118,1011,27,2428,12,25,2429,2431,13936],"class_list":{"0":"post-508503","1":"post","2":"type-post","3":"status-publish","4":"format-standard","5":"has-post-thumbnail","7":"category-lyon","8":"tag-accident","9":"tag-actu","10":"tag-actualite","11":"tag-actualites","12":"tag-auvergne-rhone-alpes","13":"tag-eu","14":"tag-europe","15":"tag-faits-divers","16":"tag-fr","17":"tag-france","18":"tag-lyon","19":"tag-news","20":"tag-republique-francaise","21":"tag-rhone","22":"tag-rhone-alpes","23":"tag-tracteur"},"share_on_mastodon":{"url":"https:\/\/pubeurope.com\/@fr\/115484900905575845","error":""},"_links":{"self":[{"href":"https:\/\/www.europesays.com\/fr\/wp-json\/wp\/v2\/posts\/508503","targetHints":{"allow":["GET"]}}],"collection":[{"href":"https:\/\/www.europesays.com\/fr\/wp-json\/wp\/v2\/posts"}],"about":[{"href":"https:\/\/www.europesays.com\/fr\/wp-json\/wp\/v2\/types\/post"}],"author":[{"embeddable":true,"href":"https:\/\/www.europesays.com\/fr\/wp-json\/wp\/v2\/users\/2"}],"replies":[{"embeddable":true,"href":"https:\/\/www.europesays.com\/fr\/wp-json\/wp\/v2\/comments?post=508503"}],"version-history":[{"count":0,"href":"https:\/\/www.europesays.com\/fr\/wp-json\/wp\/v2\/posts\/508503\/revisions"}],"wp:featuredmedia":[{"embeddable":true,"href":"https:\/\/www.europesays.com\/fr\/wp-json\/wp\/v2\/media\/508504"}],"wp:attachment":[{"href":"https:\/\/www.europesays.com\/fr\/wp-json\/wp\/v2\/media?parent=508503"}],"wp:term":[{"taxonomy":"category","embeddable":true,"href":"https:\/\/www.europesays.com\/fr\/wp-json\/wp\/v2\/categories?post=508503"},{"taxonomy":"post_tag","embeddable":true,"href":"https:\/\/www.europesays.com\/fr\/wp-json\/wp\/v2\/tags?post=508503"}],"curies":[{"name":"wp","href":"https:\/\/api.w.org\/{rel}","templated":true}]}}