{"id":508505,"date":"2025-11-03T08:49:11","date_gmt":"2025-11-03T08:49:11","guid":{"rendered":"https:\/\/www.europesays.com\/fr\/508505\/"},"modified":"2025-11-03T08:49:11","modified_gmt":"2025-11-03T08:49:11","slug":"circulation-tres-difficile-sur-les-routes-de-paris-et-dile-de-france-les-bouchons-senvolent","status":"publish","type":"post","link":"https:\/\/www.europesays.com\/fr\/508505\/","title":{"rendered":"Circulation tr\u00e8s difficile sur les routes de Paris et d&rsquo;\u00cele-de-France, les bouchons s&rsquo;envolent"},"content":{"rendered":"<p>            Par<br \/>\n        <strong><br \/>\n            <a href=\"https:\/\/actu.fr\/auteur\/redaction-paris\" title=\"Consulter tous les articles de R\u00e9daction Paris\" rel=\"nofollow noopener\" target=\"_blank\">R\u00e9daction Paris<\/a><br \/>\n        <\/strong><\/p>\n<p>        Publi\u00e9 le<\/p>\n<p>            3 nov. 2025 \u00e0 9h35        <\/p>\n<p>Les <a href=\"https:\/\/actu.fr\/ile-de-france\/paris_75056\/vacances-de-la-toussaint-2025-les-conseils-de-bison-fute-pour-eviter-les-embouteillages-en-ile-de-france_63304433.html\" rel=\"nofollow noopener\" target=\"_blank\">vacances de la Toussaint<\/a> sont termin\u00e9es, et cela se ressent sur les routes. Ce lundi 3 novembre 2025, la matin\u00e9e est difficile sur les axes autour de Paris et en \u00cele-de-France, avec une circulation tr\u00e8s dense et des embouteillages largement sup\u00e9rieurs \u00e0 la moyenne.<\/p>\n<p>438 kilom\u00e8tres de bouchons<\/p>\n<p class=\" wall-content\">D\u2019apr\u00e8s le cumul des bouchons de <a href=\"https:\/\/www.sytadin.fr\/\" rel=\"nofollow noopener\" target=\"_blank\">Sytadin.fr<\/a>, ils atteignent <strong>438 kilom\u00e8tres<\/strong> \u00e0 9 heures quand ils se situent g\u00e9n\u00e9ralement aux alentours de 300 kilom\u00e8tres. Hormis le retour des vacanciers, plusieurs raisons peuvent expliquer cet engorgement :\u00a0<\/p>\n<p class=\" wall-content\">\u2013 Sur la <strong>N20<\/strong> vers Paris au niveau de Champlan : accident de voiture<\/p>\n<p class=\" wall-content\">\u2013 Sur l\u2019<strong>A86<\/strong> \u00e0 hauteur de Rungis : accident entre un v\u00e9hicule l\u00e9ger et une moto. Sur les trois voies circul\u00e9es, une est neutralis\u00e9e<\/p>\n<p class=\" wall-content\">\u2013 Sur la <strong>N118N<\/strong> entre Meudon et Pont de S\u00e8vres : accident corporel entre un v\u00e9hicule l\u00e9ger et une moto. Sur les deux voies, celle de gauche est ferm\u00e9e<\/p>\n<p class=\" wall-content\">Personnalisez votre actualit\u00e9 en ajoutant vos villes et m\u00e9dias en favori avec <a href=\"https:\/\/moncompte.actu.fr\" title=\"D\u00e9couvez Mon Actu\" rel=\"nofollow noopener\" data-trk=\"{&quot;cta&quot;:{&quot;action&quot;:&quot;https:\\\/\\\/moncompte.actu.fr&quot;,&quot;category&quot;:&quot;mon compte&quot;,&quot;from&quot;:&quot;article footer&quot;,&quot;name&quot;:&quot;Mon actu&quot;,&quot;type&quot;:&quot;cta&quot;}}\" target=\"_blank\">Mon Actu<\/a>.<\/p>\n","protected":false},"excerpt":{"rendered":"Par R\u00e9daction Paris Publi\u00e9 le 3 nov. 2025 \u00e0 9h35 Les vacances de la Toussaint sont termin\u00e9es, et&hellip;\n","protected":false},"author":2,"featured_media":508506,"comment_status":"","ping_status":"","sticky":false,"template":"","format":"standard","meta":{"footnotes":""},"categories":[1592],"tags":[1111,11,3542,1777,674,1011,27,662,12,626,25,104,2803],"class_list":{"0":"post-508505","1":"post","2":"type-post","3":"status-publish","4":"format-standard","5":"has-post-thumbnail","7":"category-ile-de-france","8":"tag-actu","9":"tag-actualites","10":"tag-circulation","11":"tag-eu","12":"tag-europe","13":"tag-fr","14":"tag-france","15":"tag-ile-de-france","16":"tag-news","17":"tag-paris","18":"tag-republique-francaise","19":"tag-societe","20":"tag-transport"},"share_on_mastodon":{"url":"https:\/\/pubeurope.com\/@fr\/115484908963481510","error":""},"_links":{"self":[{"href":"https:\/\/www.europesays.com\/fr\/wp-json\/wp\/v2\/posts\/508505","targetHints":{"allow":["GET"]}}],"collection":[{"href":"https:\/\/www.europesays.com\/fr\/wp-json\/wp\/v2\/posts"}],"about":[{"href":"https:\/\/www.europesays.com\/fr\/wp-json\/wp\/v2\/types\/post"}],"author":[{"embeddable":true,"href":"https:\/\/www.europesays.com\/fr\/wp-json\/wp\/v2\/users\/2"}],"replies":[{"embeddable":true,"href":"https:\/\/www.europesays.com\/fr\/wp-json\/wp\/v2\/comments?post=508505"}],"version-history":[{"count":0,"href":"https:\/\/www.europesays.com\/fr\/wp-json\/wp\/v2\/posts\/508505\/revisions"}],"wp:featuredmedia":[{"embeddable":true,"href":"https:\/\/www.europesays.com\/fr\/wp-json\/wp\/v2\/media\/508506"}],"wp:attachment":[{"href":"https:\/\/www.europesays.com\/fr\/wp-json\/wp\/v2\/media?parent=508505"}],"wp:term":[{"taxonomy":"category","embeddable":true,"href":"https:\/\/www.europesays.com\/fr\/wp-json\/wp\/v2\/categories?post=508505"},{"taxonomy":"post_tag","embeddable":true,"href":"https:\/\/www.europesays.com\/fr\/wp-json\/wp\/v2\/tags?post=508505"}],"curies":[{"name":"wp","href":"https:\/\/api.w.org\/{rel}","templated":true}]}}