{"id":508513,"date":"2025-11-03T08:53:15","date_gmt":"2025-11-03T08:53:15","guid":{"rendered":"https:\/\/www.europesays.com\/fr\/508513\/"},"modified":"2025-11-03T08:53:15","modified_gmt":"2025-11-03T08:53:15","slug":"cest-une-partie-de-ma-jeunesse-qui-sen-va-les-visiteurs-reagissent-a-la-fermeture-de-game-one","status":"publish","type":"post","link":"https:\/\/www.europesays.com\/fr\/508513\/","title":{"rendered":"\u00ab\u00a0C\u2019est une partie de ma jeunesse qui s\u2019en va\u00a0\u00bb, les visiteurs r\u00e9agissent \u00e0 la fermeture de Game One"},"content":{"rendered":"<p> \u00abJe suis plong\u00e9 dans la nostalgie.\u00a0\u00bb Cette parole d\u2019Hugo, 35 ans, c\u2019est le sentiment majoritaire ressenti par les visiteurs de la <a href=\"https:\/\/www.20minutes.fr\/gaming\/jeux_video\/4179958-20251023-paris-games-week-comment-clair-obscur-expedition-33-orchestre-succes-phenomenal\" target=\"_blank\" class=\"c-link c-link--is-underlined\" rel=\"noopener\">Paris Games Week<\/a> interrog\u00e9s sur la fermeture de <a href=\"https:\/\/www.20minutes.fr\/arts-stars\/television\/4178241-20251009-game-one-chaine-specialisee-jeux-video-cessera-emettre-fin-novembre-2025-27-ans-apres-creation\" target=\"_blank\" class=\"c-link c-link--is-underlined\" rel=\"noopener\">Game One<\/a>. La premi\u00e8re cha\u00eene de gaming en France va cesser d\u2019\u00e9mettre \u00e0 partir de fin novembre\u00a02025, 27 ans apr\u00e8s sa cr\u00e9ation. Ce triste \u00e9v\u00e8nement serait l\u2019une des cons\u00e9quences de la fusion de Paramount Global, le propri\u00e9taire de Game One, et de la soci\u00e9t\u00e9 de production am\u00e9ricaine Skydance Media. Les spectateurs vont devoir dire au revoir \u00e0 leurs chroniqueurs pr\u00e9f\u00e9r\u00e9s et aux \u00e9missions \u00ab\u00a0Level One\u00a0\u00bb et \u00ab\u00a0#TeamG1\u00a0\u00bb. Malgr\u00e9 sa rentabilit\u00e9, la cha\u00eene cessera de diffuser <a href=\"https:\/\/www.20minutes.fr\/gaming\/jeux_video\/4180967-20251030-paris-games-week-2025-jeu-video-moyen-sociabiliser-73-jeunes\" target=\"_blank\" class=\"c-link c-link--is-underlined\" rel=\"noopener\">l\u2019actualit\u00e9 du gaming<\/a>. Mais alors qu\u2019en pensent les visiteurs de la Paris Games Week\u00a0?<\/p>\n<\/p>\n<p>Sur une dizaine de gamers interrog\u00e9s et de tout \u00e2ge, le constat est sans appel. \u00ab\u00a0Game One, c\u2019\u00e9tait l\u2019une des seules cha\u00eenes qui repr\u00e9sentaient les valeurs du jeu vid\u00e9o \u00e0 la t\u00e9l\u00e9, explique Hugo. En la supprimant, on se retrouve sans pilier m\u00e9diatique qui diffuse l\u2019information du gaming, tout en nous divertissant.\u00a0\u00bb L\u2019annonce de la fermeture de Game One semble ne pas \u00eatre appr\u00e9ci\u00e9e par les gamers, m\u00eame les plus novices.<\/p>\n<p>\u00ab\u00a0C\u2019est dommage pour nous les jeunes qui aiment le jeu vid\u00e9o de ne plus avoir de cha\u00eene consacr\u00e9e \u00e0 \u00e7a, souligne Nathan, 12 ans. Avec mon p\u00e8re, leurs \u00e9missions c\u2019\u00e9tait un peu notre moment o\u00f9 on ne r\u00e9fl\u00e9chissait \u00e0 rien. Mais \u00e7a sera bient\u00f4t fini.\u00a0\u00bb Pierre, 53 ans, a v\u00e9cu l\u2019\u00e9volution de Game One. \u00ab\u00a0C\u2019est comme une partie de ma jeunesse qui s\u2019en allait\u00a0\u00bb, partage-t-il avec \u00e9motions. L\u2019homme sait qu\u2019il ne sera jamais aussi loyal envers une autre cha\u00eene.<\/p>\n<blockquote class=\"mx-m@xs mx-xxl@md color-ultramarine c-citation\">\n<p class=\"font-weight-regular@xs text-italic font-source-serif-pro text-l@xs c-citation__content\">\u00ab\u00a0\u00ab\u00a0Quand j\u2019allumais la t\u00e9l\u00e9vision, c\u2019\u00e9tait pour mettre Game One, que ce soit pour leurs \u00e9missions ou les contenus diffus\u00e9s. J\u2019en profite au maximum avant de perdre go\u00fbt \u00e0 regarder la t\u00e9l\u00e9. Les autres cha\u00eenes m\u2019ennuient.\u00a0\u00bb\u00a0\u00bb<\/p>\n<\/blockquote>\n<p>Un espoir d\u2019une nouvelle cha\u00eene de gaming\u00a0?<\/p>\n<p>Malgr\u00e9 cette fermeture inattendue, certains visiteurs interrog\u00e9s ne d\u00e9sesp\u00e8rent pas de retrouver une cha\u00eene consacr\u00e9e au gaming. \u00ab\u00a0Je suis convaincu que l\u2019avenir du jeu vid\u00e9o \u00e0 la t\u00e9l\u00e9vision n\u2019est pas mort, esp\u00e8re Ily\u00e8s, 28 ans. Vu comment la majorit\u00e9 des t\u00e9l\u00e9spectateurs adorent les chroniqueurs, ils doivent recevoir plein de messages pour les pousser \u00e0 trouver un moyen de reprendre l\u2019antenne autre part.\u00a0\u00bb<\/p>\n<p><a href=\"https:\/\/www.20minutes.fr\/gaming\/\" target=\"_blank\" class=\"c-link c-btn c-btn--primary\" rel=\"noopener\">Rubrique Gaming<\/a><\/p>\n<p>Julien, 17 ans, de son c\u00f4t\u00e9, imagine une cha\u00eene gaming disponible pour tous. \u00ab\u00a0Je ne connaissais pas l\u2019existence de Game One parce que mes parents n\u2019ont pas pay\u00e9 pour l\u2019avoir. Mais j\u2019adorerais avoir une cha\u00eene de jeu vid\u00e9o sur la TNT. \u00c7a serait trop bien.\u00a0\u00bb Game One va sans aucun doute laisser une trace ind\u00e9l\u00e9bile pour les gamers.<\/p>\n","protected":false},"excerpt":{"rendered":"\u00abJe suis plong\u00e9 dans la nostalgie.\u00a0\u00bb Cette parole d\u2019Hugo, 35 ans, c\u2019est le sentiment majoritaire ressenti par les&hellip;\n","protected":false},"author":2,"featured_media":508514,"comment_status":"","ping_status":"","sticky":false,"template":"","format":"standard","meta":{"footnotes":""},"categories":[1888],"tags":[11,58,1777,674,1011,27,2940,1036,12,2596,626,32301,1037,183,25,252,1027],"class_list":{"0":"post-508513","1":"post","2":"type-post","3":"status-publish","4":"format-standard","5":"has-post-thumbnail","7":"category-paris","8":"tag-actualites","9":"tag-divertissement","10":"tag-eu","11":"tag-europe","12":"tag-fr","13":"tag-france","14":"tag-gaming","15":"tag-jeux-video","16":"tag-news","17":"tag-nintendo","18":"tag-paris","19":"tag-paris-games-week","20":"tag-pc","21":"tag-playstation","22":"tag-republique-francaise","23":"tag-television","24":"tag-xbox"},"share_on_mastodon":{"url":"https:\/\/pubeurope.com\/@fr\/115484924778607890","error":""},"_links":{"self":[{"href":"https:\/\/www.europesays.com\/fr\/wp-json\/wp\/v2\/posts\/508513","targetHints":{"allow":["GET"]}}],"collection":[{"href":"https:\/\/www.europesays.com\/fr\/wp-json\/wp\/v2\/posts"}],"about":[{"href":"https:\/\/www.europesays.com\/fr\/wp-json\/wp\/v2\/types\/post"}],"author":[{"embeddable":true,"href":"https:\/\/www.europesays.com\/fr\/wp-json\/wp\/v2\/users\/2"}],"replies":[{"embeddable":true,"href":"https:\/\/www.europesays.com\/fr\/wp-json\/wp\/v2\/comments?post=508513"}],"version-history":[{"count":0,"href":"https:\/\/www.europesays.com\/fr\/wp-json\/wp\/v2\/posts\/508513\/revisions"}],"wp:featuredmedia":[{"embeddable":true,"href":"https:\/\/www.europesays.com\/fr\/wp-json\/wp\/v2\/media\/508514"}],"wp:attachment":[{"href":"https:\/\/www.europesays.com\/fr\/wp-json\/wp\/v2\/media?parent=508513"}],"wp:term":[{"taxonomy":"category","embeddable":true,"href":"https:\/\/www.europesays.com\/fr\/wp-json\/wp\/v2\/categories?post=508513"},{"taxonomy":"post_tag","embeddable":true,"href":"https:\/\/www.europesays.com\/fr\/wp-json\/wp\/v2\/tags?post=508513"}],"curies":[{"name":"wp","href":"https:\/\/api.w.org\/{rel}","templated":true}]}}