{"id":508529,"date":"2025-11-03T09:01:12","date_gmt":"2025-11-03T09:01:12","guid":{"rendered":"https:\/\/www.europesays.com\/fr\/508529\/"},"modified":"2025-11-03T09:01:12","modified_gmt":"2025-11-03T09:01:12","slug":"le-ministre-de-leconomie-menace-dinterdire-shein-en-france-en-cas-de-recidive","status":"publish","type":"post","link":"https:\/\/www.europesays.com\/fr\/508529\/","title":{"rendered":"le ministre de l\u2019\u00c9conomie menace d\u2019interdire Shein en France en cas de r\u00e9cidive"},"content":{"rendered":"<p>\n    De son c\u00f4t\u00e9, la haute-commissaire \u00e0 l\u2019Enfance, Sarah El Ha\u00efry, veut remonter jusqu\u2019aux fournisseurs et aux acheteurs.<\/p>\n<p class=\"fig-paragraph\">\u00abDes objets horribles\u00bb. Sur BFMTV, ce lundi matin, le ministre de l\u2019Economie est revenu sur la vente de\u00a0<a href=\"http:\/\/www.lefigaro.fr\/flash-actu\/shein-signale-a-la-justice-francaise-pour-la-vente-de-poupees-a-caractere-pedopornographique-20251101\" data-fig-type=\"NewsFlash\" data-gtm-custom-categorie=\"navigation\" data-gtm-custom-action=\"crossclick\" data-gtm-custom-label=\"Contextuel\" data-gtm-event=\"customEventSPE\" data-fig-domain=\"LEFIGARO\" target=\"_blank\" rel=\"noopener\">poup\u00e9es p\u00e9docriminelles sur Shein<\/a>, d\u00e9nonc\u00e9e par la R\u00e9pression des fraudes ce week-end. Estimant qu\u2019on \u00aba d\u00e9pass\u00e9 les bornes\u00bb, Roland Lescure a expliqu\u00e9 que l\u2019Arcom et la justice ont \u00e9t\u00e9 saisies, ajoutant qu\u2019en cas de r\u00e9cidive, il demanderait \u00ab\u00e0 ce qu\u2019on interdise l\u2019acc\u00e8s \u00e0 la plateforme Shein en France\u00bb. \u00abIl y aura une enqu\u00eate judiciaire qui devra identifier les raisons pour lesquelles ces objets se sont retrouv\u00e9s sur ces plateformes. [&#8230;] S\u2019ils ne respectent pas la loi de mani\u00e8re r\u00e9p\u00e9t\u00e9e, on la fermera\u00bb, a mis en garde le patron de Bercy.<\/p>\n<p class=\"fig-paragraph\">M\u00eame ton ferme du c\u00f4t\u00e9 de la haute-commissaire \u00e0 l\u2019Enfance. Sur France Info, lundi, Sarah El Ha\u00efry a annonc\u00e9 avoir engag\u00e9 \u00abdes contr\u00f4les plus larges\u00bb sur d\u2019autres plateformes, 48 heures apr\u00e8s la d\u00e9couverte de poup\u00e9es \u00e0 caract\u00e8re p\u00e9dopornographique sur le site Shein. \u00abCes poup\u00e9es ne sont pas des objets pornographiques mais p\u00e9dopornographiques, et ce n\u2019est pas l\u00e9gal dans notre pays\u00bb, a-t-elle d\u00e9nonc\u00e9.<\/p>\n<p>                                    <a class=\"fig-a11y-skip a11y-hidden\" href=\"#fig-a11y-skip-main-inarticle\"><br \/>\n        Passer la publicit\u00e9<br \/>\n    <\/a><\/p>\n<p class=\"fig-paragraph\">Selon France Info, ces objets \u00e9taient \u00e9galement vendus jusqu\u2019\u00e0 lundi matin sur la plateforme chinoise Ali Express. \u00abIl faut faire travailler ces plateformes pour qu\u2019il n\u2019y ait plus jamais d\u2019objets criminels. Elles peuvent surtout accompagner la justice pour donner les coordonn\u00e9es d\u2019acheteurs qui ont achet\u00e9 ces objets\u00bb, a requis la haute-commissaire, qui a promis de convoquer l\u2019ensemble des plateformes d\u2019e-commerce pour travailler sur le sujet. La justice est saisie, et \u00abd\u2019autres proc\u00e9dures sont en cours\u00bb, a-t-elle encore annonc\u00e9 sur France Info.<\/p>\n<p class=\"fig-body-link\">\n            \u00c0 lire aussi<br \/>\n        <a class=\"fig-body-link__link\" href=\"http:\/\/www.lefigaro.fr\/flash-actu\/shein-signale-a-la-justice-francaise-pour-la-vente-de-poupees-a-caractere-pedopornographique-20251101\" data-fig-type=\"NewsFlash\" data-gtm-custom-categorie=\"navigation\" data-gtm-custom-action=\"crossclick\" data-gtm-custom-label=\"Contextuel\" data-gtm-event=\"customEventSPE\" data-fig-domain=\"LEFIGARO\" target=\"_blank\" rel=\"noopener\"><\/p>\n<p>        Shein signal\u00e9 \u00e0 la justice fran\u00e7aise pour la vente de poup\u00e9es \u00e0 caract\u00e8re p\u00e9dopornographique<br \/>\n    <\/a>\n<\/p>\n<p>\u00abCe ne sont pas des objets pornographiques, ce sont des objets p\u00e9docriminels\u00bb<\/p>\n<p class=\"fig-paragraph\">\u00abLes gens qui ont achet\u00e9 ces poup\u00e9es ont utilis\u00e9 leur carte de cr\u00e9dit, ils se sont fait livrer \u00e0 leur domicile ou \u00e0 leur bureau\u00bb, \u00e9voquait-elle d\u00e9j\u00e0 dimanche sur RTL, martelant sa volont\u00e9 de \u00abretrouver les acheteurs\u00bb comme \u00ables fournisseurs\u00bb de ces objets. \u00abCe ne sont pas des objets pornographiques, ce sont des objets p\u00e9docriminels\u00bb, avait-elle sp\u00e9cifi\u00e9, soulignant que d\u00e9tenir des objets et images p\u00e9docriminels \u00abtombe sous le coup de la loi\u00bb. \u00abIl est inacceptable de laisser des plateformes et des marketplaces commercialiser des objets p\u00e9docriminels\u00bb, avait-elle d\u00e9clar\u00e9. \u00abOn sait que la d\u00e9tention d&rsquo;images ou d&rsquo;objets p\u00e9docriminels am\u00e8ne \u00e0 des passages \u00e0 l&rsquo;acte.\u00bb<\/p>\n<p class=\"fig-paragraph\">D&rsquo;autres plateformes \u00abusent d&rsquo;entourloupes\u00bb pour \u00e9viter les poursuites en ne mettant \u00abpas les descriptions des objets\u00bb qu&rsquo;elles vendent, avait-elle encore alert\u00e9. \u00abIls vont mettre l&rsquo;image, la photo\u00bb, mais \u00abils ne mettent pas dans les mots-cl\u00e9s que c&rsquo;est une poup\u00e9e sexuelle\u00bb. \u00ablls essaient de nous faire perdre du temps\u00bb et \u00abmettent en danger les enfants\u00bb, selon elle.<\/p>\n","protected":false},"excerpt":{"rendered":"De son c\u00f4t\u00e9, la haute-commissaire \u00e0 l\u2019Enfance, Sarah El Ha\u00efry, veut remonter jusqu\u2019aux fournisseurs et aux acheteurs. \u00abDes&hellip;\n","protected":false},"author":2,"featured_media":508530,"comment_status":"","ping_status":"","sticky":false,"template":"","format":"standard","meta":{"footnotes":""},"categories":[2],"tags":[11,7027,1011,27,12,32329,25,1104],"class_list":{"0":"post-508529","1":"post","2":"type-post","3":"status-publish","4":"format-standard","5":"has-post-thumbnail","7":"category-actualites","8":"tag-actualites","9":"tag-e-commerce","10":"tag-fr","11":"tag-france","12":"tag-news","13":"tag-pedopornographie","14":"tag-republique-francaise","15":"tag-shein"},"share_on_mastodon":{"url":"https:\/\/pubeurope.com\/@fr\/115484956039752591","error":""},"_links":{"self":[{"href":"https:\/\/www.europesays.com\/fr\/wp-json\/wp\/v2\/posts\/508529","targetHints":{"allow":["GET"]}}],"collection":[{"href":"https:\/\/www.europesays.com\/fr\/wp-json\/wp\/v2\/posts"}],"about":[{"href":"https:\/\/www.europesays.com\/fr\/wp-json\/wp\/v2\/types\/post"}],"author":[{"embeddable":true,"href":"https:\/\/www.europesays.com\/fr\/wp-json\/wp\/v2\/users\/2"}],"replies":[{"embeddable":true,"href":"https:\/\/www.europesays.com\/fr\/wp-json\/wp\/v2\/comments?post=508529"}],"version-history":[{"count":0,"href":"https:\/\/www.europesays.com\/fr\/wp-json\/wp\/v2\/posts\/508529\/revisions"}],"wp:featuredmedia":[{"embeddable":true,"href":"https:\/\/www.europesays.com\/fr\/wp-json\/wp\/v2\/media\/508530"}],"wp:attachment":[{"href":"https:\/\/www.europesays.com\/fr\/wp-json\/wp\/v2\/media?parent=508529"}],"wp:term":[{"taxonomy":"category","embeddable":true,"href":"https:\/\/www.europesays.com\/fr\/wp-json\/wp\/v2\/categories?post=508529"},{"taxonomy":"post_tag","embeddable":true,"href":"https:\/\/www.europesays.com\/fr\/wp-json\/wp\/v2\/tags?post=508529"}],"curies":[{"name":"wp","href":"https:\/\/api.w.org\/{rel}","templated":true}]}}