{"id":508531,"date":"2025-11-03T09:02:18","date_gmt":"2025-11-03T09:02:18","guid":{"rendered":"https:\/\/www.europesays.com\/fr\/508531\/"},"modified":"2025-11-03T09:02:18","modified_gmt":"2025-11-03T09:02:18","slug":"trump-accuse-la-russie-et-la-chine-de-mener-des-essais-nucleaires","status":"publish","type":"post","link":"https:\/\/www.europesays.com\/fr\/508531\/","title":{"rendered":"Trump accuse la Russie et la Chine de mener des essais nucl\u00e9aires\u2026"},"content":{"rendered":"<p>Kiev renforce ses syst\u00e8mes de d\u00e9fense antia\u00e9riens Patriot<\/p>\n<p>Les troupes russes attaquent chaque hiver depuis\u00a02022 les infrastructures \u00e9lectriques ukrainiennes, contraignant le pays \u00e0 des restrictions et \u00e0 importer de l\u2019\u00e9nergie. Dans ce contexte, le pr\u00e9sident ukrainien a annonc\u00e9 dimanche que Kiev avait \u00ab\u00a0renforc\u00e9\u00a0\u00bb ses syst\u00e8mes de d\u00e9fense antia\u00e9riens Patriot, de fabrication am\u00e9ricaine, gr\u00e2ce \u00e0 l\u2019aide de l\u2019Allemagne.<\/p>\n<p>Trump accuse la Russie et la Chine de mener des essais nucl\u00e9aires<\/p>\n<p>Donald Trump a affirm\u00e9 dimanche que la Russie et la Chine m\u00e8nent des essais nucl\u00e9aires \u00ab\u00a0mais n\u2019en parlent pas\u00a0\u00bb, sans toutefois pr\u00e9ciser leur nature, dans une interview \u00e0 la cha\u00eene am\u00e9ricaine CBS. \u00ab\u00a0On va faire des essais parce que d\u2019autres font des essais. La Cor\u00e9e du Nord fait des essais. Le Pakistan fait des essais\u00a0\u00bb, a-t-il \u00e9galement d\u00e9clar\u00e9.<\/p>\n<p>De tr\u00e8s nombreuses attaques en une semaine sur l\u2019Ukraine<\/p>\n<p>Selon Volodymyr Zelensky, pendant la semaine qui vient de s\u2019\u00e9couler, l\u2019arm\u00e9e russe a attaqu\u00e9 l\u2019Ukraine avec pr\u00e8s de 1.500 drones, 1.170 bombes a\u00e9riennes et plus de 70 missiles. Le pr\u00e9sident ukrainien a accus\u00e9 Moscou de vouloir s\u2019en prendre \u00ab\u00a0principalement\u00a0\u00bb \u00e0 la population civile. La Russie assure pour sa part ne viser que des cibles militaires.<\/p>\n<p>Bienvenue dans ce nouveau Live<\/p>\n<p>Bonjour \u00e0 toutes et \u00e0 tous. Comme chaque jour, la r\u00e9daction de 20 Minutes est mobilis\u00e9e pour vous donner l\u2019ensemble des informations sur le conflit entre Moscou et Kiev.<\/p>\n<p>Sur le terrain, les armes continuent de parler. En d\u00e9pit des appels lanc\u00e9s \u00e0 la Russie pour qu\u2019elle mette fin \u00e0 la guerre, et des sanctions occidentales, Moscou poursuit en effet ses attaques terrestres sur le front et a relanc\u00e9 ces derni\u00e8res semaines une campagne de bombardements cibl\u00e9s sur le syst\u00e8me \u00e9nerg\u00e9tique ukrainien.<\/p>\n","protected":false},"excerpt":{"rendered":"Kiev renforce ses syst\u00e8mes de d\u00e9fense antia\u00e9riens Patriot Les troupes russes attaquent chaque hiver depuis\u00a02022 les infrastructures \u00e9lectriques&hellip;\n","protected":false},"author":2,"featured_media":508532,"comment_status":"","ping_status":"","sticky":false,"template":"","format":"standard","meta":{"footnotes":""},"categories":[2],"tags":[47,11,75,73,1011,27,131,74,12,25,132,555,133,135,134],"class_list":{"0":"post-508531","1":"post","2":"type-post","3":"status-publish","4":"format-standard","5":"has-post-thumbnail","7":"category-actualites","8":"tag-actualite","9":"tag-actualites","10":"tag-donald-trump","11":"tag-etats-unis","12":"tag-fr","13":"tag-france","14":"tag-guerre-en-ukraine","15":"tag-monde","16":"tag-news","17":"tag-republique-francaise","18":"tag-russie","19":"tag-union-europeenne-ue","20":"tag-video","21":"tag-vladimir-poutine","22":"tag-volodymyr-zelensky"},"share_on_mastodon":{"url":"https:\/\/pubeurope.com\/@fr\/115484960004098280","error":""},"_links":{"self":[{"href":"https:\/\/www.europesays.com\/fr\/wp-json\/wp\/v2\/posts\/508531","targetHints":{"allow":["GET"]}}],"collection":[{"href":"https:\/\/www.europesays.com\/fr\/wp-json\/wp\/v2\/posts"}],"about":[{"href":"https:\/\/www.europesays.com\/fr\/wp-json\/wp\/v2\/types\/post"}],"author":[{"embeddable":true,"href":"https:\/\/www.europesays.com\/fr\/wp-json\/wp\/v2\/users\/2"}],"replies":[{"embeddable":true,"href":"https:\/\/www.europesays.com\/fr\/wp-json\/wp\/v2\/comments?post=508531"}],"version-history":[{"count":0,"href":"https:\/\/www.europesays.com\/fr\/wp-json\/wp\/v2\/posts\/508531\/revisions"}],"wp:featuredmedia":[{"embeddable":true,"href":"https:\/\/www.europesays.com\/fr\/wp-json\/wp\/v2\/media\/508532"}],"wp:attachment":[{"href":"https:\/\/www.europesays.com\/fr\/wp-json\/wp\/v2\/media?parent=508531"}],"wp:term":[{"taxonomy":"category","embeddable":true,"href":"https:\/\/www.europesays.com\/fr\/wp-json\/wp\/v2\/categories?post=508531"},{"taxonomy":"post_tag","embeddable":true,"href":"https:\/\/www.europesays.com\/fr\/wp-json\/wp\/v2\/tags?post=508531"}],"curies":[{"name":"wp","href":"https:\/\/api.w.org\/{rel}","templated":true}]}}