{"id":508535,"date":"2025-11-03T09:04:26","date_gmt":"2025-11-03T09:04:26","guid":{"rendered":"https:\/\/www.europesays.com\/fr\/508535\/"},"modified":"2025-11-03T09:04:26","modified_gmt":"2025-11-03T09:04:26","slug":"les-golfers-pros-ont-bien-fete-halloween-les-plus-belles-photos","status":"publish","type":"post","link":"https:\/\/www.europesays.com\/fr\/508535\/","title":{"rendered":"Les golfers pros ont bien f\u00eat\u00e9 Halloween : les plus belles photos !"},"content":{"rendered":"<p>\t\t\t\t\t\t<img width=\"770\" height=\"556\" src=\"https:\/\/www.europesays.com\/fr\/wp-content\/uploads\/2025\/11\/charley-hull-halloween-770x556.jpg\" class=\"img-responsive wp-post-image\" alt=\"\" decoding=\"async\" fetchpriority=\"high\"  \/>\t\t\t\t\t<\/p>\n<p>\t\t\t\t\t\t Partager cet article <\/p>\n<p class=\"screen-reader-text juiz_sps_maybe_hidden_text\">Partager la publication \u00ab\u00a0Les golfers pros ont bien f\u00eat\u00e9 Halloween : les plus belles photos !\u00a0\u00bb<\/p>\n<p><strong>C\u2019est devenu une tradition chez de nombreux golfeurs professionnels. Pour Halloween ils rivalisent avec panache en publiant des photos de leur plus beaux costumes !<\/strong><\/p>\n<p>\t\t\t\t\t<a id=\"190582\" href=\"https:\/\/www.formigolf.fr\/voyage-pays~_don_gregory_by_dunas_grande_canarie~618~canaries\" target=\"_blank\" rel=\"sponsorised nofollow noopener\"><img decoding=\"async\" src=\"data:image\/svg+xml,%3Csvg%20xmlns=\" http:=\"\" class=\"img-responsive\" alt=\"\" data-lazy-src=\"https:\/\/www.europesays.com\/fr\/wp-content\/uploads\/2025\/11\/formigolf-e11-grande-canarie-dunas-1170x275-1.gif\"\/><\/a><\/p>\n<p><strong>Brooks Koepka, Bryson DeChambeau, Tony Finau<\/strong> et les autres ont tous partag\u00e9 des photos de leurs d\u00e9guisements sur les r\u00e9seaux sociaux, certains \u00e9taient particuli\u00e8rement r\u00e9ussis !<\/p>\n<p>La super star du LIV et des r\u00e9seaux sociaux s\u2019est notamment distingu\u00e9 en publiant plusieurs photos de lui d\u00e9guis\u00e9 en agent de s\u00e9curit\u00e9 sur son compte Instagram et de ses quatre millions d\u2019abonn\u00e9s.<\/p>\n<p><img loading=\"lazy\" decoding=\"async\" class=\"alignnone size-image-largeur-770 wp-image-190678\" src=\"data:image\/svg+xml,%3Csvg%20xmlns=\" http:=\"\" alt=\"dechambeau-deguisement\" width=\"770\" height=\"522\" data-lazy- data-lazy- data-lazy-src=\"https:\/\/www.europesays.com\/fr\/wp-content\/uploads\/2025\/11\/dechambeau-deguisement-770x522.jpg\"\/><\/p>\n<p>\t\t\t\t\t<a id=\"190113\" href=\"https:\/\/abacussportswear.com\/en\/france\" target=\"_blank\" rel=\"sponsorised nofollow noopener\"><img fetchpriority=\"high\" decoding=\"async\" src=\"https:\/\/www.europesays.com\/fr\/wp-content\/uploads\/2025\/10\/abacus-e06-portrush-1170x275-1.gif\" class=\"img-responsive\" alt=\"\"\/><\/a><br \/>\nLes Finau au Top<\/p>\n<p>Chez les Finau on a n\u00e9glig\u00e9 aucun d\u00e9tail et comme tous les ans toute la famille a \u00e9t\u00e9 mise \u00e0 contribution pour ce rendez-vous sur les r\u00e9seaux sociaux. L\u2019an pass\u00e9 <strong>la vid\u00e9o de Thriller de Michael Jackson<\/strong> avait fait un carton.<\/p>\n<blockquote class=\"twitter-tweet\" data-media-max-width=\"560\"><p>&#13;<\/p>\n<p dir=\"ltr\" lang=\"en\">The Finau family does Halloween right. <a href=\"https:\/\/t.co\/RfwVFjze6e\" rel=\"nofollow\">pic.twitter.com\/RfwVFjze6e<\/a><\/p>\n<p>&#13;<br \/>\n&#13;<br \/>\n\u2014 Fore Play (@ForePlayPod) <a href=\"https:\/\/twitter.com\/ForePlayPod\/status\/1852362296615436465?ref_src=twsrc%5Etfw\" rel=\"nofollow noopener\" target=\"_blank\">November 1, 2024<\/a><\/p><\/blockquote>\n<p>Cette ann\u00e9e c\u2019est le th\u00e8me de Blanche-Neige et les Sept Nains qui a \u00e9t\u00e9 retenu par Tony Finau, sa femme Alayna et leurs six enfants qui ont publi\u00e9 une vid\u00e9o qui a rencontr\u00e9 un vif succ\u00e8s aupr\u00e8s de ses abonn\u00e9s.<\/p>\n<p><img loading=\"lazy\" decoding=\"async\" class=\"alignnone size-image-largeur-770 wp-image-190674\" src=\"data:image\/svg+xml,%3Csvg%20xmlns=\" http:=\"\" alt=\"\" width=\"770\" height=\"743\" data-lazy- data-lazy- data-lazy-src=\"https:\/\/www.europesays.com\/fr\/wp-content\/uploads\/2025\/11\/finau-deguisement-770x743.jpeg\"\/>\u00a0<\/p>\n<p>\t\t\t\t<img loading=\"lazy\" decoding=\"async\" src=\"data:image\/svg+xml,%3Csvg%20xmlns=\" http:=\"\" attributionsrc=\"\" border=\"0\" height=\"1\" width=\"1\" alt=\"Advertisement\" data-lazy-src=\"https:\/\/www.europesays.com\/fr\/wp-content\/uploads\/2025\/10\/B33047934.424844126;dc_trk_aid=615928068;dc_trk_cid=236605808;ord=[timestamp];dc_lat=;dc_rdid=;tag_f.gif\"\/><\/p>\n<p>\t\t\t\t\t<a id=\"179412\" href=\"https:\/\/ad.doubleclick.net\/ddm\/trackclk\/N1153799.3770024GOLFPLANATE\/B33047934.424844126;dc_trk_aid=615928068;dc_trk_cid=236605808;dc_lat=;dc_rdid=;tag_for_child_directed_treatment=;tfua=;gdpr=${GDPR};gdpr_consent=${GDPR_CONSENT_755};ltd=;dc_tdv=1\" target=\"_blank\" rel=\"sponsorised nofollow noopener\"><img decoding=\"async\" src=\"data:image\/svg+xml,%3Csvg%20xmlns=\" http:=\"\" class=\"img-responsive\" alt=\"\" data-lazy-src=\"https:\/\/www.europesays.com\/fr\/wp-content\/uploads\/2025\/07\/callaway-e01-apex-v1-1170x275-1.jpg\"\/><\/a><\/p>\n<p>Quittons l\u2019UTAH et direction la Floride o\u00f9 <strong>Brooks Koepka<\/strong> et sa femme, Jena, ont vis\u00e9 la lune avec leur fils Crew portant un costume de fus\u00e9e ! L\u2019autre couple star du <strong>LIV<\/strong>, Dustin Johnson \u2013\u00a0 Paulina Gretzky a fait dans le plus classique avec des costumes inspir\u00e9s du dessin anim\u00e9 Toy Story.<\/p>\n<p><img loading=\"lazy\" decoding=\"async\" class=\"alignnone size-image-largeur-770 wp-image-190672\" src=\"data:image\/svg+xml,%3Csvg%20xmlns=\" http:=\"\" alt=\"\" width=\"770\" height=\"696\" data-lazy- data-lazy- data-lazy-src=\"https:\/\/www.europesays.com\/fr\/wp-content\/uploads\/2025\/11\/koepka-deguisement-770x696.jpeg\"\/><\/p>\n<p><img loading=\"lazy\" decoding=\"async\" class=\"alignnone size-image-largeur-770 wp-image-190676\" src=\"data:image\/svg+xml,%3Csvg%20xmlns=\" http:=\"\" alt=\"\" width=\"770\" height=\"995\" data-lazy- data-lazy- data-lazy-src=\"https:\/\/www.europesays.com\/fr\/wp-content\/uploads\/2025\/11\/dustin-johnson-deguisement-770x995.jpeg\"\/>\u00a0<\/p>\n<p>\t\t\t\t\t<a id=\"189447\" href=\"https:\/\/golfplus.fr\/content\/57-programme-de-fidelite\" target=\"_blank\" rel=\"sponsorised nofollow noopener\"><img decoding=\"async\" src=\"data:image\/svg+xml,%3Csvg%20xmlns=\" http:=\"\" class=\"img-responsive\" alt=\"\" data-lazy-src=\"https:\/\/www.europesays.com\/fr\/wp-content\/uploads\/2025\/10\/golfplus-e28-programme-fidelite-1170x275-1.jpg\"\/><\/a><br \/>\nApp\u00e9tit de Tigre pour Charley Hull ?<\/p>\n<p>Mention sp\u00e9ciale pour le h\u00e9ros de la Ryder Cup, Shane Lowry, et sa femme, Wendy, qui se sont d\u00e9guis\u00e9s \u00e0 deux reprises pour l\u2019occasion.<\/p>\n<p>En d\u00e9but de semaine, le couple s\u2019est d\u00e9guis\u00e9 en Blanche-Neige, avant de publier une autre photo vendredi, sur le th\u00e8me de La Belle et la B\u00eate.<\/p>\n<p>\t\t\t\t\t<a id=\"187708\" href=\"https:\/\/www.swing.fr\/projet.php?id=36\" target=\"_blank\" rel=\"sponsorised nofollow noopener\"><img decoding=\"async\" src=\"data:image\/svg+xml,%3Csvg%20xmlns=\" http:=\"\" class=\"img-responsive\" alt=\"\" data-lazy-src=\"https:\/\/www.europesays.com\/fr\/wp-content\/uploads\/2025\/09\/swing-e05-golf-gourmet-trophy-1170x275-1.gif\"\/><\/a><\/p>\n<blockquote class=\"instagram-media\" style=\"background: #FFF; border: 0; border-radius: 3px; box-shadow: 0 0 1px 0 rgba(0,0,0,0.5),0 1px 10px 0 rgba(0,0,0,0.15); margin: 1px; max-width: 540px; min-width: 326px; padding: 0; width: calc(100% - 2px);\" data-instgrm-captioned=\"\" data-instgrm-permalink=\"https:\/\/www.instagram.com\/reel\/DQgt5oVEUaD\/?utm_source=ig_embed&amp;utm_campaign=loading\" data-instgrm-version=\"14\"><p>&#13;<br \/>\n&#13;\n<\/p><\/blockquote>\n<p>Parmi les autres stars du golf \u00e0 avoir c\u00e9l\u00e9br\u00e9 Halloween, <strong>Charley Hull<\/strong> a fait senstation d\u00e9guis\u00e9e en chat ou en tigresse !<\/p>\n<blockquote class=\"twitter-tweet\" data-media-max-width=\"560\"><p>&#13;<\/p>\n<p dir=\"ltr\" lang=\"en\">This little kitty cat went on Scary 747 plane party! \ud83c\udf89 \ud83c\udf83\ud83d\udc7b \ud83d\ude3a <a href=\"https:\/\/t.co\/pQKgxkYDfV\" rel=\"nofollow\">pic.twitter.com\/pQKgxkYDfV<\/a><\/p>\n<p>&#13;<br \/>\n&#13;<br \/>\n\u2014 Charley Hull (@CharleyHul11) <a href=\"https:\/\/twitter.com\/CharleyHul11\/status\/1984977768304549945?ref_src=twsrc%5Etfw\" rel=\"nofollow noopener\" target=\"_blank\">November 2, 2025<\/a><\/p><\/blockquote>\n<p><strong>Akshay Bhatia<\/strong>, qui arborait un costume inspir\u00e9 d\u2019Aladdin avec sa compagne rencontr\u00e9e sur internet Presleigh Schulz.<\/p>\n<p><img loading=\"lazy\" decoding=\"async\" class=\"alignnone size-image-largeur-770 wp-image-190671\" src=\"data:image\/svg+xml,%3Csvg%20xmlns=\" http:=\"\" alt=\"\" width=\"770\" height=\"689\" data-lazy- data-lazy- data-lazy-src=\"https:\/\/www.europesays.com\/fr\/wp-content\/uploads\/2025\/11\/bhatia-deguisement-770x689.jpeg\"\/><\/p>\n<p><strong>Sahith Theegala<\/strong>, vainqueur sur le PGA Tour, s\u2019est \u00e9galement d\u00e9guis\u00e9 pour l\u2019occasion, tout comme sa compagne Juju Chan et leur chien, d\u00e9guis\u00e9s en vaches.<\/p>\n<p><img loading=\"lazy\" decoding=\"async\" class=\"alignnone size-image-largeur-770 wp-image-190673\" src=\"data:image\/svg+xml,%3Csvg%20xmlns=\" http:=\"\" alt=\"\" width=\"770\" height=\"918\" data-lazy- data-lazy- data-lazy-src=\"https:\/\/www.europesays.com\/fr\/wp-content\/uploads\/2025\/11\/theegala-deguisement-770x918.jpeg\"\/><\/p>\n<p>\t\t\t<script async src=\"https:\/\/platform.twitter.com\/widgets.js\" charset=\"utf-8\"><\/script><script async src=\"\/\/www.instagram.com\/embed.js\"><\/script><\/p>\n","protected":false},"excerpt":{"rendered":"Partager cet article Partager la publication \u00ab\u00a0Les golfers pros ont bien f\u00eat\u00e9 Halloween : les plus belles photos&hellip;\n","protected":false},"author":2,"featured_media":508536,"comment_status":"","ping_status":"","sticky":false,"template":"","format":"standard","meta":{"footnotes":""},"categories":[1418],"tags":[1011,27,1472,60],"class_list":{"0":"post-508535","1":"post","2":"type-post","3":"status-publish","4":"format-standard","5":"has-post-thumbnail","7":"category-golf","8":"tag-fr","9":"tag-france","10":"tag-golf","11":"tag-sports"},"share_on_mastodon":{"url":"https:\/\/pubeurope.com\/@fr\/115484968423773317","error":""},"_links":{"self":[{"href":"https:\/\/www.europesays.com\/fr\/wp-json\/wp\/v2\/posts\/508535","targetHints":{"allow":["GET"]}}],"collection":[{"href":"https:\/\/www.europesays.com\/fr\/wp-json\/wp\/v2\/posts"}],"about":[{"href":"https:\/\/www.europesays.com\/fr\/wp-json\/wp\/v2\/types\/post"}],"author":[{"embeddable":true,"href":"https:\/\/www.europesays.com\/fr\/wp-json\/wp\/v2\/users\/2"}],"replies":[{"embeddable":true,"href":"https:\/\/www.europesays.com\/fr\/wp-json\/wp\/v2\/comments?post=508535"}],"version-history":[{"count":0,"href":"https:\/\/www.europesays.com\/fr\/wp-json\/wp\/v2\/posts\/508535\/revisions"}],"wp:featuredmedia":[{"embeddable":true,"href":"https:\/\/www.europesays.com\/fr\/wp-json\/wp\/v2\/media\/508536"}],"wp:attachment":[{"href":"https:\/\/www.europesays.com\/fr\/wp-json\/wp\/v2\/media?parent=508535"}],"wp:term":[{"taxonomy":"category","embeddable":true,"href":"https:\/\/www.europesays.com\/fr\/wp-json\/wp\/v2\/categories?post=508535"},{"taxonomy":"post_tag","embeddable":true,"href":"https:\/\/www.europesays.com\/fr\/wp-json\/wp\/v2\/tags?post=508535"}],"curies":[{"name":"wp","href":"https:\/\/api.w.org\/{rel}","templated":true}]}}