{"id":508537,"date":"2025-11-03T09:05:19","date_gmt":"2025-11-03T09:05:19","guid":{"rendered":"https:\/\/www.europesays.com\/fr\/508537\/"},"modified":"2025-11-03T09:05:19","modified_gmt":"2025-11-03T09:05:19","slug":"tete-basse-en-haute-marne-chaumont-est-dans-le-dur","status":"publish","type":"post","link":"https:\/\/www.europesays.com\/fr\/508537\/","title":{"rendered":"t\u00eate basse en Haute-Marne, Chaumont est dans le dur"},"content":{"rendered":"<p>Silvano Prandi n\u2019a jamais fait de la saison r\u00e9guli\u00e8re un objectif. Pour \u00ab\u00a0Il Professore\u00a0\u00bb, seules comptent les phases finales. Sauf qu\u2019\u00e0 ce rythme-l\u00e0, l\u2019entra\u00eeneur italien et son \u00e9quipe de Chaumont, qui restent sur neuf qualifications cons\u00e9cutives en play-offs avec cinq finales \u00e0 la cl\u00e9, n\u2019y participeront pas cette saison. Apr\u00e8s quatre journ\u00e9es, le CVB 52 pointe en effet \u00e0 une embarrassante quatorzi\u00e8me et derni\u00e8re place, sans avoir pris le moindre point&#8230;. <\/p>\n<p>    Cet article a \u00e9t\u00e9 tronqu\u00e9. Abonnez-vous pour lire l&rsquo;article complet sur notre site.<\/p>\n<p style=\"margin: 0 !important; padding: 0 !important; font-size: 12px !important;\">Cet article a \u00e9t\u00e9 tronqu\u00e9. Abonnez-vous pour lire l&rsquo;article complet.<\/p>\n<p>    <a href=\"https:\/\/www.lanouvellerepublique.fr\/abonnements\" style=\"display: inline-block; margin-top: 5px !important; padding: 6px 12px !important; background: #cb1c27; color: white; text-decoration: none; border-radius: 4px; font-size: 12px !important;\" target=\"_blank\" rel=\"noopener\"><br \/>\n      S&rsquo;abonner<br \/>\n    <\/a><\/p>\n","protected":false},"excerpt":{"rendered":"Silvano Prandi n\u2019a jamais fait de la saison r\u00e9guli\u00e8re un objectif. Pour \u00ab\u00a0Il Professore\u00a0\u00bb, seules comptent les phases&hellip;\n","protected":false},"author":2,"featured_media":508538,"comment_status":"","ping_status":"","sticky":false,"template":"","format":"standard","meta":{"footnotes":""},"categories":[1417],"tags":[1654,1011,27,1387,1655,1653,60,1390,1471,2767,1584,1470,1469],"class_list":{"0":"post-508537","1":"post","2":"type-post","3":"status-publish","4":"format-standard","5":"has-post-thumbnail","7":"category-volley","8":"tag-alterna-stade-poitevin-volley-ball","9":"tag-fr","10":"tag-france","11":"tag-indre-et-loire","12":"tag-ligue-a","13":"tag-poitiers","14":"tag-sports","15":"tag-tours","16":"tag-tours-volley-ball","17":"tag-tvb-37","18":"tag-vienne","19":"tag-volley","20":"tag-volleyball"},"share_on_mastodon":{"url":"https:\/\/pubeurope.com\/@fr\/115484971787961030","error":""},"_links":{"self":[{"href":"https:\/\/www.europesays.com\/fr\/wp-json\/wp\/v2\/posts\/508537","targetHints":{"allow":["GET"]}}],"collection":[{"href":"https:\/\/www.europesays.com\/fr\/wp-json\/wp\/v2\/posts"}],"about":[{"href":"https:\/\/www.europesays.com\/fr\/wp-json\/wp\/v2\/types\/post"}],"author":[{"embeddable":true,"href":"https:\/\/www.europesays.com\/fr\/wp-json\/wp\/v2\/users\/2"}],"replies":[{"embeddable":true,"href":"https:\/\/www.europesays.com\/fr\/wp-json\/wp\/v2\/comments?post=508537"}],"version-history":[{"count":0,"href":"https:\/\/www.europesays.com\/fr\/wp-json\/wp\/v2\/posts\/508537\/revisions"}],"wp:featuredmedia":[{"embeddable":true,"href":"https:\/\/www.europesays.com\/fr\/wp-json\/wp\/v2\/media\/508538"}],"wp:attachment":[{"href":"https:\/\/www.europesays.com\/fr\/wp-json\/wp\/v2\/media?parent=508537"}],"wp:term":[{"taxonomy":"category","embeddable":true,"href":"https:\/\/www.europesays.com\/fr\/wp-json\/wp\/v2\/categories?post=508537"},{"taxonomy":"post_tag","embeddable":true,"href":"https:\/\/www.europesays.com\/fr\/wp-json\/wp\/v2\/tags?post=508537"}],"curies":[{"name":"wp","href":"https:\/\/api.w.org\/{rel}","templated":true}]}}