{"id":508549,"date":"2025-11-03T09:14:23","date_gmt":"2025-11-03T09:14:23","guid":{"rendered":"https:\/\/www.europesays.com\/fr\/508549\/"},"modified":"2025-11-03T09:14:23","modified_gmt":"2025-11-03T09:14:23","slug":"jo-spence-a-son-corps-defendu-liberation","status":"publish","type":"post","link":"https:\/\/www.europesays.com\/fr\/508549\/","title":{"rendered":"Jo Spence \u00e0 son corps d\u00e9fendu \u2013 Lib\u00e9ration"},"content":{"rendered":"<p class=\"sc-cPiKLX AiZTS text-element\">Le cancer peut-il devenir de l\u2019art ? Et la photographie, une th\u00e9rapie ? La maladie est au c\u0153ur de l\u2019\u0153uvre de Jo Spence, photographe londonienne morte en 1992 et expos\u00e9e cet automne \u00e0 Paris. A la galerie Treize, des poup\u00e9es Barbie avec un trou \u00e0 la place du sein, un petit squelette en plastique, une chaussure \u00e0 talon rouge et surtout des dizaines de photographies t\u00e9moignent de l\u2019histoire de l\u2019artiste, diagnostiqu\u00e9e d\u2019un cancer du sein en 1982 puis d\u2019une leuc\u00e9mie huit ans plus tard. N\u00e9e \u00e0 Londres en 1934, Jo Spence s\u2019est vite d\u00e9finie comme une photographe \u00abf\u00e9ministe et socialiste\u00bb. Elev\u00e9e dans une famille monoparentale de la classe ouvri\u00e8re, d\u2019abord secr\u00e9taire dans un labo photo, Jo Spence a ouvert son propre studio, portraitiste pour des familles, des mariages et des \u00abfemmes qui se sentent moches\u00bb. Au cours des ann\u00e9es 70, la photographie est pour l\u2019activiste un outil de progr\u00e8s social. Cofondatrice du collectif f\u00e9ministe Hackney Flashers, elle est aussi l\u2019autrice d\u2019une th\u00e8se (\u00abContes de f\u00e9es et photographie ou un autre regard sur Cendrillon\u00bb) qui met en lumi\u00e8re le syst\u00e8me d\u2019oppression des contes. <\/p>\n<p class=\"sc-cPiKLX AiZTS text-element\">A l\u2019annonce de sa maladie, Jo Spence invente la \u00abphototh\u00e9rapie\u00bb. La photographie devient une cure, un m\u00e9dicament. Dans un petit th\u00e9\u00e2tre de soi, o\u00f9 elle retourne l\u2019appareil vers elle, l\u2019artiste documente sa maladie et son combat. A la diff\u00e9rence de <a href=\"https:\/\/www.liberation.fr\/culture\/arts\/art-contemporain\/exposition-le-langage-du-corps-a-grenoble-un-saut-dan &lt;div style=\" clear:=\"\" both=\"\" rel=\"nofollow noopener\" target=\"_blank\"><\/p>\n","protected":false},"excerpt":{"rendered":"Le cancer peut-il devenir de l\u2019art ? Et la photographie, une th\u00e9rapie ? La maladie est au c\u0153ur&hellip;\n","protected":false},"author":2,"featured_media":508550,"comment_status":"","ping_status":"","sticky":false,"template":"","format":"standard","meta":{"footnotes":""},"categories":[1358],"tags":[1348,1384,1385,101,1386,58,59,1011,27],"class_list":{"0":"post-508549","1":"post","2":"type-post","3":"status-publish","4":"format-standard","5":"has-post-thumbnail","7":"category-arts-et-design","8":"tag-arts","9":"tag-arts-and-design","10":"tag-arts-et-design","11":"tag-cancer","12":"tag-design","13":"tag-divertissement","14":"tag-entertainment","15":"tag-fr","16":"tag-france"},"share_on_mastodon":{"url":"https:\/\/pubeurope.com\/@fr\/115485014949209670","error":""},"_links":{"self":[{"href":"https:\/\/www.europesays.com\/fr\/wp-json\/wp\/v2\/posts\/508549","targetHints":{"allow":["GET"]}}],"collection":[{"href":"https:\/\/www.europesays.com\/fr\/wp-json\/wp\/v2\/posts"}],"about":[{"href":"https:\/\/www.europesays.com\/fr\/wp-json\/wp\/v2\/types\/post"}],"author":[{"embeddable":true,"href":"https:\/\/www.europesays.com\/fr\/wp-json\/wp\/v2\/users\/2"}],"replies":[{"embeddable":true,"href":"https:\/\/www.europesays.com\/fr\/wp-json\/wp\/v2\/comments?post=508549"}],"version-history":[{"count":0,"href":"https:\/\/www.europesays.com\/fr\/wp-json\/wp\/v2\/posts\/508549\/revisions"}],"wp:featuredmedia":[{"embeddable":true,"href":"https:\/\/www.europesays.com\/fr\/wp-json\/wp\/v2\/media\/508550"}],"wp:attachment":[{"href":"https:\/\/www.europesays.com\/fr\/wp-json\/wp\/v2\/media?parent=508549"}],"wp:term":[{"taxonomy":"category","embeddable":true,"href":"https:\/\/www.europesays.com\/fr\/wp-json\/wp\/v2\/categories?post=508549"},{"taxonomy":"post_tag","embeddable":true,"href":"https:\/\/www.europesays.com\/fr\/wp-json\/wp\/v2\/tags?post=508549"}],"curies":[{"name":"wp","href":"https:\/\/api.w.org\/{rel}","templated":true}]}}