{"id":508553,"date":"2025-11-03T09:17:15","date_gmt":"2025-11-03T09:17:15","guid":{"rendered":"https:\/\/www.europesays.com\/fr\/508553\/"},"modified":"2025-11-03T09:17:15","modified_gmt":"2025-11-03T09:17:15","slug":"pourquoi-le-monde-chico-est-le-meilleur-album-du-groupe","status":"publish","type":"post","link":"https:\/\/www.europesays.com\/fr\/508553\/","title":{"rendered":"pourquoi \u00ab\u00a0Le Monde Chico\u00a0\u00bb est le meilleur album du groupe"},"content":{"rendered":"<p itemprop=\"description\"><strong>Il y a 10 ans sortait \u00ab\u00a0Le Monde Chico\u00a0\u00bb, l&rsquo;album de PNL qui a chang\u00e9 le visage du rap fran\u00e7ais.<\/strong><\/p>\n<p>On est en <strong>2025<\/strong>, et il y a encore <strong><a href=\"https:\/\/generations.fr\/news\/coulisse\/80121\/des-fans-collent-des-affiches-pour-militer-au-retour-de-pnl\" target=\"_blank\" rel=\"noopener\">des gens qui attendent le retour de PNL<\/a> avec un nouveau projet<\/strong>. Et s&rsquo;il y a aujourd&rsquo;hui autant de gens qui attendent leur retour comme celui de Zizou en 2005, c&rsquo;est <strong>en tr\u00e8s grande partie gr\u00e2ce \u00e0 \u00ab\u00a0Le Monde Chico\u00a0\u00bb<\/strong>. Un album <strong>sorti en 2015, qui a f\u00eat\u00e9 ses dix ans il y a quelques jours <\/strong>et qui a<strong> gifl\u00e9 le rap fran\u00e7ais<\/strong>, de mani\u00e8re durable. Alors pour l&rsquo;anniversaire du projet, on va revenir sur le projet, et <strong>vous dire pourquoi c&rsquo;est le meilleur album du groupe. Oui oui, \u00ab\u00a0f\u00e2chez-vous comme vous voulez je m&rsquo;en fous\u00a0\u00bb<\/strong>.<\/p>\n<p>La France d\u00e9couvre PNL<\/p>\n<p>On le sait, surtout chez les rappeurs, le premier album a quelque chose de plus \u00ab\u00a0marquant\u00a0\u00bb, de plus \u00ab\u00a0brut\u00a0\u00bb, authentique. le rappeur est moins dans la recherche de sophistication artistique et beaucoup plus dans le \u00ab\u00a0vider ce qu&rsquo;il a sur le c\u0153ur\u00a0\u00bb, ce que les deux fr\u00e8res des Tarterets ont tr\u00e8s bien su faire sur ce premier album. Toutefois, ce n&rsquo;est pas leur premier projet : la mixtape \u00ab\u00a0Que la famille\u00a0\u00bb sortait quelques mois avant \u00ab\u00a0Le Monde Chico\u00a0\u00bb. Mais elle n&rsquo;a pas du tout eu la m\u00eame r\u00e9sonnance que l&rsquo;album, qui a provoqu\u00e9 un v\u00e9ritable s\u00e9isme dans le rap fran\u00e7ais, et m\u00eame dans la France enti\u00e8re.<\/p>\n<\/p>\n<p>Notamment d&rsquo;un point de vue visuel. Car \u00e9videmment, le succ\u00e8s de <a href=\"https:\/\/generations.fr\/news\/coulisse\/80201\/pnl-un-nouvel-element-confirme-la-fin-des-deux-freres\" target=\"_blank\" rel=\"noopener\">PNL<\/a> passe aussi par l&rsquo;image, par les clips notamment. Et c&rsquo;est \u00e0 ce moment que le groupe du 91 d\u00e9cide d&rsquo;ailleurs \u00ab\u00a0lancer\u00a0\u00bb la mode des clips tourn\u00e9s au drone dans des environnements inhabituels : l&rsquo;Islande pour \u00ab\u00a0Oh La La\u00a0\u00bb, mais aussi, et surtout, \u00ab\u00a0Le monde ou rien\u00a0\u00bb dans le quartier de La Scampia, lieu de tournage de la c\u00e9l\u00e8bre s\u00e9rie Gomorra. Ils ont d&rsquo;ailleurs devanc\u00e9 SCH de peu, sur ce coup.\u00a0<\/p>\n<\/p>\n<p>Et d&rsquo;un autre c\u00f4t\u00e9, c&rsquo;est aussi l\u00e0 que la France d\u00e9couvre le talent de PNL pour le story-telling en images (\u00ab\u00a0Plus Tony Que Sosa\u00a0\u00bb). Un \u00e9l\u00e9ment qui sera important pour la suite de leur carri\u00e8re. Mais bref, c&rsquo;est \u00e0 ce moment que PNL change les codes esth\u00e9tiques du rap : la coupe de cheveux d&rsquo;Ademo ou de Nos s&rsquo;est retrouv\u00e9e sur la t\u00eate de tous les ados de quartier, et depuis, la mode n&rsquo;a finalement pas beaucoup chang\u00e9.<\/p>\n<p>Gifle musicale et lyricale<\/p>\n<p>L&rsquo;autre aspect qui fait que cet album PNL est un vrai classique du rap fran\u00e7ais, c&rsquo;est \u00e9videmment la qualit\u00e9 de la musique. Jusqu&rsquo;en 2015, la quasi-totalit\u00e9 des artistes qui utilisaient l&rsquo;autotune r\u00e9glaient le bail tr\u00e8s mal. On ne sait pas comment ils se d\u00e9merdaient, mais \u00e7a sonnait faux, la voix tremblait, c&rsquo;\u00e9tait criard, et PNL sont presque les premiers \u00e0 avoir r\u00e9gl\u00e9 \u00e7a de mani\u00e8re \u00ab\u00a0juste\u00a0\u00bb. En vrai, c&rsquo;est presque eux qui ont r\u00e9ussi \u00e0 faire accepter l&rsquo;autotune a tout le monde.<\/p>\n<\/p>\n<p>Cette utilisation de l&rsquo;autotune donne imm\u00e9diatement un c\u00f4t\u00e9 m\u00e9lancolique \u00e0 l&rsquo;ensemble du projet, et \u00e7a tombe bien : c&rsquo;est presque le th\u00e8me principal de l&rsquo;album. Au-del\u00e0 de l&rsquo;ambition affich\u00e9e par les deux fr\u00e8res Andrieu, qui veulent \u00ab\u00a0Le monde chico\u00a0\u00bb, le sentiment qu&rsquo;on retrouve le plus, c&rsquo;est la m\u00e9lancolie, avec les m\u00eames sc\u00e8nes, les m\u00eames gestes r\u00e9p\u00e9t\u00e9s tous les jours, les m\u00eames clients, les m\u00eames BACeux, les m\u00eames 20 balles servies, les m\u00eames r\u00eaves, les m\u00eames frustrations. Ce sont les premiers artistes \u00e0 explorer vraiment \u00e0 fond cet aspect de la vie de banlieue : les journ\u00e9es qui se ressemblent, sans perspective de changement, dans \u00ab\u00a0Temp\u00eate\u00a0\u00bb, dans \u00ab\u00a0J&rsquo;vends\u00a0\u00bb, l&rsquo;incroyable \u00ab\u00a0Porte de Mesrine\u00a0\u00bb.<\/p>\n<\/p>\n<p>Les prods, planantes elles aussi, feront d&rsquo;ailleurs que certains parleront de \u00ab\u00a0cloud rap \u00e0 la fran\u00e7aise\u00a0\u00bb pour qualifier le rap de PNL. Mais c&rsquo;est l&rsquo;aspect lyrical qui est le plus marquant de cet album : un m\u00e9lange entre d\u00e9go\u00fbt, d\u00e9prime, puis d\u00e9termination \u00e0 tout prendre, tout en parlant beaucoup de foi, de spiritualit\u00e9, de d\u00e9mons int\u00e9rieurs, de rage qui leur d\u00e9vore le bide comme dans \u00ab\u00a0Mexico\u00a0\u00bb, \u00ab\u00a0Abonn\u00e9\u00a0\u00bb, \u00ab\u00a0Dans la soucoupe\u00a0\u00bb. Il y a clairement, dans cet album, des morceaux qui bouleversent tellement l&rsquo;\u00e2me que vous vous rappelez o\u00f9 est-ce que vous \u00e9tiez quand vous avez \u00e9cout\u00e9 \u00e7a pour la premi\u00e8re fois.<\/p>\n<p>Mentalit\u00e9 \u00ab\u00a0Que La Famille\u00a0\u00bb<\/p>\n<p>On a donc fait le tour du sujet \u00ab\u00a0m\u00e9lancolie\u00a0\u00bb, un mood duquel le rap fran\u00e7ais n&rsquo;est toujours pas sorti dix ans plus tard. Le nombre de rappeurs qui sont en mode \u00ab\u00a0m\u00e9lo + autotune + m\u00e9lancolie\u00a0\u00bb est devenu immense, mais ils le font tous moins bien qu&rsquo;eux. Mais un autre \u00e9l\u00e9ment qui a fait le succ\u00e8s du groupe, c&rsquo;est leur mani\u00e8re de fonctionner. Une mani\u00e8re clanique, familial, avec ce slogan \u00ab\u00a0QLF\u00a0\u00bb qui devient un mantra, le tout en ind\u00e9pendance, \u00e0 l&rsquo;\u00e9cart des maisons de disques.<\/p>\n<\/p>\n<p>Jusque dans leurs clips, on voit \u00e9norm\u00e9ment de gars de Corbeil, et surtout, on retrouvera les m\u00eames t\u00eates tout au long de l&rsquo;odyss\u00e9e PNL, dans leurs clips. Le fait que cet album sorte sans aucune promo, sans interview, et fasse des scores aussi impressionnants, a donn\u00e9 une grosse le\u00e7on \u00e0 toute l&rsquo;industrie. Et \u00e7a a surtout montr\u00e9 \u00e0 plein d&rsquo;artistes que c&rsquo;\u00e9tait possible en 2015, de compl\u00e8tement se passer des circuits traditionnels pour vendre sa zik.<\/p>\n<\/p>\n<p>Alors oui, musicalement, peut-\u00eatre que les prods de \u00ab\u00a0Le Monde Chico\u00a0\u00bb sont peut-\u00eatre moins \u00e9volu\u00e9es que celles des albums qui vont suivre. Mais elles introduisent une v\u00e9ritable r\u00e9volution musicale dans le rap game, et surtout, \u00e7a donne un c\u00f4t\u00e9 brut et authentique \u00e0 l&rsquo;album, plus sinc\u00e8re peut-\u00eatre, moins calcul\u00e9. Et les artistes ne sont jamais meilleurs que lorsqu&rsquo;ils cherchent juste \u00e0 balancer ce qu&rsquo;ils ont sur le c\u0153ur sans calcul. Alors merci pour cet album, les Deux Fr\u00e8res, on esp\u00e8re que la retraite se passe bien !<\/p>\n","protected":false},"excerpt":{"rendered":"Il y a 10 ans sortait \u00ab\u00a0Le Monde Chico\u00a0\u00bb, l&rsquo;album de PNL qui a chang\u00e9 le visage du&hellip;\n","protected":false},"author":2,"featured_media":508554,"comment_status":"","ping_status":"","sticky":false,"template":"","format":"standard","meta":{"footnotes":""},"categories":[1355],"tags":[3627,3628,3626,3632,3631,3630,3629,3649,3634,3647,3663,3625,3623,3646,2163,3648,3645,58,59,3660,1011,27,3612,3620,3606,3607,3605,3608,3665,3657,3622,3613,3617,3615,3609,3614,3659,3654,3643,3653,3650,3641,3636,3642,3638,3651,3635,1361,873,12,3624,626,3639,2189,3658,1825,3618,3616,3661,3656,3619,3621,3662,3640,3664,3633,3644,3611,3610,3637,1863,2955,3655,3652],"class_list":{"0":"post-508553","1":"post","2":"type-post","3":"status-publish","4":"format-standard","5":"has-post-thumbnail","7":"category-musique","8":"tag-3627","9":"tag-3628","10":"tag-3626","11":"tag-3632","12":"tag-3631","13":"tag-3630","14":"tag-3629","15":"tag-al-peco","16":"tag-alibi","17":"tag-alpeco","18":"tag-b2o","19":"tag-banlieue","20":"tag-black","21":"tag-booba","22":"tag-chroniques","23":"tag-despo","24":"tag-diams","25":"tag-divertissement","26":"tag-entertainment","27":"tag-exclus","28":"tag-fr","29":"tag-france","30":"tag-freestyles","31":"tag-funk","32":"tag-generation","33":"tag-generation88-2","34":"tag-generations","35":"tag-generations88-2","36":"tag-generationslive","37":"tag-genratio","38":"tag-grime","39":"tag-hip","40":"tag-hip-hop","41":"tag-hiphop","42":"tag-hiphopsoul","43":"tag-hop","44":"tag-hotlist","45":"tag-james","46":"tag-k1fry","47":"tag-kerry","48":"tag-larsen","49":"tag-lim","50":"tag-lskadrille","51":"tag-mafia","52":"tag-mctyer","53":"tag-medine","54":"tag-montana","55":"tag-music","56":"tag-musique","57":"tag-news","58":"tag-noir","59":"tag-paris","60":"tag-parishiphop","61":"tag-photos","62":"tag-playlist","63":"tag-radio","64":"tag-ragga","65":"tag-rap","66":"tag-rap-francais","67":"tag-rapfr","68":"tag-reggae","69":"tag-rnb","70":"tag-roh2f","71":"tag-rue","72":"tag-ruskov-molotov","73":"tag-sefyu","74":"tag-sinik","75":"tag-sons","76":"tag-soul","77":"tag-tandem","78":"tag-us","79":"tag-videos","80":"tag-webradio","81":"tag-youssoupha"},"share_on_mastodon":{"url":"","error":"Validation failed: Text character limit of 500 exceeded"},"_links":{"self":[{"href":"https:\/\/www.europesays.com\/fr\/wp-json\/wp\/v2\/posts\/508553","targetHints":{"allow":["GET"]}}],"collection":[{"href":"https:\/\/www.europesays.com\/fr\/wp-json\/wp\/v2\/posts"}],"about":[{"href":"https:\/\/www.europesays.com\/fr\/wp-json\/wp\/v2\/types\/post"}],"author":[{"embeddable":true,"href":"https:\/\/www.europesays.com\/fr\/wp-json\/wp\/v2\/users\/2"}],"replies":[{"embeddable":true,"href":"https:\/\/www.europesays.com\/fr\/wp-json\/wp\/v2\/comments?post=508553"}],"version-history":[{"count":0,"href":"https:\/\/www.europesays.com\/fr\/wp-json\/wp\/v2\/posts\/508553\/revisions"}],"wp:featuredmedia":[{"embeddable":true,"href":"https:\/\/www.europesays.com\/fr\/wp-json\/wp\/v2\/media\/508554"}],"wp:attachment":[{"href":"https:\/\/www.europesays.com\/fr\/wp-json\/wp\/v2\/media?parent=508553"}],"wp:term":[{"taxonomy":"category","embeddable":true,"href":"https:\/\/www.europesays.com\/fr\/wp-json\/wp\/v2\/categories?post=508553"},{"taxonomy":"post_tag","embeddable":true,"href":"https:\/\/www.europesays.com\/fr\/wp-json\/wp\/v2\/tags?post=508553"}],"curies":[{"name":"wp","href":"https:\/\/api.w.org\/{rel}","templated":true}]}}