{"id":508566,"date":"2025-11-03T09:26:11","date_gmt":"2025-11-03T09:26:11","guid":{"rendered":"https:\/\/www.europesays.com\/fr\/508566\/"},"modified":"2025-11-03T09:26:11","modified_gmt":"2025-11-03T09:26:11","slug":"otages-a-gaza-les-trois-depouilles-rendues-par-le-hamas-a-israel-ont-ete-identifiees","status":"publish","type":"post","link":"https:\/\/www.europesays.com\/fr\/508566\/","title":{"rendered":"Otages \u00e0 Gaza\u00a0: les trois d\u00e9pouilles rendues par le Hamas \u00e0 Isra\u00ebl ont \u00e9t\u00e9 identifi\u00e9es"},"content":{"rendered":"<p class=\"paragraph text_align_left lp-f-body-02\">Des soldats. Les <a href=\"https:\/\/www.leparisien.fr\/international\/israel\/gaza-larmee-israelienne-annonce-la-remise-de-trois-depouilles-dotages-par-le-hamas-02-11-2025-JIS5M5YS5BG5DEI44ZOVB63ZDQ.php\" target=\"_self\" rel=\"noopener\">d\u00e9pouilles d\u2019otages que le Hamas a rendues<\/a> dimanche \u00e0 <a href=\"https:\/\/www.leparisien.fr\/international\/israel\/\" target=\"_self\" rel=\"noopener\">Isra\u00ebl<\/a> ont \u00e9t\u00e9 identifi\u00e9es. Les autorit\u00e9s isra\u00e9liennes confirment ce lundi matin que les corps du colonel Asaf Hamami, du capitaine Omer Maxim Neutra et du sergent-chef Oz Daniel ont \u00e9t\u00e9 restitu\u00e9s. Leurs familles ont \u00e9t\u00e9 inform\u00e9es \u00e0 l\u2019issue du processus d\u2019identification par les experts m\u00e9dico-l\u00e9gaux.<\/p>\n<p class=\"paragraph text_align_left lp-f-body-02\">Le pr\u00e9sident am\u00e9ricain <a href=\"https:\/\/www.leparisien.fr\/international\/etats-unis\/donald-trump\/\" target=\"_blank\" rel=\"noreferrer noopener\">Donald Trump<\/a> avait d\u00e9clar\u00e9 dimanche soir que l\u2019un des corps retrouv\u00e9s \u00e9tait celui du soldat am\u00e9ricano-isra\u00e9lien Neutra. Les parents de ce natif de New York ont \u200b\u200bconfirm\u00e9 l\u2019information. \u00ab Notre Omer est sur le sol isra\u00e9lien \u00bb, a-t-il d\u00e9clar\u00e9. \u00ab Enfin ! Tant de souffrance et tant de soulagement ! \u00bb, a assur\u00e9 Ronen Neutra, apr\u00e8s 758 jours de craintes, de doutes et d\u2019espoirs d\u00e9\u00e7us. Trump a d\u00e9clar\u00e9 aux journalistes \u00e0 bord d\u2019Air Force One avoir parl\u00e9 aux parents de Neutra apr\u00e8s l\u2019annonce. \u00ab Ils sont ravis d\u2019un c\u00f4t\u00e9, mais d\u2019un autre c\u00f4t\u00e9, \u00e9videmment, ce n\u2019est pas tr\u00e8s r\u00e9jouissant \u00bb, a-t-il dit.<\/p>\n<p class=\"paragraph text_align_left lp-f-body-02\">Le capitaine Omer Maxim Neutra, 21 ans, chef de section dans un bataillon de chars blind\u00e9s, \u00e9tait originaire de New York. Il a \u00e9t\u00e9 tu\u00e9 le 7 octobre 2023. Lors des attaques terroristes du Hamas contre des civils isra\u00e9liens, son char a \u00e9t\u00e9 attaqu\u00e9 \u00e0 l\u2019aide de lance-roquettes et d\u2019engins explosifs. Neutra et deux autres soldats ont \u00e9t\u00e9 tu\u00e9s dans l\u2019attaque et leurs corps ont \u00e9t\u00e9 emmen\u00e9s \u00e0 Gaza.<\/p>\n<p>\u00ab Une personne chaleureuse, optimiste et profond\u00e9ment attentionn\u00e9e \u00bb<\/p>\n<p class=\"paragraph text_align_left lp-f-body-02\">La famille d\u2019Omer Neutra est rest\u00e9e sans nouvelles de lui pendant plus d\u2019un an, jusqu\u2019\u00e0 ce qu\u2019en d\u00e9cembre 2024, <a href=\"https:\/\/www.leparisien.fr\/international\/israel\/israel-lisraelo-americain-omer-maxime-neutra-declare-mort-son-corps-retenu-a-gaza-depuis-le-7-octobre-02-12-2024-J2A42L25EVAPRAI7TGIWDOQ3XM.php\" target=\"_blank\" rel=\"noreferrer noopener\">les autorit\u00e9s isra\u00e9liennes confirment son d\u00e9c\u00e8s et la prise en otage de sa d\u00e9pouille<\/a>. Sa famille a observ\u00e9 la shiva, la p\u00e9riode de deuil de sept jours, mais n\u2019a pas organis\u00e9 de fun\u00e9railles.<\/p>\n<p class=\"paragraph text_align_left lp-f-body-02\">Sur X, le Forum des familles a post\u00e9 un message d\u2019hommage \u00e0 Omer, \u00ab une personne chaleureuse, optimiste et profond\u00e9ment attentionn\u00e9e qui illuminait chaque pi\u00e8ce o\u00f9 il entrait \u00bb.<\/p>\n<blockquote class=\"twitter-tweet\">\n<p lang=\"en\" dir=\"ltr\">Omer is brought home after 758 days \ud83d\udc94<\/p>\n<p>Captain Omer Maxim Neutra, a tank platoon commander in Battalion 77, Sa&rsquo;ar Golan Division, fell in battle and was abducted into Gaza on October 7. <\/p>\n<p>Omer was born and raised in the United States, and chose to immigrate to Israel as a lone\u2026 <a href=\"https:\/\/t.co\/vOfwFDnNgY\">pic.twitter.com\/vOfwFDnNgY<\/a><\/p>\n<p>\u2014 Bring Them Home Now (@bringhomenow) <a href=\"https:\/\/twitter.com\/bringhomenow\/status\/1985227979622924468?ref_src=twsrc%5Etfw\" target=\"_blank\" rel=\"noopener\">November 3, 2025<\/a><\/p><\/blockquote>\n<p class=\"paragraph text_align_left lp-f-body-02\">Selon un communiqu\u00e9 du Hamas, les corps des otages ont \u00e9t\u00e9 retrouv\u00e9s dimanche matin dans un tunnel. Le groupe a remis les cercueils \u00e0 des repr\u00e9sentants de la Croix-Rouge dans le sud de Gaza, qui ont ensuite escort\u00e9 les d\u00e9pouilles jusqu\u2019aux forces de Tsahal \u00e0 l\u2019int\u00e9rieur de Gaza. \u00c0 leur arriv\u00e9e en Isra\u00ebl, les corps ont \u00e9t\u00e9 transport\u00e9s \u00e0 l\u2019institut m\u00e9dico-l\u00e9gal Abou Kabir de Tel-Aviv pour identification.<\/p>\n<p class=\"paragraph text_align_left lp-f-body-02\">Le caporal Oz Daniel, 19 ans, a lui aussi \u00e9t\u00e9 tu\u00e9 le 7 octobre et emport\u00e9 mort par les combattants du Hamas. En f\u00e9vrier 2024, l\u2019arm\u00e9e isra\u00e9lienne <a href=\"https:\/\/www.leparisien.fr\/international\/israel\/otages-a-gaza-oz-daniel-19-ans-est-mort-en-captivite-annonce-larmee-israelienne-25-02-2024-IWFTVVGS5ZBMTBGBU6AM5L23UA.php\" target=\"_self\" rel=\"noopener\">avait confirm\u00e9<\/a> que son corps se trouvait \u00e0 Gaza parmi les 31 otages <a href=\"https:\/\/www.leparisien.fr\/international\/israel\/liberation-dotages-a-gaza-israel-voit-des-progres-le-hamas-aurait-fait-des-concessions-importantes-25-02-2024-RRST2LV3AZFWPOT3SVA6IWJ2JA.php\" rel=\"noopener\" target=\"_blank\">dont les d\u00e9pouilles \u00e9taient retenues<\/a> dans le territoire palestinien.<\/p>\n<p class=\"paragraph text_align_left lp-f-body-02\">Quant au colonel Assaf Hamami, 40 ans, il \u00e9tait l\u2019officier le plus grad\u00e9 tomb\u00e9 aux mains du Hamas. Soldat depuis 2001, ce militaire de carri\u00e8re commandait depuis mai 2022 la brigade sud de la division de Gaza. \u00ab Connu pour son humilit\u00e9, son int\u00e9grit\u00e9, sa cr\u00e9ativit\u00e9 et sa profonde capacit\u00e9 \u00e0 comprendre chaque personne \u00bb, selon le Forum des familles, il \u00e9tait mari\u00e9 et avait trois enfants.<\/p>\n<p class=\"paragraph text_align_left lp-f-body-02\">Huit d\u00e9pouilles d\u2019otages isra\u00e9liens se trouvent toujours dans la bande de Gaza.<\/p>\n<p><script async src=\"https:\/\/platform.twitter.com\/widgets.js\" charset=\"utf-8\"><\/script><\/p>\n","protected":false},"excerpt":{"rendered":"Des soldats. Les d\u00e9pouilles d\u2019otages que le Hamas a rendues dimanche \u00e0 Isra\u00ebl ont \u00e9t\u00e9 identifi\u00e9es. Les autorit\u00e9s&hellip;\n","protected":false},"author":2,"featured_media":508567,"comment_status":"","ping_status":"","sticky":false,"template":"","format":"standard","meta":{"footnotes":""},"categories":[5],"tags":[11,1011,27,14,664,12,28],"class_list":{"0":"post-508566","1":"post","2":"type-post","3":"status-publish","4":"format-standard","5":"has-post-thumbnail","7":"category-international","8":"tag-actualites","9":"tag-fr","10":"tag-france","11":"tag-international","12":"tag-israel","13":"tag-news","14":"tag-world"},"share_on_mastodon":{"url":"https:\/\/pubeurope.com\/@fr\/115485057368164754","error":""},"_links":{"self":[{"href":"https:\/\/www.europesays.com\/fr\/wp-json\/wp\/v2\/posts\/508566","targetHints":{"allow":["GET"]}}],"collection":[{"href":"https:\/\/www.europesays.com\/fr\/wp-json\/wp\/v2\/posts"}],"about":[{"href":"https:\/\/www.europesays.com\/fr\/wp-json\/wp\/v2\/types\/post"}],"author":[{"embeddable":true,"href":"https:\/\/www.europesays.com\/fr\/wp-json\/wp\/v2\/users\/2"}],"replies":[{"embeddable":true,"href":"https:\/\/www.europesays.com\/fr\/wp-json\/wp\/v2\/comments?post=508566"}],"version-history":[{"count":0,"href":"https:\/\/www.europesays.com\/fr\/wp-json\/wp\/v2\/posts\/508566\/revisions"}],"wp:featuredmedia":[{"embeddable":true,"href":"https:\/\/www.europesays.com\/fr\/wp-json\/wp\/v2\/media\/508567"}],"wp:attachment":[{"href":"https:\/\/www.europesays.com\/fr\/wp-json\/wp\/v2\/media?parent=508566"}],"wp:term":[{"taxonomy":"category","embeddable":true,"href":"https:\/\/www.europesays.com\/fr\/wp-json\/wp\/v2\/categories?post=508566"},{"taxonomy":"post_tag","embeddable":true,"href":"https:\/\/www.europesays.com\/fr\/wp-json\/wp\/v2\/tags?post=508566"}],"curies":[{"name":"wp","href":"https:\/\/api.w.org\/{rel}","templated":true}]}}