{"id":508568,"date":"2025-11-03T09:27:12","date_gmt":"2025-11-03T09:27:12","guid":{"rendered":"https:\/\/www.europesays.com\/fr\/508568\/"},"modified":"2025-11-03T09:27:12","modified_gmt":"2025-11-03T09:27:12","slug":"ce-que-lon-sait-sur-la-mort-de-cindy-morvan-tuee-a-calais-par-la-compagne-de-son-ex-conjoint","status":"publish","type":"post","link":"https:\/\/www.europesays.com\/fr\/508568\/","title":{"rendered":"Ce que l\u2019on sait sur la mort de Cindy Morvan, tu\u00e9e \u00e0 Calais par la compagne de son ex-conjoint"},"content":{"rendered":"<p class=\"paragraph text_align_left lp-f-body-02\">Championne de France sur piste et investie dans la promotion du cyclisme f\u00e9minin, <a href=\"https:\/\/www.leparisien.fr\/faits-divers\/mere-de-deux-enfants-ex-championne-de-france-qui-etait-cindy-morvan-assassinee-a-calais-par-une-autre-femme-01-11-2025-EZYZCGDHQFA3DD6NVU2T5JVFQM.php?ts=1762151179906\" target=\"_self\" rel=\"nofollow noopener\">Cindy Morvan <\/a>a \u00e9t\u00e9 tu\u00e9e ce vendredi, <a href=\"https:\/\/www.leparisien.fr\/sports\/cyclisme\/cetait-une-addict-du-velo-le-monde-du-cyclisme-pleure-cindy-morvan-tuee-par-balle-a-calais-02-11-2025-K5QBEMK5CFCJTF4LLVUGCKXCGQ.php\" target=\"_self\" rel=\"nofollow noopener\">abattue par arme \u00e0 feu<\/a> par la compagne de son ex-conjoint \u00e0 Calais (Pas-de-Calais). Un crime qui a g\u00e9n\u00e9r\u00e9 une importante vague d\u2019\u00e9motion dans la r\u00e9gion, mais aussi dans la communaut\u00e9 cycliste.<\/p>\n<p>Abattue par \u00ab une arme de gros calibre \u00bb<\/p>\n<p class=\"paragraph text_align_left lp-f-body-02\">Cindy Morvan, ancienne championne de France sur piste, a \u00e9t\u00e9 abattue vendredi \u00e0 Calais (Pas-de-Calais). La sportive de 39 ans est morte apr\u00e8s avoir \u00e9t\u00e9 vis\u00e9e par la compagne de son ex-conjoint, qui a ouvert le feu dans l\u2019immeuble o\u00f9 r\u00e9sidait la victime.<\/p>\n<p class=\"paragraph text_align_left lp-f-body-02\">Selon les informations communiqu\u00e9es par le procureur adjoint de Boulogne-sur-Mer, Patrick Leleu, l\u2019autrice pr\u00e9sum\u00e9e des faits aurait utilis\u00e9 \u00ab une arme de gros calibre \u00bb.<\/p>\n<p class=\"paragraph text_align_left lp-f-body-02\">Peu apr\u00e8s le drame, l\u2019assaillante s\u2019est donn\u00e9 la mort dans sa voiture, stationn\u00e9e sur un parking \u00e0 proximit\u00e9. Un message a \u00e9t\u00e9 retrouv\u00e9 \u00e0 ses c\u00f4t\u00e9s, dans lequel elle \u00e9voquait son geste faisait part \u00ab d\u2019excuses sur ce passage \u00e0 l\u2019acte \u00bb, selon Patrick Leleu.<\/p>\n<p class=\"lp-card-podcast-highlighting__title  lp-f-subtitle-05\">[2\/4] L\u2019assassinat du PDG de Renault : la sanglante \u00e9pop\u00e9e du groupe Action directe<\/p>\n<p class=\"lp-card-podcast-highlighting__description lp-f-ui-05\">Crime story raconte chaque semaine les grandes affaires criminelles.<\/p>\n<p><a class=\"lp-card-podcast-highlighting__call-to-action\" data-page-type=\"HP\" data-block-name=\"podcast-highlight\">\u00c9couter<\/a>Des relations \u00ab extr\u00eamement tendues \u00bb entre les deux femmes<\/p>\n<p class=\"paragraph text_align_left lp-f-body-02\">Cindy Morvan entretenait, d\u2019apr\u00e8s le procureur adjoint de Boulogne-sur-Mer, des relations \u00ab extr\u00eamement tendues \u00bb avec la compagne actuelle de son ancien compagnon. Des diff\u00e9rends importants entre les deux femmes qui auraient pu mener \u00e0 ce \u00ab geste extr\u00eame \u00bb de l\u2019assaillante.<\/p>\n<p class=\"paragraph text_align_left lp-f-body-02\">D\u2019autres personnes, dont le compagnon de l\u2019assaillante, devraient \u00eatre entendues dans les prochains jours dans le cadre de l\u2019enqu\u00eate ouverte pour homicide volontaire, selon le parquet de Boulogne-sur-Mer.<\/p>\n<p>Qui \u00e9tait Cindy Morvan ?<\/p>\n<p class=\"paragraph text_align_left lp-f-body-02\">Cindy Morvan, 39 ans, \u00e9tait une \u00ab b\u00e9n\u00e9vole passionn\u00e9e et engag\u00e9e depuis de nombreuses ann\u00e9es \u00bb, selon la F\u00e9d\u00e9ration fran\u00e7aise de cyclisme (FFC).<\/p>\n<p class=\"paragraph text_align_left lp-f-body-02\">Elle \u00e9tait \u00e9galement ancienne championne de France sur piste en cadettes, \u00ab titulaire d\u2019un dipl\u00f4me d\u2019entra\u00eeneur \u00bb et \u00ab particuli\u00e8rement investie dans le d\u00e9veloppement du cyclisme f\u00e9minin \u00bb dans sa r\u00e9gion.<\/p>\n<p class=\"paragraph text_align_left lp-f-body-02\">Elle \u00e9tait m\u00e8re de deux enfants, mineurs, Erwan et Elyan.<\/p>\n<p>Une onde de choc dans le cyclisme fran\u00e7ais<\/p>\n<p class=\"paragraph text_align_left lp-f-body-02\">Pour Myriam Pr\u00e9tot, en charge du cyclisme f\u00e9minin \u00e0 la FFC, Cindy Morvan \u00ab incarnait les valeurs de notre r\u00e9seau : engagement, g\u00e9n\u00e9rosit\u00e9, et \u00e9nergie communicative \u00bb. Elle laisse \u00ab une empreinte pr\u00e9cieuse dans l\u2019histoire de la promotion du cyclisme f\u00e9minin \u00bb, a-t-elle aussi r\u00e9agi samedi sur Facebook.<\/p>\n<p class=\"paragraph text_align_left lp-f-body-02\">\u00ab Cindy \u00e9tait une personne d\u00e9vou\u00e9e et passionn\u00e9e \u00bb et \u00ab sa pr\u00e9sence chaleureuse et son \u00e9nergie vont terriblement nous manquer \u00bb, a aussi comment\u00e9 l\u2019Union v\u00e9lo club (UVC) de Calais, dont elle \u00e9tait responsable de l\u2019\u00e9cole de v\u00e9lo depuis un an.<\/p>\n<p class=\"paragraph text_align_left lp-f-body-02\">Cindy Morvan \u00ab incarnait l\u2019engagement et la transmission \u00bb, a \u00e9galement salu\u00e9 la maire de Calais Natacha Bouchart (LR) sur Facebook. \u00ab Je ne peux ni comprendre, ni accepter qu\u2019un tel drame puisse se produire \u00bb, a ajout\u00e9 l\u2019\u00e9lue, \u00e9voquant une \u00ab violence que rien ne peut excuser \u00bb.<\/p>\n<blockquote cite=\\\"https:\/\/www.facebook.com\/uvccalaisoff\/?locale=fr_FR\\\" class=\\\"fb-xfbml-parse-ignore\\\"><p><a href=\\\"https:\/\/www.facebook.com\/uvccalaisoff\/?locale=fr_FR\\\">UVC Calais<\/a><\/p><\/blockquote>\n<p>\u00ab\u00a0,\u00a0\u00bbtype\u00a0\u00bb:\u00a0\u00bbfacebook-page\u00a0\u00bb,\u00a0\u00bbversion\u00a0\u00bb:\u00a0\u00bb1.0&Prime;,\u00a0\u00bbwidth\u00a0\u00bb:340,\u00a0\u00bb_id\u00a0\u00bb:\u00a0\u00bbhttps:\/\/www.facebook.com\/uvccalaisoff\/?locale=fr_FR\u00a0\u00bb,\u00a0\u00bblocale\u00a0\u00bb:\u00a0\u00bbfr_FR\u00a0\u00bb},\u00a0\u00bbreferent\u00a0\u00bb:{\u00ab\u00a0id\u00a0\u00bb:\u00a0\u00bbhttps:\/\/www.facebook.com\/uvccalaisoff\/?locale=fr_FR\u00a0\u00bb,\u00a0\u00bbprovider\u00a0\u00bb:\u00a0\u00bbhttps:\/\/graph.facebook.com\/v8.0\/oembed_page?url=\u00a0\u00bb,\u00a0\u00bbreferent_properties\u00a0\u00bb:{\u00ab\u00a0locale\u00a0\u00bb:\u00a0\u00bbfr_FR\u00a0\u00bb},\u00a0\u00bbservice\u00a0\u00bb:\u00a0\u00bboembed\u00a0\u00bb,\u00a0\u00bbtype\u00a0\u00bb:\u00a0\u00bbfacebook-page\u00a0\u00bb},\u00a0\u00bbcredits\u00a0\u00bb:{\u00ab\u00a0by\u00a0\u00bb:[]}},{\u00ab\u00a0_id\u00a0\u00bb:\u00a0\u00bbO76KUPMJNRELHD2PKSUXN4SVYE\u00a0\u00bb,\u00a0\u00bbadditional_properties\u00a0\u00bb:{},\u00a0\u00bbcontent\u00a0\u00bb:\u00a0\u00bbCindy Morvan \u00ab incarnait l\u2019engagement et la transmission \u00bb, a \u00e9galement salu\u00e9 la maire de Calais Natacha Bouchart (LR) sur Facebook. \u00ab Je ne peux ni comprendre, ni accepter qu\u2019un tel drame puisse se produire \u00bb, a ajout\u00e9 l\u2019\u00e9lue, \u00e9voquant une \u00ab violence que rien ne peut excuser \u00bb.\u00a0\u00bb,\u00a0\u00bbtype\u00a0\u00bb:\u00a0\u00bbtext\u00a0\u00bb,\u00a0\u00bbcredits\u00a0\u00bb:{\u00ab\u00a0by\u00a0\u00bb:[]}}],\u00a0\u00bbcontent_restrictions\u00a0\u00bb:{\u00ab\u00a0content_code\u00a0\u00bb:\u00a0\u00bbmetered\u00a0\u00bb},\u00a0\u00bbcreated_date\u00a0\u00bb:\u00a0\u00bb2025-11-03T06:33:53.53Z\u00a0\u00bb,\u00a0\u00bbcredits\u00a0\u00bb:{\u00ab\u00a0by\u00a0\u00bb:[{\u00ab\u00a0_id\u00a0\u00bb:\u00a0\u00bbLe Parisien avec AFP\u00a0\u00bb,\u00a0\u00bbtype\u00a0\u00bb:\u00a0\u00bbauthor\u00a0\u00bb,\u00a0\u00bbversion\u00a0\u00bb:\u00a0\u00bb0.5.8&Prime;,\u00a0\u00bbname\u00a0\u00bb:\u00a0\u00bbLe Parisien avec AFP\u00a0\u00bb,\u00a0\u00bbslug\u00a0\u00bb:\u00a0\u00bb\u00a0\u00bb,\u00a0\u00bbsocial_links\u00a0\u00bb:[{\u00ab\u00a0site\u00a0\u00bb:\u00a0\u00bbemail\u00a0\u00bb,\u00a0\u00bburl\u00a0\u00bb:\u00a0\u00bbredacweb@leparisien.fr\u00a0\u00bb}],\u00a0\u00bbsocialLinks\u00a0\u00bb:[{\u00ab\u00a0site\u00a0\u00bb:\u00a0\u00bbemail\u00a0\u00bb,\u00a0\u00bburl\u00a0\u00bb:\u00a0\u00bbredacweb@leparisien.fr\u00a0\u00bb,\u00a0\u00bbdeprecated\u00a0\u00bb:true,\u00a0\u00bbdeprecation_msg\u00a0\u00bb:\u00a0\u00bbPlease use social_links.\u00a0\u00bb}],\u00a0\u00bbadditional_properties\u00a0\u00bb:{\u00ab\u00a0original\u00a0\u00bb:{\u00ab\u00a0_id\u00a0\u00bb:\u00a0\u00bbLe Parisien avec AFP\u00a0\u00bb,\u00a0\u00bbbyline\u00a0\u00bb:\u00a0\u00bbLe Parisien avec AFP\u00a0\u00bb,\u00a0\u00bbfirstName\u00a0\u00bb:\u00a0\u00bbLe Parisien\u00a0\u00bb,\u00a0\u00bblastName\u00a0\u00bb:\u00a0\u00bbavec AFP\u00a0\u00bb,\u00a0\u00bbemail\u00a0\u00bb:\u00a0\u00bbredacweb@leparisien.fr\u00a0\u00bb,\u00a0\u00bbslug\u00a0\u00bb:\u00a0\u00bb\u00a0\u00bb,\u00a0\u00bblongBio\u00a0\u00bb:\u00a0\u00bb\u00a0\u00bb,\u00a0\u00bbbooks\u00a0\u00bb:[],\u00a0\u00bbpodcasts\u00a0\u00bb:[],\u00a0\u00bbeducation\u00a0\u00bb:[],\u00a0\u00bbawards\u00a0\u00bb:[],\u00a0\u00bblast_updated_date\u00a0\u00bb:\u00a0\u00bb2024-12-10T16:24:41.409Z\u00a0\u00bb}},\u00a0\u00bbdisplay_name\u00a0\u00bb:\u00a0\u00bbLe Parisien avec AFP\u00a0\u00bb}]},\u00a0\u00bbdescription\u00a0\u00bb:{\u00ab\u00a0basic\u00a0\u00bb:\u00a0\u00bb\u00a0\u00bb},\u00a0\u00bbdisplay_date\u00a0\u00bb:\u00a0\u00bb2025-11-03T08:24:43Z\u00a0\u00bb,\u00a0\u00bbdistributor\u00a0\u00bb:{\u00ab\u00a0category\u00a0\u00bb:\u00a0\u00bbstaff\u00a0\u00bb,\u00a0\u00bbmode\u00a0\u00bb:\u00a0\u00bbcustom\u00a0\u00bb,\u00a0\u00bbname\u00a0\u00bb:\u00a0\u00bbleparisien\u00a0\u00bb,\u00a0\u00bbsubcategory\u00a0\u00bb:\u00a0\u00bb\u00a0\u00bb},\u00a0\u00bbfirst_publish_date\u00a0\u00bb:\u00a0\u00bb2025-11-03T08:24:43Z\u00a0\u00bb,\u00a0\u00bbheadlines\u00a0\u00bb:{\u00ab\u00a0basic\u00a0\u00bb:\u00a0\u00bbCe que l\u2019on sait sur la mort de Cindy Morvan, tu\u00e9e \u00e0 Calais par la compagne de son ex-conjoint\u00a0\u00bb,\u00a0\u00bbmeta_title\u00a0\u00bb:\u00a0\u00bb\u00a0\u00bb,\u00a0\u00bbmobile\u00a0\u00bb:\u00a0\u00bb\u00a0\u00bb,\u00a0\u00bbnative\u00a0\u00bb:\u00a0\u00bb\u00a0\u00bb,\u00a0\u00bbprint\u00a0\u00bb:\u00a0\u00bbCe que l\u2019on sait sur la mort de Cindy Morvan, tu\u00e9e par la compagne de son ex-conjoint\u00a0\u00bb,\u00a0\u00bbtablet\u00a0\u00bb:\u00a0\u00bb\u00a0\u00bb,\u00a0\u00bbweb\u00a0\u00bb:\u00a0\u00bb\u00a0\u00bb},\u00a0\u00bblabel\u00a0\u00bb:{},\u00a0\u00bblast_updated_date\u00a0\u00bb:\u00a0\u00bb2025-11-03T08:24:43.864Z\u00a0\u00bb,\u00a0\u00bbowner\u00a0\u00bb:{\u00ab\u00a0id\u00a0\u00bb:\u00a0\u00bbleparisien\u00a0\u00bb,\u00a0\u00bbsponsored\u00a0\u00bb:false},\u00a0\u00bbpromo_items\u00a0\u00bb:{\u00ab\u00a0basic\u00a0\u00bb:{\u00ab\u00a0_id\u00a0\u00bb:\u00a0\u00bbEV3X5VIWHVEBJGALHL33BRB6R4&Prime;,\u00a0\u00bbadditional_properties\u00a0\u00bb:{\u00ab\u00a0fullSizeResizeUrl\u00a0\u00bb:\u00a0\u00bb\/resizer\/v2\/EV3X5VIWHVEBJGALHL33BRB6R4.jpg?auth=4481daafd08890d0fefc067b34bfdb532315c43a2d7223c4915c3cb2ad1f34cd\u00a0\u00bb,\u00a0\u00bbgalleries\u00a0\u00bb:[],\u00a0\u00bbingestionMethod\u00a0\u00bb:\u00a0\u00bbmanual\u00a0\u00bb,\u00a0\u00bbkeywords\u00a0\u00bb:[\u00ab\u00a0cindy morvan\u00a0\u00bb],\u00a0\u00bbmime_type\u00a0\u00bb:\u00a0\u00bbimage\/jpeg\u00a0\u00bb,\u00a0\u00bboriginalName\u00a0\u00bb:\u00a0\u00bb571762985_1164122885850902_6586828449429102315_n.jpg\u00a0\u00bb,\u00a0\u00bboriginalUrl\u00a0\u00bb:\u00a0\u00bbhttps:\/\/cloudfront-eu-central-1.images.arcpublishing.com\/leparisien\/EV3X5VIWHVEBJGALHL33BRB6R4.jpg\u00a0\u00bb,\u00a0\u00bbproxyUrl\u00a0\u00bb:\u00a0\u00bb\/resizer\/v2\/EV3X5VIWHVEBJGALHL33BRB6R4.jpg?auth=4481daafd08890d0fefc067b34bfdb532315c43a2d7223c4915c3cb2ad1f34cd\u00a0\u00bb,\u00a0\u00bbpublished\u00a0\u00bb:true,\u00a0\u00bbresizeUrl\u00a0\u00bb:\u00a0\u00bb\/resizer\/v2\/EV3X5VIWHVEBJGALHL33BRB6R4.jpg?auth=4481daafd08890d0fefc067b34bfdb532315c43a2d7223c4915c3cb2ad1f34cd\u00a0\u00bb,\u00a0\u00bbrestricted\u00a0\u00bb:false,\u00a0\u00bbthumbnailResizeUrl\u00a0\u00bb:\u00a0\u00bb\/resizer\/v2\/EV3X5VIWHVEBJGALHL33BRB6R4.jpg?auth=4481daafd08890d0fefc067b34bfdb532315c43a2d7223c4915c3cb2ad1f34cd&#038;width=300&Prime;,\u00a0\u00bbversion\u00a0\u00bb:1,\u00a0\u00bbtemplate_id\u00a0\u00bb:68,\u00a0\u00bbfocal_point\u00a0\u00bb:{\u00ab\u00a0max\u00a0\u00bb:[736,531],\u00a0\u00bbmin\u00a0\u00bb:[736,531]}},\u00a0\u00bbaddress\u00a0\u00bb:{},\u00a0\u00bbauth\u00a0\u00bb:{\u00ab\u00a01&Prime;:\u00a0\u00bb4481daafd08890d0fefc067b34bfdb532315c43a2d7223c4915c3cb2ad1f34cd\u00a0\u00bb},\u00a0\u00bbcaption\u00a0\u00bb:\u00a0\u00bbCindy Morvan, m\u00e8re de deux enfants, est d\u00e9c\u00e9d\u00e9e \u00e0 l&rsquo;\u00e2ge de 39 ans. Facebook UVC Calais\u00a0\u00bb,\u00a0\u00bbcreated_date\u00a0\u00bb:\u00a0\u00bb2025-11-03T08:18:17Z\u00a0\u00bb,\u00a0\u00bbcredits\u00a0\u00bb:{\u00ab\u00a0affiliation\u00a0\u00bb:[],\u00a0\u00bbby\u00a0\u00bb:[]},\u00a0\u00bbheight\u00a0\u00bb:1400,\u00a0\u00bbimage_type\u00a0\u00bb:\u00a0\u00bbphotograph\u00a0\u00bb,\u00a0\u00bblast_updated_date\u00a0\u00bb:\u00a0\u00bb2025-11-03T08:24:43Z\u00a0\u00bb,\u00a0\u00bblicensable\u00a0\u00bb:false,\u00a0\u00bbowner\u00a0\u00bb:{\u00ab\u00a0id\u00a0\u00bb:\u00a0\u00bbleparisien\u00a0\u00bb,\u00a0\u00bbsponsored\u00a0\u00bb:false},\u00a0\u00bbsource\u00a0\u00bb:{\u00ab\u00a0additional_properties\u00a0\u00bb:{\u00ab\u00a0editor\u00a0\u00bb:\u00a0\u00bbphoto center\u00a0\u00bb},\u00a0\u00bbedit_url\u00a0\u00bb:\u00a0\u00bb\u00a0\u00bb,\u00a0\u00bbsystem\u00a0\u00bb:\u00a0\u00bbphoto center\u00a0\u00bb},\u00a0\u00bbstatus\u00a0\u00bb:\u00a0\u00bb\u00a0\u00bb,\u00a0\u00bbsubtitle\u00a0\u00bb:\u00a0\u00bb\u00a0\u00bb,\u00a0\u00bbtaxonomy\u00a0\u00bb:{\u00ab\u00a0associated_tasks\u00a0\u00bb:[]},\u00a0\u00bbtype\u00a0\u00bb:\u00a0\u00bbimage\u00a0\u00bb,\u00a0\u00bburl\u00a0\u00bb:\u00a0\u00bbhttps:\/\/cloudfront-eu-central-1.images.arcpublishing.com\/leparisien\/EV3X5VIWHVEBJGALHL33BRB6R4.jpg\u00a0\u00bb,\u00a0\u00bbversion\u00a0\u00bb:\u00a0\u00bb0.10.9&Prime;,\u00a0\u00bbwidth\u00a0\u00bb:1399,\u00a0\u00bbsyndication\u00a0\u00bb:{\u00ab\u00a0external_distribution\u00a0\u00bb:false,\u00a0\u00bbsearch\u00a0\u00bb:false},\u00a0\u00bbfocal_point\u00a0\u00bb:{\u00ab\u00a0x\u00a0\u00bb:736,\u00a0\u00bby\u00a0\u00bb:531}}},\u00a0\u00bbpublish_date\u00a0\u00bb:\u00a0\u00bb2025-11-03T08:24:43Z\u00a0\u00bb,\u00a0\u00bbrelated_content\u00a0\u00bb:{\u00ab\u00a0basic\u00a0\u00bb:[]},\u00a0\u00bbsource\u00a0\u00bb:{\u00ab\u00a0name\u00a0\u00bb:\u00a0\u00bbleparisien\u00a0\u00bb,\u00a0\u00bbsource_type\u00a0\u00bb:\u00a0\u00bbstaff\u00a0\u00bb,\u00a0\u00bbsystem\u00a0\u00bb:\u00a0\u00bbcomposer\u00a0\u00bb},\u00a0\u00bbsubheadlines\u00a0\u00bb:{\u00ab\u00a0basic\u00a0\u00bb:\u00a0\u00bbLe monde fran\u00e7ais du v\u00e9lo pleure Cindy Morvan, une cycliste qui avait \u00e9t\u00e9 championne de France sur piste, tu\u00e9e par arme \u00e0 feu par la compagne de son ex-conjoint.\u00a0\u00bb},\u00a0\u00bbsubtype\u00a0\u00bb:\u00a0\u00bbART:\u00a0\u00bb,\u00a0\u00bbtaxonomy\u00a0\u00bb:{\u00ab\u00a0primary_section\u00a0\u00bb:{\u00ab\u00a0_id\u00a0\u00bb:\u00a0\u00bb\/faits-divers\u00a0\u00bb,\u00a0\u00bb_website\u00a0\u00bb:\u00a0\u00bbleparisien\u00a0\u00bb,\u00a0\u00bbtype\u00a0\u00bb:\u00a0\u00bbsection\u00a0\u00bb,\u00a0\u00bbversion\u00a0\u00bb:\u00a0\u00bb0.6.0&Prime;,\u00a0\u00bbname\u00a0\u00bb:\u00a0\u00bbFaits divers\u00a0\u00bb,\u00a0\u00bbdescription\u00a0\u00bb:\u00a0\u00bbSuivez toute l&rsquo;actualit\u00e9 des faits divers \u00e0 Paris et en France en direct avec leParisien.fr : enqu\u00eates, interviews, vid\u00e9os et infos exclusives sur les meutres, vols\u2026\u00a0\u00bb,\u00a0\u00bbpath\u00a0\u00bb:\u00a0\u00bb\/faits-divers\u00a0\u00bb,\u00a0\u00bbparent_id\u00a0\u00bb:\u00a0\u00bbhttps:\/\/www.leparisien.fr\/\u00a0\u00bb,\u00a0\u00bbparent\u00a0\u00bb:{\u00ab\u00a0default\u00a0\u00bb:\u00a0\u00bbhttps:\/\/www.leparisien.fr\/\u00a0\u00bb},\u00a0\u00bbadditional_properties\u00a0\u00bb:{\u00ab\u00a0original\u00a0\u00bb:{\u00ab\u00a0_id\u00a0\u00bb:\u00a0\u00bb\/faits-divers\u00a0\u00bb,\u00a0\u00bb_website\u00a0\u00bb:\u00a0\u00bbleparisien\u00a0\u00bb,\u00a0\u00bbname\u00a0\u00bb:\u00a0\u00bbFaits divers\u00a0\u00bb,\u00a0\u00bbinactive\u00a0\u00bb:false,\u00a0\u00bbancestors\u00a0\u00bb:{\u00ab\u00a0burger-menu\u00a0\u00bb:[\u00ab\u00a0https:\/\/www.leparisien.fr\/\u00a0\u00bb],\u00a0\u00bbfooter\u00a0\u00bb:[\u00ab\u00a0https:\/\/www.leparisien.fr\/\u00a0\u00bb],\u00a0\u00bbnavbar\u00a0\u00bb:[\u00ab\u00a0https:\/\/www.leparisien.fr\/\u00a0\u00bb],\u00a0\u00bbWebsked-plans\u00a0\u00bb:[\u00ab\u00a0https:\/\/www.leparisien.fr\/\u00a0\u00bb],\u00a0\u00bbmosaic_app\u00a0\u00bb:[\u00ab\u00a0https:\/\/www.leparisien.fr\/\u00a0\u00bb],\u00a0\u00bbburger-menu-etudiant\u00a0\u00bb:[],\u00a0\u00bbnav\u00a0\u00bb:[\u00ab\u00a0https:\/\/www.leparisien.fr\/\u00a0\u00bb],\u00a0\u00bbmenu\u00a0\u00bb:[\u00ab\u00a0https:\/\/www.leparisien.fr\/\u00a0\u00bb],\u00a0\u00bbsub-nav\u00a0\u00bb:[\u00ab\u00a0https:\/\/www.leparisien.fr\/\u00a0\u00bb],\u00a0\u00bbmobile-menu-sections-list\u00a0\u00bb:[\u00ab\u00a0https:\/\/www.leparisien.fr\/\u00a0\u00bb],\u00a0\u00bbdefault\u00a0\u00bb:[\u00ab\u00a0https:\/\/www.leparisien.fr\/\u00a0\u00bb],\u00a0\u00bbsurfooter\u00a0\u00bb:[\u00ab\u00a0https:\/\/www.leparisien.fr\/\u00a0\u00bb]},\u00a0\u00bbparent\u00a0\u00bb:{\u00ab\u00a0default\u00a0\u00bb:\u00a0\u00bbhttps:\/\/www.leparisien.fr\/\u00a0\u00bb,\u00a0\u00bbburger-menu\u00a0\u00bb:\u00a0\u00bbhttps:\/\/www.leparisien.fr\/\u00a0\u00bb,\u00a0\u00bbfooter\u00a0\u00bb:\u00a0\u00bbhttps:\/\/www.leparisien.fr\/\u00a0\u00bb,\u00a0\u00bbnavbar\u00a0\u00bb:\u00a0\u00bbhttps:\/\/www.leparisien.fr\/\u00a0\u00bb,\u00a0\u00bbsub-nav\u00a0\u00bb:\u00a0\u00bbhttps:\/\/www.leparisien.fr\/\u00a0\u00bb,\u00a0\u00bbWebsked-plans\u00a0\u00bb:\u00a0\u00bbhttps:\/\/www.leparisien.fr\/\u00a0\u00bb,\u00a0\u00bbmosaic_app\u00a0\u00bb:\u00a0\u00bbhttps:\/\/www.leparisien.fr\/\u00a0\u00bb,\u00a0\u00bbburger-menu-etudiant\u00a0\u00bb:null,\u00a0\u00bbnav\u00a0\u00bb:\u00a0\u00bbhttps:\/\/www.leparisien.fr\/\u00a0\u00bb,\u00a0\u00bbmenu\u00a0\u00bb:\u00a0\u00bbhttps:\/\/www.leparisien.fr\/\u00a0\u00bb,\u00a0\u00bbMaillage_SEO_Surfooter\u00a0\u00bb:\u00a0\u00bbhttps:\/\/www.leparisien.fr\/\u00a0\u00bb,\u00a0\u00bbmobile-menu-sections-list\u00a0\u00bb:\u00a0\u00bbhttps:\/\/www.leparisien.fr\/\u00a0\u00bb,\u00a0\u00bbsurfooter\u00a0\u00bb:\u00a0\u00bbhttps:\/\/www.leparisien.fr\/\u00a0\u00bb},\u00a0\u00bborder\u00a0\u00bb:{\u00ab\u00a0burger-menu\u00a0\u00bb:1002,\u00a0\u00bbnavbar\u00a0\u00bb:1004,\u00a0\u00bbsub-nav\u00a0\u00bb:1008,\u00a0\u00bbWebsked-plans\u00a0\u00bb:1007,\u00a0\u00bbmosaic_app\u00a0\u00bb:1001,\u00a0\u00bbdefault\u00a0\u00bb:1066,\u00a0\u00bbnav\u00a0\u00bb:1004,\u00a0\u00bbmenu\u00a0\u00bb:1004,\u00a0\u00bbMaillage_SEO_Surfooter\u00a0\u00bb:1063,\u00a0\u00bbfooter\u00a0\u00bb:1013,\u00a0\u00bbmobile-menu-sections-list\u00a0\u00bb:1001,\u00a0\u00bbsurfooter\u00a0\u00bb:1013},\u00a0\u00bbGoogle Analytics\u00a0\u00bb:{\u00ab\u00a0ga_name_level_1&Prime;:\u00a0\u00bbfaits-divers\u00a0\u00bb,\u00a0\u00bbga_name_level_2&Prime;:null,\u00a0\u00bbga_name_level_3&Prime;:null},\u00a0\u00bbMobile\u00a0\u00bb:{\u00ab\u00a0background_color_section\u00a0\u00bb:\u00a0\u00bb#4F6069&Prime;,\u00a0\u00bbbackground_image_section\u00a0\u00bb:\u00a0\u00bbhttps:\/\/assets.leparisien.fr\/mobile\/images\/explorer\/faits_divers.png\u00a0\u00bb},\u00a0\u00bbNewsletter\u00a0\u00bb:{\u00ab\u00a0newsletter_color\u00a0\u00bb:\u00a0\u00bb#7779A6&Prime;,\u00a0\u00bbnewsletter_image\u00a0\u00bb:\u00a0\u00bbnewsletter-faits-divers-logo.png\u00a0\u00bb,\u00a0\u00bbnewsletter_label\u00a0\u00bb:\u00a0\u00bbEnqu\u00eate en cours\u00a0\u00bb,\u00a0\u00bbnewsletter_name\u00a0\u00bb:\u00a0\u00bbEnqu\u00eate en cours\u00a0\u00bb,\u00a0\u00bbnewsletter_optin\u00a0\u00bb:\u00a0\u00bboptin_thematique_faits_divers\u00a0\u00bb,\u00a0\u00bbnewsletter_slug\u00a0\u00bb:\u00a0\u00bbfaits-divers\u00a0\u00bb,\u00a0\u00bbnewsletter_title\u00a0\u00bb:\u00a0\u00bbUne plong\u00e9e dans l\u2019actualit\u00e9 des faits divers, pour \u00e9clairer la face sombre de notre \u00e9poque\u00a0\u00bb},\u00a0\u00bbSponsor\u00a0\u00bb:{\u00ab\u00a0collection_id_for_pinned_content\u00a0\u00bb:\u00a0\u00bbZ5HL7A52HBDMPKNIFEGG3Q667I\u00a0\u00bb},\u00a0\u00bb_admin\u00a0\u00bb:{\u00ab\u00a0alias_ids\u00a0\u00bb:[]},\u00a0\u00bbheader\u00a0\u00bb:{\u00ab\u00a0title_logo_only\u00a0\u00bb:\u00a0\u00bbfalse\u00a0\u00bb},\u00a0\u00bbsite\u00a0\u00bb:{\u00ab\u00a0section_show_videos\u00a0\u00bb:\u00a0\u00bbtrue\u00a0\u00bb,\u00a0\u00bbsite_description\u00a0\u00bb:\u00a0\u00bbSuivez toute l&rsquo;actualit\u00e9 des faits divers \u00e0 Paris et en France en direct avec leParisien.fr : enqu\u00eates, interviews, vid\u00e9os et infos exclusives sur les meutres, vols\u2026\u00a0\u00bb,\u00a0\u00bbsite_title\u00a0\u00bb:\u00a0\u00bbFaits Divers : Toute l&rsquo;actualit\u00e9 des faits divers &#8211; Le Parisien\u00a0\u00bb},\u00a0\u00bbstory_list\u00a0\u00bb:{\u00ab\u00a0story_list_content\u00a0\u00bb:{}},\u00a0\u00bbnode_type\u00a0\u00bb:\u00a0\u00bbsection\u00a0\u00bb}}},\u00a0\u00bbprimary_site\u00a0\u00bb:{\u00ab\u00a0_id\u00a0\u00bb:\u00a0\u00bb\/faits-divers\u00a0\u00bb,\u00a0\u00bbtype\u00a0\u00bb:\u00a0\u00bbsite\u00a0\u00bb,\u00a0\u00bbversion\u00a0\u00bb:\u00a0\u00bb0.5.8&Prime;,\u00a0\u00bbname\u00a0\u00bb:\u00a0\u00bbFaits divers\u00a0\u00bb,\u00a0\u00bbdescription\u00a0\u00bb:\u00a0\u00bbSuivez toute l&rsquo;actualit\u00e9 des faits divers \u00e0 Paris et en France en direct avec leParisien.fr : enqu\u00eates, interviews, vid\u00e9os et infos exclusives sur les meutres, vols\u2026\u00a0\u00bb,\u00a0\u00bbpath\u00a0\u00bb:\u00a0\u00bb\/faits-divers\u00a0\u00bb,\u00a0\u00bbparent_id\u00a0\u00bb:\u00a0\u00bbhttps:\/\/www.leparisien.fr\/\u00a0\u00bb,\u00a0\u00bbadditional_properties\u00a0\u00bb:{\u00ab\u00a0original\u00a0\u00bb:{\u00ab\u00a0_id\u00a0\u00bb:\u00a0\u00bb\/faits-divers\u00a0\u00bb,\u00a0\u00bbname\u00a0\u00bb:\u00a0\u00bbFaits divers\u00a0\u00bb,\u00a0\u00bbinactive\u00a0\u00bb:false,\u00a0\u00bbancestors\u00a0\u00bb:{\u00ab\u00a0burger-menu\u00a0\u00bb:[\u00ab\u00a0https:\/\/www.leparisien.fr\/\u00a0\u00bb],\u00a0\u00bbfooter\u00a0\u00bb:[\u00ab\u00a0https:\/\/www.leparisien.fr\/\u00a0\u00bb],\u00a0\u00bbnavbar\u00a0\u00bb:[\u00ab\u00a0https:\/\/www.leparisien.fr\/\u00a0\u00bb],\u00a0\u00bbWebsked-plans\u00a0\u00bb:[\u00ab\u00a0https:\/\/www.leparisien.fr\/\u00a0\u00bb],\u00a0\u00bbmosaic_app\u00a0\u00bb:[\u00ab\u00a0https:\/\/www.leparisien.fr\/\u00a0\u00bb],\u00a0\u00bbburger-menu-etudiant\u00a0\u00bb:[],\u00a0\u00bbnav\u00a0\u00bb:[\u00ab\u00a0https:\/\/www.leparisien.fr\/\u00a0\u00bb],\u00a0\u00bbmenu\u00a0\u00bb:[\u00ab\u00a0https:\/\/www.leparisien.fr\/\u00a0\u00bb],\u00a0\u00bbsub-nav\u00a0\u00bb:[\u00ab\u00a0https:\/\/www.leparisien.fr\/\u00a0\u00bb],\u00a0\u00bbmobile-menu-sections-list\u00a0\u00bb:[\u00ab\u00a0https:\/\/www.leparisien.fr\/\u00a0\u00bb],\u00a0\u00bbdefault\u00a0\u00bb:[\u00ab\u00a0https:\/\/www.leparisien.fr\/\u00a0\u00bb],\u00a0\u00bbsurfooter\u00a0\u00bb:[\u00ab\u00a0https:\/\/www.leparisien.fr\/\u00a0\u00bb]},\u00a0\u00bbparent\u00a0\u00bb:{\u00ab\u00a0default\u00a0\u00bb:\u00a0\u00bbhttps:\/\/www.leparisien.fr\/\u00a0\u00bb,\u00a0\u00bbburger-menu\u00a0\u00bb:\u00a0\u00bbhttps:\/\/www.leparisien.fr\/\u00a0\u00bb,\u00a0\u00bbfooter\u00a0\u00bb:\u00a0\u00bbhttps:\/\/www.leparisien.fr\/\u00a0\u00bb,\u00a0\u00bbnavbar\u00a0\u00bb:\u00a0\u00bbhttps:\/\/www.leparisien.fr\/\u00a0\u00bb,\u00a0\u00bbsub-nav\u00a0\u00bb:\u00a0\u00bbhttps:\/\/www.leparisien.fr\/\u00a0\u00bb,\u00a0\u00bbWebsked-plans\u00a0\u00bb:\u00a0\u00bbhttps:\/\/www.leparisien.fr\/\u00a0\u00bb,\u00a0\u00bbmosaic_app\u00a0\u00bb:\u00a0\u00bbhttps:\/\/www.leparisien.fr\/\u00a0\u00bb,\u00a0\u00bbburger-menu-etudiant\u00a0\u00bb:null,\u00a0\u00bbnav\u00a0\u00bb:\u00a0\u00bbhttps:\/\/www.leparisien.fr\/\u00a0\u00bb,\u00a0\u00bbmenu\u00a0\u00bb:\u00a0\u00bbhttps:\/\/www.leparisien.fr\/\u00a0\u00bb,\u00a0\u00bbMaillage_SEO_Surfooter\u00a0\u00bb:\u00a0\u00bbhttps:\/\/www.leparisien.fr\/\u00a0\u00bb,\u00a0\u00bbmobile-menu-sections-list\u00a0\u00bb:\u00a0\u00bbhttps:\/\/www.leparisien.fr\/\u00a0\u00bb,\u00a0\u00bbsurfooter\u00a0\u00bb:\u00a0\u00bbhttps:\/\/www.leparisien.fr\/\u00a0\u00bb},\u00a0\u00bborder\u00a0\u00bb:{\u00ab\u00a0burger-menu\u00a0\u00bb:1002,\u00a0\u00bbnavbar\u00a0\u00bb:1004,\u00a0\u00bbsub-nav\u00a0\u00bb:1008,\u00a0\u00bbWebsked-plans\u00a0\u00bb:1007,\u00a0\u00bbmosaic_app\u00a0\u00bb:1001,\u00a0\u00bbdefault\u00a0\u00bb:1066,\u00a0\u00bbnav\u00a0\u00bb:1004,\u00a0\u00bbmenu\u00a0\u00bb:1004,\u00a0\u00bbMaillage_SEO_Surfooter\u00a0\u00bb:1063,\u00a0\u00bbfooter\u00a0\u00bb:1013,\u00a0\u00bbmobile-menu-sections-list\u00a0\u00bb:1001,\u00a0\u00bbsurfooter\u00a0\u00bb:1013},\u00a0\u00bbGoogle Analytics\u00a0\u00bb:{\u00ab\u00a0ga_name_level_1&Prime;:\u00a0\u00bbfaits-divers\u00a0\u00bb,\u00a0\u00bbga_name_level_2&Prime;:null,\u00a0\u00bbga_name_level_3&Prime;:null},\u00a0\u00bbMobile\u00a0\u00bb:{\u00ab\u00a0background_color_section\u00a0\u00bb:\u00a0\u00bb#4F6069&Prime;,\u00a0\u00bbbackground_image_section\u00a0\u00bb:\u00a0\u00bbhttps:\/\/assets.leparisien.fr\/mobile\/images\/explorer\/faits_divers.png\u00a0\u00bb},\u00a0\u00bbNewsletter\u00a0\u00bb:{\u00ab\u00a0newsletter_color\u00a0\u00bb:\u00a0\u00bb#7779A6&Prime;,\u00a0\u00bbnewsletter_image\u00a0\u00bb:\u00a0\u00bbnewsletter-faits-divers-logo.png\u00a0\u00bb,\u00a0\u00bbnewsletter_label\u00a0\u00bb:\u00a0\u00bbEnqu\u00eate en cours\u00a0\u00bb,\u00a0\u00bbnewsletter_name\u00a0\u00bb:\u00a0\u00bbEnqu\u00eate en cours\u00a0\u00bb,\u00a0\u00bbnewsletter_optin\u00a0\u00bb:\u00a0\u00bboptin_thematique_faits_divers\u00a0\u00bb,\u00a0\u00bbnewsletter_slug\u00a0\u00bb:\u00a0\u00bbfaits-divers\u00a0\u00bb,\u00a0\u00bbnewsletter_title\u00a0\u00bb:\u00a0\u00bbUne plong\u00e9e dans l\u2019actualit\u00e9 des faits divers, pour \u00e9clairer la face sombre de notre \u00e9poque\u00a0\u00bb},\u00a0\u00bbSponsor\u00a0\u00bb:{\u00ab\u00a0collection_id_for_pinned_content\u00a0\u00bb:\u00a0\u00bbZ5HL7A52HBDMPKNIFEGG3Q667I\u00a0\u00bb},\u00a0\u00bb_admin\u00a0\u00bb:{\u00ab\u00a0alias_ids\u00a0\u00bb:[]},\u00a0\u00bbheader\u00a0\u00bb:{\u00ab\u00a0title_logo_only\u00a0\u00bb:\u00a0\u00bbfalse\u00a0\u00bb},\u00a0\u00bbsite\u00a0\u00bb:{\u00ab\u00a0section_show_videos\u00a0\u00bb:\u00a0\u00bbtrue\u00a0\u00bb,\u00a0\u00bbsite_description\u00a0\u00bb:\u00a0\u00bbSuivez toute l&rsquo;actualit\u00e9 des faits divers \u00e0 Paris et en France en direct avec leParisien.fr : enqu\u00eates, interviews, vid\u00e9os et infos exclusives sur les meutres, vols\u2026\u00a0\u00bb,\u00a0\u00bbsite_title\u00a0\u00bb:\u00a0\u00bbFaits Divers : Toute l&rsquo;actualit\u00e9 des faits divers &#8211; Le Parisien\u00a0\u00bb},\u00a0\u00bbstory_list\u00a0\u00bb:{\u00ab\u00a0story_list_content\u00a0\u00bb:{}},\u00a0\u00bbnode_type\u00a0\u00bb:\u00a0\u00bbsection\u00a0\u00bb}}},\u00a0\u00bbsections\u00a0\u00bb:[{\u00ab\u00a0_id\u00a0\u00bb:\u00a0\u00bb\/faits-divers\u00a0\u00bb,\u00a0\u00bb_website\u00a0\u00bb:\u00a0\u00bbleparisien\u00a0\u00bb,\u00a0\u00bbtype\u00a0\u00bb:\u00a0\u00bbsection\u00a0\u00bb,\u00a0\u00bbversion\u00a0\u00bb:\u00a0\u00bb0.6.0&Prime;,\u00a0\u00bbname\u00a0\u00bb:\u00a0\u00bbFaits divers\u00a0\u00bb,\u00a0\u00bbdescription\u00a0\u00bb:\u00a0\u00bbSuivez toute l&rsquo;actualit\u00e9 des faits divers \u00e0 Paris et en France en direct avec leParisien.fr : enqu\u00eates, interviews, vid\u00e9os et infos exclusives sur les meutres, vols\u2026\u00a0\u00bb,\u00a0\u00bbpath\u00a0\u00bb:\u00a0\u00bb\/faits-divers\u00a0\u00bb,\u00a0\u00bbparent_id\u00a0\u00bb:\u00a0\u00bbhttps:\/\/www.leparisien.fr\/\u00a0\u00bb,\u00a0\u00bbparent\u00a0\u00bb:{\u00ab\u00a0default\u00a0\u00bb:\u00a0\u00bbhttps:\/\/www.leparisien.fr\/\u00a0\u00bb},\u00a0\u00bbadditional_properties\u00a0\u00bb:{\u00ab\u00a0original\u00a0\u00bb:{\u00ab\u00a0_id\u00a0\u00bb:\u00a0\u00bb\/faits-divers\u00a0\u00bb,\u00a0\u00bb_website\u00a0\u00bb:\u00a0\u00bbleparisien\u00a0\u00bb,\u00a0\u00bbname\u00a0\u00bb:\u00a0\u00bbFaits divers\u00a0\u00bb,\u00a0\u00bbinactive\u00a0\u00bb:false,\u00a0\u00bbancestors\u00a0\u00bb:{\u00ab\u00a0burger-menu\u00a0\u00bb:[\u00ab\u00a0https:\/\/www.leparisien.fr\/\u00a0\u00bb],\u00a0\u00bbfooter\u00a0\u00bb:[\u00ab\u00a0https:\/\/www.leparisien.fr\/\u00a0\u00bb],\u00a0\u00bbnavbar\u00a0\u00bb:[\u00ab\u00a0https:\/\/www.leparisien.fr\/\u00a0\u00bb],\u00a0\u00bbWebsked-plans\u00a0\u00bb:[\u00ab\u00a0https:\/\/www.leparisien.fr\/\u00a0\u00bb],\u00a0\u00bbmosaic_app\u00a0\u00bb:[\u00ab\u00a0https:\/\/www.leparisien.fr\/\u00a0\u00bb],\u00a0\u00bbburger-menu-etudiant\u00a0\u00bb:[],\u00a0\u00bbnav\u00a0\u00bb:[\u00ab\u00a0https:\/\/www.leparisien.fr\/\u00a0\u00bb],\u00a0\u00bbmenu\u00a0\u00bb:[\u00ab\u00a0https:\/\/www.leparisien.fr\/\u00a0\u00bb],\u00a0\u00bbsub-nav\u00a0\u00bb:[\u00ab\u00a0https:\/\/www.leparisien.fr\/\u00a0\u00bb],\u00a0\u00bbmobile-menu-sections-list\u00a0\u00bb:[\u00ab\u00a0https:\/\/www.leparisien.fr\/\u00a0\u00bb],\u00a0\u00bbdefault\u00a0\u00bb:[\u00ab\u00a0https:\/\/www.leparisien.fr\/\u00a0\u00bb],\u00a0\u00bbsurfooter\u00a0\u00bb:[\u00ab\u00a0https:\/\/www.leparisien.fr\/\u00a0\u00bb]},\u00a0\u00bbparent\u00a0\u00bb:{\u00ab\u00a0default\u00a0\u00bb:\u00a0\u00bbhttps:\/\/www.leparisien.fr\/\u00a0\u00bb,\u00a0\u00bbburger-menu\u00a0\u00bb:\u00a0\u00bbhttps:\/\/www.leparisien.fr\/\u00a0\u00bb,\u00a0\u00bbfooter\u00a0\u00bb:\u00a0\u00bbhttps:\/\/www.leparisien.fr\/\u00a0\u00bb,\u00a0\u00bbnavbar\u00a0\u00bb:\u00a0\u00bbhttps:\/\/www.leparisien.fr\/\u00a0\u00bb,\u00a0\u00bbsub-nav\u00a0\u00bb:\u00a0\u00bbhttps:\/\/www.leparisien.fr\/\u00a0\u00bb,\u00a0\u00bbWebsked-plans\u00a0\u00bb:\u00a0\u00bbhttps:\/\/www.leparisien.fr\/\u00a0\u00bb,\u00a0\u00bbmosaic_app\u00a0\u00bb:\u00a0\u00bbhttps:\/\/www.leparisien.fr\/\u00a0\u00bb,\u00a0\u00bbburger-menu-etudiant\u00a0\u00bb:null,\u00a0\u00bbnav\u00a0\u00bb:\u00a0\u00bbhttps:\/\/www.leparisien.fr\/\u00a0\u00bb,\u00a0\u00bbmenu\u00a0\u00bb:\u00a0\u00bbhttps:\/\/www.leparisien.fr\/\u00a0\u00bb,\u00a0\u00bbMaillage_SEO_Surfooter\u00a0\u00bb:\u00a0\u00bbhttps:\/\/www.leparisien.fr\/\u00a0\u00bb,\u00a0\u00bbmobile-menu-sections-list\u00a0\u00bb:\u00a0\u00bbhttps:\/\/www.leparisien.fr\/\u00a0\u00bb,\u00a0\u00bbsurfooter\u00a0\u00bb:\u00a0\u00bbhttps:\/\/www.leparisien.fr\/\u00a0\u00bb},\u00a0\u00bborder\u00a0\u00bb:{\u00ab\u00a0burger-menu\u00a0\u00bb:1002,\u00a0\u00bbnavbar\u00a0\u00bb:1004,\u00a0\u00bbsub-nav\u00a0\u00bb:1008,\u00a0\u00bbWebsked-plans\u00a0\u00bb:1007,\u00a0\u00bbmosaic_app\u00a0\u00bb:1001,\u00a0\u00bbdefault\u00a0\u00bb:1066,\u00a0\u00bbnav\u00a0\u00bb:1004,\u00a0\u00bbmenu\u00a0\u00bb:1004,\u00a0\u00bbMaillage_SEO_Surfooter\u00a0\u00bb:1063,\u00a0\u00bbfooter\u00a0\u00bb:1013,\u00a0\u00bbmobile-menu-sections-list\u00a0\u00bb:1001,\u00a0\u00bbsurfooter\u00a0\u00bb:1013},\u00a0\u00bbGoogle Analytics\u00a0\u00bb:{\u00ab\u00a0ga_name_level_1&Prime;:\u00a0\u00bbfaits-divers\u00a0\u00bb,\u00a0\u00bbga_name_level_2&Prime;:null,\u00a0\u00bbga_name_level_3&Prime;:null},\u00a0\u00bbMobile\u00a0\u00bb:{\u00ab\u00a0background_color_section\u00a0\u00bb:\u00a0\u00bb#4F6069&Prime;,\u00a0\u00bbbackground_image_section\u00a0\u00bb:\u00a0\u00bbhttps:\/\/assets.leparisien.fr\/mobile\/images\/explorer\/faits_divers.png\u00a0\u00bb},\u00a0\u00bbNewsletter\u00a0\u00bb:{\u00ab\u00a0newsletter_color\u00a0\u00bb:\u00a0\u00bb#7779A6&Prime;,\u00a0\u00bbnewsletter_image\u00a0\u00bb:\u00a0\u00bbnewsletter-faits-divers-logo.png\u00a0\u00bb,\u00a0\u00bbnewsletter_label\u00a0\u00bb:\u00a0\u00bbEnqu\u00eate en cours\u00a0\u00bb,\u00a0\u00bbnewsletter_name\u00a0\u00bb:\u00a0\u00bbEnqu\u00eate en cours\u00a0\u00bb,\u00a0\u00bbnewsletter_optin\u00a0\u00bb:\u00a0\u00bboptin_thematique_faits_divers\u00a0\u00bb,\u00a0\u00bbnewsletter_slug\u00a0\u00bb:\u00a0\u00bbfaits-divers\u00a0\u00bb,\u00a0\u00bbnewsletter_title\u00a0\u00bb:\u00a0\u00bbUne plong\u00e9e dans l\u2019actualit\u00e9 des faits divers, pour \u00e9clairer la face sombre de notre \u00e9poque\u00a0\u00bb},\u00a0\u00bbSponsor\u00a0\u00bb:{\u00ab\u00a0collection_id_for_pinned_content\u00a0\u00bb:\u00a0\u00bbZ5HL7A52HBDMPKNIFEGG3Q667I\u00a0\u00bb},\u00a0\u00bb_admin\u00a0\u00bb:{\u00ab\u00a0alias_ids\u00a0\u00bb:[]},\u00a0\u00bbheader\u00a0\u00bb:{\u00ab\u00a0title_logo_only\u00a0\u00bb:\u00a0\u00bbfalse\u00a0\u00bb},\u00a0\u00bbsite\u00a0\u00bb:{\u00ab\u00a0section_show_videos\u00a0\u00bb:\u00a0\u00bbtrue\u00a0\u00bb,\u00a0\u00bbsite_description\u00a0\u00bb:\u00a0\u00bbSuivez toute l&rsquo;actualit\u00e9 des faits divers \u00e0 Paris et en France en direct avec leParisien.fr : enqu\u00eates, interviews, vid\u00e9os et infos exclusives sur les meutres, vols\u2026\u00a0\u00bb,\u00a0\u00bbsite_title\u00a0\u00bb:\u00a0\u00bbFaits Divers : Toute l&rsquo;actualit\u00e9 des faits divers &#8211; Le Parisien\u00a0\u00bb},\u00a0\u00bbstory_list\u00a0\u00bb:{\u00ab\u00a0story_list_content\u00a0\u00bb:{}},\u00a0\u00bbnode_type\u00a0\u00bb:\u00a0\u00bbsection\u00a0\u00bb}},\u00a0\u00bb_website_section_id\u00a0\u00bb:\u00a0\u00bbleparisien.\/faits-divers\u00a0\u00bb},{\u00ab\u00a0_id\u00a0\u00bb:\u00a0\u00bb\/pas-de-calais-62&Prime;,\u00a0\u00bb_website\u00a0\u00bb:\u00a0\u00bbleparisien\u00a0\u00bb,\u00a0\u00bbtype\u00a0\u00bb:\u00a0\u00bbsection\u00a0\u00bb,\u00a0\u00bbversion\u00a0\u00bb:\u00a0\u00bb0.6.0&Prime;,\u00a0\u00bbname\u00a0\u00bb:\u00a0\u00bbPas-de-Calais\u00a0\u00bb,\u00a0\u00bbdescription\u00a0\u00bb:\u00a0\u00bbSuivez toute l&rsquo;actualit\u00e9 et les informations locales du Pas-de-Calais en direct et en vid\u00e9o sur le Parisien.fr\u00a0\u00bb,\u00a0\u00bbpath\u00a0\u00bb:\u00a0\u00bb\/pas-de-calais-62&Prime;,\u00a0\u00bbparent_id\u00a0\u00bb:\u00a0\u00bb\/en-region\u00a0\u00bb,\u00a0\u00bbparent\u00a0\u00bb:{\u00ab\u00a0default\u00a0\u00bb:\u00a0\u00bb\/en-region\u00a0\u00bb},\u00a0\u00bbadditional_properties\u00a0\u00bb:{\u00ab\u00a0original\u00a0\u00bb:{\u00ab\u00a0_id\u00a0\u00bb:\u00a0\u00bb\/pas-de-calais-62&Prime;,\u00a0\u00bbGoogle Analytics\u00a0\u00bb:{\u00ab\u00a0ga_name_level_1&Prime;:\u00a0\u00bbdepartements-horsidfo\u00a0\u00bb,\u00a0\u00bbga_name_level_2&Prime;:\u00a0\u00bbpas-de-calais-62&Prime;,\u00a0\u00bbga_name_level_3&Prime;:null},\u00a0\u00bb_admin\u00a0\u00bb:{\u00ab\u00a0alias_ids\u00a0\u00bb:[]},\u00a0\u00bbstory_list\u00a0\u00bb:{\u00ab\u00a0story_list_content\u00a0\u00bb:{}},\u00a0\u00bbsite\u00a0\u00bb:{\u00ab\u00a0site_title\u00a0\u00bb:\u00a0\u00bbActualit\u00e9s du d\u00e9partement du Pas-de-Calais (62) &#8211; Infos locales dans le Pas-de-Calais &#8211; Le Parisien\u00a0\u00bb,\u00a0\u00bbsite_description\u00a0\u00bb:\u00a0\u00bbSuivez toute l&rsquo;actualit\u00e9 et les informations locales du Pas-de-Calais en direct et en vid\u00e9o sur le Parisien.fr\u00a0\u00bb},\u00a0\u00bb_website\u00a0\u00bb:\u00a0\u00bbleparisien\u00a0\u00bb,\u00a0\u00bbname\u00a0\u00bb:\u00a0\u00bbPas-de-Calais\u00a0\u00bb,\u00a0\u00bborder\u00a0\u00bb:{\u00ab\u00a0Websked-plans\u00a0\u00bb:2062,\u00a0\u00bbdefault\u00a0\u00bb:2060,\u00a0\u00bbMaillage_SEO_Surfooter\u00a0\u00bb:2060},\u00a0\u00bbparent\u00a0\u00bb:{\u00ab\u00a0default\u00a0\u00bb:\u00a0\u00bb\/en-region\u00a0\u00bb,\u00a0\u00bbsub-nav\u00a0\u00bb:null,\u00a0\u00bbWebsked-plans\u00a0\u00bb:\u00a0\u00bb\/en-region\u00a0\u00bb,\u00a0\u00bbMaillage_SEO_Surfooter\u00a0\u00bb:\u00a0\u00bb\/en-region\u00a0\u00bb},\u00a0\u00bbancestors\u00a0\u00bb:{\u00ab\u00a0Websked-plans\u00a0\u00bb:[\u00ab\u00a0https:\/\/www.leparisien.fr\/\u00a0\u00bb,\u00a0\u00bb\/en-region\u00a0\u00bb],\u00a0\u00bbdefault\u00a0\u00bb:[\u00ab\u00a0\/en-region\u00a0\u00bb],\u00a0\u00bbMaillage_SEO_Surfooter\u00a0\u00bb:[\u00ab\u00a0\/en-region\u00a0\u00bb]},\u00a0\u00bbinactive\u00a0\u00bb:false,\u00a0\u00bbnode_type\u00a0\u00bb:\u00a0\u00bbsection\u00a0\u00bb}},\u00a0\u00bb_website_section_id\u00a0\u00bb:\u00a0\u00bbleparisien.\/pas-de-calais-62&Prime;},{\u00ab\u00a0_id\u00a0\u00bb:\u00a0\u00bb\/en-region\u00a0\u00bb,\u00a0\u00bb_website\u00a0\u00bb:\u00a0\u00bbleparisien\u00a0\u00bb,\u00a0\u00bbtype\u00a0\u00bb:\u00a0\u00bbsection\u00a0\u00bb,\u00a0\u00bbversion\u00a0\u00bb:\u00a0\u00bb0.6.0&Prime;,\u00a0\u00bbname\u00a0\u00bb:\u00a0\u00bbEn r\u00e9gion\u00a0\u00bb,\u00a0\u00bbdescription\u00a0\u00bb:\u00a0\u00bbRetrouvez toute l&rsquo;actu de votre r\u00e9gion avec Aujourd&rsquo;hui en France.\u00a0\u00bb,\u00a0\u00bbpath\u00a0\u00bb:\u00a0\u00bb\/en-region\u00a0\u00bb,\u00a0\u00bbparent_id\u00a0\u00bb:\u00a0\u00bbhttps:\/\/www.leparisien.fr\/\u00a0\u00bb,\u00a0\u00bbparent\u00a0\u00bb:{\u00ab\u00a0default\u00a0\u00bb:\u00a0\u00bbhttps:\/\/www.leparisien.fr\/\u00a0\u00bb},\u00a0\u00bbadditional_properties\u00a0\u00bb:{\u00ab\u00a0original\u00a0\u00bb:{\u00ab\u00a0_id\u00a0\u00bb:\u00a0\u00bb\/en-region\u00a0\u00bb,\u00a0\u00bb_website\u00a0\u00bb:\u00a0\u00bbleparisien\u00a0\u00bb,\u00a0\u00bbname\u00a0\u00bb:\u00a0\u00bbEn r\u00e9gion\u00a0\u00bb,\u00a0\u00bbinactive\u00a0\u00bb:false,\u00a0\u00bbancestors\u00a0\u00bb:{\u00ab\u00a0default\u00a0\u00bb:[\u00ab\u00a0https:\/\/www.leparisien.fr\/\u00a0\u00bb],\u00a0\u00bbburger-menu\u00a0\u00bb:[\u00ab\u00a0https:\/\/www.leparisien.fr\/\u00a0\u00bb],\u00a0\u00bbsub-nav\u00a0\u00bb:[\u00ab\u00a0https:\/\/www.leparisien.fr\/\u00a0\u00bb],\u00a0\u00bbWebsked-plans\u00a0\u00bb:[\u00ab\u00a0https:\/\/www.leparisien.fr\/\u00a0\u00bb],\u00a0\u00bbburger-menu-etudiant\u00a0\u00bb:[],\u00a0\u00bbmenu\u00a0\u00bb:[\u00ab\u00a0https:\/\/www.leparisien.fr\/\u00a0\u00bb],\u00a0\u00bbMaillage_SEO_Surfooter\u00a0\u00bb:[]},\u00a0\u00bbparent\u00a0\u00bb:{\u00ab\u00a0default\u00a0\u00bb:\u00a0\u00bbhttps:\/\/www.leparisien.fr\/\u00a0\u00bb,\u00a0\u00bbburger-menu\u00a0\u00bb:\u00a0\u00bbhttps:\/\/www.leparisien.fr\/\u00a0\u00bb,\u00a0\u00bbsub-nav\u00a0\u00bb:\u00a0\u00bbhttps:\/\/www.leparisien.fr\/\u00a0\u00bb,\u00a0\u00bbWebsked-plans\u00a0\u00bb:\u00a0\u00bbhttps:\/\/www.leparisien.fr\/\u00a0\u00bb,\u00a0\u00bbburger-menu-etudiant\u00a0\u00bb:null,\u00a0\u00bbmenu\u00a0\u00bb:\u00a0\u00bbhttps:\/\/www.leparisien.fr\/\u00a0\u00bb,\u00a0\u00bbMaillage_SEO_Surfooter\u00a0\u00bb:\u00a0\u00bbhttps:\/\/www.leparisien.fr\/\u00a0\u00bb},\u00a0\u00bborder\u00a0\u00bb:{\u00ab\u00a0burger-menu\u00a0\u00bb:1015,\u00a0\u00bbsub-nav\u00a0\u00bb:1009,\u00a0\u00bbWebsked-plans\u00a0\u00bb:1033,\u00a0\u00bbdefault\u00a0\u00bb:1058,\u00a0\u00bbmenu\u00a0\u00bb:1015,\u00a0\u00bbMaillage_SEO_Surfooter\u00a0\u00bb:1052},\u00a0\u00bbGoogle Analytics\u00a0\u00bb:{\u00ab\u00a0ga_name_level_1&Prime;:\u00a0\u00bbdepartements-horsidfo\u00a0\u00bb,\u00a0\u00bbga_name_level_2&Prime;:null,\u00a0\u00bbga_name_level_3&Prime;:null},\u00a0\u00bbMobile\u00a0\u00bb:{\u00ab\u00a0background_color_section\u00a0\u00bb:\u00a0\u00bb#C0C0C0&Prime;,\u00a0\u00bbbackground_image_section\u00a0\u00bb:null,\u00a0\u00bblabel\u00a0\u00bb:null,\u00a0\u00bbxtpage\u00a0\u00bb:null},\u00a0\u00bbNewsletter\u00a0\u00bb:{\u00ab\u00a0module_message\u00a0\u00bb:null,\u00a0\u00bbnewsletter_color\u00a0\u00bb:\u00a0\u00bb#1EA0E6&Prime;,\u00a0\u00bbnewsletter_image\u00a0\u00bb:\u00a0\u00bbnewsletter-essentiel-matin-logo.png\u00a0\u00bb,\u00a0\u00bbnewsletter_label\u00a0\u00bb:\u00a0\u00bbL&rsquo;essentiel du matin\u00a0\u00bb,\u00a0\u00bbnewsletter_name\u00a0\u00bb:\u00a0\u00bbL&rsquo;Essentiel de l&rsquo;actu\u00a0\u00bb,\u00a0\u00bbnewsletter_optin\u00a0\u00bb:\u00a0\u00bboptin_newsletter\u00a0\u00bb,\u00a0\u00bbnewsletter_title\u00a0\u00bb:\u00a0\u00bbUn tour de l\u2019actualit\u00e9 pour commencer la journ\u00e9e\u00a0\u00bb},\u00a0\u00bbSponsor\u00a0\u00bb:{\u00ab\u00a0collection_id_for_pinned_content\u00a0\u00bb:null,\u00a0\u00bbsponsor_logo_url\u00a0\u00bb:null,\u00a0\u00bbsponsor_message\u00a0\u00bb:null,\u00a0\u00bbsponsor_name\u00a0\u00bb:null,\u00a0\u00bbsponsor_type\u00a0\u00bb:null},\u00a0\u00bb_admin\u00a0\u00bb:{\u00ab\u00a0alias_ids\u00a0\u00bb:[\u00ab\u00a0\/en-region\u00a0\u00bb],\u00a0\u00bbcommercial_node\u00a0\u00bb:null,\u00a0\u00bbdefault_content\u00a0\u00bb:null,\u00a0\u00bbdo_not_show_on_site\u00a0\u00bb:null,\u00a0\u00bbtracking_node\u00a0\u00bb:null},\u00a0\u00bbin_the_news\u00a0\u00bb:{\u00ab\u00a0in_the_news_usebasepage\u00a0\u00bb:\u00a0\u00bb\/in-the-news-forsections\/\u00a0\u00bb,\u00a0\u00bbin_the_news_usefeature\u00a0\u00bb:null,\u00a0\u00bbin_the_news_usesectionbar\u00a0\u00bb:\u00a0\u00bbfalse\u00a0\u00bb},\u00a0\u00bbnavigation\u00a0\u00bb:{\u00ab\u00a0display_in_top_strip\u00a0\u00bb:null,\u00a0\u00bbnav_display\u00a0\u00bb:null,\u00a0\u00bbnav_title\u00a0\u00bb:null},\u00a0\u00bbsite\u00a0\u00bb:{\u00ab\u00a0amp_deactivated\u00a0\u00bb:\u00a0\u00bbfalse\u00a0\u00bb,\u00a0\u00bbis_clickable_on_menu\u00a0\u00bb:\u00a0\u00bbtrue\u00a0\u00bb,\u00a0\u00bbnative_app_rendering\u00a0\u00bb:null,\u00a0\u00bbpagebuilder_path_for_native_apps\u00a0\u00bb:null,\u00a0\u00bbpaywall_deactivated\u00a0\u00bb:\u00a0\u00bbfalse\u00a0\u00bb,\u00a0\u00bbpresentation\u00a0\u00bb:null,\u00a0\u00bbsite_about\u00a0\u00bb:null,\u00a0\u00bbsite_description\u00a0\u00bb:\u00a0\u00bbRetrouvez toute l&rsquo;actu de votre r\u00e9gion avec Aujourd&rsquo;hui en France.\u00a0\u00bb,\u00a0\u00bbsite_keywords\u00a0\u00bb:null,\u00a0\u00bbsite_tagline\u00a0\u00bb:null,\u00a0\u00bbsite_title\u00a0\u00bb:\u00a0\u00bbL&rsquo;info en r\u00e9gion &#8211; Aujourd&rsquo;hui en France &#8211; Le Parisien\u00a0\u00bb,\u00a0\u00bbsite_url\u00a0\u00bb:null},\u00a0\u00bbsocial\u00a0\u00bb:{\u00ab\u00a0archives\u00a0\u00bb:null,\u00a0\u00bbfacebook\u00a0\u00bb:null,\u00a0\u00bbrss\u00a0\u00bb:null,\u00a0\u00bbtwitter\u00a0\u00bb:null},\u00a0\u00bbstory_list\u00a0\u00bb:{\u00ab\u00a0story_list_content\u00a0\u00bb:{}},\u00a0\u00bbevent_logo_desktop_height\u00a0\u00bb:\u00a0\u00bb64&Prime;,\u00a0\u00bbevent_logo_desktop_width\u00a0\u00bb:\u00a0\u00bb204&Prime;,\u00a0\u00bbevent_logo_mobile_height\u00a0\u00bb:\u00a0\u00bb40&Prime;,\u00a0\u00bbevent_logo_mobile_width\u00a0\u00bb:\u00a0\u00bb128&Prime;,\u00a0\u00bbevent_logo_tablet_height\u00a0\u00bb:\u00a0\u00bb48&Prime;,\u00a0\u00bbevent_logo_tablet_width\u00a0\u00bb:\u00a0\u00bb153&Prime;,\u00a0\u00bbevent_logo_url\u00a0\u00bb:\u00a0\u00bbhttps:\/\/leparisien-assets-prod.s3.eu-west-1.amazonaws.com\/website\/images\/events_logo\/aujourdhui-en-france.svg\u00a0\u00bb,\u00a0\u00bbnode_type\u00a0\u00bb:\u00a0\u00bbsection\u00a0\u00bb}},\u00a0\u00bb_website_section_id\u00a0\u00bb:\u00a0\u00bbleparisien.\/en-region\u00a0\u00bb}],\u00a0\u00bbsites\u00a0\u00bb:[{\u00ab\u00a0_id\u00a0\u00bb:\u00a0\u00bb\/faits-divers\u00a0\u00bb,\u00a0\u00bbtype\u00a0\u00bb:\u00a0\u00bbsite\u00a0\u00bb,\u00a0\u00bbversion\u00a0\u00bb:\u00a0\u00bb0.5.8&Prime;,\u00a0\u00bbname\u00a0\u00bb:\u00a0\u00bbFaits divers\u00a0\u00bb,\u00a0\u00bbdescription\u00a0\u00bb:\u00a0\u00bbSuivez toute l&rsquo;actualit\u00e9 des faits divers \u00e0 Paris et en France en direct avec leParisien.fr : enqu\u00eates, interviews, vid\u00e9os et infos exclusives sur les meutres, vols\u2026\u00a0\u00bb,\u00a0\u00bbpath\u00a0\u00bb:\u00a0\u00bb\/faits-divers\u00a0\u00bb,\u00a0\u00bbparent_id\u00a0\u00bb:\u00a0\u00bbhttps:\/\/www.leparisien.fr\/\u00a0\u00bb,\u00a0\u00bbadditional_properties\u00a0\u00bb:{\u00ab\u00a0original\u00a0\u00bb:{\u00ab\u00a0_id\u00a0\u00bb:\u00a0\u00bb\/faits-divers\u00a0\u00bb,\u00a0\u00bbname\u00a0\u00bb:\u00a0\u00bbFaits divers\u00a0\u00bb,\u00a0\u00bbinactive\u00a0\u00bb:false,\u00a0\u00bbancestors\u00a0\u00bb:{\u00ab\u00a0burger-menu\u00a0\u00bb:[\u00ab\u00a0https:\/\/www.leparisien.fr\/\u00a0\u00bb],\u00a0\u00bbfooter\u00a0\u00bb:[\u00ab\u00a0https:\/\/www.leparisien.fr\/\u00a0\u00bb],\u00a0\u00bbnavbar\u00a0\u00bb:[\u00ab\u00a0https:\/\/www.leparisien.fr\/\u00a0\u00bb],\u00a0\u00bbWebsked-plans\u00a0\u00bb:[\u00ab\u00a0https:\/\/www.leparisien.fr\/\u00a0\u00bb],\u00a0\u00bbmosaic_app\u00a0\u00bb:[\u00ab\u00a0https:\/\/www.leparisien.fr\/\u00a0\u00bb],\u00a0\u00bbburger-menu-etudiant\u00a0\u00bb:[],\u00a0\u00bbnav\u00a0\u00bb:[\u00ab\u00a0https:\/\/www.leparisien.fr\/\u00a0\u00bb],\u00a0\u00bbmenu\u00a0\u00bb:[\u00ab\u00a0https:\/\/www.leparisien.fr\/\u00a0\u00bb],\u00a0\u00bbsub-nav\u00a0\u00bb:[\u00ab\u00a0https:\/\/www.leparisien.fr\/\u00a0\u00bb],\u00a0\u00bbmobile-menu-sections-list\u00a0\u00bb:[\u00ab\u00a0https:\/\/www.leparisien.fr\/\u00a0\u00bb],\u00a0\u00bbdefault\u00a0\u00bb:[\u00ab\u00a0https:\/\/www.leparisien.fr\/\u00a0\u00bb],\u00a0\u00bbsurfooter\u00a0\u00bb:[\u00ab\u00a0https:\/\/www.leparisien.fr\/\u00a0\u00bb]},\u00a0\u00bbparent\u00a0\u00bb:{\u00ab\u00a0default\u00a0\u00bb:\u00a0\u00bbhttps:\/\/www.leparisien.fr\/\u00a0\u00bb,\u00a0\u00bbburger-menu\u00a0\u00bb:\u00a0\u00bbhttps:\/\/www.leparisien.fr\/\u00a0\u00bb,\u00a0\u00bbfooter\u00a0\u00bb:\u00a0\u00bbhttps:\/\/www.leparisien.fr\/\u00a0\u00bb,\u00a0\u00bbnavbar\u00a0\u00bb:\u00a0\u00bbhttps:\/\/www.leparisien.fr\/\u00a0\u00bb,\u00a0\u00bbsub-nav\u00a0\u00bb:\u00a0\u00bbhttps:\/\/www.leparisien.fr\/\u00a0\u00bb,\u00a0\u00bbWebsked-plans\u00a0\u00bb:\u00a0\u00bbhttps:\/\/www.leparisien.fr\/\u00a0\u00bb,\u00a0\u00bbmosaic_app\u00a0\u00bb:\u00a0\u00bbhttps:\/\/www.leparisien.fr\/\u00a0\u00bb,\u00a0\u00bbburger-menu-etudiant\u00a0\u00bb:null,\u00a0\u00bbnav\u00a0\u00bb:\u00a0\u00bbhttps:\/\/www.leparisien.fr\/\u00a0\u00bb,\u00a0\u00bbmenu\u00a0\u00bb:\u00a0\u00bbhttps:\/\/www.leparisien.fr\/\u00a0\u00bb,\u00a0\u00bbMaillage_SEO_Surfooter\u00a0\u00bb:\u00a0\u00bbhttps:\/\/www.leparisien.fr\/\u00a0\u00bb,\u00a0\u00bbmobile-menu-sections-list\u00a0\u00bb:\u00a0\u00bbhttps:\/\/www.leparisien.fr\/\u00a0\u00bb,\u00a0\u00bbsurfooter\u00a0\u00bb:\u00a0\u00bbhttps:\/\/www.leparisien.fr\/\u00a0\u00bb},\u00a0\u00bborder\u00a0\u00bb:{\u00ab\u00a0burger-menu\u00a0\u00bb:1002,\u00a0\u00bbnavbar\u00a0\u00bb:1004,\u00a0\u00bbsub-nav\u00a0\u00bb:1008,\u00a0\u00bbWebsked-plans\u00a0\u00bb:1007,\u00a0\u00bbmosaic_app\u00a0\u00bb:1001,\u00a0\u00bbdefault\u00a0\u00bb:1066,\u00a0\u00bbnav\u00a0\u00bb:1004,\u00a0\u00bbmenu\u00a0\u00bb:1004,\u00a0\u00bbMaillage_SEO_Surfooter\u00a0\u00bb:1063,\u00a0\u00bbfooter\u00a0\u00bb:1013,\u00a0\u00bbmobile-menu-sections-list\u00a0\u00bb:1001,\u00a0\u00bbsurfooter\u00a0\u00bb:1013},\u00a0\u00bbGoogle Analytics\u00a0\u00bb:{\u00ab\u00a0ga_name_level_1&Prime;:\u00a0\u00bbfaits-divers\u00a0\u00bb,\u00a0\u00bbga_name_level_2&Prime;:null,\u00a0\u00bbga_name_level_3&Prime;:null},\u00a0\u00bbMobile\u00a0\u00bb:{\u00ab\u00a0background_color_section\u00a0\u00bb:\u00a0\u00bb#4F6069&Prime;,\u00a0\u00bbbackground_image_section\u00a0\u00bb:\u00a0\u00bbhttps:\/\/assets.leparisien.fr\/mobile\/images\/explorer\/faits_divers.png\u00a0\u00bb},\u00a0\u00bbNewsletter\u00a0\u00bb:{\u00ab\u00a0newsletter_color\u00a0\u00bb:\u00a0\u00bb#7779A6&Prime;,\u00a0\u00bbnewsletter_image\u00a0\u00bb:\u00a0\u00bbnewsletter-faits-divers-logo.png\u00a0\u00bb,\u00a0\u00bbnewsletter_label\u00a0\u00bb:\u00a0\u00bbEnqu\u00eate en cours\u00a0\u00bb,\u00a0\u00bbnewsletter_name\u00a0\u00bb:\u00a0\u00bbEnqu\u00eate en cours\u00a0\u00bb,\u00a0\u00bbnewsletter_optin\u00a0\u00bb:\u00a0\u00bboptin_thematique_faits_divers\u00a0\u00bb,\u00a0\u00bbnewsletter_slug\u00a0\u00bb:\u00a0\u00bbfaits-divers\u00a0\u00bb,\u00a0\u00bbnewsletter_title\u00a0\u00bb:\u00a0\u00bbUne plong\u00e9e dans l\u2019actualit\u00e9 des faits divers, pour \u00e9clairer la face sombre de notre \u00e9poque\u00a0\u00bb},\u00a0\u00bbSponsor\u00a0\u00bb:{\u00ab\u00a0collection_id_for_pinned_content\u00a0\u00bb:\u00a0\u00bbZ5HL7A52HBDMPKNIFEGG3Q667I\u00a0\u00bb},\u00a0\u00bb_admin\u00a0\u00bb:{\u00ab\u00a0alias_ids\u00a0\u00bb:[]},\u00a0\u00bbheader\u00a0\u00bb:{\u00ab\u00a0title_logo_only\u00a0\u00bb:\u00a0\u00bbfalse\u00a0\u00bb},\u00a0\u00bbsite\u00a0\u00bb:{\u00ab\u00a0section_show_videos\u00a0\u00bb:\u00a0\u00bbtrue\u00a0\u00bb,\u00a0\u00bbsite_description\u00a0\u00bb:\u00a0\u00bbSuivez toute l&rsquo;actualit\u00e9 des faits divers \u00e0 Paris et en France en direct avec leParisien.fr : enqu\u00eates, interviews, vid\u00e9os et infos exclusives sur les meutres, vols\u2026\u00a0\u00bb,\u00a0\u00bbsite_title\u00a0\u00bb:\u00a0\u00bbFaits Divers : Toute l&rsquo;actualit\u00e9 des faits divers &#8211; Le Parisien\u00a0\u00bb},\u00a0\u00bbstory_list\u00a0\u00bb:{\u00ab\u00a0story_list_content\u00a0\u00bb:{}},\u00a0\u00bbnode_type\u00a0\u00bb:\u00a0\u00bbsection\u00a0\u00bb}}},{\u00ab\u00a0_id\u00a0\u00bb:\u00a0\u00bb\/pas-de-calais-62&Prime;,\u00a0\u00bbtype\u00a0\u00bb:\u00a0\u00bbsite\u00a0\u00bb,\u00a0\u00bbversion\u00a0\u00bb:\u00a0\u00bb0.5.8&Prime;,\u00a0\u00bbname\u00a0\u00bb:\u00a0\u00bbPas-de-Calais\u00a0\u00bb,\u00a0\u00bbdescription\u00a0\u00bb:\u00a0\u00bbSuivez toute l&rsquo;actualit\u00e9 et les informations locales du Pas-de-Calais en direct et en vid\u00e9o sur le Parisien.fr\u00a0\u00bb,\u00a0\u00bbpath\u00a0\u00bb:\u00a0\u00bb\/pas-de-calais-62&Prime;,\u00a0\u00bbparent_id\u00a0\u00bb:\u00a0\u00bb\/en-region\u00a0\u00bb,\u00a0\u00bbadditional_properties\u00a0\u00bb:{\u00ab\u00a0original\u00a0\u00bb:{\u00ab\u00a0_id\u00a0\u00bb:\u00a0\u00bb\/pas-de-calais-62&Prime;,\u00a0\u00bbGoogle Analytics\u00a0\u00bb:{\u00ab\u00a0ga_name_level_1&Prime;:\u00a0\u00bbdepartements-horsidfo\u00a0\u00bb,\u00a0\u00bbga_name_level_2&Prime;:\u00a0\u00bbpas-de-calais-62&Prime;,\u00a0\u00bbga_name_level_3&Prime;:null},\u00a0\u00bb_admin\u00a0\u00bb:{\u00ab\u00a0alias_ids\u00a0\u00bb:[]},\u00a0\u00bbstory_list\u00a0\u00bb:{\u00ab\u00a0story_list_content\u00a0\u00bb:{}},\u00a0\u00bbsite\u00a0\u00bb:{\u00ab\u00a0site_title\u00a0\u00bb:\u00a0\u00bbActualit\u00e9s du d\u00e9partement du Pas-de-Calais (62) &#8211; Infos locales dans le Pas-de-Calais &#8211; Le Parisien\u00a0\u00bb,\u00a0\u00bbsite_description\u00a0\u00bb:\u00a0\u00bbSuivez toute l&rsquo;actualit\u00e9 et les informations locales du Pas-de-Calais en direct et en vid\u00e9o sur le Parisien.fr\u00a0\u00bb},\u00a0\u00bbname\u00a0\u00bb:\u00a0\u00bbPas-de-Calais\u00a0\u00bb,\u00a0\u00bborder\u00a0\u00bb:{\u00ab\u00a0Websked-plans\u00a0\u00bb:2062,\u00a0\u00bbdefault\u00a0\u00bb:2060,\u00a0\u00bbMaillage_SEO_Surfooter\u00a0\u00bb:2060},\u00a0\u00bbparent\u00a0\u00bb:{\u00ab\u00a0default\u00a0\u00bb:\u00a0\u00bb\/en-region\u00a0\u00bb,\u00a0\u00bbsub-nav\u00a0\u00bb:null,\u00a0\u00bbWebsked-plans\u00a0\u00bb:\u00a0\u00bb\/en-region\u00a0\u00bb,\u00a0\u00bbMaillage_SEO_Surfooter\u00a0\u00bb:\u00a0\u00bb\/en-region\u00a0\u00bb},\u00a0\u00bbancestors\u00a0\u00bb:{\u00ab\u00a0Websked-plans\u00a0\u00bb:[\u00ab\u00a0https:\/\/www.leparisien.fr\/\u00a0\u00bb,\u00a0\u00bb\/en-region\u00a0\u00bb],\u00a0\u00bbdefault\u00a0\u00bb:[\u00ab\u00a0\/en-region\u00a0\u00bb],\u00a0\u00bbMaillage_SEO_Surfooter\u00a0\u00bb:[\u00ab\u00a0\/en-region\u00a0\u00bb]},\u00a0\u00bbinactive\u00a0\u00bb:false,\u00a0\u00bbnode_type\u00a0\u00bb:\u00a0\u00bbsection\u00a0\u00bb}}},{\u00ab\u00a0_id\u00a0\u00bb:\u00a0\u00bb\/en-region\u00a0\u00bb,\u00a0\u00bbtype\u00a0\u00bb:\u00a0\u00bbsite\u00a0\u00bb,\u00a0\u00bbversion\u00a0\u00bb:\u00a0\u00bb0.5.8&Prime;,\u00a0\u00bbname\u00a0\u00bb:\u00a0\u00bbEn r\u00e9gion\u00a0\u00bb,\u00a0\u00bbdescription\u00a0\u00bb:\u00a0\u00bbRetrouvez toute l&rsquo;actu de votre r\u00e9gion avec Aujourd&rsquo;hui en France.\u00a0\u00bb,\u00a0\u00bbpath\u00a0\u00bb:\u00a0\u00bb\/en-region\u00a0\u00bb,\u00a0\u00bbparent_id\u00a0\u00bb:\u00a0\u00bbhttps:\/\/www.leparisien.fr\/\u00a0\u00bb,\u00a0\u00bbadditional_properties\u00a0\u00bb:{\u00ab\u00a0original\u00a0\u00bb:{\u00ab\u00a0_id\u00a0\u00bb:\u00a0\u00bb\/en-region\u00a0\u00bb,\u00a0\u00bbname\u00a0\u00bb:\u00a0\u00bbEn r\u00e9gion\u00a0\u00bb,\u00a0\u00bbinactive\u00a0\u00bb:false,\u00a0\u00bbancestors\u00a0\u00bb:{\u00ab\u00a0default\u00a0\u00bb:[\u00ab\u00a0https:\/\/www.leparisien.fr\/\u00a0\u00bb],\u00a0\u00bbburger-menu\u00a0\u00bb:[\u00ab\u00a0https:\/\/www.leparisien.fr\/\u00a0\u00bb],\u00a0\u00bbsub-nav\u00a0\u00bb:[\u00ab\u00a0https:\/\/www.leparisien.fr\/\u00a0\u00bb],\u00a0\u00bbWebsked-plans\u00a0\u00bb:[\u00ab\u00a0https:\/\/www.leparisien.fr\/\u00a0\u00bb],\u00a0\u00bbburger-menu-etudiant\u00a0\u00bb:[],\u00a0\u00bbmenu\u00a0\u00bb:[\u00ab\u00a0https:\/\/www.leparisien.fr\/\u00a0\u00bb],\u00a0\u00bbMaillage_SEO_Surfooter\u00a0\u00bb:[]},\u00a0\u00bbparent\u00a0\u00bb:{\u00ab\u00a0default\u00a0\u00bb:\u00a0\u00bbhttps:\/\/www.leparisien.fr\/\u00a0\u00bb,\u00a0\u00bbburger-menu\u00a0\u00bb:\u00a0\u00bbhttps:\/\/www.leparisien.fr\/\u00a0\u00bb,\u00a0\u00bbsub-nav\u00a0\u00bb:\u00a0\u00bbhttps:\/\/www.leparisien.fr\/\u00a0\u00bb,\u00a0\u00bbWebsked-plans\u00a0\u00bb:\u00a0\u00bbhttps:\/\/www.leparisien.fr\/\u00a0\u00bb,\u00a0\u00bbburger-menu-etudiant\u00a0\u00bb:null,\u00a0\u00bbmenu\u00a0\u00bb:\u00a0\u00bbhttps:\/\/www.leparisien.fr\/\u00a0\u00bb,\u00a0\u00bbMaillage_SEO_Surfooter\u00a0\u00bb:\u00a0\u00bbhttps:\/\/www.leparisien.fr\/\u00a0\u00bb},\u00a0\u00bborder\u00a0\u00bb:{\u00ab\u00a0burger-menu\u00a0\u00bb:1015,\u00a0\u00bbsub-nav\u00a0\u00bb:1009,\u00a0\u00bbWebsked-plans\u00a0\u00bb:1033,\u00a0\u00bbdefault\u00a0\u00bb:1058,\u00a0\u00bbmenu\u00a0\u00bb:1015,\u00a0\u00bbMaillage_SEO_Surfooter\u00a0\u00bb:1052},\u00a0\u00bbGoogle Analytics\u00a0\u00bb:{\u00ab\u00a0ga_name_level_1&Prime;:\u00a0\u00bbdepartements-horsidfo\u00a0\u00bb,\u00a0\u00bbga_name_level_2&Prime;:null,\u00a0\u00bbga_name_level_3&Prime;:null},\u00a0\u00bbMobile\u00a0\u00bb:{\u00ab\u00a0background_color_section\u00a0\u00bb:\u00a0\u00bb#C0C0C0&Prime;,\u00a0\u00bbbackground_image_section\u00a0\u00bb:null,\u00a0\u00bblabel\u00a0\u00bb:null,\u00a0\u00bbxtpage\u00a0\u00bb:null},\u00a0\u00bbNewsletter\u00a0\u00bb:{\u00ab\u00a0module_message\u00a0\u00bb:null,\u00a0\u00bbnewsletter_color\u00a0\u00bb:\u00a0\u00bb#1EA0E6&Prime;,\u00a0\u00bbnewsletter_image\u00a0\u00bb:\u00a0\u00bbnewsletter-essentiel-matin-logo.png\u00a0\u00bb,\u00a0\u00bbnewsletter_label\u00a0\u00bb:\u00a0\u00bbL&rsquo;essentiel du matin\u00a0\u00bb,\u00a0\u00bbnewsletter_name\u00a0\u00bb:\u00a0\u00bbL&rsquo;Essentiel de l&rsquo;actu\u00a0\u00bb,\u00a0\u00bbnewsletter_optin\u00a0\u00bb:\u00a0\u00bboptin_newsletter\u00a0\u00bb,\u00a0\u00bbnewsletter_title\u00a0\u00bb:\u00a0\u00bbUn tour de l\u2019actualit\u00e9 pour commencer la journ\u00e9e\u00a0\u00bb},\u00a0\u00bbSponsor\u00a0\u00bb:{\u00ab\u00a0collection_id_for_pinned_content\u00a0\u00bb:null,\u00a0\u00bbsponsor_logo_url\u00a0\u00bb:null,\u00a0\u00bbsponsor_message\u00a0\u00bb:null,\u00a0\u00bbsponsor_name\u00a0\u00bb:null,\u00a0\u00bbsponsor_type\u00a0\u00bb:null},\u00a0\u00bb_admin\u00a0\u00bb:{\u00ab\u00a0alias_ids\u00a0\u00bb:[\u00ab\u00a0\/en-region\u00a0\u00bb],\u00a0\u00bbcommercial_node\u00a0\u00bb:null,\u00a0\u00bbdefault_content\u00a0\u00bb:null,\u00a0\u00bbdo_not_show_on_site\u00a0\u00bb:null,\u00a0\u00bbtracking_node\u00a0\u00bb:null},\u00a0\u00bbin_the_news\u00a0\u00bb:{\u00ab\u00a0in_the_news_usebasepage\u00a0\u00bb:\u00a0\u00bb\/in-the-news-forsections\/\u00a0\u00bb,\u00a0\u00bbin_the_news_usefeature\u00a0\u00bb:null,\u00a0\u00bbin_the_news_usesectionbar\u00a0\u00bb:\u00a0\u00bbfalse\u00a0\u00bb},\u00a0\u00bbnavigation\u00a0\u00bb:{\u00ab\u00a0display_in_top_strip\u00a0\u00bb:null,\u00a0\u00bbnav_display\u00a0\u00bb:null,\u00a0\u00bbnav_title\u00a0\u00bb:null},\u00a0\u00bbsite\u00a0\u00bb:{\u00ab\u00a0amp_deactivated\u00a0\u00bb:\u00a0\u00bbfalse\u00a0\u00bb,\u00a0\u00bbis_clickable_on_menu\u00a0\u00bb:\u00a0\u00bbtrue\u00a0\u00bb,\u00a0\u00bbnative_app_rendering\u00a0\u00bb:null,\u00a0\u00bbpagebuilder_path_for_native_apps\u00a0\u00bb:null,\u00a0\u00bbpaywall_deactivated\u00a0\u00bb:\u00a0\u00bbfalse\u00a0\u00bb,\u00a0\u00bbpresentation\u00a0\u00bb:null,\u00a0\u00bbsite_about\u00a0\u00bb:null,\u00a0\u00bbsite_description\u00a0\u00bb:\u00a0\u00bbRetrouvez toute l&rsquo;actu de votre r\u00e9gion avec Aujourd&rsquo;hui en France.\u00a0\u00bb,\u00a0\u00bbsite_keywords\u00a0\u00bb:null,\u00a0\u00bbsite_tagline\u00a0\u00bb:null,\u00a0\u00bbsite_title\u00a0\u00bb:\u00a0\u00bbL&rsquo;info en r\u00e9gion &#8211; Aujourd&rsquo;hui en France &#8211; Le Parisien\u00a0\u00bb,\u00a0\u00bbsite_url\u00a0\u00bb:null},\u00a0\u00bbsocial\u00a0\u00bb:{\u00ab\u00a0archives\u00a0\u00bb:null,\u00a0\u00bbfacebook\u00a0\u00bb:null,\u00a0\u00bbrss\u00a0\u00bb:null,\u00a0\u00bbtwitter\u00a0\u00bb:null},\u00a0\u00bbstory_list\u00a0\u00bb:{\u00ab\u00a0story_list_content\u00a0\u00bb:{}},\u00a0\u00bbevent_logo_desktop_height\u00a0\u00bb:\u00a0\u00bb64&Prime;,\u00a0\u00bbevent_logo_desktop_width\u00a0\u00bb:\u00a0\u00bb204&Prime;,\u00a0\u00bbevent_logo_mobile_height\u00a0\u00bb:\u00a0\u00bb40&Prime;,\u00a0\u00bbevent_logo_mobile_width\u00a0\u00bb:\u00a0\u00bb128&Prime;,\u00a0\u00bbevent_logo_tablet_height\u00a0\u00bb:\u00a0\u00bb48&Prime;,\u00a0\u00bbevent_logo_tablet_width\u00a0\u00bb:\u00a0\u00bb153&Prime;,\u00a0\u00bbevent_logo_url\u00a0\u00bb:\u00a0\u00bbhttps:\/\/leparisien-assets-prod.s3.eu-west-1.amazonaws.com\/website\/images\/events_logo\/aujourdhui-en-france.svg\u00a0\u00bb,\u00a0\u00bbnode_type\u00a0\u00bb:\u00a0\u00bbsection\u00a0\u00bb}}}],\u00a0\u00bbkeywords\u00a0\u00bb:[]},\u00a0\u00bbtype\u00a0\u00bb:\u00a0\u00bbstory\u00a0\u00bb,\u00a0\u00bbwebsites\u00a0\u00bb:{\u00ab\u00a0leparisien\u00a0\u00bb:{\u00ab\u00a0website_section\u00a0\u00bb:{\u00ab\u00a0_id\u00a0\u00bb:\u00a0\u00bb\/faits-divers\u00a0\u00bb,\u00a0\u00bb_website\u00a0\u00bb:\u00a0\u00bbleparisien\u00a0\u00bb,\u00a0\u00bbtype\u00a0\u00bb:\u00a0\u00bbsection\u00a0\u00bb,\u00a0\u00bbversion\u00a0\u00bb:\u00a0\u00bb0.6.0&Prime;,\u00a0\u00bbname\u00a0\u00bb:\u00a0\u00bbFaits divers\u00a0\u00bb,\u00a0\u00bbdescription\u00a0\u00bb:\u00a0\u00bbSuivez toute l&rsquo;actualit\u00e9 des faits divers \u00e0 Paris et en France en direct avec leParisien.fr : enqu\u00eates, interviews, vid\u00e9os et infos exclusives sur les meutres, vols\u2026\u00a0\u00bb,\u00a0\u00bbpath\u00a0\u00bb:\u00a0\u00bb\/faits-divers\u00a0\u00bb,\u00a0\u00bbparent_id\u00a0\u00bb:\u00a0\u00bbhttps:\/\/www.leparisien.fr\/\u00a0\u00bb,\u00a0\u00bbparent\u00a0\u00bb:{\u00ab\u00a0default\u00a0\u00bb:\u00a0\u00bbhttps:\/\/www.leparisien.fr\/\u00a0\u00bb},\u00a0\u00bbadditional_properties\u00a0\u00bb:{\u00ab\u00a0original\u00a0\u00bb:{\u00ab\u00a0_id\u00a0\u00bb:\u00a0\u00bb\/faits-divers\u00a0\u00bb,\u00a0\u00bb_website\u00a0\u00bb:\u00a0\u00bbleparisien\u00a0\u00bb,\u00a0\u00bbname\u00a0\u00bb:\u00a0\u00bbFaits divers\u00a0\u00bb,\u00a0\u00bbinactive\u00a0\u00bb:false,\u00a0\u00bbancestors\u00a0\u00bb:{\u00ab\u00a0burger-menu\u00a0\u00bb:[\u00ab\u00a0https:\/\/www.leparisien.fr\/\u00a0\u00bb],\u00a0\u00bbfooter\u00a0\u00bb:[\u00ab\u00a0https:\/\/www.leparisien.fr\/\u00a0\u00bb],\u00a0\u00bbnavbar\u00a0\u00bb:[\u00ab\u00a0https:\/\/www.leparisien.fr\/\u00a0\u00bb],\u00a0\u00bbWebsked-plans\u00a0\u00bb:[\u00ab\u00a0https:\/\/www.leparisien.fr\/\u00a0\u00bb],\u00a0\u00bbmosaic_app\u00a0\u00bb:[\u00ab\u00a0https:\/\/www.leparisien.fr\/\u00a0\u00bb],\u00a0\u00bbburger-menu-etudiant\u00a0\u00bb:[],\u00a0\u00bbnav\u00a0\u00bb:[\u00ab\u00a0https:\/\/www.leparisien.fr\/\u00a0\u00bb],\u00a0\u00bbmenu\u00a0\u00bb:[\u00ab\u00a0https:\/\/www.leparisien.fr\/\u00a0\u00bb],\u00a0\u00bbsub-nav\u00a0\u00bb:[\u00ab\u00a0https:\/\/www.leparisien.fr\/\u00a0\u00bb],\u00a0\u00bbmobile-menu-sections-list\u00a0\u00bb:[\u00ab\u00a0https:\/\/www.leparisien.fr\/\u00a0\u00bb],\u00a0\u00bbdefault\u00a0\u00bb:[\u00ab\u00a0https:\/\/www.leparisien.fr\/\u00a0\u00bb],\u00a0\u00bbsurfooter\u00a0\u00bb:[\u00ab\u00a0https:\/\/www.leparisien.fr\/\u00a0\u00bb]},\u00a0\u00bbparent\u00a0\u00bb:{\u00ab\u00a0default\u00a0\u00bb:\u00a0\u00bbhttps:\/\/www.leparisien.fr\/\u00a0\u00bb,\u00a0\u00bbburger-menu\u00a0\u00bb:\u00a0\u00bbhttps:\/\/www.leparisien.fr\/\u00a0\u00bb,\u00a0\u00bbfooter\u00a0\u00bb:\u00a0\u00bbhttps:\/\/www.leparisien.fr\/\u00a0\u00bb,\u00a0\u00bbnavbar\u00a0\u00bb:\u00a0\u00bbhttps:\/\/www.leparisien.fr\/\u00a0\u00bb,\u00a0\u00bbsub-nav\u00a0\u00bb:\u00a0\u00bbhttps:\/\/www.leparisien.fr\/\u00a0\u00bb,\u00a0\u00bbWebsked-plans\u00a0\u00bb:\u00a0\u00bbhttps:\/\/www.leparisien.fr\/\u00a0\u00bb,\u00a0\u00bbmosaic_app\u00a0\u00bb:\u00a0\u00bbhttps:\/\/www.leparisien.fr\/\u00a0\u00bb,\u00a0\u00bbburger-menu-etudiant\u00a0\u00bb:null,\u00a0\u00bbnav\u00a0\u00bb:\u00a0\u00bbhttps:\/\/www.leparisien.fr\/\u00a0\u00bb,\u00a0\u00bbmenu\u00a0\u00bb:\u00a0\u00bbhttps:\/\/www.leparisien.fr\/\u00a0\u00bb,\u00a0\u00bbMaillage_SEO_Surfooter\u00a0\u00bb:\u00a0\u00bbhttps:\/\/www.leparisien.fr\/\u00a0\u00bb,\u00a0\u00bbmobile-menu-sections-list\u00a0\u00bb:\u00a0\u00bbhttps:\/\/www.leparisien.fr\/\u00a0\u00bb,\u00a0\u00bbsurfooter\u00a0\u00bb:\u00a0\u00bbhttps:\/\/www.leparisien.fr\/\u00a0\u00bb},\u00a0\u00bborder\u00a0\u00bb:{\u00ab\u00a0burger-menu\u00a0\u00bb:1002,\u00a0\u00bbnavbar\u00a0\u00bb:1004,\u00a0\u00bbsub-nav\u00a0\u00bb:1008,\u00a0\u00bbWebsked-plans\u00a0\u00bb:1007,\u00a0\u00bbmosaic_app\u00a0\u00bb:1001,\u00a0\u00bbdefault\u00a0\u00bb:1066,\u00a0\u00bbnav\u00a0\u00bb:1004,\u00a0\u00bbmenu\u00a0\u00bb:1004,\u00a0\u00bbMaillage_SEO_Surfooter\u00a0\u00bb:1063,\u00a0\u00bbfooter\u00a0\u00bb:1013,\u00a0\u00bbmobile-menu-sections-list\u00a0\u00bb:1001,\u00a0\u00bbsurfooter\u00a0\u00bb:1013},\u00a0\u00bbGoogle Analytics\u00a0\u00bb:{\u00ab\u00a0ga_name_level_1&Prime;:\u00a0\u00bbfaits-divers\u00a0\u00bb,\u00a0\u00bbga_name_level_2&Prime;:null,\u00a0\u00bbga_name_level_3&Prime;:null},\u00a0\u00bbMobile\u00a0\u00bb:{\u00ab\u00a0background_color_section\u00a0\u00bb:\u00a0\u00bb#4F6069&Prime;,\u00a0\u00bbbackground_image_section\u00a0\u00bb:\u00a0\u00bbhttps:\/\/assets.leparisien.fr\/mobile\/images\/explorer\/faits_divers.png\u00a0\u00bb},\u00a0\u00bbNewsletter\u00a0\u00bb:{\u00ab\u00a0newsletter_color\u00a0\u00bb:\u00a0\u00bb#7779A6&Prime;,\u00a0\u00bbnewsletter_image\u00a0\u00bb:\u00a0\u00bbnewsletter-faits-divers-logo.png\u00a0\u00bb,\u00a0\u00bbnewsletter_label\u00a0\u00bb:\u00a0\u00bbEnqu\u00eate en cours\u00a0\u00bb,\u00a0\u00bbnewsletter_name\u00a0\u00bb:\u00a0\u00bbEnqu\u00eate en cours\u00a0\u00bb,\u00a0\u00bbnewsletter_optin\u00a0\u00bb:\u00a0\u00bboptin_thematique_faits_divers\u00a0\u00bb,\u00a0\u00bbnewsletter_slug\u00a0\u00bb:\u00a0\u00bbfaits-divers\u00a0\u00bb,\u00a0\u00bbnewsletter_title\u00a0\u00bb:\u00a0\u00bbUne plong\u00e9e dans l\u2019actualit\u00e9 des faits divers, pour \u00e9clairer la face sombre de notre \u00e9poque\u00a0\u00bb},\u00a0\u00bbSponsor\u00a0\u00bb:{\u00ab\u00a0collection_id_for_pinned_content\u00a0\u00bb:\u00a0\u00bbZ5HL7A52HBDMPKNIFEGG3Q667I\u00a0\u00bb},\u00a0\u00bb_admin\u00a0\u00bb:{\u00ab\u00a0alias_ids\u00a0\u00bb:[]},\u00a0\u00bbheader\u00a0\u00bb:{\u00ab\u00a0title_logo_only\u00a0\u00bb:\u00a0\u00bbfalse\u00a0\u00bb},\u00a0\u00bbsite\u00a0\u00bb:{\u00ab\u00a0section_show_videos\u00a0\u00bb:\u00a0\u00bbtrue\u00a0\u00bb,\u00a0\u00bbsite_description\u00a0\u00bb:\u00a0\u00bbSuivez toute l&rsquo;actualit\u00e9 des faits divers \u00e0 Paris et en France en direct avec leParisien.fr : enqu\u00eates, interviews, vid\u00e9os et infos exclusives sur les meutres, vols\u2026\u00a0\u00bb,\u00a0\u00bbsite_title\u00a0\u00bb:\u00a0\u00bbFaits Divers : Toute l&rsquo;actualit\u00e9 des faits divers &#8211; Le Parisien\u00a0\u00bb},\u00a0\u00bbstory_list\u00a0\u00bb:{\u00ab\u00a0story_list_content\u00a0\u00bb:{}},\u00a0\u00bbnode_type\u00a0\u00bb:\u00a0\u00bbsection\u00a0\u00bb}},\u00a0\u00bb_website_section_id\u00a0\u00bb:\u00a0\u00bbleparisien.\/faits-divers\u00a0\u00bb},\u00a0\u00bbwebsite_url\u00a0\u00bb:\u00a0\u00bb\/faits-divers\/ce-que-lon-sait-sur-la-mort-de-cindy-morvan-tuee-a-calais-par-la-compagne-de-son-ex-conjoint-03-11-2025-Z2WVXLN36JGRVFWLAYJT3BQTGE.php\u00a0\u00bb}},\u00a0\u00bbcanonical_url\u00a0\u00bb:\u00a0\u00bb\/faits-divers\/ce-que-lon-sait-sur-la-mort-de-cindy-morvan-tuee-a-calais-par-la-compagne-de-son-ex-conjoint-03-11-2025-Z2WVXLN36JGRVFWLAYJT3BQTGE.php\u00a0\u00bb,\u00a0\u00bbwebsite\u00a0\u00bb:\u00a0\u00bbleparisien\u00a0\u00bb,\u00a0\u00bbwebsite_url\u00a0\u00bb:\u00a0\u00bb\/faits-divers\/ce-que-lon-sait-sur-la-mort-de-cindy-morvan-tuee-a-calais-par-la-compagne-de-son-ex-conjoint-03-11-2025-Z2WVXLN36JGRVFWLAYJT3BQTGE.php\u00a0\u00bb,\u00a0\u00bbuserStatus\u00a0\u00bb:\u00a0\u00bbunknown\u00a0\u00bb,\u00a0\u00bbarticleTemplate\u00a0\u00bb:\u00a0\u00bbarticle\u00a0\u00bb,\u00a0\u00bbaudioUrl\u00a0\u00bb:\u00a0\u00bbhttps:\/\/audio.leparisien.fr\/Z2WVXLN36JGRVFWLAYJT3BQTGE.mp3&Prime;};Fusion.globalContentConfig={\u00ab\u00a0source\u00a0\u00bb:\u00a0\u00bbstory-card\u00a0\u00bb,\u00a0\u00bbquery\u00a0\u00bb:{\u00ab\u00a0uri\u00a0\u00bb:\u00a0\u00bb\/faits-divers\/ce-que-lon-sait-sur-la-mort-de-cindy-morvan-tuee-a-calais-par-la-compagne-de-son-ex-conjoint-03-11-2025-Z2WVXLN36JGRVFWLAYJT3BQTGE.php\u00a0\u00bb,\u00a0\u00bbwebsite\u00a0\u00bb:\u00a0\u00bbleparisien\u00a0\u00bb,\u00a0\u00bburl\u00a0\u00bb:\u00a0\u00bb\/faits-divers\/ce-que-lon-sait-sur-la-mort-de-cindy-morvan-tuee-a-calais-par-la-compagne-de-son-ex-conjoint-03-11-2025-Z2WVXLN36JGRVFWLAYJT3BQTGE.php\u00a0\u00bb,\u00a0\u00bbvariant\u00a0\u00bb:\u00a0\u00bb0&Prime;,\u00a0\u00bbarc-site\u00a0\u00bb:\u00a0\u00bbleparisien\u00a0\u00bb}};Fusion.lastModified=1762161890093;Fusion.contentCache={\u00ab\u00a0customization\u00a0\u00bb:{\u00ab\u00a0{\\\u00a0\u00bbtype\\\u00a0\u00bb:\\\u00a0\u00bbmea-article\\\u00a0\u00bb}\u00a0\u00bb:{\u00ab\u00a0data\u00a0\u00bb:[{\u00ab\u00a0name\u00a0\u00bb:\u00a0\u00bbPopularit\u00e9 des pr\u00e9noms depuis 1900 &#8211; dataviz\u00a0\u00bb,\u00a0\u00bbtargetedDevices\u00a0\u00bb:\u00a0\u00bbweb-mobile\u00a0\u00bb,\u00a0\u00bbtargetedSections\u00a0\u00bb:[\u00ab\u00a0\/societe\u00a0\u00bb],\u00a0\u00bbtargetedUserStatus\u00a0\u00bb:[\u00ab\u00a0unknown\u00a0\u00bb,\u00a0\u00bblogged\u00a0\u00bb,\u00a0\u00bbsubscribed\u00a0\u00bb],\u00a0\u00bbdisplayOnSectionPages\u00a0\u00bb:true,\u00a0\u00bbisMeaArticleActivated\u00a0\u00bb:true,\u00a0\u00bbendDate\u00a0\u00bb:\u00a0\u00bb2025-07-09T23:00:00.000Z\u00a0\u00bb,\u00a0\u00bbisArticlePremium\u00a0\u00bb:false,\u00a0\u00bbdisplayOnPremiumArticles\u00a0\u00bb:true,\u00a0\u00bbpriority\u00a0\u00bb:1,\u00a0\u00bbtitle\u00a0\u00bb:\u00a0\u00bbD\u00e9couvrez si votre pr\u00e9nom est populaire gr\u00e2ce \u00e0 notre moteur de recherche\u00a0\u00bb,\u00a0\u00bburl\u00a0\u00bb:\u00a0\u00bbhttps:\/\/www.leparisien.fr\/societe\/votre-prenom-est-il-tendance-ou-en-voie-de-disparition-verifiez-le-grace-a-notre-moteur-de-recherche-09-07-2025-2GOIP6MX7BEIZK72P43S6N2USI.php\u00a0\u00bb,\u00a0\u00bbstartDate\u00a0\u00bb:\u00a0\u00bb2025-07-09T15:25:00.000Z\u00a0\u00bb}],\u00a0\u00bbexpires\u00a0\u00bb:1762162064643,\u00a0\u00bblastModified\u00a0\u00bb:1762161764535},\u00a0\u00bb{\\\u00a0\u00bbtype\\\u00a0\u00bb:\\\u00a0\u00bbpopin\\\u00a0\u00bb}\u00a0\u00bb:{\u00ab\u00a0data\u00a0\u00bb:[{\u00ab\u00a0popinCampaign\u00a0\u00bb:\u00a0\u00bbPromo_80-ans\u00a0\u00bb,\u00a0\u00bbtargetedDevices\u00a0\u00bb:\u00a0\u00bbweb-mobile\u00a0\u00bb,\u00a0\u00bbtargetedSections\u00a0\u00bb:[\u00ab\u00a0\/val-de-marne-94&Prime;,\u00a0\u00bb\/val-d-oise-95&Prime;,\u00a0\u00bb\/seine-et-marne-77&Prime;,\u00a0\u00bb\/faits-divers\u00a0\u00bb,\u00a0\u00bb\/voyage\u00a0\u00bb,\u00a0\u00bb\/politique\u00a0\u00bb,\u00a0\u00bb\/podcasts\u00a0\u00bb,\u00a0\u00bb\/environnement\u00a0\u00bb,\u00a0\u00bb\/international\u00a0\u00bb,\u00a0\u00bb\/paris-75&Prime;,\u00a0\u00bb\/yvelines-78&Prime;,\u00a0\u00bb\/essonne-91&Prime;,\u00a0\u00bb\/jo-paris-2024&Prime;,\u00a0\u00bb\/jo-paralympiques-paris-2024&Prime;,\u00a0\u00bb\/seine-saint-denis-93&Prime;,\u00a0\u00bb\/meteo\u00a0\u00bb,\u00a0\u00bb\/oise-60&Prime;,\u00a0\u00bb\/animaux\u00a0\u00bb,\u00a0\u00bb\/automobile\u00a0\u00bb,\u00a0\u00bb\/bien-manger\u00a0\u00bb,\u00a0\u00bb\/societe\u00a0\u00bb,\u00a0\u00bb\/sports\u00a0\u00bb,\u00a0\u00bb\/sports\/hippisme\u00a0\u00bb,\u00a0\u00bb\/elections\u00a0\u00bb,\u00a0\u00bb\/info-paris-ile-de-france-oise\u00a0\u00bb,\u00a0\u00bb\/intime\u00a0\u00bb,\u00a0\u00bb\/culture-loisirs\u00a0\u00bb],\u00a0\u00bbtargetedUserStatus\u00a0\u00bb:[\u00ab\u00a0unknown\u00a0\u00bb,\u00a0\u00bblogged\u00a0\u00bb,\u00a0\u00bbsubscribed\u00a0\u00bb],\u00a0\u00bbcappingFrequencyTime\u00a0\u00bb:86400000,\u00a0\u00bbdisplayOnPremiumArticles\u00a0\u00bb:true,\u00a0\u00bbdisplayOnHomePage\u00a0\u00bb:true,\u00a0\u00bbtitle\u00a0\u00bb:\u00a0\u00bbLe Parisien f\u00eate ses 80 ans !\u00a0\u00bb,\u00a0\u00bbpriority\u00a0\u00bb:1,\u00a0\u00bbctaLabel\u00a0\u00bb:\u00a0\u00bbD\u00e9couvrir\u00a0\u00bb,\u00a0\u00bbtracking\u00a0\u00bb:{\u00ab\u00a0campaign\u00a0\u00bb:\u00a0\u00bbnewsletter\u00a0\u00bb,\u00a0\u00bbcreation\u00a0\u00bb:\u00a0\u00bbalerte-inscription-resultats\u00a0\u00bb},\u00a0\u00bbctaRedirectLink\u00a0\u00bb:\u00a0\u00bbhttps:\/\/www.leparisien.fr\/80-ans-du-parisien\/\u00a0\u00bb,\u00a0\u00bbdisplayOnSectionPages\u00a0\u00bb:true,\u00a0\u00bbcappingDisplaysPerUser\u00a0\u00bb:4,\u00a0\u00bbtext\u00a0\u00bb:\u00a0\u00bbA l&rsquo;occasion du 80e anniversaire du quotidien, sa r\u00e9daction s&rsquo;est plong\u00e9e dans huit d\u00e9cennies d&rsquo;archives, qui racontent notre soci\u00e9t\u00e9 et son \u00e9volution.\u00a0\u00bb,\u00a0\u00bbtag\u00a0\u00bb:\u00a0\u00bb\u00c9v\u00e9nement\u00a0\u00bb,\u00a0\u00bbisPopinActivated\u00a0\u00bb:false,\u00a0\u00bbpicto\u00a0\u00bb:\u00a0\u00bbhttps:\/\/assets.leparisien.fr\/website\/images\/events_logo\/80th-birthday.png\u00a0\u00bb,\u00a0\u00bbpopinType\u00a0\u00bb:\u00a0\u00bbredirection\u00a0\u00bb},{\u00ab\u00a0popinCampaign\u00a0\u00bb:\u00a0\u00bbDL_apps_multicomptes\u00a0\u00bb,\u00a0\u00bbtargetedDevices\u00a0\u00bb:\u00a0\u00bbmobile\u00a0\u00bb,\u00a0\u00bbtargetedSections\u00a0\u00bb:[\u00ab\u00a0\/faits-divers\u00a0\u00bb],\u00a0\u00bbtargetedUserStatus\u00a0\u00bb:[\u00ab\u00a0unknown\u00a0\u00bb,\u00a0\u00bblogged\u00a0\u00bb],\u00a0\u00bbcappingFrequencyTime\u00a0\u00bb:86400000,\u00a0\u00bbdisplayOnPremiumArticles\u00a0\u00bb:false,\u00a0\u00bbdisplayOnHomePage\u00a0\u00bb:false,\u00a0\u00bbtitle\u00a0\u00bb:\u00a0\u00bbLes abonnements Trio et Famille arrivent dans l\u2019app\u00a0\u00bb,\u00a0\u00bbpriority\u00a0\u00bb:1,\u00a0\u00bbctaLabel\u00a0\u00bb:\u00a0\u00bbD\u00e9couvrez les offres dans l\u2019app du Parisien\u00a0\u00bb,\u00a0\u00bbtracking\u00a0\u00bb:{\u00ab\u00a0campaign\u00a0\u00bb:\u00a0\u00bbappli\u00a0\u00bb,\u00a0\u00bbcreation\u00a0\u00bb:\u00a0\u00bbdl-app_multi\u00a0\u00bb},\u00a0\u00bbctaRedirectLink\u00a0\u00bb:\u00a0\u00bbhttps:\/\/app.adjust.com\/ejwg1cd_xew8wjk\u00a0\u00bb,\u00a0\u00bbdisplayOnSectionPages\u00a0\u00bb:true,\u00a0\u00bbcappingDisplaysPerUser\u00a0\u00bb:3,\u00a0\u00bbtext\u00a0\u00bb:\u00a0\u00bbProfitez d\u2019abonnements pens\u00e9s pour plusieurs lecteurs : jusqu\u2019\u00e0 5 comptes dans une m\u00eame formule, chacun avec son profil.\u00a0\u00bb,\u00a0\u00bbisPopinActivated\u00a0\u00bb:false,\u00a0\u00bbpicto\u00a0\u00bb:\u00a0\u00bbhttps:\/\/leparisien-assets-prod.s3.eu-west-1.amazonaws.com\/website\/images\/events_logo\/pop-in-web-multicompte-OK.png\u00a0\u00bb,\u00a0\u00bbpopinType\u00a0\u00bb:\u00a0\u00bbredirection\u00a0\u00bb},{\u00ab\u00a0popinCampaign\u00a0\u00bb:\u00a0\u00bbDL_Apps_CDMDC25&Prime;,\u00a0\u00bbtargetedDevices\u00a0\u00bb:\u00a0\u00bbmobile\u00a0\u00bb,\u00a0\u00bbtargetedSections\u00a0\u00bb:[\u00ab\u00a0\/sports\u00a0\u00bb],\u00a0\u00bbtargetedUserStatus\u00a0\u00bb:[\u00ab\u00a0unknown\u00a0\u00bb,\u00a0\u00bblogged\u00a0\u00bb,\u00a0\u00bbsubscribed\u00a0\u00bb],\u00a0\u00bbcappingFrequencyTime\u00a0\u00bb:86400000,\u00a0\u00bbdisplayOnPremiumArticles\u00a0\u00bb:false,\u00a0\u00bbdisplayOnHomePage\u00a0\u00bb:false,\u00a0\u00bbtitle\u00a0\u00bb:\u00a0\u00bbLe PSG dans la Coupe du monde des clubs\u00a0\u00bb,\u00a0\u00bbpriority\u00a0\u00bb:1,\u00a0\u00bbctaLabel\u00a0\u00bb:\u00a0\u00bbT\u00e9l\u00e9charger l&rsquo;application\u00a0\u00bb,\u00a0\u00bbtracking\u00a0\u00bb:{\u00ab\u00a0campaign\u00a0\u00bb:\u00a0\u00bbappli\u00a0\u00bb,\u00a0\u00bbcreation\u00a0\u00bb:\u00a0\u00bbdl-app_cdmdc25&Prime;},\u00a0\u00bbctaRedirectLink\u00a0\u00bb:\u00a0\u00bbhttps:\/\/app.adjust.com\/ejwg1cd_xew8wjk\u00a0\u00bb,\u00a0\u00bbdisplayOnSectionPages\u00a0\u00bb:true,\u00a0\u00bbcappingDisplaysPerUser\u00a0\u00bb:8,\u00a0\u00bbtext\u00a0\u00bb:\u00a0\u00bbSuivez les matchs, r\u00e9sum\u00e9s et analyses de la comp\u00e9tition en temps r\u00e9el \u00e0 port\u00e9e de main.\u00a0\u00bb,\u00a0\u00bbisPopinActivated\u00a0\u00bb:false,\u00a0\u00bbpicto\u00a0\u00bb:\u00a0\u00bbhttps:\/\/assets.leparisien.fr\/website\/images\/group-2448-1.png\u00a0\u00bb,\u00a0\u00bbpopinType\u00a0\u00bb:\u00a0\u00bbredirection\u00a0\u00bb},{\u00ab\u00a0popinCampaign\u00a0\u00bb:\u00a0\u00bbDL_apps_JO\u00a0\u00bb,\u00a0\u00bbtargetedDevices\u00a0\u00bb:\u00a0\u00bbmobile\u00a0\u00bb,\u00a0\u00bbtargetedSections\u00a0\u00bb:[\u00ab\u00a0\/jo-paris-2024&Prime;,\u00a0\u00bb\/sports\u00a0\u00bb],\u00a0\u00bbtargetedUserStatus\u00a0\u00bb:[\u00ab\u00a0unknown\u00a0\u00bb,\u00a0\u00bblogged\u00a0\u00bb,\u00a0\u00bbsubscribed\u00a0\u00bb],\u00a0\u00bbcappingFrequencyTime\u00a0\u00bb:86400000,\u00a0\u00bbdisplayOnPremiumArticles\u00a0\u00bb:false,\u00a0\u00bbdisplayOnHomePage\u00a0\u00bb:false,\u00a0\u00bbtitle\u00a0\u00bb:\u00a0\u00bbVivez pleinement les JO dans l&rsquo;application\u00a0\u00bb,\u00a0\u00bbpriority\u00a0\u00bb:1,\u00a0\u00bbctaLabel\u00a0\u00bb:\u00a0\u00bbT\u00e9l\u00e9charger l&rsquo;application\u00a0\u00bb,\u00a0\u00bbtracking\u00a0\u00bb:{\u00ab\u00a0campaign\u00a0\u00bb:\u00a0\u00bbnewsletter\u00a0\u00bb,\u00a0\u00bbcreation\u00a0\u00bb:\u00a0\u00bbalerte-inscription-resultats\u00a0\u00bb},\u00a0\u00bbctaRedirectLink\u00a0\u00bb:\u00a0\u00bbhttps:\/\/app.adjust.com\/ejwg1cd_xew8wjk\u00a0\u00bb,\u00a0\u00bbdisplayOnSectionPages\u00a0\u00bb:true,\u00a0\u00bbcappingDisplaysPerUser\u00a0\u00bb:5,\u00a0\u00bbtext\u00a0\u00bb:\u00a0\u00bbSoyez inform\u00e9s en temps r\u00e9el gr\u00e2ce aux notifications et profitez de contenus exclusifs.\u00a0\u00bb,\u00a0\u00bbisPopinActivated\u00a0\u00bb:false,\u00a0\u00bbpicto\u00a0\u00bb:\u00a0\u00bbhttps:\/\/assets.leparisien.fr\/website\/images\/design-system\/illustration\/1.6\/devices-jo.png\u00a0\u00bb,\u00a0\u00bbpopinType\u00a0\u00bb:\u00a0\u00bbredirection\u00a0\u00bb},{\u00ab\u00a0popinCampaign\u00a0\u00bb:\u00a0\u00bbDL_Apps_TDF25&Prime;,\u00a0\u00bbtargetedDevices\u00a0\u00bb:\u00a0\u00bbmobile\u00a0\u00bb,\u00a0\u00bbtargetedSections\u00a0\u00bb:[\u00ab\u00a0\/sports\u00a0\u00bb],\u00a0\u00bbtargetedUserStatus\u00a0\u00bb:[\u00ab\u00a0unknown\u00a0\u00bb,\u00a0\u00bblogged\u00a0\u00bb,\u00a0\u00bbsubscribed\u00a0\u00bb],\u00a0\u00bbcappingFrequencyTime\u00a0\u00bb:86400000,\u00a0\u00bbdisplayOnPremiumArticles\u00a0\u00bb:false,\u00a0\u00bbdisplayOnHomePage\u00a0\u00bb:false,\u00a0\u00bbtitle\u00a0\u00bb:\u00a0\u00bbNe manquez rien du Tour de France !\u00a0\u00bb,\u00a0\u00bbpriority\u00a0\u00bb:1,\u00a0\u00bbctaLabel\u00a0\u00bb:\u00a0\u00bbT\u00e9l\u00e9charger l&rsquo;application\u00a0\u00bb,\u00a0\u00bbtracking\u00a0\u00bb:{\u00ab\u00a0campaign\u00a0\u00bb:\u00a0\u00bbappli\u00a0\u00bb,\u00a0\u00bbcreation\u00a0\u00bb:\u00a0\u00bbdl-app_tdf25&Prime;},\u00a0\u00bbctaRedirectLink\u00a0\u00bb:\u00a0\u00bbhttps:\/\/app.adjust.com\/ejwg1cd_xew8wjk\u00a0\u00bb,\u00a0\u00bbdisplayOnSectionPages\u00a0\u00bb:true,\u00a0\u00bbcappingDisplaysPerUser\u00a0\u00bb:5,\u00a0\u00bbtext\u00a0\u00bb:\u00a0\u00bbSuivez toutes les \u00e9tapes, les r\u00e9sultats et analyses en temps r\u00e9el jusqu&rsquo;\u00e0 l&rsquo;arriv\u00e9e le 27 juillet 2025.\u00a0\u00bb,\u00a0\u00bbisPopinActivated\u00a0\u00bb:false,\u00a0\u00bbpicto\u00a0\u00bb:\u00a0\u00bbhttps:\/\/assets.leparisien.fr\/website\/images\/events_logo\/pop-in-web.png\u00a0\u00bb,\u00a0\u00bbpopinType\u00a0\u00bb:\u00a0\u00bbredirection\u00a0\u00bb},{\u00ab\u00a0popinCampaign\u00a0\u00bb:\u00a0\u00bbDL_apps_standard\u00a0\u00bb,\u00a0\u00bbtargetedDevices\u00a0\u00bb:\u00a0\u00bbmobile\u00a0\u00bb,\u00a0\u00bbtargetedSections\u00a0\u00bb:[\u00ab\u00a0\/jo-paris-2024&Prime;,\u00a0\u00bb\/val-d-oise-95&Prime;,\u00a0\u00bb\/val-de-marne-94&Prime;,\u00a0\u00bb\/seine-saint-denis-93&Prime;,\u00a0\u00bb\/seine-et-marne-77&Prime;,\u00a0\u00bb\/yvelines-78&Prime;,\u00a0\u00bb\/essonne-91&Prime;,\u00a0\u00bb\/hauts-de-seine-92&Prime;,\u00a0\u00bb\/oise-60&Prime;,\u00a0\u00bb\/meteo\u00a0\u00bb,\u00a0\u00bb\/jo-paralympiques-paris-2024&Prime;,\u00a0\u00bb\/paris-75&Prime;,\u00a0\u00bb\/faits-divers\u00a0\u00bb,\u00a0\u00bb\/environnement\u00a0\u00bb,\u00a0\u00bb\/info-paris-ile-de-france-oise\u00a0\u00bb,\u00a0\u00bb\/intime\u00a0\u00bb,\u00a0\u00bb\/animaux\u00a0\u00bb,\u00a0\u00bb\/voyage\u00a0\u00bb,\u00a0\u00bb\/international\u00a0\u00bb,\u00a0\u00bb\/sports\/hippisme\u00a0\u00bb,\u00a0\u00bb\/sports\u00a0\u00bb,\u00a0\u00bb\/bien-manger\u00a0\u00bb,\u00a0\u00bb\/automobile\u00a0\u00bb,\u00a0\u00bb\/societe\u00a0\u00bb],\u00a0\u00bbtargetedUserStatus\u00a0\u00bb:[\u00ab\u00a0logged\u00a0\u00bb,\u00a0\u00bbsubscribed\u00a0\u00bb,\u00a0\u00bbunknown\u00a0\u00bb],\u00a0\u00bbcappingFrequencyTime\u00a0\u00bb:172800000,\u00a0\u00bbdisplayOnPremiumArticles\u00a0\u00bb:false,\u00a0\u00bbdisplayOnHomePage\u00a0\u00bb:false,\u00a0\u00bbtitle\u00a0\u00bb:\u00a0\u00bbL&rsquo;info en direct dans l&rsquo;app\u00a0\u00bb,\u00a0\u00bbpriority\u00a0\u00bb:1,\u00a0\u00bbctaLabel\u00a0\u00bb:\u00a0\u00bbT\u00e9l\u00e9charger l&rsquo;application\u00a0\u00bb,\u00a0\u00bbtracking\u00a0\u00bb:{\u00ab\u00a0campaign\u00a0\u00bb:\u00a0\u00bbappli\u00a0\u00bb,\u00a0\u00bbcreation\u00a0\u00bb:\u00a0\u00bbdl-app_fev25&Prime;},\u00a0\u00bbctaRedirectLink\u00a0\u00bb:\u00a0\u00bbhttps:\/\/app.adjust.com\/ejwg1cd_xew8wjk\u00a0\u00bb,\u00a0\u00bbdisplayOnSectionPages\u00a0\u00bb:true,\u00a0\u00bbcappingDisplaysPerUser\u00a0\u00bb:10,\u00a0\u00bbtext\u00a0\u00bb:\u00a0\u00bbSoyez inform\u00e9 en temps r\u00e9el gr\u00e2ce aux notifications et profitez de contenus exclusifs\u00a0\u00bb,\u00a0\u00bbisPopinActivated\u00a0\u00bb:false,\u00a0\u00bbpicto\u00a0\u00bb:\u00a0\u00bbhttps:\/\/assets.leparisien.fr\/website\/images\/events_logo\/devices.png\u00a0\u00bb,\u00a0\u00bbpopinType\u00a0\u00bb:\u00a0\u00bbredirection\u00a0\u00bb},{\u00ab\u00a0popinCampaign\u00a0\u00bb:\u00a0\u00bbDL_apps_LDC\u00a0\u00bb,\u00a0\u00bbtargetedDevices\u00a0\u00bb:\u00a0\u00bbmobile\u00a0\u00bb,\u00a0\u00bbtargetedSections\u00a0\u00bb:[\u00ab\u00a0\/sports\u00a0\u00bb],\u00a0\u00bbtargetedUserStatus\u00a0\u00bb:[\u00ab\u00a0logged\u00a0\u00bb,\u00a0\u00bbunknown\u00a0\u00bb,\u00a0\u00bbsubscribed\u00a0\u00bb],\u00a0\u00bbcappingFrequencyTime\u00a0\u00bb:86400000,\u00a0\u00bbdisplayOnPremiumArticles\u00a0\u00bb:false,\u00a0\u00bbdisplayOnHomePage\u00a0\u00bb:false,\u00a0\u00bbtitle\u00a0\u00bb:\u00a0\u00bbSuivez la finale PSG &#8211; Inter Milan avec l&rsquo;application du Parisien\u00a0\u00bb,\u00a0\u00bbpriority\u00a0\u00bb:1,\u00a0\u00bbctaLabel\u00a0\u00bb:\u00a0\u00bbT\u00e9l\u00e9charger l&rsquo;application\u00a0\u00bb,\u00a0\u00bbtracking\u00a0\u00bb:{\u00ab\u00a0campaign\u00a0\u00bb:\u00a0\u00bbappli\u00a0\u00bb,\u00a0\u00bbcreation\u00a0\u00bb:\u00a0\u00bbdl-app_mai25&Prime;},\u00a0\u00bbctaRedirectLink\u00a0\u00bb:\u00a0\u00bbhttps:\/\/app.adjust.com\/ejwg1cd_xew8wjk\u00a0\u00bb,\u00a0\u00bbdisplayOnSectionPages\u00a0\u00bb:true,\u00a0\u00bbcappingDisplaysPerUser\u00a0\u00bb:5,\u00a0\u00bbtext\u00a0\u00bb:\u00a0\u00bbNe ratez rien du choc de la Ligue des champions samedi 31 mai et suivez le match en live, minute par minute.\u00a0\u00bb,\u00a0\u00bbisPopinActivated\u00a0\u00bb:false,\u00a0\u00bbpicto\u00a0\u00bb:\u00a0\u00bbhttps:\/\/assets.leparisien.fr\/website\/images\/events_logo\/visuel_popin_ldc.png\u00a0\u00bb,\u00a0\u00bbpopinType\u00a0\u00bb:\u00a0\u00bbredirection\u00a0\u00bb},{\u00ab\u00a0popinCampaign\u00a0\u00bb:\u00a0\u00bbNewsletter_JO\u00a0\u00bb,\u00a0\u00bbtargetedDevices\u00a0\u00bb:\u00a0\u00bbweb-mobile\u00a0\u00bb,\u00a0\u00bbtargetedSections\u00a0\u00bb:[\u00ab\u00a0\/jo-paris-2024&Prime;],\u00a0\u00bbtargetedUserStatus\u00a0\u00bb:[\u00ab\u00a0unknown\u00a0\u00bb,\u00a0\u00bblogged\u00a0\u00bb,\u00a0\u00bbsubscribed\u00a0\u00bb],\u00a0\u00bbcappingFrequencyTime\u00a0\u00bb:432000000,\u00a0\u00bbnewsletterSlug\u00a0\u00bb:\u00a0\u00bbomnisports\u00a0\u00bb,\u00a0\u00bbdisplayOnPremiumArticles\u00a0\u00bb:false,\u00a0\u00bbdisplayOnHomePage\u00a0\u00bb:false,\u00a0\u00bbtitle\u00a0\u00bb:\u00a0\u00bbVous semblez int\u00e9ress\u00e9 par les JO 2024&Prime;,\u00a0\u00bbpriority\u00a0\u00bb:1,\u00a0\u00bbctaLabel\u00a0\u00bb:\u00a0\u00bbS&rsquo;inscrire \u00e0 la newsletter\u00a0\u00bb,\u00a0\u00bbtracking\u00a0\u00bb:{\u00ab\u00a0campaign\u00a0\u00bb:\u00a0\u00bbnewsletter\u00a0\u00bb},\u00a0\u00bbdisplayOnSectionPages\u00a0\u00bb:false,\u00a0\u00bbcappingDisplaysPerUser\u00a0\u00bb:4,\u00a0\u00bbtext\u00a0\u00bb:\u00a0\u00bbRecevez l\u2019essentiel des informations sur les Jeux de Paris 2024, pour vivre cet \u00e9v\u00e9nement historique au coeur de la capitale.\u00a0\u00bb,\u00a0\u00bbtag\u00a0\u00bb:\u00a0\u00bbNouveau\u00a0\u00bb,\u00a0\u00bbisPopinActivated\u00a0\u00bb:false,\u00a0\u00bbpopinType\u00a0\u00bb:\u00a0\u00bbnewsletter\u00a0\u00bb},{\u00ab\u00a0popinCampaign\u00a0\u00bb:\u00a0\u00bbDL_app_Le-Journal\u00a0\u00bb,\u00a0\u00bbtargetedDevices\u00a0\u00bb:\u00a0\u00bbmobile\u00a0\u00bb,\u00a0\u00bbtargetedSections\u00a0\u00bb:[\u00ab\u00a0\/val-d-oise-95&Prime;,\u00a0\u00bb\/jo-paris-2024&Prime;,\u00a0\u00bb\/etudiant\u00a0\u00bb,\u00a0\u00bb\/culture-loisirs\u00a0\u00bb,\u00a0\u00bb\/faits-divers\u00a0\u00bb,\u00a0\u00bb\/val-de-marne-94&Prime;,\u00a0\u00bb\/paris-75&Prime;,\u00a0\u00bb\/seine-saint-denis-93&Prime;,\u00a0\u00bb\/voyage\u00a0\u00bb,\u00a0\u00bb\/intime\u00a0\u00bb,\u00a0\u00bb\/animaux\u00a0\u00bb,\u00a0\u00bb\/hauts-de-seine-92&Prime;,\u00a0\u00bb\/podcasts\u00a0\u00bb,\u00a0\u00bb\/essonne-91&Prime;,\u00a0\u00bb\/politique\u00a0\u00bb,\u00a0\u00bb\/automobile\u00a0\u00bb,\u00a0\u00bb\/bien-manger\u00a0\u00bb,\u00a0\u00bb\/environnement\u00a0\u00bb,\u00a0\u00bb\/yvelines-78&Prime;,\u00a0\u00bb\/seine-et-marne-77&Prime;,\u00a0\u00bb\/international\u00a0\u00bb,\u00a0\u00bb\/societe\u00a0\u00bb,\u00a0\u00bb\/sports\u00a0\u00bb,\u00a0\u00bb\/elections\u00a0\u00bb,\u00a0\u00bb\/week-end\u00a0\u00bb,\u00a0\u00bb\/meteo\u00a0\u00bb,\u00a0\u00bb\/oise-60&Prime;,\u00a0\u00bb\/jo-paralympiques-paris-2024&Prime;,\u00a0\u00bb\/info-paris-ile-de-france-oise\u00a0\u00bb,\u00a0\u00bb\/sports\/hippisme\u00a0\u00bb],\u00a0\u00bbtargetedUserStatus\u00a0\u00bb:[\u00ab\u00a0subscribed\u00a0\u00bb],\u00a0\u00bbcappingFrequencyTime\u00a0\u00bb:172800000,\u00a0\u00bbdisplayOnPremiumArticles\u00a0\u00bb:true,\u00a0\u00bbdisplayOnHomePage\u00a0\u00bb:true,\u00a0\u00bbtitle\u00a0\u00bb:\u00a0\u00bbL\u2019application journal d\u00e9di\u00e9e aux abonn\u00e9s\u00a0\u00bb,\u00a0\u00bbpriority\u00a0\u00bb:1,\u00a0\u00bbctaLabel\u00a0\u00bb:\u00a0\u00bbT\u00e9l\u00e9charger l\u2019application du journal\u00a0\u00bb,\u00a0\u00bbtracking\u00a0\u00bb:{\u00ab\u00a0campaign\u00a0\u00bb:\u00a0\u00bbjournal\u00a0\u00bb},\u00a0\u00bbdisplayOnSectionPages\u00a0\u00bb:true,\u00a0\u00bbcappingDisplaysPerUser\u00a0\u00bb:3,\u00a0\u00bbtext\u00a0\u00bb:\u00a0\u00bbUn confort de lecture in\u00e9gal\u00e9 sur smartphone et tablette gr\u00e2ce \u00e0 une navigation fluide. Acc\u00e9dez au journal du jour d\u00e8s 22h30 ainsi qu\u2019\u00e0 toutes les \u00e9ditions, suppl\u00e9ments et hors-s\u00e9ries.\u00a0\u00bb,\u00a0\u00bbisPopinActivated\u00a0\u00bb:false,\u00a0\u00bbpicto\u00a0\u00bb:\u00a0\u00bbhttps:\/\/assets.leparisien.fr\/website\/images\/ancrages-abo\/pictos\/paper-app.svg\u00a0\u00bb,\u00a0\u00bbpopinType\u00a0\u00bb:\u00a0\u00bbapplication\u00a0\u00bb},{\u00ab\u00a0popinCampaign\u00a0\u00bb:\u00a0\u00bbPromo_Vid\u00e9os-jardin\u00a0\u00bb,\u00a0\u00bbtargetedDevices\u00a0\u00bb:\u00a0\u00bbweb-mobile\u00a0\u00bb,\u00a0\u00bbtargetedSections\u00a0\u00bb:[\u00ab\u00a0\/jo-paris-2024&Prime;,\u00a0\u00bb\/jardin\u00a0\u00bb,\u00a0\u00bb\/sports\/hippisme\u00a0\u00bb,\u00a0\u00bb\/elections\u00a0\u00bb,\u00a0\u00bb\/meteo\u00a0\u00bb,\u00a0\u00bb\/jo-paralympiques-paris-2024&Prime;,\u00a0\u00bb\/environnement\u00a0\u00bb,\u00a0\u00bb\/animaux\u00a0\u00bb,\u00a0\u00bb\/bien-manger\u00a0\u00bb,\u00a0\u00bb\/voyage\u00a0\u00bb],\u00a0\u00bbtargetedUserStatus\u00a0\u00bb:[\u00ab\u00a0unknown\u00a0\u00bb,\u00a0\u00bblogged\u00a0\u00bb],\u00a0\u00bbcappingFrequencyTime\u00a0\u00bb:86400000,\u00a0\u00bbdisplayOnPremiumArticles\u00a0\u00bb:false,\u00a0\u00bbdisplayOnHomePage\u00a0\u00bb:false,\u00a0\u00bbtitle\u00a0\u00bb:\u00a0\u00bbEn mai, apprenez \u00e0 jardiner&#8230; en vid\u00e9o !\u00a0\u00bb,\u00a0\u00bbpriority\u00a0\u00bb:1,\u00a0\u00bbctaLabel\u00a0\u00bb:\u00a0\u00bbD\u00e9couvrir les vid\u00e9os\u00a0\u00bb,\u00a0\u00bbtracking\u00a0\u00bb:{\u00ab\u00a0campaign\u00a0\u00bb:\u00a0\u00bbbizdev\u00a0\u00bb,\u00a0\u00bbcreation\u00a0\u00bb:\u00a0\u00bbamazon\u00a0\u00bb},\u00a0\u00bbctaRedirectLink\u00a0\u00bb:\u00a0\u00bbhttps:\/\/www.leparisien.fr\/jardin\/jardinage-pratique\/potager\/planter-des-fraisiers-de-printemps-en-pot-recoltez-de-savoureuses-fraises-precoces-des-le-mois-de-mai-D7PSIYDURBGDNKGWDQTSY22FZQ.php\u00a0\u00bb,\u00a0\u00bbdisplayOnSectionPages\u00a0\u00bb:true,\u00a0\u00bbcappingDisplaysPerUser\u00a0\u00bb:1,\u00a0\u00bbtext\u00a0\u00bb:\u00a0\u00bbExperts ou passionn\u00e9s, retrouvez tous les conseils pratiques et astuces pour cultiver votre jardin comme un pro !\u00a0\u00bb,\u00a0\u00bbisPopinActivated\u00a0\u00bb:false,\u00a0\u00bbpicto\u00a0\u00bb:\u00a0\u00bbhttps:\/\/assets.leparisien.fr\/website\/images\/events_logo\/popin-jardin.png\u00a0\u00bb,\u00a0\u00bbpopinType\u00a0\u00bb:\u00a0\u00bbredirection\u00a0\u00bb}],\u00a0\u00bbexpires\u00a0\u00bb:1762162155724,\u00a0\u00bblastModified\u00a0\u00bb:1762161855587}},\u00a0\u00bbsite-menu\u00a0\u00bb:{\u00ab\u00a0{\\\u00a0\u00bb_id\\\u00a0\u00bb:\\\u00a0\u00bb\/\\\u00a0\u00bb,\\\u00a0\u00bb_website\\\u00a0\u00bb:\\\u00a0\u00bbleparisien\\\u00a0\u00bb,\\\u00a0\u00bbhierarchy\\\u00a0\u00bb:\\\u00a0\u00bbmenu\\\u00a0\u00bb}\u00a0\u00bb:{\u00ab\u00a0data\u00a0\u00bb:{\u00ab\u00a0children\u00a0\u00bb:[{\u00ab\u00a0_id\u00a0\u00bb:\u00a0\u00bblink-TTDQP4MZR95Z98A67F95Y6AZ20&Prime;,\u00a0\u00bbchildren\u00a0\u00bb:[],\u00a0\u00bbdisplay_name\u00a0\u00bb:\u00a0\u00bb\u00c0 la une\u00a0\u00bb,\u00a0\u00bburl\u00a0\u00bb:\u00a0\u00bbhttps:\/\/www.leparisien.fr\/\u00a0\u00bb},{\u00ab\u00a0_id\u00a0\u00bb:\u00a0\u00bblink-PJZZOUS3L5GK3G2YHKRRI4A72I\u00a0\u00bb,\u00a0\u00bbchildren\u00a0\u00bb:[],\u00a0\u00bbdisplay_name\u00a0\u00bb:\u00a0\u00bbEn continu\u00a0\u00bb,\u00a0\u00bburl\u00a0\u00bb:\u00a0\u00bb\/actualites-en-continu\u00a0\u00bb},{\u00ab\u00a0_id\u00a0\u00bb:\u00a0\u00bb\/info-paris-ile-de-france-oise\u00a0\u00bb,\u00a0\u00bbchildren\u00a0\u00bb:[{\u00ab\u00a0_id\u00a0\u00bb:\u00a0\u00bb\/paris-75&Prime;,\u00a0\u00bbname\u00a0\u00bb:\u00a0\u00bbParis\u00a0\u00bb,\u00a0\u00bbsite\u00a0\u00bb:{}},{\u00ab\u00a0_id\u00a0\u00bb:\u00a0\u00bb\/essonne-91&Prime;,\u00a0\u00bbname\u00a0\u00bb:\u00a0\u00bbEssonne\u00a0\u00bb,\u00a0\u00bbsite\u00a0\u00bb:{}},{\u00ab\u00a0_id\u00a0\u00bb:\u00a0\u00bb\/hauts-de-seine-92&Prime;,\u00a0\u00bbname\u00a0\u00bb:\u00a0\u00bbHauts-de-Seine\u00a0\u00bb,\u00a0\u00bbsite\u00a0\u00bb:{}},{\u00ab\u00a0_id\u00a0\u00bb:\u00a0\u00bb\/seine-saint-denis-93&Prime;,\u00a0\u00bbname\u00a0\u00bb:\u00a0\u00bbSeine-Saint-Denis\u00a0\u00bb,\u00a0\u00bbsite\u00a0\u00bb:{}},{\u00ab\u00a0_id\u00a0\u00bb:\u00a0\u00bb\/val-d-oise-95&Prime;,\u00a0\u00bbname\u00a0\u00bb:\u00a0\u00bbVal-d&rsquo;Oise\u00a0\u00bb,\u00a0\u00bbsite\u00a0\u00bb:{}},{\u00ab\u00a0_id\u00a0\u00bb:\u00a0\u00bb\/val-de-marne-94&Prime;,\u00a0\u00bbname\u00a0\u00bb:\u00a0\u00bbVal-de-Marne\u00a0\u00bb,\u00a0\u00bbsite\u00a0\u00bb:{}},{\u00ab\u00a0_id\u00a0\u00bb:\u00a0\u00bb\/seine-et-marne-77&Prime;,\u00a0\u00bbname\u00a0\u00bb:\u00a0\u00bbSeine-et-Marne\u00a0\u00bb,\u00a0\u00bbsite\u00a0\u00bb:{}},{\u00ab\u00a0_id\u00a0\u00bb:\u00a0\u00bb\/yvelines-78&Prime;,\u00a0\u00bbname\u00a0\u00bb:\u00a0\u00bbYvelines\u00a0\u00bb,\u00a0\u00bbsite\u00a0\u00bb:{}},{\u00ab\u00a0_id\u00a0\u00bb:\u00a0\u00bb\/oise-60&Prime;,\u00a0\u00bbname\u00a0\u00bb:\u00a0\u00bbOise\u00a0\u00bb,\u00a0\u00bbsite\u00a0\u00bb:{}},{\u00ab\u00a0_id\u00a0\u00bb:\u00a0\u00bb\/info-paris-ile-de-france-oise\/transports\u00a0\u00bb,\u00a0\u00bbname\u00a0\u00bb:\u00a0\u00bbTransports IDF\u00a0\u00bb,\u00a0\u00bbsite\u00a0\u00bb:{}}],\u00a0\u00bbname\u00a0\u00bb:\u00a0\u00bbParis &#038; \u00cele-de-France\u00a0\u00bb,\u00a0\u00bbsite\u00a0\u00bb:{}},{\u00ab\u00a0_id\u00a0\u00bb:\u00a0\u00bb\/faits-divers\u00a0\u00bb,\u00a0\u00bbchildren\u00a0\u00bb:[],\u00a0\u00bbname\u00a0\u00bb:\u00a0\u00bbFaits divers\u00a0\u00bb,\u00a0\u00bbsite\u00a0\u00bb:{}},{\u00ab\u00a0_id\u00a0\u00bb:\u00a0\u00bb\/politique\u00a0\u00bb,\u00a0\u00bbchildren\u00a0\u00bb:[{\u00ab\u00a0_id\u00a0\u00bb:\u00a0\u00bb\/politique\/emmanuel-macron\u00a0\u00bb,\u00a0\u00bbname\u00a0\u00bb:\u00a0\u00bbEmmanuel Macron\u00a0\u00bb,\u00a0\u00bbsite\u00a0\u00bb:{}},{\u00ab\u00a0_id\u00a0\u00bb:\u00a0\u00bb\/politique\/sebastien-lecornu\u00a0\u00bb,\u00a0\u00bbname\u00a0\u00bb:\u00a0\u00bbS\u00e9bastien Lecornu\u00a0\u00bb,\u00a0\u00bbsite\u00a0\u00bb:{\u00ab\u00a0is_clickable_on_menu\u00a0\u00bb:\u00a0\u00bbtrue\u00a0\u00bb}},{\u00ab\u00a0_id\u00a0\u00bb:\u00a0\u00bb\/elections\u00a0\u00bb,\u00a0\u00bbname\u00a0\u00bb:\u00a0\u00bb\u00c9lections\u00a0\u00bb,\u00a0\u00bbsite\u00a0\u00bb:{}},{\u00ab\u00a0_id\u00a0\u00bb:\u00a0\u00bb\/elections\/municipales\u00a0\u00bb,\u00a0\u00bbname\u00a0\u00bb:\u00a0\u00bbMunicipales 2026&Prime;,\u00a0\u00bbsite\u00a0\u00bb:{}}],\u00a0\u00bbname\u00a0\u00bb:\u00a0\u00bbPolitique\u00a0\u00bb,\u00a0\u00bbsite\u00a0\u00bb:{}},{\u00ab\u00a0_id\u00a0\u00bb:\u00a0\u00bb\/international\u00a0\u00bb,\u00a0\u00bbchildren\u00a0\u00bb:[{\u00ab\u00a0_id\u00a0\u00bb:\u00a0\u00bb\/international\/etats-unis\u00a0\u00bb,\u00a0\u00bbname\u00a0\u00bb:\u00a0\u00bb\u00c9tats-Unis\u00a0\u00bb,\u00a0\u00bbsite\u00a0\u00bb:{\u00ab\u00a0is_clickable_on_menu\u00a0\u00bb:\u00a0\u00bbtrue\u00a0\u00bb}},{\u00ab\u00a0_id\u00a0\u00bb:\u00a0\u00bb\/international\/israel\u00a0\u00bb,\u00a0\u00bbname\u00a0\u00bb:\u00a0\u00bbGuerre au Proche-Orient\u00a0\u00bb,\u00a0\u00bbsite\u00a0\u00bb:{\u00ab\u00a0is_clickable_on_menu\u00a0\u00bb:\u00a0\u00bbtrue\u00a0\u00bb}},{\u00ab\u00a0_id\u00a0\u00bb:\u00a0\u00bb\/international\/iran\u00a0\u00bb,\u00a0\u00bbname\u00a0\u00bb:\u00a0\u00bbIran\u00a0\u00bb,\u00a0\u00bbsite\u00a0\u00bb:{\u00ab\u00a0is_clickable_on_menu\u00a0\u00bb:\u00a0\u00bbtrue\u00a0\u00bb}},{\u00ab\u00a0_id\u00a0\u00bb:\u00a0\u00bb\/international\/ukraine\u00a0\u00bb,\u00a0\u00bbname\u00a0\u00bb:\u00a0\u00bbGuerre en Ukraine\u00a0\u00bb,\u00a0\u00bbsite\u00a0\u00bb:{\u00ab\u00a0is_clickable_on_menu\u00a0\u00bb:\u00a0\u00bbtrue\u00a0\u00bb}},{\u00ab\u00a0_id\u00a0\u00bb:\u00a0\u00bb\/international\/syrie\u00a0\u00bb,\u00a0\u00bbname\u00a0\u00bb:\u00a0\u00bbSyrie\u00a0\u00bb,\u00a0\u00bbsite\u00a0\u00bb:{\u00ab\u00a0is_clickable_on_menu\u00a0\u00bb:\u00a0\u00bbtrue\u00a0\u00bb}}],\u00a0\u00bbname\u00a0\u00bb:\u00a0\u00bbInternational\u00a0\u00bb,\u00a0\u00bbsite\u00a0\u00bb:{}},{\u00ab\u00a0_id\u00a0\u00bb:\u00a0\u00bb\/sports\u00a0\u00bb,\u00a0\u00bbchildren\u00a0\u00bb:[{\u00ab\u00a0_id\u00a0\u00bb:\u00a0\u00bb\/sports\/football\u00a0\u00bb,\u00a0\u00bbname\u00a0\u00bb:\u00a0\u00bbFootball\u00a0\u00bb,\u00a0\u00bbsite\u00a0\u00bb:{}},{\u00ab\u00a0_id\u00a0\u00bb:\u00a0\u00bb\/sports\/football\/psg\u00a0\u00bb,\u00a0\u00bbname\u00a0\u00bb:\u00a0\u00bbPSG\u00a0\u00bb,\u00a0\u00bbsite\u00a0\u00bb:{}},{\u00ab\u00a0_id\u00a0\u00bb:\u00a0\u00bb\/sports\/football\/ligue-1&Prime;,\u00a0\u00bbname\u00a0\u00bb:\u00a0\u00bbLigue 1&Prime;,\u00a0\u00bbsite\u00a0\u00bb:{\u00ab\u00a0is_clickable_on_menu\u00a0\u00bb:\u00a0\u00bbtrue\u00a0\u00bb}},{\u00ab\u00a0_id\u00a0\u00bb:\u00a0\u00bb\/sports\/football\/ligue-des-champions\u00a0\u00bb,\u00a0\u00bbname\u00a0\u00bb:\u00a0\u00bbLigue des champions\u00a0\u00bb,\u00a0\u00bbsite\u00a0\u00bb:{\u00ab\u00a0is_clickable_on_menu\u00a0\u00bb:\u00a0\u00bbtrue\u00a0\u00bb}},{\u00ab\u00a0_id\u00a0\u00bb:\u00a0\u00bb\/sports\/rugby\u00a0\u00bb,\u00a0\u00bbname\u00a0\u00bb:\u00a0\u00bbRugby\u00a0\u00bb,\u00a0\u00bbsite\u00a0\u00bb:{}},{\u00ab\u00a0_id\u00a0\u00bb:\u00a0\u00bb\/sports\/basket\u00a0\u00bb,\u00a0\u00bbname\u00a0\u00bb:\u00a0\u00bbBasket\u00a0\u00bb,\u00a0\u00bbsite\u00a0\u00bb:{\u00ab\u00a0is_clickable_on_menu\u00a0\u00bb:\u00a0\u00bbtrue\u00a0\u00bb}},{\u00ab\u00a0_id\u00a0\u00bb:\u00a0\u00bb\/sports\/tennis\u00a0\u00bb,\u00a0\u00bbname\u00a0\u00bb:\u00a0\u00bbTennis\u00a0\u00bb,\u00a0\u00bbsite\u00a0\u00bb:{}},{\u00ab\u00a0_id\u00a0\u00bb:\u00a0\u00bb\/sports\/cyclisme\u00a0\u00bb,\u00a0\u00bbname\u00a0\u00bb:\u00a0\u00bbCyclisme\u00a0\u00bb,\u00a0\u00bbsite\u00a0\u00bb:{}},{\u00ab\u00a0_id\u00a0\u00bb:\u00a0\u00bb\/sports\/handball\u00a0\u00bb,\u00a0\u00bbname\u00a0\u00bb:\u00a0\u00bbHandball\u00a0\u00bb,\u00a0\u00bbsite\u00a0\u00bb:{\u00ab\u00a0is_clickable_on_menu\u00a0\u00bb:\u00a0\u00bbtrue\u00a0\u00bb}},{\u00ab\u00a0_id\u00a0\u00bb:\u00a0\u00bb\/sports\/formule-1&Prime;,\u00a0\u00bbname\u00a0\u00bb:\u00a0\u00bbFormule 1&Prime;,\u00a0\u00bbsite\u00a0\u00bb:{}},{\u00ab\u00a0_id\u00a0\u00bb:\u00a0\u00bb\/sports\/hippisme\u00a0\u00bb,\u00a0\u00bbname\u00a0\u00bb:\u00a0\u00bbHippisme\u00a0\u00bb,\u00a0\u00bbsite\u00a0\u00bb:{}},{\u00ab\u00a0_id\u00a0\u00bb:\u00a0\u00bb\/sports\/mma\u00a0\u00bb,\u00a0\u00bbname\u00a0\u00bb:\u00a0\u00bbMMA &#8211; Arts martiaux mixtes\u00a0\u00bb,\u00a0\u00bbsite\u00a0\u00bb:{\u00ab\u00a0is_clickable_on_menu\u00a0\u00bb:\u00a0\u00bbtrue\u00a0\u00bb}},{\u00ab\u00a0_id\u00a0\u00bb:\u00a0\u00bb\/sports\/JO\u00a0\u00bb,\u00a0\u00bbname\u00a0\u00bb:\u00a0\u00bbJeux olympiques\u00a0\u00bb,\u00a0\u00bbsite\u00a0\u00bb:{}}],\u00a0\u00bbname\u00a0\u00bb:\u00a0\u00bbSports\u00a0\u00bb,\u00a0\u00bbsite\u00a0\u00bb:{}},{\u00ab\u00a0_id\u00a0\u00bb:\u00a0\u00bb\/immobilier\u00a0\u00bb,\u00a0\u00bbchildren\u00a0\u00bb:[],\u00a0\u00bbname\u00a0\u00bb:\u00a0\u00bbImmobilier\u00a0\u00bb,\u00a0\u00bbsite\u00a0\u00bb:{}},{\u00ab\u00a0_id\u00a0\u00bb:\u00a0\u00bb\/economie\u00a0\u00bb,\u00a0\u00bbchildren\u00a0\u00bb:[{\u00ab\u00a0_id\u00a0\u00bb:\u00a0\u00bb\/pouvoir-d-achat\u00a0\u00bb,\u00a0\u00bbname\u00a0\u00bb:\u00a0\u00bbPouvoir d&rsquo;achat\u00a0\u00bb,\u00a0\u00bbsite\u00a0\u00bb:{}},{\u00ab\u00a0_id\u00a0\u00bb:\u00a0\u00bb\/economie\/retraites\u00a0\u00bb,\u00a0\u00bbname\u00a0\u00bb:\u00a0\u00bbRetraites\u00a0\u00bb,\u00a0\u00bbsite\u00a0\u00bb:{}},{\u00ab\u00a0_id\u00a0\u00bb:\u00a0\u00bb\/economie\/consommation\u00a0\u00bb,\u00a0\u00bbname\u00a0\u00bb:\u00a0\u00bbConsommation\u00a0\u00bb,\u00a0\u00bbsite\u00a0\u00bb:{}},{\u00ab\u00a0_id\u00a0\u00bb:\u00a0\u00bb\/economie\/emploi\u00a0\u00bb,\u00a0\u00bbname\u00a0\u00bb:\u00a0\u00bbEmploi\u00a0\u00bb,\u00a0\u00bbsite\u00a0\u00bb:{}},{\u00ab\u00a0_id\u00a0\u00bb:\u00a0\u00bb\/economie\/impots\u00a0\u00bb,\u00a0\u00bbname\u00a0\u00bb:\u00a0\u00bbImp\u00f4ts \u00ab\u00a0,\u00a0\u00bbsite\u00a0\u00bb:{}},{\u00ab\u00a0_id\u00a0\u00bb:\u00a0\u00bb\/economie\/business\u00a0\u00bb,\u00a0\u00bbname\u00a0\u00bb:\u00a0\u00bbEntreprises &#038; start-up\u00a0\u00bb,\u00a0\u00bbsite\u00a0\u00bb:{}},{\u00ab\u00a0_id\u00a0\u00bb:\u00a0\u00bb\/vie-de-bureau\u00a0\u00bb,\u00a0\u00bbname\u00a0\u00bb:\u00a0\u00bbVie de bureau\u00a0\u00bb,\u00a0\u00bbsite\u00a0\u00bb:{\u00ab\u00a0is_clickable_on_menu\u00a0\u00bb:\u00a0\u00bbtrue\u00a0\u00bb}},{\u00ab\u00a0_id\u00a0\u00bb:\u00a0\u00bb\/automobile\u00a0\u00bb,\u00a0\u00bbname\u00a0\u00bb:\u00a0\u00bbAutomobile\u00a0\u00bb,\u00a0\u00bbsite\u00a0\u00bb:{}}],\u00a0\u00bbname\u00a0\u00bb:\u00a0\u00bb\u00c9conomie\u00a0\u00bb,\u00a0\u00bbsite\u00a0\u00bb:{}},{\u00ab\u00a0_id\u00a0\u00bb:\u00a0\u00bb\/futurs\u00a0\u00bb,\u00a0\u00bbchildren\u00a0\u00bb:[{\u00ab\u00a0_id\u00a0\u00bb:\u00a0\u00bb\/environnement\u00a0\u00bb,\u00a0\u00bbname\u00a0\u00bb:\u00a0\u00bbEnvironnement\u00a0\u00bb,\u00a0\u00bbsite\u00a0\u00bb:{}},{\u00ab\u00a0_id\u00a0\u00bb:\u00a0\u00bb\/environnement\/climat\u00a0\u00bb,\u00a0\u00bbname\u00a0\u00bb:\u00a0\u00bbClimat\u00a0\u00bb,\u00a0\u00bbsite\u00a0\u00bb:{\u00ab\u00a0is_clickable_on_menu\u00a0\u00bb:\u00a0\u00bbtrue\u00a0\u00bb}},{\u00ab\u00a0_id\u00a0\u00bb:\u00a0\u00bb\/high-tech\u00a0\u00bb,\u00a0\u00bbname\u00a0\u00bb:\u00a0\u00bbHigh-tech\u00a0\u00bb,\u00a0\u00bbsite\u00a0\u00bb:{}},{\u00ab\u00a0_id\u00a0\u00bb:\u00a0\u00bb\/sciences\u00a0\u00bb,\u00a0\u00bbname\u00a0\u00bb:\u00a0\u00bbSciences\u00a0\u00bb,\u00a0\u00bbsite\u00a0\u00bb:{}}],\u00a0\u00bbname\u00a0\u00bb:\u00a0\u00bbFuturs\u00a0\u00bb,\u00a0\u00bbsite\u00a0\u00bb:{\u00ab\u00a0is_clickable_on_menu\u00a0\u00bb:\u00a0\u00bbtrue\u00a0\u00bb}},{\u00ab\u00a0_id\u00a0\u00bb:\u00a0\u00bb\/societe\u00a0\u00bb,\u00a0\u00bbchildren\u00a0\u00bb:[{\u00ab\u00a0_id\u00a0\u00bb:\u00a0\u00bb\/societe\/famille\u00a0\u00bb,\u00a0\u00bbname\u00a0\u00bb:\u00a0\u00bbFamille\u00a0\u00bb,\u00a0\u00bbsite\u00a0\u00bb:{\u00ab\u00a0is_clickable_on_menu\u00a0\u00bb:\u00a0\u00bbtrue\u00a0\u00bb}},{\u00ab\u00a0_id\u00a0\u00bb:\u00a0\u00bb\/societe\/religions\u00a0\u00bb,\u00a0\u00bbname\u00a0\u00bb:\u00a0\u00bbReligions\u00a0\u00bb,\u00a0\u00bbsite\u00a0\u00bb:{\u00ab\u00a0is_clickable_on_menu\u00a0\u00bb:\u00a0\u00bbtrue\u00a0\u00bb}},{\u00ab\u00a0_id\u00a0\u00bb:\u00a0\u00bb\/intime\u00a0\u00bb,\u00a0\u00bbname\u00a0\u00bb:\u00a0\u00bbIntime\u00a0\u00bb,\u00a0\u00bbsite\u00a0\u00bb:{\u00ab\u00a0is_clickable_on_menu\u00a0\u00bb:\u00a0\u00bbtrue\u00a0\u00bb}},{\u00ab\u00a0_id\u00a0\u00bb:\u00a0\u00bblink-E3MRSAZGW5FZ7PZSNWBB3UZ62Q\u00a0\u00bb,\u00a0\u00bbdisplay_name\u00a0\u00bb:\u00a0\u00bbSentinelles\u00a0\u00bb,\u00a0\u00bburl\u00a0\u00bb:\u00a0\u00bbhttps:\/\/www.leparisien.fr\/sentinelles\/\u00a0\u00bb},{\u00ab\u00a0_id\u00a0\u00bb:\u00a0\u00bb\/bien-manger\u00a0\u00bb,\u00a0\u00bbname\u00a0\u00bb:\u00a0\u00bbBien manger\u00a0\u00bb,\u00a0\u00bbsite\u00a0\u00bb:{\u00ab\u00a0is_clickable_on_menu\u00a0\u00bb:\u00a0\u00bbtrue\u00a0\u00bb}}],\u00a0\u00bbname\u00a0\u00bb:\u00a0\u00bbSoci\u00e9t\u00e9\u00a0\u00bb,\u00a0\u00bbsite\u00a0\u00bb:{}},{\u00ab\u00a0_id\u00a0\u00bb:\u00a0\u00bb\/societe\/sante\u00a0\u00bb,\u00a0\u00bbchildren\u00a0\u00bb:[{\u00ab\u00a0_id\u00a0\u00bb:\u00a0\u00bb\/coronavirus\u00a0\u00bb,\u00a0\u00bbname\u00a0\u00bb:\u00a0\u00bbCovid-19&Prime;,\u00a0\u00bbsite\u00a0\u00bb:{}}],\u00a0\u00bbname\u00a0\u00bb:\u00a0\u00bbSant\u00e9\u00a0\u00bb,\u00a0\u00bbsite\u00a0\u00bb:{}},{\u00ab\u00a0_id\u00a0\u00bb:\u00a0\u00bb\/culture-loisirs\u00a0\u00bb,\u00a0\u00bbchildren\u00a0\u00bb:[{\u00ab\u00a0_id\u00a0\u00bb:\u00a0\u00bb\/culture-loisirs\/cinema\u00a0\u00bb,\u00a0\u00bbname\u00a0\u00bb:\u00a0\u00bbCin\u00e9ma\u00a0\u00bb,\u00a0\u00bbsite\u00a0\u00bb:{}},{\u00ab\u00a0_id\u00a0\u00bb:\u00a0\u00bb\/culture-loisirs\/series\u00a0\u00bb,\u00a0\u00bbname\u00a0\u00bb:\u00a0\u00bbS\u00e9ries\u00a0\u00bb,\u00a0\u00bbsite\u00a0\u00bb:{}},{\u00ab\u00a0_id\u00a0\u00bb:\u00a0\u00bb\/culture-loisirs\/tv\u00a0\u00bb,\u00a0\u00bbname\u00a0\u00bb:\u00a0\u00bbT\u00e9l\u00e9vision &#038; m\u00e9dias\u00a0\u00bb,\u00a0\u00bbsite\u00a0\u00bb:{}},{\u00ab\u00a0_id\u00a0\u00bb:\u00a0\u00bb\/culture-loisirs\/livres\u00a0\u00bb,\u00a0\u00bbname\u00a0\u00bb:\u00a0\u00bbLivres\u00a0\u00bb,\u00a0\u00bbsite\u00a0\u00bb:{}},{\u00ab\u00a0_id\u00a0\u00bb:\u00a0\u00bb\/culture-loisirs\/musique\u00a0\u00bb,\u00a0\u00bbname\u00a0\u00bb:\u00a0\u00bbMusique\u00a0\u00bb,\u00a0\u00bbsite\u00a0\u00bb:{}},{\u00ab\u00a0_id\u00a0\u00bb:\u00a0\u00bb\/culture-loisirs\/sortir-region-parisienne\u00a0\u00bb,\u00a0\u00bbname\u00a0\u00bb:\u00a0\u00bbSorties IDF &#038; Oise\u00a0\u00bb,\u00a0\u00bbsite\u00a0\u00bb:{}}],\u00a0\u00bbname\u00a0\u00bb:\u00a0\u00bbCulture &#038; loisirs\u00a0\u00bb,\u00a0\u00bbsite\u00a0\u00bb:{}},{\u00ab\u00a0_id\u00a0\u00bb:\u00a0\u00bb\/meteo\u00a0\u00bb,\u00a0\u00bbchildren\u00a0\u00bb:[],\u00a0\u00bbname\u00a0\u00bb:\u00a0\u00bbM\u00e9t\u00e9o\u00a0\u00bb,\u00a0\u00bbsite\u00a0\u00bb:{}},{\u00ab\u00a0_id\u00a0\u00bb:\u00a0\u00bb\/en-region\u00a0\u00bb,\u00a0\u00bbchildren\u00a0\u00bb:[{\u00ab\u00a0_id\u00a0\u00bb:\u00a0\u00bb\/aube-10&Prime;,\u00a0\u00bbname\u00a0\u00bb:\u00a0\u00bbAube\u00a0\u00bb,\u00a0\u00bbsite\u00a0\u00bb:{}},{\u00ab\u00a0_id\u00a0\u00bb:\u00a0\u00bb\/calvados-14&Prime;,\u00a0\u00bbname\u00a0\u00bb:\u00a0\u00bbCalvados\u00a0\u00bb,\u00a0\u00bbsite\u00a0\u00bb:{}},{\u00ab\u00a0_id\u00a0\u00bb:\u00a0\u00bb\/charente-maritime-17&Prime;,\u00a0\u00bbname\u00a0\u00bb:\u00a0\u00bbCharente-Maritime\u00a0\u00bb,\u00a0\u00bbsite\u00a0\u00bb:{}},{\u00ab\u00a0_id\u00a0\u00bb:\u00a0\u00bb\/eure-27&Prime;,\u00a0\u00bbname\u00a0\u00bb:\u00a0\u00bbEure\u00a0\u00bb,\u00a0\u00bbsite\u00a0\u00bb:{}},{\u00ab\u00a0_id\u00a0\u00bb:\u00a0\u00bb\/eure-et-loir-28&Prime;,\u00a0\u00bbname\u00a0\u00bb:\u00a0\u00bbEure-et-Loir\u00a0\u00bb,\u00a0\u00bbsite\u00a0\u00bb:{}},{\u00ab\u00a0_id\u00a0\u00bb:\u00a0\u00bb\/finistere-29&Prime;,\u00a0\u00bbname\u00a0\u00bb:\u00a0\u00bbFinist\u00e8re\u00a0\u00bb,\u00a0\u00bbsite\u00a0\u00bb:{}},{\u00ab\u00a0_id\u00a0\u00bb:\u00a0\u00bb\/haute-garonne-31&Prime;,\u00a0\u00bbname\u00a0\u00bb:\u00a0\u00bbHaute-Garonne\u00a0\u00bb,\u00a0\u00bbsite\u00a0\u00bb:{}},{\u00ab\u00a0_id\u00a0\u00bb:\u00a0\u00bb\/loiret-45&Prime;,\u00a0\u00bbname\u00a0\u00bb:\u00a0\u00bbLoiret\u00a0\u00bb,\u00a0\u00bbsite\u00a0\u00bb:{}},{\u00ab\u00a0_id\u00a0\u00bb:\u00a0\u00bb\/marne-51&Prime;,\u00a0\u00bbname\u00a0\u00bb:\u00a0\u00bbMarne\u00a0\u00bb,\u00a0\u00bbsite\u00a0\u00bb:{}},{\u00ab\u00a0_id\u00a0\u00bb:\u00a0\u00bb\/puy-de-dome-63&Prime;,\u00a0\u00bbname\u00a0\u00bb:\u00a0\u00bbPuy-de-D\u00f4me\u00a0\u00bb,\u00a0\u00bbsite\u00a0\u00bb:{}},{\u00ab\u00a0_id\u00a0\u00bb:\u00a0\u00bb\/pyrenees-orientales-66&Prime;,\u00a0\u00bbname\u00a0\u00bb:\u00a0\u00bbPyr\u00e9n\u00e9es-Orientales\u00a0\u00bb,\u00a0\u00bbsite\u00a0\u00bb:{}},{\u00ab\u00a0_id\u00a0\u00bb:\u00a0\u00bb\/seine-maritime-76&Prime;,\u00a0\u00bbname\u00a0\u00bb:\u00a0\u00bbSeine-Maritime\u00a0\u00bb,\u00a0\u00bbsite\u00a0\u00bb:{}}],\u00a0\u00bbname\u00a0\u00bb:\u00a0\u00bbEn r\u00e9gion\u00a0\u00bb,\u00a0\u00bbsite\u00a0\u00bb:{\u00ab\u00a0is_clickable_on_menu\u00a0\u00bb:\u00a0\u00bbtrue\u00a0\u00bb}},{\u00ab\u00a0_id\u00a0\u00bb:\u00a0\u00bb\/week-end\u00a0\u00bb,\u00a0\u00bbchildren\u00a0\u00bb:[],\u00a0\u00bbname\u00a0\u00bb:\u00a0\u00bbLe Parisien Week-end\u00a0\u00bb,\u00a0\u00bbsite\u00a0\u00bb:{}},{\u00ab\u00a0_id\u00a0\u00bb:\u00a0\u00bb\/etudiant\u00a0\u00bb,\u00a0\u00bbchildren\u00a0\u00bb:[{\u00ab\u00a0_id\u00a0\u00bb:\u00a0\u00bb\/etudiant\/etudes\u00a0\u00bb,\u00a0\u00bbname\u00a0\u00bb:\u00a0\u00bbEnseignement sup\u00e9rieur\u00a0\u00bb,\u00a0\u00bbsite\u00a0\u00bb:{\u00ab\u00a0is_clickable_on_menu\u00a0\u00bb:\u00a0\u00bbtrue\u00a0\u00bb}},{\u00ab\u00a0_id\u00a0\u00bb:\u00a0\u00bb\/etudiant\/lycee\u00a0\u00bb,\u00a0\u00bbname\u00a0\u00bb:\u00a0\u00bbLyc\u00e9e\u00a0\u00bb,\u00a0\u00bbsite\u00a0\u00bb:{\u00ab\u00a0is_clickable_on_menu\u00a0\u00bb:\u00a0\u00bbtrue\u00a0\u00bb}},{\u00ab\u00a0_id\u00a0\u00bb:\u00a0\u00bb\/etudiant\/college\u00a0\u00bb,\u00a0\u00bbname\u00a0\u00bb:\u00a0\u00bbColl\u00e8ge\u00a0\u00bb,\u00a0\u00bbsite\u00a0\u00bb:{\u00ab\u00a0is_clickable_on_menu\u00a0\u00bb:\u00a0\u00bbtrue\u00a0\u00bb}},{\u00ab\u00a0_id\u00a0\u00bb:\u00a0\u00bblink-EDGWJW5SNBGGXH7O2NQ6ZX2C24&Prime;,\u00a0\u00bbdisplay_name\u00a0\u00bb:\u00a0\u00bbGuide des m\u00e9tiers\u00a0\u00bb,\u00a0\u00bburl\u00a0\u00bb:\u00a0\u00bb\/etudiant\/guide-metiers\u00a0\u00bb},{\u00ab\u00a0_id\u00a0\u00bb:\u00a0\u00bb\/etudiant\/vie-etudiante\u00a0\u00bb,\u00a0\u00bbname\u00a0\u00bb:\u00a0\u00bbVie \u00e9tudiante\u00a0\u00bb,\u00a0\u00bbsite\u00a0\u00bb:{\u00ab\u00a0is_clickable_on_menu\u00a0\u00bb:\u00a0\u00bbtrue\u00a0\u00bb}},{\u00ab\u00a0_id\u00a0\u00bb:\u00a0\u00bb\/etudiant\/jobs-stages\u00a0\u00bb,\u00a0\u00bbname\u00a0\u00bb:\u00a0\u00bbJobs Stages\u00a0\u00bb,\u00a0\u00bbsite\u00a0\u00bb:{\u00ab\u00a0is_clickable_on_menu\u00a0\u00bb:\u00a0\u00bbtrue\u00a0\u00bb}},{\u00ab\u00a0_id\u00a0\u00bb:\u00a0\u00bb\/etudiant\/sortir\u00a0\u00bb,\u00a0\u00bbname\u00a0\u00bb:\u00a0\u00bbAgenda sorties\u00a0\u00bb,\u00a0\u00bbsite\u00a0\u00bb:{\u00ab\u00a0is_clickable_on_menu\u00a0\u00bb:\u00a0\u00bbtrue\u00a0\u00bb}},{\u00ab\u00a0_id\u00a0\u00bb:\u00a0\u00bblink-2TBO3QWLMZFYPEDVNSTN3TYGI4&Prime;,\u00a0\u00bbdisplay_name\u00a0\u00bb:\u00a0\u00bbR\u00e9veillon 2026&Prime;,\u00a0\u00bburl\u00a0\u00bb:\u00a0\u00bbhttps:\/\/www.leparisien.fr\/etudiant\/sortir\/paris\/reveillon\/\u00a0\u00bb}],\u00a0\u00bbname\u00a0\u00bb:\u00a0\u00bbLe Parisien \u00c9tudiant\u00a0\u00bb,\u00a0\u00bbsite\u00a0\u00bb:{\u00ab\u00a0is_clickable_on_menu\u00a0\u00bb:\u00a0\u00bbtrue\u00a0\u00bb}},{\u00ab\u00a0_id\u00a0\u00bb:\u00a0\u00bblink-EMKBI7BJXVBWVDRJ44OKJI6UMM\u00a0\u00bb,\u00a0\u00bbchildren\u00a0\u00bb:[],\u00a0\u00bbdisplay_name\u00a0\u00bb:\u00a0\u00bbLe Parisien Jardin\u00a0\u00bb,\u00a0\u00bburl\u00a0\u00bb:\u00a0\u00bb\/jardin\u00a0\u00bb},{\u00ab\u00a0_id\u00a0\u00bb:\u00a0\u00bblink-0C1X4Q949N1H331X6DX63HRF2W\u00a0\u00bb,\u00a0\u00bbchildren\u00a0\u00bb:[],\u00a0\u00bbdisplay_name\u00a0\u00bb:\u00a0\u00bbLe Parisien Jeux\u00a0\u00bb,\u00a0\u00bburl\u00a0\u00bb:\u00a0\u00bb\/jeux\u00a0\u00bb},{\u00ab\u00a0_id\u00a0\u00bb:\u00a0\u00bblink-JBUVMA7XQVHNPMKQ6EPRAHHOAE\u00a0\u00bb,\u00a0\u00bbchildren\u00a0\u00bb:[],\u00a0\u00bbdisplay_name\u00a0\u00bb:\u00a0\u00bbGuide d&rsquo;achat\u00a0\u00bb,\u00a0\u00bburl\u00a0\u00bb:\u00a0\u00bb\/guide-shopping\u00a0\u00bb},{\u00ab\u00a0_id\u00a0\u00bb:\u00a0\u00bb\/video\u00a0\u00bb,\u00a0\u00bbchildren\u00a0\u00bb:[{\u00ab\u00a0_id\u00a0\u00bb:\u00a0\u00bb\/biclou\u00a0\u00bb,\u00a0\u00bbname\u00a0\u00bb:\u00a0\u00bbBiclou\u00a0\u00bb,\u00a0\u00bbsite\u00a0\u00bb:{\u00ab\u00a0is_clickable_on_menu\u00a0\u00bb:\u00a0\u00bbtrue\u00a0\u00bb}},{\u00ab\u00a0_id\u00a0\u00bb:\u00a0\u00bb\/food-checking\u00a0\u00bb,\u00a0\u00bbname\u00a0\u00bb:\u00a0\u00bbFood-checking\u00a0\u00bb,\u00a0\u00bbsite\u00a0\u00bb:{\u00ab\u00a0is_clickable_on_menu\u00a0\u00bb:\u00a0\u00bbtrue\u00a0\u00bb}},{\u00ab\u00a0_id\u00a0\u00bb:\u00a0\u00bb\/video\/le-touriste\u00a0\u00bb,\u00a0\u00bbname\u00a0\u00bb:\u00a0\u00bbLe Touriste\u00a0\u00bb,\u00a0\u00bbsite\u00a0\u00bb:{}}],\u00a0\u00bbname\u00a0\u00bb:\u00a0\u00bbVid\u00e9os\u00a0\u00bb,\u00a0\u00bbsite\u00a0\u00bb:{}},{\u00ab\u00a0_id\u00a0\u00bb:\u00a0\u00bb\/podcasts\u00a0\u00bb,\u00a0\u00bbchildren\u00a0\u00bb:[{\u00ab\u00a0_id\u00a0\u00bb:\u00a0\u00bb\/podcasts\/code-source\u00a0\u00bb,\u00a0\u00bbname\u00a0\u00bb:\u00a0\u00bbCode source\u00a0\u00bb,\u00a0\u00bbsite\u00a0\u00bb:{}},{\u00ab\u00a0_id\u00a0\u00bb:\u00a0\u00bb\/podcasts\/crime-story\u00a0\u00bb,\u00a0\u00bbname\u00a0\u00bb:\u00a0\u00bbCrime story\u00a0\u00bb,\u00a0\u00bbsite\u00a0\u00bb:{\u00ab\u00a0is_clickable_on_menu\u00a0\u00bb:\u00a0\u00bbtrue\u00a0\u00bb}},{\u00ab\u00a0_id\u00a0\u00bb:\u00a0\u00bb\/podcasts\/le-sacre\u00a0\u00bb,\u00a0\u00bbname\u00a0\u00bb:\u00a0\u00bbLe Sacre\u00a0\u00bb,\u00a0\u00bbsite\u00a0\u00bb:{\u00ab\u00a0is_clickable_on_menu\u00a0\u00bb:\u00a0\u00bbtrue\u00a0\u00bb}}],\u00a0\u00bbname\u00a0\u00bb:\u00a0\u00bbPodcasts\u00a0\u00bb,\u00a0\u00bbsite\u00a0\u00bb:{}},{\u00ab\u00a0_id\u00a0\u00bb:\u00a0\u00bblink-QQU4NYD8BN0XZ3CAQ45EVQ2HYM\u00a0\u00bb,\u00a0\u00bbchildren\u00a0\u00bb:[],\u00a0\u00bbdisplay_name\u00a0\u00bb:\u00a0\u00bbNewsletters\u00a0\u00bb,\u00a0\u00bburl\u00a0\u00bb:\u00a0\u00bb\/inscription-newsletters\u00a0\u00bb},{\u00ab\u00a0_id\u00a0\u00bb:\u00a0\u00bblink-NFAA5D34P50ET85EVJRV7AYWAR\u00a0\u00bb,\u00a0\u00bbchildren\u00a0\u00bb:[],\u00a0\u00bbdisplay_name\u00a0\u00bb:\u00a0\u00bbJournal\u00a0\u00bb,\u00a0\u00bburl\u00a0\u00bb:\u00a0\u00bbhttps:\/\/www.kiosque.leparisien.fr\/\u00a0\u00bb},{\u00ab\u00a0_id\u00a0\u00bb:\u00a0\u00bblink-VT3PMSVXKZDW3PKZITTV5ZBDAA\u00a0\u00bb,\u00a0\u00bbchildren\u00a0\u00bb:[],\u00a0\u00bbdisplay_name\u00a0\u00bb:\u00a0\u00bbBoutique\u00a0\u00bb,\u00a0\u00bburl\u00a0\u00bb:\u00a0\u00bbhttps:\/\/abonnement.leparisien.fr\/hors-serie\u00a0\u00bb},{\u00ab\u00a0_id\u00a0\u00bb:\u00a0\u00bb\/annonces\u00a0\u00bb,\u00a0\u00bbchildren\u00a0\u00bb:[{\u00ab\u00a0_id\u00a0\u00bb:\u00a0\u00bblink-DS2YVERH4ZGG5IG4OFN65TGF6M\u00a0\u00bb,\u00a0\u00bbdisplay_name\u00a0\u00bb:\u00a0\u00bbAnnonces immobili\u00e8res\u00a0\u00bb,\u00a0\u00bburl\u00a0\u00bb:\u00a0\u00bbhttps:\/\/www.leparisien.fr\/nos-services\/annonces-immobilieres\/\u00a0\u00bb},{\u00ab\u00a0_id\u00a0\u00bb:\u00a0\u00bblink-96PM3HPAPD2QV8VNJQK51D2KZC\u00a0\u00bb,\u00a0\u00bbdisplay_name\u00a0\u00bb:\u00a0\u00bbAvis de d\u00e9c\u00e8s\u00a0\u00bb,\u00a0\u00bburl\u00a0\u00bb:\u00a0\u00bbhttps:\/\/carnet.leparisien.fr\/\u00a0\u00bb},{\u00ab\u00a0_id\u00a0\u00bb:\u00a0\u00bblink-H0QXF8QEJT2F707TW9FR4HYMQM\u00a0\u00bb,\u00a0\u00bbdisplay_name\u00a0\u00bb:\u00a0\u00bbAnnonces l\u00e9gales\u00a0\u00bb,\u00a0\u00bburl\u00a0\u00bb:\u00a0\u00bbhttps:\/\/annonces-legales.leparisien.fr\/\u00a0\u00bb},{\u00ab\u00a0_id\u00a0\u00bb:\u00a0\u00bblink-PN367P2VG5745792GVQE8X11FG\u00a0\u00bb,\u00a0\u00bbdisplay_name\u00a0\u00bb:\u00a0\u00bbMarch\u00e9s publics\u00a0\u00bb,\u00a0\u00bburl\u00a0\u00bb:\u00a0\u00bbhttps:\/\/avisdemarches.leparisien.fr\/\u00a0\u00bb},{\u00ab\u00a0_id\u00a0\u00bb:\u00a0\u00bblink-JNVWDN635VDLNDWGT4O2N4FDUM\u00a0\u00bb,\u00a0\u00bbdisplay_name\u00a0\u00bb:\u00a0\u00bbEnch\u00e8res publiques\u00a0\u00bb,\u00a0\u00bburl\u00a0\u00bb:\u00a0\u00bbhttps:\/\/ventes-aux-encheres.leparisien.fr\/\u00a0\u00bb}],\u00a0\u00bbname\u00a0\u00bb:\u00a0\u00bbAnnonces\u00a0\u00bb,\u00a0\u00bbsite\u00a0\u00bb:{\u00ab\u00a0is_clickable_on_menu\u00a0\u00bb:\u00a0\u00bbfalse\u00a0\u00bb}},{\u00ab\u00a0_id\u00a0\u00bb:\u00a0\u00bb\/nos-services\u00a0\u00bb,\u00a0\u00bbchildren\u00a0\u00bb:[{\u00ab\u00a0_id\u00a0\u00bb:\u00a0\u00bblink-FJ9WQRGY112Q980R32ZUEB8D50&Prime;,\u00a0\u00bbdisplay_name\u00a0\u00bb:\u00a0\u00bbCours d&rsquo;anglais\u00a0\u00bb,\u00a0\u00bburl\u00a0\u00bb:\u00a0\u00bbhttps:\/\/cours-anglais.leparisien.fr\/\u00a0\u00bb},{\u00ab\u00a0_id\u00a0\u00bb:\u00a0\u00bblink-3WNPNDBUU534N10GTYZU37ZPAC\u00a0\u00bb,\u00a0\u00bbdisplay_name\u00a0\u00bb:\u00a0\u00bbNos applications\u00a0\u00bb,\u00a0\u00bburl\u00a0\u00bb:\u00a0\u00bbhttps:\/\/www.leparisien.fr\/applications\/\u00a0\u00bb},{\u00ab\u00a0_id\u00a0\u00bb:\u00a0\u00bblink-XUFE6J20ZD2Z10RQKZ377J5QK4&Prime;,\u00a0\u00bbdisplay_name\u00a0\u00bb:\u00a0\u00bbComparateurs\u00a0\u00bb,\u00a0\u00bburl\u00a0\u00bb:\u00a0\u00bbhttps:\/\/comparateur.leparisien.fr\/\u00a0\u00bb},{\u00ab\u00a0_id\u00a0\u00bb:\u00a0\u00bblink-HZBZ0TWU9X3KD88989K9JZNF4M\u00a0\u00bb,\u00a0\u00bbdisplay_name\u00a0\u00bb:\u00a0\u00bbJeux Concours\u00a0\u00bb,\u00a0\u00bburl\u00a0\u00bb:\u00a0\u00bb\/jeux\/jeu-concours.php\u00a0\u00bb},{\u00ab\u00a0_id\u00a0\u00bb:\u00a0\u00bblink-PBN1N2E5316XX10RG10Q7H636R\u00a0\u00bb,\u00a0\u00bbdisplay_name\u00a0\u00bb:\u00a0\u00bbBilletterie\u00a0\u00bb,\u00a0\u00bburl\u00a0\u00bb:\u00a0\u00bbhttps:\/\/www.ticketmaster.fr\/fr\/index\/idtier\/43209120&Prime;},{\u00ab\u00a0_id\u00a0\u00bb:\u00a0\u00bblink-K6TDGRUCPFCWFDY6RJS5L5QBWM\u00a0\u00bb,\u00a0\u00bbdisplay_name\u00a0\u00bb:\u00a0\u00bbAnnonces immobili\u00e8res\u00a0\u00bb,\u00a0\u00bburl\u00a0\u00bb:\u00a0\u00bbhttps:\/\/www.leparisien.fr\/nos-services\/annonces-immobilieres\/\u00a0\u00bb}],\u00a0\u00bbname\u00a0\u00bb:\u00a0\u00bbServices\u00a0\u00bb,\u00a0\u00bbsite\u00a0\u00bb:{}},{\u00ab\u00a0_id\u00a0\u00bb:\u00a0\u00bblink-7AWCQT0FRN39199PD9Q658Z8VM\u00a0\u00bb,\u00a0\u00bbchildren\u00a0\u00bb:[],\u00a0\u00bbdisplay_name\u00a0\u00bb:\u00a0\u00bbContacter la r\u00e9daction\u00a0\u00bb,\u00a0\u00bburl\u00a0\u00bb:\u00a0\u00bb\/contact\u00a0\u00bb}],\u00a0\u00bb_id\u00a0\u00bb:\u00a0\u00bbhttps:\/\/www.leparisien.fr\/\u00a0\u00bb},\u00a0\u00bbexpires\u00a0\u00bb:1762162133759,\u00a0\u00bblastModified\u00a0\u00bb:1762161533292},\u00a0\u00bb{\\\u00a0\u00bb_id\\\u00a0\u00bb:\\\u00a0\u00bb\/\\\u00a0\u00bb,\\\u00a0\u00bb_website\\\u00a0\u00bb:\\\u00a0\u00bbleparisien\\\u00a0\u00bb,\\\u00a0\u00bbhierarchy\\\u00a0\u00bb:\\\u00a0\u00bbnav\\\u00a0\u00bb}\u00a0\u00bb:{\u00ab\u00a0data\u00a0\u00bb:{\u00ab\u00a0children\u00a0\u00bb:[{\u00ab\u00a0_id\u00a0\u00bb:\u00a0\u00bblink-2H5K0UW5J93258EYKHNEREX460&Prime;,\u00a0\u00bbchildren\u00a0\u00bb:[],\u00a0\u00bbdisplay_name\u00a0\u00bb:\u00a0\u00bb\u00c0 la une\u00a0\u00bb,\u00a0\u00bburl\u00a0\u00bb:\u00a0\u00bbhttps:\/\/www.leparisien.fr\/\u00a0\u00bb},{\u00ab\u00a0_id\u00a0\u00bb:\u00a0\u00bblink-CARE3IWDTNFIHIGE5CNV3X47YQ\u00a0\u00bb,\u00a0\u00bbchildren\u00a0\u00bb:[],\u00a0\u00bbdisplay_name\u00a0\u00bb:\u00a0\u00bbEn continu\u00a0\u00bb,\u00a0\u00bburl\u00a0\u00bb:\u00a0\u00bb\/actualites-en-continu\u00a0\u00bb},{\u00ab\u00a0_id\u00a0\u00bb:\u00a0\u00bb\/info-paris-ile-de-france-oise\u00a0\u00bb,\u00a0\u00bbchildren\u00a0\u00bb:[{\u00ab\u00a0_id\u00a0\u00bb:\u00a0\u00bb\/paris-75&Prime;,\u00a0\u00bbname\u00a0\u00bb:\u00a0\u00bbParis\u00a0\u00bb,\u00a0\u00bbsite\u00a0\u00bb:{}},{\u00ab\u00a0_id\u00a0\u00bb:\u00a0\u00bb\/essonne-91&Prime;,\u00a0\u00bbname\u00a0\u00bb:\u00a0\u00bbEssonne\u00a0\u00bb,\u00a0\u00bbsite\u00a0\u00bb:{}},{\u00ab\u00a0_id\u00a0\u00bb:\u00a0\u00bb\/hauts-de-seine-92&Prime;,\u00a0\u00bbname\u00a0\u00bb:\u00a0\u00bbHauts-de-Seine\u00a0\u00bb,\u00a0\u00bbsite\u00a0\u00bb:{}},{\u00ab\u00a0_id\u00a0\u00bb:\u00a0\u00bb\/seine-saint-denis-93&Prime;,\u00a0\u00bbname\u00a0\u00bb:\u00a0\u00bbSeine-Saint-Denis\u00a0\u00bb,\u00a0\u00bbsite\u00a0\u00bb:{}},{\u00ab\u00a0_id\u00a0\u00bb:\u00a0\u00bb\/val-de-marne-94&Prime;,\u00a0\u00bbname\u00a0\u00bb:\u00a0\u00bbVal-de-Marne\u00a0\u00bb,\u00a0\u00bbsite\u00a0\u00bb:{}},{\u00ab\u00a0_id\u00a0\u00bb:\u00a0\u00bb\/val-d-oise-95&Prime;,\u00a0\u00bbname\u00a0\u00bb:\u00a0\u00bbVal-d&rsquo;Oise\u00a0\u00bb,\u00a0\u00bbsite\u00a0\u00bb:{}},{\u00ab\u00a0_id\u00a0\u00bb:\u00a0\u00bb\/seine-et-marne-77&Prime;,\u00a0\u00bbname\u00a0\u00bb:\u00a0\u00bbSeine-et-Marne\u00a0\u00bb,\u00a0\u00bbsite\u00a0\u00bb:{}},{\u00ab\u00a0_id\u00a0\u00bb:\u00a0\u00bb\/yvelines-78&Prime;,\u00a0\u00bbname\u00a0\u00bb:\u00a0\u00bbYvelines\u00a0\u00bb,\u00a0\u00bbsite\u00a0\u00bb:{}},{\u00ab\u00a0_id\u00a0\u00bb:\u00a0\u00bb\/oise-60&Prime;,\u00a0\u00bbname\u00a0\u00bb:\u00a0\u00bbOise\u00a0\u00bb,\u00a0\u00bbsite\u00a0\u00bb:{}},{\u00ab\u00a0_id\u00a0\u00bb:\u00a0\u00bblink-75FLE22TTVCJNGKDBSZGJO3IDE\u00a0\u00bb,\u00a0\u00bbdisplay_name\u00a0\u00bb:\u00a0\u00bbTransports\u00a0\u00bb,\u00a0\u00bburl\u00a0\u00bb:\u00a0\u00bb\/info-paris-ile-de-france-oise\/transports\u00a0\u00bb}],\u00a0\u00bbname\u00a0\u00bb:\u00a0\u00bbParis &#038; \u00cele-de-France\u00a0\u00bb,\u00a0\u00bbsite\u00a0\u00bb:{}},{\u00ab\u00a0_id\u00a0\u00bb:\u00a0\u00bb\/faits-divers\u00a0\u00bb,\u00a0\u00bbchildren\u00a0\u00bb:[],\u00a0\u00bbname\u00a0\u00bb:\u00a0\u00bbFaits divers\u00a0\u00bb,\u00a0\u00bbsite\u00a0\u00bb:{}},{\u00ab\u00a0_id\u00a0\u00bb:\u00a0\u00bb\/politique\u00a0\u00bb,\u00a0\u00bbchildren\u00a0\u00bb:[],\u00a0\u00bbname\u00a0\u00bb:\u00a0\u00bbPolitique\u00a0\u00bb,\u00a0\u00bbsite\u00a0\u00bb:{}},{\u00ab\u00a0_id\u00a0\u00bb:\u00a0\u00bb\/international\u00a0\u00bb,\u00a0\u00bbchildren\u00a0\u00bb:[],\u00a0\u00bbname\u00a0\u00bb:\u00a0\u00bbInternational\u00a0\u00bb,\u00a0\u00bbsite\u00a0\u00bb:{}},{\u00ab\u00a0_id\u00a0\u00bb:\u00a0\u00bb\/economie\u00a0\u00bb,\u00a0\u00bbchildren\u00a0\u00bb:[],\u00a0\u00bbname\u00a0\u00bb:\u00a0\u00bb\u00c9conomie\u00a0\u00bb,\u00a0\u00bbsite\u00a0\u00bb:{}},{\u00ab\u00a0_id\u00a0\u00bb:\u00a0\u00bb\/societe\u00a0\u00bb,\u00a0\u00bbchildren\u00a0\u00bb:[],\u00a0\u00bbname\u00a0\u00bb:\u00a0\u00bbSoci\u00e9t\u00e9\u00a0\u00bb,\u00a0\u00bbsite\u00a0\u00bb:{}},{\u00ab\u00a0_id\u00a0\u00bb:\u00a0\u00bb\/sports\u00a0\u00bb,\u00a0\u00bbchildren\u00a0\u00bb:[],\u00a0\u00bbname\u00a0\u00bb:\u00a0\u00bbSports\u00a0\u00bb,\u00a0\u00bbsite\u00a0\u00bb:{}},{\u00ab\u00a0_id\u00a0\u00bb:\u00a0\u00bblink-QLQZ57ZTZRDSRDLYKVZN3AOLGE\u00a0\u00bb,\u00a0\u00bbchildren\u00a0\u00bb:[],\u00a0\u00bbdisplay_name\u00a0\u00bb:\u00a0\u00bbCulture\u00a0\u00bb,\u00a0\u00bburl\u00a0\u00bb:\u00a0\u00bb\/culture-loisirs\u00a0\u00bb},{\u00ab\u00a0_id\u00a0\u00bb:\u00a0\u00bblink-XVPDWNMJGN44D3KKNCHA0WJ9C0&Prime;,\u00a0\u00bbchildren\u00a0\u00bb:[],\u00a0\u00bbdisplay_name\u00a0\u00bb:\u00a0\u00bb\u00c9tudiant\u00a0\u00bb,\u00a0\u00bburl\u00a0\u00bb:\u00a0\u00bb\/etudiant\u00a0\u00bb},{\u00ab\u00a0_id\u00a0\u00bb:\u00a0\u00bb\/video\u00a0\u00bb,\u00a0\u00bbchildren\u00a0\u00bb:[],\u00a0\u00bbname\u00a0\u00bb:\u00a0\u00bbVid\u00e9os\u00a0\u00bb,\u00a0\u00bbsite\u00a0\u00bb:{}},{\u00ab\u00a0_id\u00a0\u00bb:\u00a0\u00bb\/guide-shopping\u00a0\u00bb,\u00a0\u00bbchildren\u00a0\u00bb:[],\u00a0\u00bbname\u00a0\u00bb:\u00a0\u00bbGuide d&rsquo;achat\u00a0\u00bb,\u00a0\u00bbsite\u00a0\u00bb:{}},{\u00ab\u00a0_id\u00a0\u00bb:\u00a0\u00bblink-LQXHVOZW6FENBABZ5WUDIF4TWA\u00a0\u00bb,\u00a0\u00bbchildren\u00a0\u00bb:[],\u00a0\u00bbdisplay_name\u00a0\u00bb:\u00a0\u00bbJardin\u00a0\u00bb,\u00a0\u00bburl\u00a0\u00bb:\u00a0\u00bbhttps:\/\/www.leparisien.fr\/jardin\/\u00a0\u00bb}],\u00a0\u00bb_id\u00a0\u00bb:\u00a0\u00bbhttps:\/\/www.leparisien.fr\/\u00a0\u00bb},\u00a0\u00bbexpires\u00a0\u00bb:1762162210662,\u00a0\u00bblastModified\u00a0\u00bb:1762161610415},\u00a0\u00bb{\\\u00a0\u00bb_id\\\u00a0\u00bb:\\\u00a0\u00bb\/\\\u00a0\u00bb,\\\u00a0\u00bb_website\\\u00a0\u00bb:\\\u00a0\u00bbleparisien\\\u00a0\u00bb,\\\u00a0\u00bbhierarchy\\\u00a0\u00bb:\\\u00a0\u00bbentretien-exterieurs\\\u00a0\u00bb}\u00a0\u00bb:{\u00ab\u00a0data\u00a0\u00bb:{\u00ab\u00a0_website\u00a0\u00bb:\u00a0\u00bbleparisien\u00a0\u00bb,\u00a0\u00bb_id\u00a0\u00bb:\u00a0\u00bbhttps:\/\/www.leparisien.fr\/\u00a0\u00bb,\u00a0\u00bbname\u00a0\u00bb:\u00a0\u00bbLe Parisien\u00a0\u00bb,\u00a0\u00bbnode_type\u00a0\u00bb:\u00a0\u00bbsection\u00a0\u00bb,\u00a0\u00bbchildren\u00a0\u00bb:[{\u00ab\u00a0_id\u00a0\u00bb:\u00a0\u00bblink-YI4EOL6FFJA6HAECOJ6X5PNFGQ\u00a0\u00bb,\u00a0\u00bb_website\u00a0\u00bb:\u00a0\u00bbleparisien\u00a0\u00bb,\u00a0\u00bbdisplay_name\u00a0\u00bb:\u00a0\u00bbEntretien pelouse\u00a0\u00bb,\u00a0\u00bburl\u00a0\u00bb:\u00a0\u00bbhttps:\/\/www.leparisien.fr\/jardin\/services\/service-de-tonte-de-pelouse-et-entretien-UXUAFJVETFANPOHQVBCWEY6JRY.php\u00a0\u00bb,\u00a0\u00bbparent\u00a0\u00bb:{\u00ab\u00a0entretien-exterieurs\u00a0\u00bb:\u00a0\u00bbhttps:\/\/www.leparisien.fr\/\u00a0\u00bb},\u00a0\u00bborder\u00a0\u00bb:{\u00ab\u00a0entretien-exterieurs\u00a0\u00bb:1001},\u00a0\u00bbnode_type\u00a0\u00bb:\u00a0\u00bblink\u00a0\u00bb,\u00a0\u00bbchildren\u00a0\u00bb:[]},{\u00ab\u00a0_id\u00a0\u00bb:\u00a0\u00bblink-QHZUEYCPWND5DFFQ3V3WZ42X4Q\u00a0\u00bb,\u00a0\u00bb_website\u00a0\u00bb:\u00a0\u00bbleparisien\u00a0\u00bb,\u00a0\u00bbdisplay_name\u00a0\u00bb:\u00a0\u00bbAbattage d\u2019arbre\u00a0\u00bb,\u00a0\u00bburl\u00a0\u00bb:\u00a0\u00bbhttps:\/\/www.leparisien.fr\/jardin\/services\/service-dabattage-darbre-KEDQ2XNJ5JE65ECP5G6A4OFA6M.php\u00a0\u00bb,\u00a0\u00bbparent\u00a0\u00bb:{\u00ab\u00a0entretien-exterieurs\u00a0\u00bb:\u00a0\u00bbhttps:\/\/www.leparisien.fr\/\u00a0\u00bb},\u00a0\u00bborder\u00a0\u00bb:{\u00ab\u00a0entretien-exterieurs\u00a0\u00bb:1002},\u00a0\u00bbnode_type\u00a0\u00bb:\u00a0\u00bblink\u00a0\u00bb,\u00a0\u00bbchildren\u00a0\u00bb:[]},{\u00ab\u00a0_id\u00a0\u00bb:\u00a0\u00bblink-SHCWNUIWDZGYBJVJT76ATZYOUQ\u00a0\u00bb,\u00a0\u00bb_website\u00a0\u00bb:\u00a0\u00bbleparisien\u00a0\u00bb,\u00a0\u00bbdisplay_name\u00a0\u00bb:\u00a0\u00bbPaysagiste\u00a0\u00bb,\u00a0\u00bburl\u00a0\u00bb:\u00a0\u00bbhttps:\/\/www.leparisien.fr\/jardin\/services\/paysagiste-a-domicile-QUI524ONOZF23ALVTGSD5O4PR4.php\u00a0\u00bb,\u00a0\u00bbparent\u00a0\u00bb:{\u00ab\u00a0entretien-exterieurs\u00a0\u00bb:\u00a0\u00bbhttps:\/\/www.leparisien.fr\/\u00a0\u00bb},\u00a0\u00bborder\u00a0\u00bb:{\u00ab\u00a0entretien-exterieurs\u00a0\u00bb:1003},\u00a0\u00bbnode_type\u00a0\u00bb:\u00a0\u00bblink\u00a0\u00bb,\u00a0\u00bbchildren\u00a0\u00bb:[]},{\u00ab\u00a0_id\u00a0\u00bb:\u00a0\u00bblink-OTRMJ6S5AZCIHKJAQA7LHTM57A\u00a0\u00bb,\u00a0\u00bb_website\u00a0\u00bb:\u00a0\u00bbleparisien\u00a0\u00bb,\u00a0\u00bbdisplay_name\u00a0\u00bb:\u00a0\u00bbEntretien du jardin\u00a0\u00bb,\u00a0\u00bburl\u00a0\u00bb:\u00a0\u00bbhttps:\/\/www.leparisien.fr\/jardin\/services\/jardinage-a-domicile-et-entretien-du-jardin-AQH777DWHBGYRDDQQNY33VDI5A.php\u00a0\u00bb,\u00a0\u00bbparent\u00a0\u00bb:{\u00ab\u00a0entretien-exterieurs\u00a0\u00bb:\u00a0\u00bbhttps:\/\/www.leparisien.fr\/\u00a0\u00bb},\u00a0\u00bborder\u00a0\u00bb:{\u00ab\u00a0entretien-exterieurs\u00a0\u00bb:1004},\u00a0\u00bbnode_type\u00a0\u00bb:\u00a0\u00bblink\u00a0\u00bb,\u00a0\u00bbchildren\u00a0\u00bb:[]},{\u00ab\u00a0_id\u00a0\u00bb:\u00a0\u00bblink-UQYSFQ6RZFC77EOGHBFPVPAJIA\u00a0\u00bb,\u00a0\u00bb_website\u00a0\u00bb:\u00a0\u00bbleparisien\u00a0\u00bb,\u00a0\u00bbdisplay_name\u00a0\u00bb:\u00a0\u00bbAm\u00e9nagement terrasse\u00a0\u00bb,\u00a0\u00bburl\u00a0\u00bb:\u00a0\u00bbhttps:\/\/www.leparisien.fr\/jardin\/service-8-construction-pose-et-amenagement-terrasse-NQ73NXTBLVAANAE26BG36RZVVE.php\u00a0\u00bb,\u00a0\u00bbparent\u00a0\u00bb:{\u00ab\u00a0entretien-exterieurs\u00a0\u00bb:\u00a0\u00bbhttps:\/\/www.leparisien.fr\/\u00a0\u00bb},\u00a0\u00bborder\u00a0\u00bb:{\u00ab\u00a0entretien-exterieurs\u00a0\u00bb:1005},\u00a0\u00bbnode_type\u00a0\u00bb:\u00a0\u00bblink\u00a0\u00bb,\u00a0\u00bbchildren\u00a0\u00bb:[]},{\u00ab\u00a0_id\u00a0\u00bb:\u00a0\u00bblink-3UU5LBEHNJCU5BWIN4T2UMWXSI\u00a0\u00bb,\u00a0\u00bb_website\u00a0\u00bb:\u00a0\u00bbleparisien\u00a0\u00bb,\u00a0\u00bbdisplay_name\u00a0\u00bb:\u00a0\u00bbEntretien arbres\u00a0\u00bb,\u00a0\u00bburl\u00a0\u00bb:\u00a0\u00bbhttps:\/\/www.leparisien.fr\/jardin\/services\/elagage-et-taille-darbre-a-domicile-GGWHSQVRJNCE3D3TIW642IWJVM.php\u00a0\u00bb,\u00a0\u00bbparent\u00a0\u00bb:{\u00ab\u00a0entretien-exterieurs\u00a0\u00bb:\u00a0\u00bbhttps:\/\/www.leparisien.fr\/\u00a0\u00bb},\u00a0\u00bborder\u00a0\u00bb:{\u00ab\u00a0entretien-exterieurs\u00a0\u00bb:1006},\u00a0\u00bbnode_type\u00a0\u00bb:\u00a0\u00bblink\u00a0\u00bb,\u00a0\u00bbchildren\u00a0\u00bb:[]},{\u00ab\u00a0_id\u00a0\u00bb:\u00a0\u00bblink-RVEZGAZJ6FCUNLDQZZ2LL24GEI\u00a0\u00bb,\u00a0\u00bb_website\u00a0\u00bb:\u00a0\u00bbleparisien\u00a0\u00bb,\u00a0\u00bbdisplay_name\u00a0\u00bb:\u00a0\u00bbAm\u00e9nagement all\u00e9e de jardin\u00a0\u00bb,\u00a0\u00bburl\u00a0\u00bb:\u00a0\u00bbhttps:\/\/www.leparisien.fr\/jardin\/services\/amenagement-allee-de-jardin-6P3X3ZM7OJFPTAEM4T463C3AKI.php\u00a0\u00bb,\u00a0\u00bbparent\u00a0\u00bb:{\u00ab\u00a0entretien-exterieurs\u00a0\u00bb:\u00a0\u00bbhttps:\/\/www.leparisien.fr\/\u00a0\u00bb},\u00a0\u00bborder\u00a0\u00bb:{\u00ab\u00a0entretien-exterieurs\u00a0\u00bb:1007},\u00a0\u00bbnode_type\u00a0\u00bb:\u00a0\u00bblink\u00a0\u00bb,\u00a0\u00bbchildren\u00a0\u00bb:[]},{\u00ab\u00a0_id\u00a0\u00bb:\u00a0\u00bblink-M3IOR4HBAZDMLLAWM5ZP62YSGU\u00a0\u00bb,\u00a0\u00bb_website\u00a0\u00bb:\u00a0\u00bbleparisien\u00a0\u00bb,\u00a0\u00bbdisplay_name\u00a0\u00bb:\u00a0\u00bbPose de v\u00e9randa\u00a0\u00bb,\u00a0\u00bburl\u00a0\u00bb:\u00a0\u00bbhttps:\/\/www.leparisien.fr\/jardin\/services\/installation-de-veranda-NFM4CXHW5BASZF3YMM75OLPZGI.php\u00a0\u00bb,\u00a0\u00bbparent\u00a0\u00bb:{\u00ab\u00a0entretien-exterieurs\u00a0\u00bb:\u00a0\u00bbhttps:\/\/www.leparisien.fr\/\u00a0\u00bb},\u00a0\u00bborder\u00a0\u00bb:{\u00ab\u00a0entretien-exterieurs\u00a0\u00bb:1008},\u00a0\u00bbnode_type\u00a0\u00bb:\u00a0\u00bblink\u00a0\u00bb,\u00a0\u00bbchildren\u00a0\u00bb:[]},{\u00ab\u00a0_id\u00a0\u00bb:\u00a0\u00bblink-DWIGRU3PZVHBTCB7D4IY3KLKJQ\u00a0\u00bb,\u00a0\u00bb_website\u00a0\u00bb:\u00a0\u00bbleparisien\u00a0\u00bb,\u00a0\u00bbdisplay_name\u00a0\u00bb:\u00a0\u00bbInstallation de portail\u00a0\u00bb,\u00a0\u00bburl\u00a0\u00bb:\u00a0\u00bbhttps:\/\/www.leparisien.fr\/jardin\/services\/installation-de-portail-ZJQTCSYIDZCDNN4LUCWGSZKCVQ.php\u00a0\u00bb,\u00a0\u00bbparent\u00a0\u00bb:{\u00ab\u00a0entretien-exterieurs\u00a0\u00bb:\u00a0\u00bbhttps:\/\/www.leparisien.fr\/\u00a0\u00bb},\u00a0\u00bborder\u00a0\u00bb:{\u00ab\u00a0entretien-exterieurs\u00a0\u00bb:1009},\u00a0\u00bbnode_type\u00a0\u00bb:\u00a0\u00bblink\u00a0\u00bb,\u00a0\u00bbchildren\u00a0\u00bb:[]},{\u00ab\u00a0_id\u00a0\u00bb:\u00a0\u00bblink-TRYZEMHRZZBYNNEVCQFDCFGDIM\u00a0\u00bb,\u00a0\u00bb_website\u00a0\u00bb:\u00a0\u00bbleparisien\u00a0\u00bb,\u00a0\u00bbdisplay_name\u00a0\u00bb:\u00a0\u00bbPose de pergola\u00a0\u00bb,\u00a0\u00bburl\u00a0\u00bb:\u00a0\u00bbhttps:\/\/www.leparisien.fr\/jardin\/services\/installation-de-pergola-ZRO4E2TKBFHRJKT67BCVDCPNZQ.php\u00a0\u00bb,\u00a0\u00bbparent\u00a0\u00bb:{\u00ab\u00a0entretien-exterieurs\u00a0\u00bb:\u00a0\u00bbhttps:\/\/www.leparisien.fr\/\u00a0\u00bb},\u00a0\u00bborder\u00a0\u00bb:{\u00ab\u00a0entretien-exterieurs\u00a0\u00bb:1010},\u00a0\u00bbnode_type\u00a0\u00bb:\u00a0\u00bblink\u00a0\u00bb,\u00a0\u00bbchildren\u00a0\u00bb:[]},{\u00ab\u00a0_id\u00a0\u00bb:\u00a0\u00bblink-FCJB4JG6VVBFLO5V43KDRZQKWY\u00a0\u00bb,\u00a0\u00bb_website\u00a0\u00bb:\u00a0\u00bbleparisien\u00a0\u00bb,\u00a0\u00bbdisplay_name\u00a0\u00bb:\u00a0\u00bbPose de store banne\u00a0\u00bb,\u00a0\u00bburl\u00a0\u00bb:\u00a0\u00bbhttps:\/\/www.leparisien.fr\/jardin\/services\/pose-et-installation-de-store-banne-65NHO65FZ5BA7OMFGJR76XNCAI.php\u00a0\u00bb,\u00a0\u00bbparent\u00a0\u00bb:{\u00ab\u00a0entretien-exterieurs\u00a0\u00bb:\u00a0\u00bbhttps:\/\/www.leparisien.fr\/\u00a0\u00bb},\u00a0\u00bborder\u00a0\u00bb:{\u00ab\u00a0entretien-exterieurs\u00a0\u00bb:1011},\u00a0\u00bbnode_type\u00a0\u00bb:\u00a0\u00bblink\u00a0\u00bb,\u00a0\u00bbchildren\u00a0\u00bb:[]},{\u00ab\u00a0_id\u00a0\u00bb:\u00a0\u00bblink-GVITD3GYK5EEZD4VYJKLJYKWY4&Prime;,\u00a0\u00bb_website\u00a0\u00bb:\u00a0\u00bbleparisien\u00a0\u00bb,\u00a0\u00bbdisplay_name\u00a0\u00bb:\u00a0\u00bbMontage d\u2019abri de jardin\u00a0\u00bb,\u00a0\u00bburl\u00a0\u00bb:\u00a0\u00bbhttps:\/\/www.leparisien.fr\/jardin\/services\/montage-abri-de-jardin-GD7FELN37RHX3FBK2M3QHUJ3SU.php\u00a0\u00bb,\u00a0\u00bbparent\u00a0\u00bb:{\u00ab\u00a0entretien-exterieurs\u00a0\u00bb:\u00a0\u00bbhttps:\/\/www.leparisien.fr\/\u00a0\u00bb},\u00a0\u00bborder\u00a0\u00bb:{\u00ab\u00a0entretien-exterieurs\u00a0\u00bb:1012},\u00a0\u00bbnode_type\u00a0\u00bb:\u00a0\u00bblink\u00a0\u00bb,\u00a0\u00bbchildren\u00a0\u00bb:[]}]},\u00a0\u00bbexpires\u00a0\u00bb:1762162046685,\u00a0\u00bblastModified\u00a0\u00bb:1762161446386},\u00a0\u00bb{\\\u00a0\u00bb_id\\\u00a0\u00bb:\\\u00a0\u00bb\/\\\u00a0\u00bb,\\\u00a0\u00bb_website\\\u00a0\u00bb:\\\u00a0\u00bbleparisien\\\u00a0\u00bb,\\\u00a0\u00bbhierarchy\\\u00a0\u00bb:\\\u00a0\u00bbservices-guide\\\u00a0\u00bb}\u00a0\u00bb:{\u00ab\u00a0data\u00a0\u00bb:{\u00ab\u00a0_website\u00a0\u00bb:\u00a0\u00bbleparisien\u00a0\u00bb,\u00a0\u00bb_id\u00a0\u00bb:\u00a0\u00bbhttps:\/\/www.leparisien.fr\/\u00a0\u00bb,\u00a0\u00bbname\u00a0\u00bb:\u00a0\u00bbLe Parisien\u00a0\u00bb,\u00a0\u00bbnode_type\u00a0\u00bb:\u00a0\u00bbsection\u00a0\u00bb,\u00a0\u00bbchildren\u00a0\u00bb:[{\u00ab\u00a0_id\u00a0\u00bb:\u00a0\u00bblink-59YEJQQ6Z52BQE6R88DXY0YW34&Prime;,\u00a0\u00bb_website\u00a0\u00bb:\u00a0\u00bbleparisien\u00a0\u00bb,\u00a0\u00bbdisplay_name\u00a0\u00bb:\u00a0\u00bbMots fl\u00e9ch\u00e9s, sudoku\u00a0\u00bb,\u00a0\u00bburl\u00a0\u00bb:\u00a0\u00bbhttps:\/\/www.leparisien.fr\/jeux\/\u00a0\u00bb,\u00a0\u00bbparent\u00a0\u00bb:{\u00ab\u00a0services-guide\u00a0\u00bb:\u00a0\u00bbhttps:\/\/www.leparisien.fr\/\u00a0\u00bb},\u00a0\u00bborder\u00a0\u00bb:{\u00ab\u00a0services-guide\u00a0\u00bb:1002},\u00a0\u00bbnode_type\u00a0\u00bb:\u00a0\u00bblink\u00a0\u00bb,\u00a0\u00bbchildren\u00a0\u00bb:[]},{\u00ab\u00a0_id\u00a0\u00bb:\u00a0\u00bblink-WAYF4CY86X1BFCN83Q28XT4DFR\u00a0\u00bb,\u00a0\u00bb_website\u00a0\u00bb:\u00a0\u00bbleparisien\u00a0\u00bb,\u00a0\u00bbdisplay_name\u00a0\u00bb:\u00a0\u00bbCitations et proverbes\u00a0\u00bb,\u00a0\u00bburl\u00a0\u00bb:\u00a0\u00bbhttps:\/\/citation-celebre.leparisien.fr\/\u00a0\u00bb,\u00a0\u00bbparent\u00a0\u00bb:{\u00ab\u00a0services-guide\u00a0\u00bb:\u00a0\u00bbhttps:\/\/www.leparisien.fr\/\u00a0\u00bb},\u00a0\u00bborder\u00a0\u00bb:{\u00ab\u00a0services-guide\u00a0\u00bb:1004},\u00a0\u00bbnode_type\u00a0\u00bb:\u00a0\u00bblink\u00a0\u00bb,\u00a0\u00bbchildren\u00a0\u00bb:[]},{\u00ab\u00a0_id\u00a0\u00bb:\u00a0\u00bblink-YCD7TVQE112GKA3CJVBMME9CH8&Prime;,\u00a0\u00bb_website\u00a0\u00bb:\u00a0\u00bbleparisien\u00a0\u00bb,\u00a0\u00bbdisplay_name\u00a0\u00bb:\u00a0\u00bbBilletterie\u00a0\u00bb,\u00a0\u00bburl\u00a0\u00bb:\u00a0\u00bbhttps:\/\/www.ticketmaster.fr\/fr\/index\/idtier\/43209120&Prime;,\u00a0\u00bbparent\u00a0\u00bb:{\u00ab\u00a0burger-menu\u00a0\u00bb:\u00a0\u00bb\/nos-services\u00a0\u00bb,\u00a0\u00bbservices-guide\u00a0\u00bb:\u00a0\u00bbhttps:\/\/www.leparisien.fr\/\u00a0\u00bb},\u00a0\u00bborder\u00a0\u00bb:{\u00ab\u00a0burger-menu\u00a0\u00bb:2007,\u00a0\u00bbservices-guide\u00a0\u00bb:1005},\u00a0\u00bbnode_type\u00a0\u00bb:\u00a0\u00bblink\u00a0\u00bb,\u00a0\u00bbchildren\u00a0\u00bb:[]},{\u00ab\u00a0_id\u00a0\u00bb:\u00a0\u00bblink-DS2YVERH4ZGG5IG4OFN65TGF6M\u00a0\u00bb,\u00a0\u00bb_website\u00a0\u00bb:\u00a0\u00bbleparisien\u00a0\u00bb,\u00a0\u00bbdisplay_name\u00a0\u00bb:\u00a0\u00bbAnnonces immobili\u00e8res\u00a0\u00bb,\u00a0\u00bburl\u00a0\u00bb:\u00a0\u00bbhttps:\/\/www.leparisien.fr\/nos-services\/annonces-immobilieres\/\u00a0\u00bb,\u00a0\u00bbparent\u00a0\u00bb:{\u00ab\u00a0menu\u00a0\u00bb:\u00a0\u00bb\/annonces\u00a0\u00bb,\u00a0\u00bbservices-guide\u00a0\u00bb:\u00a0\u00bbhttps:\/\/www.leparisien.fr\/\u00a0\u00bb},\u00a0\u00bborder\u00a0\u00bb:{\u00ab\u00a0menu\u00a0\u00bb:2001,\u00a0\u00bbservices-guide\u00a0\u00bb:1006},\u00a0\u00bbnode_type\u00a0\u00bb:\u00a0\u00bblink\u00a0\u00bb,\u00a0\u00bbchildren\u00a0\u00bb:[]},{\u00ab\u00a0_id\u00a0\u00bb:\u00a0\u00bblink-R1JENZM0WN1DKEXZ8138W77T1R\u00a0\u00bb,\u00a0\u00bb_website\u00a0\u00bb:\u00a0\u00bbleparisien\u00a0\u00bb,\u00a0\u00bbdisplay_name\u00a0\u00bb:\u00a0\u00bbBlog de vin\u00a0\u00bb,\u00a0\u00bburl\u00a0\u00bb:\u00a0\u00bbhttp:\/\/lesgrappes.leparisien.fr\/\u00a0\u00bb,\u00a0\u00bbparent\u00a0\u00bb:{\u00ab\u00a0services-guide\u00a0\u00bb:\u00a0\u00bbhttps:\/\/www.leparisien.fr\/\u00a0\u00bb},\u00a0\u00bborder\u00a0\u00bb:{\u00ab\u00a0services-guide\u00a0\u00bb:1008},\u00a0\u00bbnode_type\u00a0\u00bb:\u00a0\u00bblink\u00a0\u00bb,\u00a0\u00bbchildren\u00a0\u00bb:[]},{\u00ab\u00a0_id\u00a0\u00bb:\u00a0\u00bblink-15VBQMHKHH55ZFTM89WBP6TRHG\u00a0\u00bb,\u00a0\u00bb_website\u00a0\u00bb:\u00a0\u00bbleparisien\u00a0\u00bb,\u00a0\u00bbdisplay_name\u00a0\u00bb:\u00a0\u00bbAvis de d\u00e9c\u00e8s\u00a0\u00bb,\u00a0\u00bburl\u00a0\u00bb:\u00a0\u00bbhttps:\/\/carnet.leparisien.fr\u00a0\u00bb,\u00a0\u00bbparent\u00a0\u00bb:{\u00ab\u00a0services-guide\u00a0\u00bb:\u00a0\u00bbhttps:\/\/www.leparisien.fr\/\u00a0\u00bb},\u00a0\u00bborder\u00a0\u00bb:{\u00ab\u00a0services-guide\u00a0\u00bb:1009},\u00a0\u00bbnode_type\u00a0\u00bb:\u00a0\u00bblink\u00a0\u00bb,\u00a0\u00bbchildren\u00a0\u00bb:[]},{\u00ab\u00a0_id\u00a0\u00bb:\u00a0\u00bblink-KKP5NQR14T4ZXB8AYAJMFAPQBR\u00a0\u00bb,\u00a0\u00bb_website\u00a0\u00bb:\u00a0\u00bbleparisien\u00a0\u00bb,\u00a0\u00bbdisplay_name\u00a0\u00bb:\u00a0\u00bbAnnonces l\u00e9gales\u00a0\u00bb,\u00a0\u00bburl\u00a0\u00bb:\u00a0\u00bbhttps:\/\/www.annonces-legales.fr\/lp\/leparisien\/choisir-votre-journal\u00a0\u00bb,\u00a0\u00bbparent\u00a0\u00bb:{\u00ab\u00a0services-guide\u00a0\u00bb:\u00a0\u00bbhttps:\/\/www.leparisien.fr\/\u00a0\u00bb},\u00a0\u00bborder\u00a0\u00bb:{\u00ab\u00a0services-guide\u00a0\u00bb:1010},\u00a0\u00bbnode_type\u00a0\u00bb:\u00a0\u00bblink\u00a0\u00bb,\u00a0\u00bbchildren\u00a0\u00bb:[]},{\u00ab\u00a0_id\u00a0\u00bb:\u00a0\u00bblink-0HTUYEWW6136F3MYJF4P38B7A8&Prime;,\u00a0\u00bb_website\u00a0\u00bb:\u00a0\u00bbleparisien\u00a0\u00bb,\u00a0\u00bbdisplay_name\u00a0\u00bb:\u00a0\u00bbMarch\u00e9s publics\u00a0\u00bb,\u00a0\u00bburl\u00a0\u00bb:\u00a0\u00bbhttps:\/\/avisdemarches.leparisien.fr\/\u00a0\u00bb,\u00a0\u00bbparent\u00a0\u00bb:{\u00ab\u00a0services-guide\u00a0\u00bb:\u00a0\u00bbhttps:\/\/www.leparisien.fr\/\u00a0\u00bb},\u00a0\u00bborder\u00a0\u00bb:{\u00ab\u00a0services-guide\u00a0\u00bb:1011},\u00a0\u00bbnode_type\u00a0\u00bb:\u00a0\u00bblink\u00a0\u00bb,\u00a0\u00bbchildren\u00a0\u00bb:[]}]},\u00a0\u00bbexpires\u00a0\u00bb:1762162042108,\u00a0\u00bblastModified\u00a0\u00bb:1762161441877},\u00a0\u00bb{\\\u00a0\u00bb_id\\\u00a0\u00bb:\\\u00a0\u00bb\/\\\u00a0\u00bb,\\\u00a0\u00bb_website\\\u00a0\u00bb:\\\u00a0\u00bbleparisien\\\u00a0\u00bb,\\\u00a0\u00bbhierarchy\\\u00a0\u00bb:\\\u00a0\u00bbfooter-last\\\u00a0\u00bb}\u00a0\u00bb:{\u00ab\u00a0data\u00a0\u00bb:{\u00ab\u00a0children\u00a0\u00bb:[{\u00ab\u00a0display_name\u00a0\u00bb:\u00a0\u00bbNous \u00e9crire\u00a0\u00bb,\u00a0\u00bburl\u00a0\u00bb:\u00a0\u00bbhttps:\/\/www.leparisien.fr\/contact\/\u00a0\u00bb},{\u00ab\u00a0display_name\u00a0\u00bb:\u00a0\u00bbQui sommes nous ?\u00a0\u00bb,\u00a0\u00bburl\u00a0\u00bb:\u00a0\u00bbhttps:\/\/www.leparisien.fr\/qui-sommes-nous\/\u00a0\u00bb},{\u00ab\u00a0display_name\u00a0\u00bb:\u00a0\u00bbNos chartes\u00a0\u00bb,\u00a0\u00bburl\u00a0\u00bb:\u00a0\u00bbhttps:\/\/www.leparisien.fr\/charte.php\u00a0\u00bb},{\u00ab\u00a0display_name\u00a0\u00bb:\u00a0\u00bbCGU\u00a0\u00bb,\u00a0\u00bburl\u00a0\u00bb:\u00a0\u00bbhttps:\/\/www.leparisien.fr\/cgu\/\u00a0\u00bb},{\u00ab\u00a0display_name\u00a0\u00bb:\u00a0\u00bbPolitique de confidentialit\u00e9\u00a0\u00bb,\u00a0\u00bburl\u00a0\u00bb:\u00a0\u00bbhttps:\/\/www.leparisien.fr\/politique-confidentialite\/\u00a0\u00bb},{\u00ab\u00a0display_name\u00a0\u00bb:\u00a0\u00bbGestion des cookies\u00a0\u00bb,\u00a0\u00bburl\u00a0\u00bb:\u00a0\u00bbhttps:\/\/www.leparisien.fr\/cookies\/\u00a0\u00bb},{\u00ab\u00a0display_name\u00a0\u00bb:\u00a0\u00bbEspace pro\u00a0\u00bb,\u00a0\u00bburl\u00a0\u00bb:\u00a0\u00bbhttps:\/\/www.leparisien.fr\/espace-professionnel\/\u00a0\u00bb},{\u00ab\u00a0display_name\u00a0\u00bb:\u00a0\u00bbEspace presse\u00a0\u00bb,\u00a0\u00bburl\u00a0\u00bb:\u00a0\u00bbhttp:\/\/pressroom-lesechos-leparisien.com\/\u00a0\u00bb}],\u00a0\u00bb_id\u00a0\u00bb:\u00a0\u00bbhttps:\/\/www.leparisien.fr\/\u00a0\u00bb},\u00a0\u00bbexpires\u00a0\u00bb:1762162030767,\u00a0\u00bblastModified\u00a0\u00bb:1762161430490}},\u00a0\u00bbstory-card-feed-fullquery\u00a0\u00bb:{\u00ab\u00a0{\\\u00a0\u00bb_id\\\u00a0\u00bb:\\\u00a0\u00bbZ2WVXLN36JGRVFWLAYJT3BQTGE\\\u00a0\u00bb,\\\u00a0\u00bbfilterContent\\\u00a0\u00bb:[\\\u00a0\u00bb_id\\\u00a0\u00bb,\\\u00a0\u00bbheadlines\\\u00a0\u00bb,\\\u00a0\u00bbwebsite_url\\\u00a0\u00bb,\\\u00a0\u00bblabel\\\u00a0\u00bb],\\\u00a0\u00bboffset\\\u00a0\u00bb:0,\\\u00a0\u00bbprimarySectionId\\\u00a0\u00bb:\\\u00a0\u00bb\/faits-divers\\\u00a0\u00bb,\\\u00a0\u00bbsecondarySectionPath\\\u00a0\u00bb:\\\u00a0\u00bb\\\\\\\u00a0\u00bb\/faits-divers\\\\\\\u00a0\u00bb,\\\\\\\u00a0\u00bb\/pas-de-calais-62\\\\\\\u00a0\u00bb,\\\\\\\u00a0\u00bb\/en-region\\\\\\\u00a0\u00bb\\\u00a0\u00bb,\\\u00a0\u00bbsize\\\u00a0\u00bb:3,\\\u00a0\u00bbsubtype\\\u00a0\u00bb:\\\u00a0\u00bbarticle_live\\\u00a0\u00bb}\u00a0\u00bb:{\u00ab\u00a0data\u00a0\u00bb:{\u00ab\u00a0content_elements\u00a0\u00bb:[],\u00a0\u00bbcount\u00a0\u00bb:184,\u00a0\u00bbnext\u00a0\u00bb:3,\u00a0\u00bb_id\u00a0\u00bb:\u00a0\u00bbbe460694b24b33b5f8aba4e0275a3cca3eace0ff5179b70956077c8231c47370&Prime;},\u00a0\u00bbexpires\u00a0\u00bb:1762161946413,\u00a0\u00bblastModified\u00a0\u00bb:1762161826314},\u00a0\u00bb{\\\u00a0\u00bbexcludeSubtype\\\u00a0\u00bb:\\\u00a0\u00bbarticle_like, article_sponsored\\\u00a0\u00bb,\\\u00a0\u00bboffset\\\u00a0\u00bb:0,\\\u00a0\u00bbsectionPath\\\u00a0\u00bb:\\\u00a0\u00bb\/podcasts\/crime-story\\\u00a0\u00bb,\\\u00a0\u00bbsize\\\u00a0\u00bb:1,\\\u00a0\u00bbwebsite\\\u00a0\u00bb:\\\u00a0\u00bbleparisien\\\u00a0\u00bb}\u00a0\u00bb:{\u00ab\u00a0data\u00a0\u00bb:{\u00ab\u00a0type\u00a0\u00bb:\u00a0\u00bbresults\u00a0\u00bb,\u00a0\u00bbversion\u00a0\u00bb:\u00a0\u00bb0.6.0&Prime;,\u00a0\u00bbcontent_elements\u00a0\u00bb:[{\u00ab\u00a0content_elements\u00a0\u00bb:[{\u00ab\u00a0_id\u00a0\u00bb:\u00a0\u00bbC54PENQ3HBES7CCQJ477CAELFI\u00a0\u00bb,\u00a0\u00bbadditional_properties\u00a0\u00bb:{\u00ab\u00a0_id\u00a0\u00bb:1678702158698},\u00a0\u00bbtype\u00a0\u00bb:\u00a0\u00bbtext\u00a0\u00bb,\u00a0\u00bbcontent\u00a0\u00bb:\u00a0\u00bb<b>\u00c9coutez Crime story, le podcast de faits divers du Parisien<\/b>\u00ab\u00a0,\u00a0\u00bbcredits\u00a0\u00bb:{\u00ab\u00a0by\u00a0\u00bb:[]}},{\u00ab\u00a0_id\u00a0\u00bb:\u00a0\u00bbPPKDMKL5SBH7HPQR35CJLQ7KXU\u00a0\u00bb,\u00a0\u00bbadditional_properties\u00a0\u00bb:{\u00ab\u00a0_id\u00a0\u00bb:\u00a0\u00bbW35A7KXWMBDPVN4ZEZMLS6YJEA\u00a0\u00bb},\u00a0\u00bbtype\u00a0\u00bb:\u00a0\u00bbtext\u00a0\u00bb,\u00a0\u00bbcontent\u00a0\u00bb:\u00a0\u00bb<b>Partie 2<\/b>\u00ab\u00a0,\u00a0\u00bbcredits\u00a0\u00bb:{\u00ab\u00a0by\u00a0\u00bb:[]}},{\u00ab\u00a0_id\u00a0\u00bb:\u00a0\u00bb54K2XTRCURCKJEPHL6KWE7OM6A\u00a0\u00bb,\u00a0\u00bbtype\u00a0\u00bb:\u00a0\u00bbraw_html\u00a0\u00bb,\u00a0\u00bbcontent\u00a0\u00bb:\u00a0\u00bb\u00a0\u00bb,\u00a0\u00bbcredits\u00a0\u00bb:{\u00ab\u00a0by\u00a0\u00bb:[]}},{\u00ab\u00a0_id\u00a0\u00bb:\u00a0\u00bbMXAT37CPXJBUVP24IROVAPAQMM\u00a0\u00bb,\u00a0\u00bbadditional_properties\u00a0\u00bb:{\u00ab\u00a0_id\u00a0\u00bb:\u00a0\u00bbAKTONKL7CBA5DD7KRGQZUTVW3I\u00a0\u00bb},\u00a0\u00bbtype\u00a0\u00bb:\u00a0\u00bbtext\u00a0\u00bb,\u00a0\u00bbcontent\u00a0\u00bb:\u00a0\u00bbSur votre smartphone ou votre tablette, \u00e9coutez Crime story et abonnez-vous sur :\u00a0\u00bb,\u00a0\u00bbcredits\u00a0\u00bb:{\u00ab\u00a0by\u00a0\u00bb:[]}},{\u00ab\u00a0list_type\u00a0\u00bb:\u00a0\u00bbunordered\u00a0\u00bb,\u00a0\u00bb_id\u00a0\u00bb:\u00a0\u00bbD4PZVVK2MZHXBKC32XMHHOUJCM\u00a0\u00bb,\u00a0\u00bbtype\u00a0\u00bb:\u00a0\u00bblist\u00a0\u00bb,\u00a0\u00bbitems\u00a0\u00bb:[{\u00ab\u00a0_id\u00a0\u00bb:\u00a0\u00bbXM3HW65IN5HLNKECCF525OYOLM\u00a0\u00bb,\u00a0\u00bbadditional_properties\u00a0\u00bb:{\u00ab\u00a0indent\u00a0\u00bb:0},\u00a0\u00bbalignment\u00a0\u00bb:\u00a0\u00bbleft\u00a0\u00bb,\u00a0\u00bbtype\u00a0\u00bb:\u00a0\u00bbtext\u00a0\u00bb,\u00a0\u00bbcontent\u00a0\u00bb:\u00a0\u00bb<a href=\\\"https:\/\/podcasts.apple.com\/fr\/podcast\/crime-story\/id1658362786\\\">Apple Podcast<\/a> (iPhone, iPad)\u00a0\u00bb},{\u00ab\u00a0_id\u00a0\u00bb:\u00a0\u00bb4VMHBDYFTBHOJLDRVZPGMP2QEU\u00a0\u00bb,\u00a0\u00bbadditional_properties\u00a0\u00bb:{\u00ab\u00a0indent\u00a0\u00bb:0},\u00a0\u00bbalignment\u00a0\u00bb:\u00a0\u00bbleft\u00a0\u00bb,\u00a0\u00bbtype\u00a0\u00bb:\u00a0\u00bbtext\u00a0\u00bb,\u00a0\u00bbcontent\u00a0\u00bb:\u00a0\u00bb<a href=\\\"https:\/\/podcastaddict.com\/podcast\/4165015\\\">Podcast Addict<\/a> ou <a href=\\\"https:\/\/castbox.fm\/channel\/Crime-story-id5239051?country=fr\\\">Castbox<\/a>\u00ab\u00a0},{\u00ab\u00a0_id\u00a0\u00bb:\u00a0\u00bbQ33WGK4LARGQRBGHPEFG5UVCTU\u00a0\u00bb,\u00a0\u00bbadditional_properties\u00a0\u00bb:{\u00ab\u00a0indent\u00a0\u00bb:0},\u00a0\u00bbalignment\u00a0\u00bb:\u00a0\u00bbleft\u00a0\u00bb,\u00a0\u00bbtype\u00a0\u00bb:\u00a0\u00bbtext\u00a0\u00bb,\u00a0\u00bbcontent\u00a0\u00bb:\u00a0\u00bb<a href=\\\"https:\/\/www.deezer.com\/en\/show\/5539447\\\">Deezer<\/a>\u00ab\u00a0},{\u00ab\u00a0_id\u00a0\u00bb:\u00a0\u00bb3PM6A4TZ5RB55OZ6UMK5B45PHE\u00a0\u00bb,\u00a0\u00bbadditional_properties\u00a0\u00bb:{\u00ab\u00a0indent\u00a0\u00bb:0},\u00a0\u00bbalignment\u00a0\u00bb:\u00a0\u00bbleft\u00a0\u00bb,\u00a0\u00bbtype\u00a0\u00bb:\u00a0\u00bbtext\u00a0\u00bb,\u00a0\u00bbcontent\u00a0\u00bb:\u00a0\u00bb<a href=\\\"https:\/\/open.spotify.com\/show\/38EKOHm8o9LflZRiqDmrmf\\\">Spotify<\/a>\u00ab\u00a0}],\u00a0\u00bbcredits\u00a0\u00bb:{\u00ab\u00a0by\u00a0\u00bb:[]}},{\u00ab\u00a0_id\u00a0\u00bb:\u00a0\u00bbFCRCFOOLQND45MYKZLVUNZ5RVQ\u00a0\u00bb,\u00a0\u00bbadditional_properties\u00a0\u00bb:{\u00ab\u00a0_id\u00a0\u00bb:\u00a0\u00bbQ2YUGTQOW5B6ZJIN5BU4RKELOQ\u00a0\u00bb},\u00a0\u00bbtype\u00a0\u00bb:\u00a0\u00bbtext\u00a0\u00bb,\u00a0\u00bbcontent\u00a0\u00bb:\u00a0\u00bb<b>R\u00e9sum\u00e9. <\/b>(Deuxi\u00e8me \u00e9pisode) Des coups de feu retentissent \u00e0 20h25 lundi 17 novembre 1986 pr\u00e8s de la gare Montparnasse, \u00e0 Paris. Costume gris, chemise blanche et sacoche \u00e0 la main, un homme est retrouv\u00e9 mort devant le 14 boulevard Edgar-Quinet. \u00ab\u00a0,\u00a0\u00bbcredits\u00a0\u00bb:{\u00ab\u00a0by\u00a0\u00bb:[]}},{\u00ab\u00a0_id\u00a0\u00bb:\u00a0\u00bbQG6OVKBMNBGT5HMOC7GEKLP26A\u00a0\u00bb,\u00a0\u00bbadditional_properties\u00a0\u00bb:{},\u00a0\u00bbtype\u00a0\u00bb:\u00a0\u00bbtext\u00a0\u00bb,\u00a0\u00bbcontent\u00a0\u00bb:\u00a0\u00bbLe Premier ministre, Jacques Chirac, se rend rapidement sur les lieux. La victime s\u2019av\u00e8re \u00eatre une figure de l\u2019industrie automobile. Il s\u2019agit de Georges Besse, le PDG de Renault, qui vient d\u2019\u00eatre tu\u00e9. Cela fait un an et demi que l\u2019Auvergnat de 58 ans a pris la t\u00eate de l\u2019entreprise fran\u00e7aise en difficult\u00e9. \u00ab\u00a0,\u00a0\u00bbcredits\u00a0\u00bb:{\u00ab\u00a0by\u00a0\u00bb:[]}},{\u00ab\u00a0_id\u00a0\u00bb:\u00a0\u00bbAO3RHSHN3VDGZNDIWIDDBYBDL4&Prime;,\u00a0\u00bbadditional_properties\u00a0\u00bb:{},\u00a0\u00bbtype\u00a0\u00bb:\u00a0\u00bbtext\u00a0\u00bb,\u00a0\u00bbcontent\u00a0\u00bb:\u00a0\u00bbDans Crime story, la journaliste Clawdia Prolongeau raconte cette affaire avec Damien Delseny, chef du service police-justice du Parisien.\u00a0\u00bb,\u00a0\u00bbcredits\u00a0\u00bb:{\u00ab\u00a0by\u00a0\u00bb:[]}},{\u00ab\u00a0_id\u00a0\u00bb:\u00a0\u00bbYXBGP3ZV2NBRDMGX22OGSPHDA4&Prime;,\u00a0\u00bbadditional_properties\u00a0\u00bb:{},\u00a0\u00bbtype\u00a0\u00bb:\u00a0\u00bbtext\u00a0\u00bb,\u00a0\u00bbcontent\u00a0\u00bb:\u00a0\u00bb<b>Cr\u00e9dits<\/b>. Direction de la r\u00e9daction : Pierre Chausse &#8211; R\u00e9dacteur en chef : Jules Lavie &#8211; Ecriture et voix : Clawdia Prolongeau et Damien Delseny &#8211; Production : Thibault Lambert, Ana\u00efs Godard, Clara Garnier-Amouroux, P\u00e9n\u00e9lope Gualchierotti &#8211; R\u00e9alisation et mixage : Julien Montcouquiol &#8211; Musiques : Audio Network &#8211; Archives : INA.\u00a0\u00bb,\u00a0\u00bbcredits\u00a0\u00bb:{\u00ab\u00a0by\u00a0\u00bb:[]}},{\u00ab\u00a0_id\u00a0\u00bb:\u00a0\u00bbHHYLOCXK6VD5JDUM6ZFILTUAGQ\u00a0\u00bb,\u00a0\u00bbadditional_properties\u00a0\u00bb:{},\u00a0\u00bbtype\u00a0\u00bb:\u00a0\u00bbtext\u00a0\u00bb,\u00a0\u00bbcontent\u00a0\u00bb:\u00a0\u00bb<b>Documentation.<\/b>\u00ab\u00a0,\u00a0\u00bbcredits\u00a0\u00bb:{\u00ab\u00a0by\u00a0\u00bb:[]}},{\u00ab\u00a0_id\u00a0\u00bb:\u00a0\u00bbGNIOQSY67BEDVGFPFK2U6ST5QM\u00a0\u00bb,\u00a0\u00bbadditional_properties\u00a0\u00bb:{},\u00a0\u00bbtype\u00a0\u00bb:\u00a0\u00bbtext\u00a0\u00bb,\u00a0\u00bbcontent\u00a0\u00bb:\u00a0\u00bbCet \u00e9pisode de Crime story a \u00e9t\u00e9 \u00e9crit en puisant dans les archives du Parisien, avec l\u2019aide de nos documentalistes. Nous avons aussi exploit\u00e9 des ressources provenant de La Croix, L\u2019Argus, et Secours rouge.\u00a0\u00bb,\u00a0\u00bbcredits\u00a0\u00bb:{\u00ab\u00a0by\u00a0\u00bb:[]}},{\u00ab\u00a0_id\u00a0\u00bb:\u00a0\u00bbEKIKDJYIMZD4VALN5UQGKMQDNM\u00a0\u00bb,\u00a0\u00bbadditional_properties\u00a0\u00bb:{\u00ab\u00a0_id\u00a0\u00bb:\u00a0\u00bbZUK5LSL3XJHEJEK5EJJKXKUD4Q\u00a0\u00bb},\u00a0\u00bbtype\u00a0\u00bb:\u00a0\u00bbtext\u00a0\u00bb,\u00a0\u00bbcontent\u00a0\u00bb:\u00a0\u00bb<b>\u00c0 propos de Crime story.<\/b> Le podcast Crime story raconte chaque semaine les grandes affaires criminelles qui ont marqu\u00e9 ces derni\u00e8res d\u00e9cennies. <a href=\\\"https:\/\/www.leparisien.fr\/faits-divers\/cest-samedi-cest-crime-story-10-12-2022-HR3EB53X4FG2NH7CU52JPWR26M.php\\\" title=\\\"\\\">Publi\u00e9 chaque samedi, Crime story <\/a>est pr\u00e9sent\u00e9 par la journaliste Clawdia Prolongeau et son invit\u00e9 permanent, Damien Delseny, le chef du service police justice du Parisien.\u00a0\u00bb,\u00a0\u00bbcredits\u00a0\u00bb:{\u00ab\u00a0by\u00a0\u00bb:[]}}],\u00a0\u00bbsubheadlines\u00a0\u00bb:{\u00ab\u00a0basic\u00a0\u00bb:\u00a0\u00bbPODCAST. Lundi 17 novembre 1986, 20h25, un homme est abattu boulevard Edgar-Quinet dans le 14e arrondissement de Paris. La victime se pr\u00e9nomme Georges Besse, 58 ans et PDG du fleuron automobile Renault. Crime story raconte cette affaire dans un podcast en quatre parties.\u00a0\u00bb},\u00a0\u00bbdescription\u00a0\u00bb:{\u00ab\u00a0basic\u00a0\u00bb:\u00a0\u00bb\u00a0\u00bb},\u00a0\u00bbsource\u00a0\u00bb:{\u00ab\u00a0system\u00a0\u00bb:\u00a0\u00bbcomposer\u00a0\u00bb,\u00a0\u00bbname\u00a0\u00bb:\u00a0\u00bbleparisien\u00a0\u00bb,\u00a0\u00bbsource_type\u00a0\u00bb:\u00a0\u00bbstaff\u00a0\u00bb},\u00a0\u00bbtaxonomy\u00a0\u00bb:{\u00ab\u00a0primary_site\u00a0\u00bb:{\u00ab\u00a0path\u00a0\u00bb:\u00a0\u00bb\/podcasts\/crime-story\u00a0\u00bb,\u00a0\u00bbparent_id\u00a0\u00bb:\u00a0\u00bb\/podcasts\u00a0\u00bb,\u00a0\u00bbname\u00a0\u00bb:\u00a0\u00bbCrime story\u00a0\u00bb,\u00a0\u00bbdescription\u00a0\u00bb:\u00a0\u00bbLe podcast faits divers Crime story raconte chaque semaine les grandes affaires criminelles qui ont marqu\u00e9 ces derni\u00e8res d\u00e9cennies. Publi\u00e9 chaque samedi, Crime story est pr\u00e9sent\u00e9 par la journaliste Clawdia Prolongeau et son invit\u00e9 permanent : Damien Delseny, le chef du service police justice du Parisien.\u00a0\u00bb,\u00a0\u00bb_id\u00a0\u00bb:\u00a0\u00bb\/podcasts\/crime-story\u00a0\u00bb,\u00a0\u00bbadditional_properties\u00a0\u00bb:{\u00ab\u00a0original\u00a0\u00bb:{\u00ab\u00a0parent\u00a0\u00bb:{\u00ab\u00a0default\u00a0\u00bb:\u00a0\u00bb\/podcasts\u00a0\u00bb,\u00a0\u00bbMaillage_SEO_Surfooter\u00a0\u00bb:\u00a0\u00bb\/podcasts\u00a0\u00bb,\u00a0\u00bbWebsked-plans\u00a0\u00bb:\u00a0\u00bb\/podcasts\u00a0\u00bb,\u00a0\u00bbsub-nav\u00a0\u00bb:\u00a0\u00bb\/podcasts\u00a0\u00bb,\u00a0\u00bbmenu\u00a0\u00bb:\u00a0\u00bb\/podcasts\u00a0\u00bb},\u00a0\u00bbin_the_news\u00a0\u00bb:{\u00ab\u00a0in_the_news_usefeature\u00a0\u00bb:null,\u00a0\u00bbin_the_news_usebasepage\u00a0\u00bb:\u00a0\u00bb\/in-the-news-forsections\/\u00a0\u00bb,\u00a0\u00bbin_the_news_usesectionbar\u00a0\u00bb:\u00a0\u00bbfalse\u00a0\u00bb},\u00a0\u00bbGoogle Analytics\u00a0\u00bb:{\u00ab\u00a0ga_name_level_2&Prime;:\u00a0\u00bbcrime-story\u00a0\u00bb,\u00a0\u00bbga_name_level_3&Prime;:null,\u00a0\u00bbga_name_level_1&Prime;:\u00a0\u00bbpodcasts\u00a0\u00bb},\u00a0\u00bbsocial\u00a0\u00bb:{\u00ab\u00a0archives\u00a0\u00bb:null,\u00a0\u00bbtwitter\u00a0\u00bb:null,\u00a0\u00bbrss\u00a0\u00bb:null,\u00a0\u00bbfacebook\u00a0\u00bb:null},\u00a0\u00bbSponsor\u00a0\u00bb:{\u00ab\u00a0sponsor_type\u00a0\u00bb:null,\u00a0\u00bbsponsor_message\u00a0\u00bb:null,\u00a0\u00bbcollection_id_for_pinned_content\u00a0\u00bb:null,\u00a0\u00bbsponsor_logo_url\u00a0\u00bb:null,\u00a0\u00bbsponsor_name\u00a0\u00bb:null},\u00a0\u00bbMobile\u00a0\u00bb:{\u00ab\u00a0background_color_section\u00a0\u00bb:\u00a0\u00bb#C0C0C0&Prime;,\u00a0\u00bbalternative_title\u00a0\u00bb:null,\u00a0\u00bbxtpage\u00a0\u00bb:null,\u00a0\u00bbsection_collection_id\u00a0\u00bb:null,\u00a0\u00bblabel\u00a0\u00bb:null,\u00a0\u00bbbackground_image_section\u00a0\u00bb:null},\u00a0\u00bbNewsletter\u00a0\u00bb:{\u00ab\u00a0newsletter_optin\u00a0\u00bb:\u00a0\u00bboptin_thematique_faits_divers\u00a0\u00bb,\u00a0\u00bbnewsletter_color\u00a0\u00bb:\u00a0\u00bb#1EA0E6&Prime;,\u00a0\u00bbnewsletter_title\u00a0\u00bb:\u00a0\u00bbUne plong\u00e9e dans l\u2019actualit\u00e9 des faits divers, pour \u00e9clairer la face sombre de notre \u00e9poque\u00a0\u00bb,\u00a0\u00bbnewsletter_name\u00a0\u00bb:\u00a0\u00bbL&rsquo;Essentiel de l&rsquo;actu\u00a0\u00bb,\u00a0\u00bbnewsletter_image\u00a0\u00bb:\u00a0\u00bbnewsletter-faits-divers-logo.png\u00a0\u00bb,\u00a0\u00bbnewsletter_slug\u00a0\u00bb:\u00a0\u00bbfaits-divers\u00a0\u00bb,\u00a0\u00bbmodule_message\u00a0\u00bb:null,\u00a0\u00bbnewsletter_label\u00a0\u00bb:\u00a0\u00bbEnqu\u00eate en cours\u00a0\u00bb},\u00a0\u00bb_admin\u00a0\u00bb:{\u00ab\u00a0tracking_node\u00a0\u00bb:null,\u00a0\u00bbalias_ids\u00a0\u00bb:[\u00ab\u00a0\/podcasts\/crime-story\u00a0\u00bb],\u00a0\u00bbdo_not_show_on_site\u00a0\u00bb:null,\u00a0\u00bbcommercial_node\u00a0\u00bb:null,\u00a0\u00bbdefault_content\u00a0\u00bb:null},\u00a0\u00bbnavigation\u00a0\u00bb:{\u00ab\u00a0nav_title\u00a0\u00bb:null,\u00a0\u00bbdisplay_in_top_strip\u00a0\u00bb:null,\u00a0\u00bbnav_display\u00a0\u00bb:null},\u00a0\u00bbsite\u00a0\u00bb:{\u00ab\u00a0is_clickable_on_menu\u00a0\u00bb:\u00a0\u00bbtrue\u00a0\u00bb,\u00a0\u00bbpresentation\u00a0\u00bb:\u00a0\u00bbLe podcast faits divers Crime story raconte chaque semaine les grandes affaires criminelles qui ont marqu\u00e9 ces derni\u00e8res d\u00e9cennies. Publi\u00e9 chaque samedi, Crime story est pr\u00e9sent\u00e9 par la journaliste Clawdia Prolongeau et son invit\u00e9 permanent : Damien Delseny, le chef du service police justice du Parisien.\u00a0\u00bb,\u00a0\u00bbpagebuilder_path_for_native_apps\u00a0\u00bb:null,\u00a0\u00bbsite_url\u00a0\u00bb:null,\u00a0\u00bbsite_keywords\u00a0\u00bb:null,\u00a0\u00bbnative_app_rendering\u00a0\u00bb:null,\u00a0\u00bbamp_deactivated\u00a0\u00bb:\u00a0\u00bbfalse\u00a0\u00bb,\u00a0\u00bbsite_about\u00a0\u00bb:null,\u00a0\u00bbpaywall_deactivated\u00a0\u00bb:\u00a0\u00bbfalse\u00a0\u00bb,\u00a0\u00bbsite_description\u00a0\u00bb:\u00a0\u00bbLe podcast faits divers Crime story raconte chaque semaine les grandes affaires criminelles qui ont marqu\u00e9 ces derni\u00e8res d\u00e9cennies. Publi\u00e9 chaque samedi, Crime story est pr\u00e9sent\u00e9 par la journaliste Clawdia Prolongeau et son invit\u00e9 permanent : Damien Delseny, le chef du service police justice du Parisien.\u00a0\u00bb,\u00a0\u00bbsite_title\u00a0\u00bb:\u00a0\u00bbCrime story : le podcast Faits divers du Parisien &#8211; Le Parisien\u00a0\u00bb,\u00a0\u00bbsite_tagline\u00a0\u00bb:null},\u00a0\u00bbinactive\u00a0\u00bb:false,\u00a0\u00bbname\u00a0\u00bb:\u00a0\u00bbCrime story\u00a0\u00bb,\u00a0\u00bbstory_list\u00a0\u00bb:{\u00ab\u00a0story_list_content\u00a0\u00bb:{}},\u00a0\u00bb_id\u00a0\u00bb:\u00a0\u00bb\/podcasts\/crime-story\u00a0\u00bb,\u00a0\u00bbancestors\u00a0\u00bb:{\u00ab\u00a0default\u00a0\u00bb:[\u00ab\u00a0\/podcasts\u00a0\u00bb],\u00a0\u00bbMaillage_SEO_Surfooter\u00a0\u00bb:[\u00ab\u00a0\/podcasts\u00a0\u00bb],\u00a0\u00bbWebsked-plans\u00a0\u00bb:[\u00ab\u00a0https:\/\/www.leparisien.fr\/\u00a0\u00bb,\u00a0\u00bb\/podcasts\u00a0\u00bb],\u00a0\u00bbsub-nav\u00a0\u00bb:[\u00ab\u00a0https:\/\/www.leparisien.fr\/\u00a0\u00bb,\u00a0\u00bb\/podcasts\u00a0\u00bb],\u00a0\u00bbmenu\u00a0\u00bb:[\u00ab\u00a0https:\/\/www.leparisien.fr\/\u00a0\u00bb,\u00a0\u00bb\/podcasts\u00a0\u00bb]},\u00a0\u00bborder\u00a0\u00bb:{\u00ab\u00a0default\u00a0\u00bb:2002,\u00a0\u00bbMaillage_SEO_Surfooter\u00a0\u00bb:2002,\u00a0\u00bbWebsked-plans\u00a0\u00bb:2002,\u00a0\u00bbsub-nav\u00a0\u00bb:2002,\u00a0\u00bbmenu\u00a0\u00bb:2002}}},\u00a0\u00bbtype\u00a0\u00bb:\u00a0\u00bbsite\u00a0\u00bb,\u00a0\u00bbversion\u00a0\u00bb:\u00a0\u00bb0.5.8&Prime;},\u00a0\u00bbsites\u00a0\u00bb:[{\u00ab\u00a0path\u00a0\u00bb:\u00a0\u00bb\/podcasts\/crime-story\u00a0\u00bb,\u00a0\u00bbparent_id\u00a0\u00bb:\u00a0\u00bb\/podcasts\u00a0\u00bb,\u00a0\u00bbname\u00a0\u00bb:\u00a0\u00bbCrime story\u00a0\u00bb,\u00a0\u00bbdescription\u00a0\u00bb:\u00a0\u00bbLe podcast faits divers Crime story raconte chaque semaine les grandes affaires criminelles qui ont marqu\u00e9 ces derni\u00e8res d\u00e9cennies. Publi\u00e9 chaque samedi, Crime story est pr\u00e9sent\u00e9 par la journaliste Clawdia Prolongeau et son invit\u00e9 permanent : Damien Delseny, le chef du service police justice du Parisien.\u00a0\u00bb,\u00a0\u00bb_id\u00a0\u00bb:\u00a0\u00bb\/podcasts\/crime-story\u00a0\u00bb,\u00a0\u00bbadditional_properties\u00a0\u00bb:{\u00ab\u00a0original\u00a0\u00bb:{\u00ab\u00a0parent\u00a0\u00bb:{\u00ab\u00a0default\u00a0\u00bb:\u00a0\u00bb\/podcasts\u00a0\u00bb,\u00a0\u00bbMaillage_SEO_Surfooter\u00a0\u00bb:\u00a0\u00bb\/podcasts\u00a0\u00bb,\u00a0\u00bbWebsked-plans\u00a0\u00bb:\u00a0\u00bb\/podcasts\u00a0\u00bb,\u00a0\u00bbsub-nav\u00a0\u00bb:\u00a0\u00bb\/podcasts\u00a0\u00bb,\u00a0\u00bbmenu\u00a0\u00bb:\u00a0\u00bb\/podcasts\u00a0\u00bb},\u00a0\u00bbin_the_news\u00a0\u00bb:{\u00ab\u00a0in_the_news_usefeature\u00a0\u00bb:null,\u00a0\u00bbin_the_news_usebasepage\u00a0\u00bb:\u00a0\u00bb\/in-the-news-forsections\/\u00a0\u00bb,\u00a0\u00bbin_the_news_usesectionbar\u00a0\u00bb:\u00a0\u00bbfalse\u00a0\u00bb},\u00a0\u00bbGoogle Analytics\u00a0\u00bb:{\u00ab\u00a0ga_name_level_2&Prime;:\u00a0\u00bbcrime-story\u00a0\u00bb,\u00a0\u00bbga_name_level_3&Prime;:null,\u00a0\u00bbga_name_level_1&Prime;:\u00a0\u00bbpodcasts\u00a0\u00bb},\u00a0\u00bbsocial\u00a0\u00bb:{\u00ab\u00a0archives\u00a0\u00bb:null,\u00a0\u00bbtwitter\u00a0\u00bb:null,\u00a0\u00bbrss\u00a0\u00bb:null,\u00a0\u00bbfacebook\u00a0\u00bb:null},\u00a0\u00bbSponsor\u00a0\u00bb:{\u00ab\u00a0sponsor_type\u00a0\u00bb:null,\u00a0\u00bbsponsor_message\u00a0\u00bb:null,\u00a0\u00bbcollection_id_for_pinned_content\u00a0\u00bb:null,\u00a0\u00bbsponsor_logo_url\u00a0\u00bb:null,\u00a0\u00bbsponsor_name\u00a0\u00bb:null},\u00a0\u00bbMobile\u00a0\u00bb:{\u00ab\u00a0background_color_section\u00a0\u00bb:\u00a0\u00bb#C0C0C0&Prime;,\u00a0\u00bbalternative_title\u00a0\u00bb:null,\u00a0\u00bbxtpage\u00a0\u00bb:null,\u00a0\u00bbsection_collection_id\u00a0\u00bb:null,\u00a0\u00bblabel\u00a0\u00bb:null,\u00a0\u00bbbackground_image_section\u00a0\u00bb:null},\u00a0\u00bbNewsletter\u00a0\u00bb:{\u00ab\u00a0newsletter_optin\u00a0\u00bb:\u00a0\u00bboptin_thematique_faits_divers\u00a0\u00bb,\u00a0\u00bbnewsletter_color\u00a0\u00bb:\u00a0\u00bb#1EA0E6&Prime;,\u00a0\u00bbnewsletter_title\u00a0\u00bb:\u00a0\u00bbUne plong\u00e9e dans l\u2019actualit\u00e9 des faits divers, pour \u00e9clairer la face sombre de notre \u00e9poque\u00a0\u00bb,\u00a0\u00bbnewsletter_name\u00a0\u00bb:\u00a0\u00bbL&rsquo;Essentiel de l&rsquo;actu\u00a0\u00bb,\u00a0\u00bbnewsletter_image\u00a0\u00bb:\u00a0\u00bbnewsletter-faits-divers-logo.png\u00a0\u00bb,\u00a0\u00bbnewsletter_slug\u00a0\u00bb:\u00a0\u00bbfaits-divers\u00a0\u00bb,\u00a0\u00bbmodule_message\u00a0\u00bb:null,\u00a0\u00bbnewsletter_label\u00a0\u00bb:\u00a0\u00bbEnqu\u00eate en cours\u00a0\u00bb},\u00a0\u00bb_admin\u00a0\u00bb:{\u00ab\u00a0tracking_node\u00a0\u00bb:null,\u00a0\u00bbalias_ids\u00a0\u00bb:[\u00ab\u00a0\/podcasts\/crime-story\u00a0\u00bb],\u00a0\u00bbdo_not_show_on_site\u00a0\u00bb:null,\u00a0\u00bbcommercial_node\u00a0\u00bb:null,\u00a0\u00bbdefault_content\u00a0\u00bb:null},\u00a0\u00bbnavigation\u00a0\u00bb:{\u00ab\u00a0nav_title\u00a0\u00bb:null,\u00a0\u00bbdisplay_in_top_strip\u00a0\u00bb:null,\u00a0\u00bbnav_display\u00a0\u00bb:null},\u00a0\u00bbsite\u00a0\u00bb:{\u00ab\u00a0is_clickable_on_menu\u00a0\u00bb:\u00a0\u00bbtrue\u00a0\u00bb,\u00a0\u00bbpresentation\u00a0\u00bb:\u00a0\u00bbLe podcast faits divers Crime story raconte chaque semaine les grandes affaires criminelles qui ont marqu\u00e9 ces derni\u00e8res d\u00e9cennies. Publi\u00e9 chaque samedi, Crime story est pr\u00e9sent\u00e9 par la journaliste Clawdia Prolongeau et son invit\u00e9 permanent : Damien Delseny, le chef du service police justice du Parisien.\u00a0\u00bb,\u00a0\u00bbpagebuilder_path_for_native_apps\u00a0\u00bb:null,\u00a0\u00bbsite_url\u00a0\u00bb:null,\u00a0\u00bbsite_keywords\u00a0\u00bb:null,\u00a0\u00bbnative_app_rendering\u00a0\u00bb:null,\u00a0\u00bbamp_deactivated\u00a0\u00bb:\u00a0\u00bbfalse\u00a0\u00bb,\u00a0\u00bbsite_about\u00a0\u00bb:null,\u00a0\u00bbpaywall_deactivated\u00a0\u00bb:\u00a0\u00bbfalse\u00a0\u00bb,\u00a0\u00bbsite_description\u00a0\u00bb:\u00a0\u00bbLe podcast faits divers Crime story raconte chaque semaine les grandes affaires criminelles qui ont marqu\u00e9 ces derni\u00e8res d\u00e9cennies. Publi\u00e9 chaque samedi, Crime story est pr\u00e9sent\u00e9 par la journaliste Clawdia Prolongeau et son invit\u00e9 permanent : Damien Delseny, le chef du service police justice du Parisien.\u00a0\u00bb,\u00a0\u00bbsite_title\u00a0\u00bb:\u00a0\u00bbCrime story : le podcast Faits divers du Parisien &#8211; Le Parisien\u00a0\u00bb,\u00a0\u00bbsite_tagline\u00a0\u00bb:null},\u00a0\u00bbinactive\u00a0\u00bb:false,\u00a0\u00bbname\u00a0\u00bb:\u00a0\u00bbCrime story\u00a0\u00bb,\u00a0\u00bbstory_list\u00a0\u00bb:{\u00ab\u00a0story_list_content\u00a0\u00bb:{}},\u00a0\u00bb_id\u00a0\u00bb:\u00a0\u00bb\/podcasts\/crime-story\u00a0\u00bb,\u00a0\u00bbancestors\u00a0\u00bb:{\u00ab\u00a0default\u00a0\u00bb:[\u00ab\u00a0\/podcasts\u00a0\u00bb],\u00a0\u00bbMaillage_SEO_Surfooter\u00a0\u00bb:[\u00ab\u00a0\/podcasts\u00a0\u00bb],\u00a0\u00bbWebsked-plans\u00a0\u00bb:[\u00ab\u00a0https:\/\/www.leparisien.fr\/\u00a0\u00bb,\u00a0\u00bb\/podcasts\u00a0\u00bb],\u00a0\u00bbsub-nav\u00a0\u00bb:[\u00ab\u00a0https:\/\/www.leparisien.fr\/\u00a0\u00bb,\u00a0\u00bb\/podcasts\u00a0\u00bb],\u00a0\u00bbmenu\u00a0\u00bb:[\u00ab\u00a0https:\/\/www.leparisien.fr\/\u00a0\u00bb,\u00a0\u00bb\/podcasts\u00a0\u00bb]},\u00a0\u00bborder\u00a0\u00bb:{\u00ab\u00a0default\u00a0\u00bb:2002,\u00a0\u00bbMaillage_SEO_Surfooter\u00a0\u00bb:2002,\u00a0\u00bbWebsked-plans\u00a0\u00bb:2002,\u00a0\u00bbsub-nav\u00a0\u00bb:2002,\u00a0\u00bbmenu\u00a0\u00bb:2002}}},\u00a0\u00bbtype\u00a0\u00bb:\u00a0\u00bbsite\u00a0\u00bb,\u00a0\u00bbversion\u00a0\u00bb:\u00a0\u00bb0.5.8&Prime;},{\u00ab\u00a0path\u00a0\u00bb:\u00a0\u00bb\/podcasts\u00a0\u00bb,\u00a0\u00bbparent_id\u00a0\u00bb:\u00a0\u00bbhttps:\/\/www.leparisien.fr\/\u00a0\u00bb,\u00a0\u00bbname\u00a0\u00bb:\u00a0\u00bbPodcasts\u00a0\u00bb,\u00a0\u00bbdescription\u00a0\u00bb:\u00a0\u00bbSuivez toute l&rsquo;actualit\u00e9 en France et en podcast : politique, faits divers, soci\u00e9t\u00e9 et toute l&rsquo;actualit\u00e9 sociale, \u00e9conomique et sportive avec Le Parisien\u00a0\u00bb,\u00a0\u00bb_id\u00a0\u00bb:\u00a0\u00bb\/podcasts\u00a0\u00bb,\u00a0\u00bbadditional_properties\u00a0\u00bb:{\u00ab\u00a0original\u00a0\u00bb:{\u00ab\u00a0parent\u00a0\u00bb:{\u00ab\u00a0default\u00a0\u00bb:\u00a0\u00bbhttps:\/\/www.leparisien.fr\/\u00a0\u00bb,\u00a0\u00bbburger-menu-etudiant\u00a0\u00bb:null,\u00a0\u00bbnavbar\u00a0\u00bb:\u00a0\u00bbhttps:\/\/www.leparisien.fr\/\u00a0\u00bb,\u00a0\u00bbMaillage_SEO_Surfooter\u00a0\u00bb:\u00a0\u00bbhttps:\/\/www.leparisien.fr\/\u00a0\u00bb,\u00a0\u00bbfooter\u00a0\u00bb:\u00a0\u00bbhttps:\/\/www.leparisien.fr\/\u00a0\u00bb,\u00a0\u00bbWebsked-plans\u00a0\u00bb:\u00a0\u00bbhttps:\/\/www.leparisien.fr\/\u00a0\u00bb,\u00a0\u00bbsurfooter\u00a0\u00bb:\u00a0\u00bbhttps:\/\/www.leparisien.fr\/\u00a0\u00bb,\u00a0\u00bbsub-nav\u00a0\u00bb:\u00a0\u00bbhttps:\/\/www.leparisien.fr\/\u00a0\u00bb,\u00a0\u00bbmobile-menu-sections-list\u00a0\u00bb:\u00a0\u00bbhttps:\/\/www.leparisien.fr\/\u00a0\u00bb,\u00a0\u00bbmenu\u00a0\u00bb:\u00a0\u00bbhttps:\/\/www.leparisien.fr\/\u00a0\u00bb,\u00a0\u00bbburger-menu\u00a0\u00bb:\u00a0\u00bbhttps:\/\/www.leparisien.fr\/\u00a0\u00bb,\u00a0\u00bbmosaic_app\u00a0\u00bb:\u00a0\u00bbhttps:\/\/www.leparisien.fr\/\u00a0\u00bb},\u00a0\u00bbGoogle Analytics\u00a0\u00bb:{\u00ab\u00a0ga_name_level_2&Prime;:null,\u00a0\u00bbga_name_level_3&Prime;:null,\u00a0\u00bbga_name_level_1&Prime;:\u00a0\u00bbpodcasts\u00a0\u00bb},\u00a0\u00bbSponsor\u00a0\u00bb:{\u00ab\u00a0collection_id_for_pinned_content\u00a0\u00bb:\u00a0\u00bbEB7A434XEJFU3DQ3VMQL6T2CBE\u00a0\u00bb},\u00a0\u00bbMobile\u00a0\u00bb:{\u00ab\u00a0background_color_section\u00a0\u00bb:\u00a0\u00bb#C89900&Prime;,\u00a0\u00bbsection_left_logo_dark\u00a0\u00bb:\u00a0\u00bbhttps:\/\/assets.leparisien.fr\/mobile\/images\/menu\/dark\/podcast.png\u00a0\u00bb,\u00a0\u00bbbackground_image_section\u00a0\u00bb:\u00a0\u00bbhttps:\/\/assets.leparisien.fr\/mobile\/images\/explorer\/podcasts.png\u00a0\u00bb,\u00a0\u00bbsection_left_logo_light\u00a0\u00bb:\u00a0\u00bbhttps:\/\/assets.leparisien.fr\/mobile\/images\/menu\/podcast.png\u00a0\u00bb},\u00a0\u00bb_admin\u00a0\u00bb:{\u00ab\u00a0alias_ids\u00a0\u00bb:[]},\u00a0\u00bbsite\u00a0\u00bb:{\u00ab\u00a0amp_deactivated\u00a0\u00bb:\u00a0\u00bbtrue\u00a0\u00bb,\u00a0\u00bbpaywall_deactivated\u00a0\u00bb:\u00a0\u00bbtrue\u00a0\u00bb,\u00a0\u00bbsite_description\u00a0\u00bb:\u00a0\u00bbSuivez toute l&rsquo;actualit\u00e9 en France et en podcast : politique, faits divers, soci\u00e9t\u00e9 et toute l&rsquo;actualit\u00e9 sociale, \u00e9conomique et sportive avec Le Parisien\u00a0\u00bb,\u00a0\u00bbsite_title\u00a0\u00bb:\u00a0\u00bbPodcasts d&rsquo;actualit\u00e9 : \u00e9coutez les meilleurs podcasts du Parisien &#8211; Le Parisien\u00a0\u00bb},\u00a0\u00bbinactive\u00a0\u00bb:false,\u00a0\u00bbnode_type\u00a0\u00bb:\u00a0\u00bbsection\u00a0\u00bb,\u00a0\u00bbname\u00a0\u00bb:\u00a0\u00bbPodcasts\u00a0\u00bb,\u00a0\u00bbstory_list\u00a0\u00bb:{\u00ab\u00a0story_list_content\u00a0\u00bb:{}},\u00a0\u00bbheader\u00a0\u00bb:{\u00ab\u00a0title_logo_only\u00a0\u00bb:\u00a0\u00bbfalse\u00a0\u00bb},\u00a0\u00bb_id\u00a0\u00bb:\u00a0\u00bb\/podcasts\u00a0\u00bb,\u00a0\u00bbancestors\u00a0\u00bb:{\u00ab\u00a0burger-menu-etudiant\u00a0\u00bb:[],\u00a0\u00bbdefault\u00a0\u00bb:[\u00ab\u00a0https:\/\/www.leparisien.fr\/\u00a0\u00bb],\u00a0\u00bbnavbar\u00a0\u00bb:[\u00ab\u00a0https:\/\/www.leparisien.fr\/\u00a0\u00bb],\u00a0\u00bbfooter\u00a0\u00bb:[\u00ab\u00a0https:\/\/www.leparisien.fr\/\u00a0\u00bb],\u00a0\u00bbWebsked-plans\u00a0\u00bb:[\u00ab\u00a0https:\/\/www.leparisien.fr\/\u00a0\u00bb],\u00a0\u00bbsurfooter\u00a0\u00bb:[\u00ab\u00a0https:\/\/www.leparisien.fr\/\u00a0\u00bb],\u00a0\u00bbsub-nav\u00a0\u00bb:[\u00ab\u00a0https:\/\/www.leparisien.fr\/\u00a0\u00bb],\u00a0\u00bbmobile-menu-sections-list\u00a0\u00bb:[\u00ab\u00a0https:\/\/www.leparisien.fr\/\u00a0\u00bb],\u00a0\u00bbmenu\u00a0\u00bb:[\u00ab\u00a0https:\/\/www.leparisien.fr\/\u00a0\u00bb],\u00a0\u00bbburger-menu\u00a0\u00bb:[\u00ab\u00a0https:\/\/www.leparisien.fr\/\u00a0\u00bb],\u00a0\u00bbmosaic_app\u00a0\u00bb:[\u00ab\u00a0https:\/\/www.leparisien.fr\/\u00a0\u00bb]},\u00a0\u00bborder\u00a0\u00bb:{\u00ab\u00a0default\u00a0\u00bb:1068,\u00a0\u00bbnavbar\u00a0\u00bb:1010,\u00a0\u00bbMaillage_SEO_Surfooter\u00a0\u00bb:1065,\u00a0\u00bbfooter\u00a0\u00bb:1016,\u00a0\u00bbWebsked-plans\u00a0\u00bb:1017,\u00a0\u00bbsurfooter\u00a0\u00bb:1016,\u00a0\u00bbsub-nav\u00a0\u00bb:1022,\u00a0\u00bbmobile-menu-sections-list\u00a0\u00bb:1004,\u00a0\u00bbmenu\u00a0\u00bb:1022,\u00a0\u00bbburger-menu\u00a0\u00bb:1019,\u00a0\u00bbmosaic_app\u00a0\u00bb:1014}}},\u00a0\u00bbtype\u00a0\u00bb:\u00a0\u00bbsite\u00a0\u00bb,\u00a0\u00bbversion\u00a0\u00bb:\u00a0\u00bb0.5.8&Prime;},{\u00ab\u00a0path\u00a0\u00bb:\u00a0\u00bb\/faits-divers\u00a0\u00bb,\u00a0\u00bbparent_id\u00a0\u00bb:\u00a0\u00bbhttps:\/\/www.leparisien.fr\/\u00a0\u00bb,\u00a0\u00bbname\u00a0\u00bb:\u00a0\u00bbFaits divers\u00a0\u00bb,\u00a0\u00bbdescription\u00a0\u00bb:\u00a0\u00bbSuivez toute l&rsquo;actualit\u00e9 des faits divers \u00e0 Paris et en France en direct avec leParisien.fr : enqu\u00eates, interviews, vid\u00e9os et infos exclusives sur les meutres, vols\u2026\u00a0\u00bb,\u00a0\u00bb_id\u00a0\u00bb:\u00a0\u00bb\/faits-divers\u00a0\u00bb,\u00a0\u00bbadditional_properties\u00a0\u00bb:{\u00ab\u00a0original\u00a0\u00bb:{\u00ab\u00a0parent\u00a0\u00bb:{\u00ab\u00a0nav\u00a0\u00bb:\u00a0\u00bbhttps:\/\/www.leparisien.fr\/\u00a0\u00bb,\u00a0\u00bbMaillage_SEO_Surfooter\u00a0\u00bb:\u00a0\u00bbhttps:\/\/www.leparisien.fr\/\u00a0\u00bb,\u00a0\u00bbfooter\u00a0\u00bb:\u00a0\u00bbhttps:\/\/www.leparisien.fr\/\u00a0\u00bb,\u00a0\u00bbWebsked-plans\u00a0\u00bb:\u00a0\u00bbhttps:\/\/www.leparisien.fr\/\u00a0\u00bb,\u00a0\u00bbsurfooter\u00a0\u00bb:\u00a0\u00bbhttps:\/\/www.leparisien.fr\/\u00a0\u00bb,\u00a0\u00bbmobile-menu-sections-list\u00a0\u00bb:\u00a0\u00bbhttps:\/\/www.leparisien.fr\/\u00a0\u00bb,\u00a0\u00bbmenu\u00a0\u00bb:\u00a0\u00bbhttps:\/\/www.leparisien.fr\/\u00a0\u00bb,\u00a0\u00bbburger-menu\u00a0\u00bb:\u00a0\u00bbhttps:\/\/www.leparisien.fr\/\u00a0\u00bb,\u00a0\u00bbmosaic_app\u00a0\u00bb:\u00a0\u00bbhttps:\/\/www.leparisien.fr\/\u00a0\u00bb,\u00a0\u00bbdefault\u00a0\u00bb:\u00a0\u00bbhttps:\/\/www.leparisien.fr\/\u00a0\u00bb,\u00a0\u00bbburger-menu-etudiant\u00a0\u00bb:null,\u00a0\u00bbnavbar\u00a0\u00bb:\u00a0\u00bbhttps:\/\/www.leparisien.fr\/\u00a0\u00bb,\u00a0\u00bbsub-nav\u00a0\u00bb:\u00a0\u00bbhttps:\/\/www.leparisien.fr\/\u00a0\u00bb},\u00a0\u00bbGoogle Analytics\u00a0\u00bb:{\u00ab\u00a0ga_name_level_2&Prime;:null,\u00a0\u00bbga_name_level_3&Prime;:null,\u00a0\u00bbga_name_level_1&Prime;:\u00a0\u00bbfaits-divers\u00a0\u00bb},\u00a0\u00bbSponsor\u00a0\u00bb:{\u00ab\u00a0collection_id_for_pinned_content\u00a0\u00bb:\u00a0\u00bbZ5HL7A52HBDMPKNIFEGG3Q667I\u00a0\u00bb},\u00a0\u00bbMobile\u00a0\u00bb:{\u00ab\u00a0background_color_section\u00a0\u00bb:\u00a0\u00bb#4F6069&Prime;,\u00a0\u00bbbackground_image_section\u00a0\u00bb:\u00a0\u00bbhttps:\/\/assets.leparisien.fr\/mobile\/images\/explorer\/faits_divers.png\u00a0\u00bb},\u00a0\u00bbNewsletter\u00a0\u00bb:{\u00ab\u00a0newsletter_optin\u00a0\u00bb:\u00a0\u00bboptin_thematique_faits_divers\u00a0\u00bb,\u00a0\u00bbnewsletter_color\u00a0\u00bb:\u00a0\u00bb#7779A6&Prime;,\u00a0\u00bbnewsletter_title\u00a0\u00bb:\u00a0\u00bbUne plong\u00e9e dans l\u2019actualit\u00e9 des faits divers, pour \u00e9clairer la face sombre de notre \u00e9poque\u00a0\u00bb,\u00a0\u00bbnewsletter_name\u00a0\u00bb:\u00a0\u00bbEnqu\u00eate en cours\u00a0\u00bb,\u00a0\u00bbnewsletter_image\u00a0\u00bb:\u00a0\u00bbnewsletter-faits-divers-logo.png\u00a0\u00bb,\u00a0\u00bbnewsletter_slug\u00a0\u00bb:\u00a0\u00bbfaits-divers\u00a0\u00bb,\u00a0\u00bbnewsletter_label\u00a0\u00bb:\u00a0\u00bbEnqu\u00eate en cours\u00a0\u00bb},\u00a0\u00bb_admin\u00a0\u00bb:{\u00ab\u00a0alias_ids\u00a0\u00bb:[]},\u00a0\u00bbsite\u00a0\u00bb:{\u00ab\u00a0section_show_videos\u00a0\u00bb:\u00a0\u00bbtrue\u00a0\u00bb,\u00a0\u00bbsite_description\u00a0\u00bb:\u00a0\u00bbSuivez toute l&rsquo;actualit\u00e9 des faits divers \u00e0 Paris et en France en direct avec leParisien.fr : enqu\u00eates, interviews, vid\u00e9os et infos exclusives sur les meutres, vols\u2026\u00a0\u00bb,\u00a0\u00bbsite_title\u00a0\u00bb:\u00a0\u00bbFaits Divers : Toute l&rsquo;actualit\u00e9 des faits divers &#8211; Le Parisien\u00a0\u00bb},\u00a0\u00bbinactive\u00a0\u00bb:false,\u00a0\u00bbnode_type\u00a0\u00bb:\u00a0\u00bbsection\u00a0\u00bb,\u00a0\u00bbname\u00a0\u00bb:\u00a0\u00bbFaits divers\u00a0\u00bb,\u00a0\u00bbstory_list\u00a0\u00bb:{\u00ab\u00a0story_list_content\u00a0\u00bb:{}},\u00a0\u00bbheader\u00a0\u00bb:{\u00ab\u00a0title_logo_only\u00a0\u00bb:\u00a0\u00bbfalse\u00a0\u00bb},\u00a0\u00bb_id\u00a0\u00bb:\u00a0\u00bb\/faits-divers\u00a0\u00bb,\u00a0\u00bbancestors\u00a0\u00bb:{\u00ab\u00a0burger-menu-etudiant\u00a0\u00bb:[],\u00a0\u00bbnav\u00a0\u00bb:[\u00ab\u00a0https:\/\/www.leparisien.fr\/\u00a0\u00bb],\u00a0\u00bbdefault\u00a0\u00bb:[\u00ab\u00a0https:\/\/www.leparisien.fr\/\u00a0\u00bb],\u00a0\u00bbnavbar\u00a0\u00bb:[\u00ab\u00a0https:\/\/www.leparisien.fr\/\u00a0\u00bb],\u00a0\u00bbfooter\u00a0\u00bb:[\u00ab\u00a0https:\/\/www.leparisien.fr\/\u00a0\u00bb],\u00a0\u00bbWebsked-plans\u00a0\u00bb:[\u00ab\u00a0https:\/\/www.leparisien.fr\/\u00a0\u00bb],\u00a0\u00bbsurfooter\u00a0\u00bb:[\u00ab\u00a0https:\/\/www.leparisien.fr\/\u00a0\u00bb],\u00a0\u00bbsub-nav\u00a0\u00bb:[\u00ab\u00a0https:\/\/www.leparisien.fr\/\u00a0\u00bb],\u00a0\u00bbmobile-menu-sections-list\u00a0\u00bb:[\u00ab\u00a0https:\/\/www.leparisien.fr\/\u00a0\u00bb],\u00a0\u00bbmenu\u00a0\u00bb:[\u00ab\u00a0https:\/\/www.leparisien.fr\/\u00a0\u00bb],\u00a0\u00bbburger-menu\u00a0\u00bb:[\u00ab\u00a0https:\/\/www.leparisien.fr\/\u00a0\u00bb],\u00a0\u00bbmosaic_app\u00a0\u00bb:[\u00ab\u00a0https:\/\/www.leparisien.fr\/\u00a0\u00bb]},\u00a0\u00bborder\u00a0\u00bb:{\u00ab\u00a0default\u00a0\u00bb:1066,\u00a0\u00bbnav\u00a0\u00bb:1004,\u00a0\u00bbnavbar\u00a0\u00bb:1004,\u00a0\u00bbMaillage_SEO_Surfooter\u00a0\u00bb:1063,\u00a0\u00bbfooter\u00a0\u00bb:1013,\u00a0\u00bbWebsked-plans\u00a0\u00bb:1007,\u00a0\u00bbsurfooter\u00a0\u00bb:1013,\u00a0\u00bbsub-nav\u00a0\u00bb:1008,\u00a0\u00bbmobile-menu-sections-list\u00a0\u00bb:1001,\u00a0\u00bbmenu\u00a0\u00bb:1004,\u00a0\u00bbburger-menu\u00a0\u00bb:1002,\u00a0\u00bbmosaic_app\u00a0\u00bb:1001}}},\u00a0\u00bbtype\u00a0\u00bb:\u00a0\u00bbsite\u00a0\u00bb,\u00a0\u00bbversion\u00a0\u00bb:\u00a0\u00bb0.5.8&Prime;}],\u00a0\u00bbsections\u00a0\u00bb:[{\u00ab\u00a0path\u00a0\u00bb:\u00a0\u00bb\/podcasts\/crime-story\u00a0\u00bb,\u00a0\u00bbparent\u00a0\u00bb:{\u00ab\u00a0default\u00a0\u00bb:\u00a0\u00bb\/podcasts\u00a0\u00bb},\u00a0\u00bb_website\u00a0\u00bb:\u00a0\u00bbleparisien\u00a0\u00bb,\u00a0\u00bbparent_id\u00a0\u00bb:\u00a0\u00bb\/podcasts\u00a0\u00bb,\u00a0\u00bbname\u00a0\u00bb:\u00a0\u00bbCrime story\u00a0\u00bb,\u00a0\u00bbdescription\u00a0\u00bb:\u00a0\u00bbLe podcast faits divers Crime story raconte chaque semaine les grandes affaires criminelles qui ont marqu\u00e9 ces derni\u00e8res d\u00e9cennies. Publi\u00e9 chaque samedi, Crime story est pr\u00e9sent\u00e9 par la journaliste Clawdia Prolongeau et son invit\u00e9 permanent : Damien Delseny, le chef du service police justice du Parisien.\u00a0\u00bb,\u00a0\u00bb_id\u00a0\u00bb:\u00a0\u00bb\/podcasts\/crime-story\u00a0\u00bb,\u00a0\u00bbadditional_properties\u00a0\u00bb:{\u00ab\u00a0original\u00a0\u00bb:{\u00ab\u00a0parent\u00a0\u00bb:{\u00ab\u00a0default\u00a0\u00bb:\u00a0\u00bb\/podcasts\u00a0\u00bb,\u00a0\u00bbMaillage_SEO_Surfooter\u00a0\u00bb:\u00a0\u00bb\/podcasts\u00a0\u00bb,\u00a0\u00bbWebsked-plans\u00a0\u00bb:\u00a0\u00bb\/podcasts\u00a0\u00bb,\u00a0\u00bbsub-nav\u00a0\u00bb:\u00a0\u00bb\/podcasts\u00a0\u00bb,\u00a0\u00bbmenu\u00a0\u00bb:\u00a0\u00bb\/podcasts\u00a0\u00bb},\u00a0\u00bbin_the_news\u00a0\u00bb:{\u00ab\u00a0in_the_news_usefeature\u00a0\u00bb:null,\u00a0\u00bbin_the_news_usebasepage\u00a0\u00bb:\u00a0\u00bb\/in-the-news-forsections\/\u00a0\u00bb,\u00a0\u00bbin_the_news_usesectionbar\u00a0\u00bb:\u00a0\u00bbfalse\u00a0\u00bb},\u00a0\u00bbGoogle Analytics\u00a0\u00bb:{\u00ab\u00a0ga_name_level_2&Prime;:\u00a0\u00bbcrime-story\u00a0\u00bb,\u00a0\u00bbga_name_level_3&Prime;:null,\u00a0\u00bbga_name_level_1&Prime;:\u00a0\u00bbpodcasts\u00a0\u00bb},\u00a0\u00bbsocial\u00a0\u00bb:{\u00ab\u00a0archives\u00a0\u00bb:null,\u00a0\u00bbtwitter\u00a0\u00bb:null,\u00a0\u00bbrss\u00a0\u00bb:null,\u00a0\u00bbfacebook\u00a0\u00bb:null},\u00a0\u00bbSponsor\u00a0\u00bb:{\u00ab\u00a0sponsor_type\u00a0\u00bb:null,\u00a0\u00bbsponsor_message\u00a0\u00bb:null,\u00a0\u00bbcollection_id_for_pinned_content\u00a0\u00bb:null,\u00a0\u00bbsponsor_logo_url\u00a0\u00bb:null,\u00a0\u00bbsponsor_name\u00a0\u00bb:null},\u00a0\u00bbMobile\u00a0\u00bb:{\u00ab\u00a0background_color_section\u00a0\u00bb:\u00a0\u00bb#C0C0C0&Prime;,\u00a0\u00bbalternative_title\u00a0\u00bb:null,\u00a0\u00bbxtpage\u00a0\u00bb:null,\u00a0\u00bbsection_collection_id\u00a0\u00bb:null,\u00a0\u00bblabel\u00a0\u00bb:null,\u00a0\u00bbbackground_image_section\u00a0\u00bb:null},\u00a0\u00bbNewsletter\u00a0\u00bb:{\u00ab\u00a0newsletter_optin\u00a0\u00bb:\u00a0\u00bboptin_thematique_faits_divers\u00a0\u00bb,\u00a0\u00bbnewsletter_color\u00a0\u00bb:\u00a0\u00bb#1EA0E6&Prime;,\u00a0\u00bbnewsletter_title\u00a0\u00bb:\u00a0\u00bbUne plong\u00e9e dans l\u2019actualit\u00e9 des faits divers, pour \u00e9clairer la face sombre de notre \u00e9poque\u00a0\u00bb,\u00a0\u00bbnewsletter_name\u00a0\u00bb:\u00a0\u00bbL&rsquo;Essentiel de l&rsquo;actu\u00a0\u00bb,\u00a0\u00bbnewsletter_image\u00a0\u00bb:\u00a0\u00bbnewsletter-faits-divers-logo.png\u00a0\u00bb,\u00a0\u00bbnewsletter_slug\u00a0\u00bb:\u00a0\u00bbfaits-divers\u00a0\u00bb,\u00a0\u00bbmodule_message\u00a0\u00bb:null,\u00a0\u00bbnewsletter_label\u00a0\u00bb:\u00a0\u00bbEnqu\u00eate en cours\u00a0\u00bb},\u00a0\u00bb_admin\u00a0\u00bb:{\u00ab\u00a0tracking_node\u00a0\u00bb:null,\u00a0\u00bbalias_ids\u00a0\u00bb:[\u00ab\u00a0\/podcasts\/crime-story\u00a0\u00bb],\u00a0\u00bbdo_not_show_on_site\u00a0\u00bb:null,\u00a0\u00bbcommercial_node\u00a0\u00bb:null,\u00a0\u00bbdefault_content\u00a0\u00bb:null},\u00a0\u00bbnavigation\u00a0\u00bb:{\u00ab\u00a0nav_title\u00a0\u00bb:null,\u00a0\u00bbdisplay_in_top_strip\u00a0\u00bb:null,\u00a0\u00bbnav_display\u00a0\u00bb:null},\u00a0\u00bbsite\u00a0\u00bb:{\u00ab\u00a0is_clickable_on_menu\u00a0\u00bb:\u00a0\u00bbtrue\u00a0\u00bb,\u00a0\u00bbpresentation\u00a0\u00bb:\u00a0\u00bbLe podcast faits divers Crime story raconte chaque semaine les grandes affaires criminelles qui ont marqu\u00e9 ces derni\u00e8res d\u00e9cennies. Publi\u00e9 chaque samedi, Crime story est pr\u00e9sent\u00e9 par la journaliste Clawdia Prolongeau et son invit\u00e9 permanent : Damien Delseny, le chef du service police justice du Parisien.\u00a0\u00bb,\u00a0\u00bbpagebuilder_path_for_native_apps\u00a0\u00bb:null,\u00a0\u00bbsite_url\u00a0\u00bb:null,\u00a0\u00bbsite_keywords\u00a0\u00bb:null,\u00a0\u00bbnative_app_rendering\u00a0\u00bb:null,\u00a0\u00bbamp_deactivated\u00a0\u00bb:\u00a0\u00bbfalse\u00a0\u00bb,\u00a0\u00bbsite_about\u00a0\u00bb:null,\u00a0\u00bbpaywall_deactivated\u00a0\u00bb:\u00a0\u00bbfalse\u00a0\u00bb,\u00a0\u00bbsite_description\u00a0\u00bb:\u00a0\u00bbLe podcast faits divers Crime story raconte chaque semaine les grandes affaires criminelles qui ont marqu\u00e9 ces derni\u00e8res d\u00e9cennies. Publi\u00e9 chaque samedi, Crime story est pr\u00e9sent\u00e9 par la journaliste Clawdia Prolongeau et son invit\u00e9 permanent : Damien Delseny, le chef du service police justice du Parisien.\u00a0\u00bb,\u00a0\u00bbsite_title\u00a0\u00bb:\u00a0\u00bbCrime story : le podcast Faits divers du Parisien &#8211; Le Parisien\u00a0\u00bb,\u00a0\u00bbsite_tagline\u00a0\u00bb:null},\u00a0\u00bbinactive\u00a0\u00bb:false,\u00a0\u00bbnode_type\u00a0\u00bb:\u00a0\u00bbsection\u00a0\u00bb,\u00a0\u00bb_website\u00a0\u00bb:\u00a0\u00bbleparisien\u00a0\u00bb,\u00a0\u00bbname\u00a0\u00bb:\u00a0\u00bbCrime story\u00a0\u00bb,\u00a0\u00bbstory_list\u00a0\u00bb:{\u00ab\u00a0story_list_content\u00a0\u00bb:{}},\u00a0\u00bb_id\u00a0\u00bb:\u00a0\u00bb\/podcasts\/crime-story\u00a0\u00bb,\u00a0\u00bbancestors\u00a0\u00bb:{\u00ab\u00a0default\u00a0\u00bb:[\u00ab\u00a0\/podcasts\u00a0\u00bb],\u00a0\u00bbMaillage_SEO_Surfooter\u00a0\u00bb:[\u00ab\u00a0\/podcasts\u00a0\u00bb],\u00a0\u00bbWebsked-plans\u00a0\u00bb:[\u00ab\u00a0https:\/\/www.leparisien.fr\/\u00a0\u00bb,\u00a0\u00bb\/podcasts\u00a0\u00bb],\u00a0\u00bbsub-nav\u00a0\u00bb:[\u00ab\u00a0https:\/\/www.leparisien.fr\/\u00a0\u00bb,\u00a0\u00bb\/podcasts\u00a0\u00bb],\u00a0\u00bbmenu\u00a0\u00bb:[\u00ab\u00a0https:\/\/www.leparisien.fr\/\u00a0\u00bb,\u00a0\u00bb\/podcasts\u00a0\u00bb]},\u00a0\u00bborder\u00a0\u00bb:{\u00ab\u00a0default\u00a0\u00bb:2002,\u00a0\u00bbMaillage_SEO_Surfooter\u00a0\u00bb:2002,\u00a0\u00bbWebsked-plans\u00a0\u00bb:2002,\u00a0\u00bbsub-nav\u00a0\u00bb:2002,\u00a0\u00bbmenu\u00a0\u00bb:2002}}},\u00a0\u00bb_website_section_id\u00a0\u00bb:\u00a0\u00bbleparisien.\/podcasts\/crime-story\u00a0\u00bb,\u00a0\u00bbtype\u00a0\u00bb:\u00a0\u00bbsection\u00a0\u00bb,\u00a0\u00bbversion\u00a0\u00bb:\u00a0\u00bb0.6.0&Prime;},{\u00ab\u00a0path\u00a0\u00bb:\u00a0\u00bb\/podcasts\u00a0\u00bb,\u00a0\u00bbparent\u00a0\u00bb:{\u00ab\u00a0default\u00a0\u00bb:\u00a0\u00bbhttps:\/\/www.leparisien.fr\/\u00a0\u00bb},\u00a0\u00bb_website\u00a0\u00bb:\u00a0\u00bbleparisien\u00a0\u00bb,\u00a0\u00bbparent_id\u00a0\u00bb:\u00a0\u00bbhttps:\/\/www.leparisien.fr\/\u00a0\u00bb,\u00a0\u00bbname\u00a0\u00bb:\u00a0\u00bbPodcasts\u00a0\u00bb,\u00a0\u00bbdescription\u00a0\u00bb:\u00a0\u00bbSuivez toute l&rsquo;actualit\u00e9 en France et en podcast : politique, faits divers, soci\u00e9t\u00e9 et toute l&rsquo;actualit\u00e9 sociale, \u00e9conomique et sportive avec Le Parisien\u00a0\u00bb,\u00a0\u00bb_id\u00a0\u00bb:\u00a0\u00bb\/podcasts\u00a0\u00bb,\u00a0\u00bbadditional_properties\u00a0\u00bb:{\u00ab\u00a0original\u00a0\u00bb:{\u00ab\u00a0parent\u00a0\u00bb:{\u00ab\u00a0default\u00a0\u00bb:\u00a0\u00bbhttps:\/\/www.leparisien.fr\/\u00a0\u00bb,\u00a0\u00bbburger-menu-etudiant\u00a0\u00bb:null,\u00a0\u00bbnavbar\u00a0\u00bb:\u00a0\u00bbhttps:\/\/www.leparisien.fr\/\u00a0\u00bb,\u00a0\u00bbMaillage_SEO_Surfooter\u00a0\u00bb:\u00a0\u00bbhttps:\/\/www.leparisien.fr\/\u00a0\u00bb,\u00a0\u00bbfooter\u00a0\u00bb:\u00a0\u00bbhttps:\/\/www.leparisien.fr\/\u00a0\u00bb,\u00a0\u00bbWebsked-plans\u00a0\u00bb:\u00a0\u00bbhttps:\/\/www.leparisien.fr\/\u00a0\u00bb,\u00a0\u00bbsurfooter\u00a0\u00bb:\u00a0\u00bbhttps:\/\/www.leparisien.fr\/\u00a0\u00bb,\u00a0\u00bbsub-nav\u00a0\u00bb:\u00a0\u00bbhttps:\/\/www.leparisien.fr\/\u00a0\u00bb,\u00a0\u00bbmobile-menu-sections-list\u00a0\u00bb:\u00a0\u00bbhttps:\/\/www.leparisien.fr\/\u00a0\u00bb,\u00a0\u00bbmenu\u00a0\u00bb:\u00a0\u00bbhttps:\/\/www.leparisien.fr\/\u00a0\u00bb,\u00a0\u00bbburger-menu\u00a0\u00bb:\u00a0\u00bbhttps:\/\/www.leparisien.fr\/\u00a0\u00bb,\u00a0\u00bbmosaic_app\u00a0\u00bb:\u00a0\u00bbhttps:\/\/www.leparisien.fr\/\u00a0\u00bb},\u00a0\u00bbGoogle Analytics\u00a0\u00bb:{\u00ab\u00a0ga_name_level_2&Prime;:null,\u00a0\u00bbga_name_level_3&Prime;:null,\u00a0\u00bbga_name_level_1&Prime;:\u00a0\u00bbpodcasts\u00a0\u00bb},\u00a0\u00bbSponsor\u00a0\u00bb:{\u00ab\u00a0collection_id_for_pinned_content\u00a0\u00bb:\u00a0\u00bbEB7A434XEJFU3DQ3VMQL6T2CBE\u00a0\u00bb},\u00a0\u00bbMobile\u00a0\u00bb:{\u00ab\u00a0background_color_section\u00a0\u00bb:\u00a0\u00bb#C89900&Prime;,\u00a0\u00bbsection_left_logo_dark\u00a0\u00bb:\u00a0\u00bbhttps:\/\/assets.leparisien.fr\/mobile\/images\/menu\/dark\/podcast.png\u00a0\u00bb,\u00a0\u00bbbackground_image_section\u00a0\u00bb:\u00a0\u00bbhttps:\/\/assets.leparisien.fr\/mobile\/images\/explorer\/podcasts.png\u00a0\u00bb,\u00a0\u00bbsection_left_logo_light\u00a0\u00bb:\u00a0\u00bbhttps:\/\/assets.leparisien.fr\/mobile\/images\/menu\/podcast.png\u00a0\u00bb},\u00a0\u00bb_admin\u00a0\u00bb:{\u00ab\u00a0alias_ids\u00a0\u00bb:[]},\u00a0\u00bbsite\u00a0\u00bb:{\u00ab\u00a0amp_deactivated\u00a0\u00bb:\u00a0\u00bbtrue\u00a0\u00bb,\u00a0\u00bbpaywall_deactivated\u00a0\u00bb:\u00a0\u00bbtrue\u00a0\u00bb,\u00a0\u00bbsite_description\u00a0\u00bb:\u00a0\u00bbSuivez toute l&rsquo;actualit\u00e9 en France et en podcast : politique, faits divers, soci\u00e9t\u00e9 et toute l&rsquo;actualit\u00e9 sociale, \u00e9conomique et sportive avec Le Parisien\u00a0\u00bb,\u00a0\u00bbsite_title\u00a0\u00bb:\u00a0\u00bbPodcasts d&rsquo;actualit\u00e9 : \u00e9coutez les meilleurs podcasts du Parisien &#8211; Le Parisien\u00a0\u00bb},\u00a0\u00bbinactive\u00a0\u00bb:false,\u00a0\u00bbnode_type\u00a0\u00bb:\u00a0\u00bbsection\u00a0\u00bb,\u00a0\u00bb_website\u00a0\u00bb:\u00a0\u00bbleparisien\u00a0\u00bb,\u00a0\u00bbname\u00a0\u00bb:\u00a0\u00bbPodcasts\u00a0\u00bb,\u00a0\u00bbstory_list\u00a0\u00bb:{\u00ab\u00a0story_list_content\u00a0\u00bb:{}},\u00a0\u00bbheader\u00a0\u00bb:{\u00ab\u00a0title_logo_only\u00a0\u00bb:\u00a0\u00bbfalse\u00a0\u00bb},\u00a0\u00bb_id\u00a0\u00bb:\u00a0\u00bb\/podcasts\u00a0\u00bb,\u00a0\u00bbancestors\u00a0\u00bb:{\u00ab\u00a0burger-menu-etudiant\u00a0\u00bb:[],\u00a0\u00bbdefault\u00a0\u00bb:[\u00ab\u00a0https:\/\/www.leparisien.fr\/\u00a0\u00bb],\u00a0\u00bbnavbar\u00a0\u00bb:[\u00ab\u00a0https:\/\/www.leparisien.fr\/\u00a0\u00bb],\u00a0\u00bbfooter\u00a0\u00bb:[\u00ab\u00a0https:\/\/www.leparisien.fr\/\u00a0\u00bb],\u00a0\u00bbWebsked-plans\u00a0\u00bb:[\u00ab\u00a0https:\/\/www.leparisien.fr\/\u00a0\u00bb],\u00a0\u00bbsurfooter\u00a0\u00bb:[\u00ab\u00a0https:\/\/www.leparisien.fr\/\u00a0\u00bb],\u00a0\u00bbsub-nav\u00a0\u00bb:[\u00ab\u00a0https:\/\/www.leparisien.fr\/\u00a0\u00bb],\u00a0\u00bbmobile-menu-sections-list\u00a0\u00bb:[\u00ab\u00a0https:\/\/www.leparisien.fr\/\u00a0\u00bb],\u00a0\u00bbmenu\u00a0\u00bb:[\u00ab\u00a0https:\/\/www.leparisien.fr\/\u00a0\u00bb],\u00a0\u00bbburger-menu\u00a0\u00bb:[\u00ab\u00a0https:\/\/www.leparisien.fr\/\u00a0\u00bb],\u00a0\u00bbmosaic_app\u00a0\u00bb:[\u00ab\u00a0https:\/\/www.leparisien.fr\/\u00a0\u00bb]},\u00a0\u00bborder\u00a0\u00bb:{\u00ab\u00a0default\u00a0\u00bb:1068,\u00a0\u00bbnavbar\u00a0\u00bb:1010,\u00a0\u00bbMaillage_SEO_Surfooter\u00a0\u00bb:1065,\u00a0\u00bbfooter\u00a0\u00bb:1016,\u00a0\u00bbWebsked-plans\u00a0\u00bb:1017,\u00a0\u00bbsurfooter\u00a0\u00bb:1016,\u00a0\u00bbsub-nav\u00a0\u00bb:1022,\u00a0\u00bbmobile-menu-sections-list\u00a0\u00bb:1004,\u00a0\u00bbmenu\u00a0\u00bb:1022,\u00a0\u00bbburger-menu\u00a0\u00bb:1019,\u00a0\u00bbmosaic_app\u00a0\u00bb:1014}}},\u00a0\u00bb_website_section_id\u00a0\u00bb:\u00a0\u00bbleparisien.\/podcasts\u00a0\u00bb,\u00a0\u00bbtype\u00a0\u00bb:\u00a0\u00bbsection\u00a0\u00bb,\u00a0\u00bbversion\u00a0\u00bb:\u00a0\u00bb0.6.0&Prime;},{\u00ab\u00a0path\u00a0\u00bb:\u00a0\u00bb\/faits-divers\u00a0\u00bb,\u00a0\u00bbparent\u00a0\u00bb:{\u00ab\u00a0default\u00a0\u00bb:\u00a0\u00bbhttps:\/\/www.leparisien.fr\/\u00a0\u00bb},\u00a0\u00bb_website\u00a0\u00bb:\u00a0\u00bbleparisien\u00a0\u00bb,\u00a0\u00bbparent_id\u00a0\u00bb:\u00a0\u00bbhttps:\/\/www.leparisien.fr\/\u00a0\u00bb,\u00a0\u00bbname\u00a0\u00bb:\u00a0\u00bbFaits divers\u00a0\u00bb,\u00a0\u00bbdescription\u00a0\u00bb:\u00a0\u00bbSuivez toute l&rsquo;actualit\u00e9 des faits divers \u00e0 Paris et en France en direct avec leParisien.fr : enqu\u00eates, interviews, vid\u00e9os et infos exclusives sur les meutres, vols\u2026\u00a0\u00bb,\u00a0\u00bb_id\u00a0\u00bb:\u00a0\u00bb\/faits-divers\u00a0\u00bb,\u00a0\u00bbadditional_properties\u00a0\u00bb:{\u00ab\u00a0original\u00a0\u00bb:{\u00ab\u00a0parent\u00a0\u00bb:{\u00ab\u00a0nav\u00a0\u00bb:\u00a0\u00bbhttps:\/\/www.leparisien.fr\/\u00a0\u00bb,\u00a0\u00bbMaillage_SEO_Surfooter\u00a0\u00bb:\u00a0\u00bbhttps:\/\/www.leparisien.fr\/\u00a0\u00bb,\u00a0\u00bbfooter\u00a0\u00bb:\u00a0\u00bbhttps:\/\/www.leparisien.fr\/\u00a0\u00bb,\u00a0\u00bbWebsked-plans\u00a0\u00bb:\u00a0\u00bbhttps:\/\/www.leparisien.fr\/\u00a0\u00bb,\u00a0\u00bbsurfooter\u00a0\u00bb:\u00a0\u00bbhttps:\/\/www.leparisien.fr\/\u00a0\u00bb,\u00a0\u00bbmobile-menu-sections-list\u00a0\u00bb:\u00a0\u00bbhttps:\/\/www.leparisien.fr\/\u00a0\u00bb,\u00a0\u00bbmenu\u00a0\u00bb:\u00a0\u00bbhttps:\/\/www.leparisien.fr\/\u00a0\u00bb,\u00a0\u00bbburger-menu\u00a0\u00bb:\u00a0\u00bbhttps:\/\/www.leparisien.fr\/\u00a0\u00bb,\u00a0\u00bbmosaic_app\u00a0\u00bb:\u00a0\u00bbhttps:\/\/www.leparisien.fr\/\u00a0\u00bb,\u00a0\u00bbdefault\u00a0\u00bb:\u00a0\u00bbhttps:\/\/www.leparisien.fr\/\u00a0\u00bb,\u00a0\u00bbburger-menu-etudiant\u00a0\u00bb:null,\u00a0\u00bbnavbar\u00a0\u00bb:\u00a0\u00bbhttps:\/\/www.leparisien.fr\/\u00a0\u00bb,\u00a0\u00bbsub-nav\u00a0\u00bb:\u00a0\u00bbhttps:\/\/www.leparisien.fr\/\u00a0\u00bb},\u00a0\u00bbGoogle Analytics\u00a0\u00bb:{\u00ab\u00a0ga_name_level_2&Prime;:null,\u00a0\u00bbga_name_level_3&Prime;:null,\u00a0\u00bbga_name_level_1&Prime;:\u00a0\u00bbfaits-divers\u00a0\u00bb},\u00a0\u00bbSponsor\u00a0\u00bb:{\u00ab\u00a0collection_id_for_pinned_content\u00a0\u00bb:\u00a0\u00bbZ5HL7A52HBDMPKNIFEGG3Q667I\u00a0\u00bb},\u00a0\u00bbMobile\u00a0\u00bb:{\u00ab\u00a0background_color_section\u00a0\u00bb:\u00a0\u00bb#4F6069&Prime;,\u00a0\u00bbbackground_image_section\u00a0\u00bb:\u00a0\u00bbhttps:\/\/assets.leparisien.fr\/mobile\/images\/explorer\/faits_divers.png\u00a0\u00bb},\u00a0\u00bbNewsletter\u00a0\u00bb:{\u00ab\u00a0newsletter_optin\u00a0\u00bb:\u00a0\u00bboptin_thematique_faits_divers\u00a0\u00bb,\u00a0\u00bbnewsletter_color\u00a0\u00bb:\u00a0\u00bb#7779A6&Prime;,\u00a0\u00bbnewsletter_title\u00a0\u00bb:\u00a0\u00bbUne plong\u00e9e dans l\u2019actualit\u00e9 des faits divers, pour \u00e9clairer la face sombre de notre \u00e9poque\u00a0\u00bb,\u00a0\u00bbnewsletter_name\u00a0\u00bb:\u00a0\u00bbEnqu\u00eate en cours\u00a0\u00bb,\u00a0\u00bbnewsletter_image\u00a0\u00bb:\u00a0\u00bbnewsletter-faits-divers-logo.png\u00a0\u00bb,\u00a0\u00bbnewsletter_slug\u00a0\u00bb:\u00a0\u00bbfaits-divers\u00a0\u00bb,\u00a0\u00bbnewsletter_label\u00a0\u00bb:\u00a0\u00bbEnqu\u00eate en cours\u00a0\u00bb},\u00a0\u00bb_admin\u00a0\u00bb:{\u00ab\u00a0alias_ids\u00a0\u00bb:[]},\u00a0\u00bbsite\u00a0\u00bb:{\u00ab\u00a0section_show_videos\u00a0\u00bb:\u00a0\u00bbtrue\u00a0\u00bb,\u00a0\u00bbsite_description\u00a0\u00bb:\u00a0\u00bbSuivez toute l&rsquo;actualit\u00e9 des faits divers \u00e0 Paris et en France en direct avec leParisien.fr : enqu\u00eates, interviews, vid\u00e9os et infos exclusives sur les meutres, vols\u2026\u00a0\u00bb,\u00a0\u00bbsite_title\u00a0\u00bb:\u00a0\u00bbFaits Divers : Toute l&rsquo;actualit\u00e9 des faits divers &#8211; Le Parisien\u00a0\u00bb},\u00a0\u00bbinactive\u00a0\u00bb:false,\u00a0\u00bbnode_type\u00a0\u00bb:\u00a0\u00bbsection\u00a0\u00bb,\u00a0\u00bb_website\u00a0\u00bb:\u00a0\u00bbleparisien\u00a0\u00bb,\u00a0\u00bbname\u00a0\u00bb:\u00a0\u00bbFaits divers\u00a0\u00bb,\u00a0\u00bbstory_list\u00a0\u00bb:{\u00ab\u00a0story_list_content\u00a0\u00bb:{}},\u00a0\u00bbheader\u00a0\u00bb:{\u00ab\u00a0title_logo_only\u00a0\u00bb:\u00a0\u00bbfalse\u00a0\u00bb},\u00a0\u00bb_id\u00a0\u00bb:\u00a0\u00bb\/faits-divers\u00a0\u00bb,\u00a0\u00bbancestors\u00a0\u00bb:{\u00ab\u00a0burger-menu-etudiant\u00a0\u00bb:[],\u00a0\u00bbnav\u00a0\u00bb:[\u00ab\u00a0https:\/\/www.leparisien.fr\/\u00a0\u00bb],\u00a0\u00bbdefault\u00a0\u00bb:[\u00ab\u00a0https:\/\/www.leparisien.fr\/\u00a0\u00bb],\u00a0\u00bbnavbar\u00a0\u00bb:[\u00ab\u00a0https:\/\/www.leparisien.fr\/\u00a0\u00bb],\u00a0\u00bbfooter\u00a0\u00bb:[\u00ab\u00a0https:\/\/www.leparisien.fr\/\u00a0\u00bb],\u00a0\u00bbWebsked-plans\u00a0\u00bb:[\u00ab\u00a0https:\/\/www.leparisien.fr\/\u00a0\u00bb],\u00a0\u00bbsurfooter\u00a0\u00bb:[\u00ab\u00a0https:\/\/www.leparisien.fr\/\u00a0\u00bb],\u00a0\u00bbsub-nav\u00a0\u00bb:[\u00ab\u00a0https:\/\/www.leparisien.fr\/\u00a0\u00bb],\u00a0\u00bbmobile-menu-sections-list\u00a0\u00bb:[\u00ab\u00a0https:\/\/www.leparisien.fr\/\u00a0\u00bb],\u00a0\u00bbmenu\u00a0\u00bb:[\u00ab\u00a0https:\/\/www.leparisien.fr\/\u00a0\u00bb],\u00a0\u00bbburger-menu\u00a0\u00bb:[\u00ab\u00a0https:\/\/www.leparisien.fr\/\u00a0\u00bb],\u00a0\u00bbmosaic_app\u00a0\u00bb:[\u00ab\u00a0https:\/\/www.leparisien.fr\/\u00a0\u00bb]},\u00a0\u00bborder\u00a0\u00bb:{\u00ab\u00a0default\u00a0\u00bb:1066,\u00a0\u00bbnav\u00a0\u00bb:1004,\u00a0\u00bbnavbar\u00a0\u00bb:1004,\u00a0\u00bbMaillage_SEO_Surfooter\u00a0\u00bb:1063,\u00a0\u00bbfooter\u00a0\u00bb:1013,\u00a0\u00bbWebsked-plans\u00a0\u00bb:1007,\u00a0\u00bbsurfooter\u00a0\u00bb:1013,\u00a0\u00bbsub-nav\u00a0\u00bb:1008,\u00a0\u00bbmobile-menu-sections-list\u00a0\u00bb:1001,\u00a0\u00bbmenu\u00a0\u00bb:1004,\u00a0\u00bbburger-menu\u00a0\u00bb:1002,\u00a0\u00bbmosaic_app\u00a0\u00bb:1001}}},\u00a0\u00bb_website_section_id\u00a0\u00bb:\u00a0\u00bbleparisien.\/faits-divers\u00a0\u00bb,\u00a0\u00bbtype\u00a0\u00bb:\u00a0\u00bbsection\u00a0\u00bb,\u00a0\u00bbversion\u00a0\u00bb:\u00a0\u00bb0.6.0&Prime;}],\u00a0\u00bbprimary_section\u00a0\u00bb:{\u00ab\u00a0path\u00a0\u00bb:\u00a0\u00bb\/podcasts\/crime-story\u00a0\u00bb,\u00a0\u00bbparent\u00a0\u00bb:{\u00ab\u00a0default\u00a0\u00bb:\u00a0\u00bb\/podcasts\u00a0\u00bb},\u00a0\u00bb_website\u00a0\u00bb:\u00a0\u00bbleparisien\u00a0\u00bb,\u00a0\u00bbparent_id\u00a0\u00bb:\u00a0\u00bb\/podcasts\u00a0\u00bb,\u00a0\u00bbname\u00a0\u00bb:\u00a0\u00bbCrime story\u00a0\u00bb,\u00a0\u00bbdescription\u00a0\u00bb:\u00a0\u00bbLe podcast faits divers Crime story raconte chaque semaine les grandes affaires criminelles qui ont marqu\u00e9 ces derni\u00e8res d\u00e9cennies. Publi\u00e9 chaque samedi, Crime story est pr\u00e9sent\u00e9 par la journaliste Clawdia Prolongeau et son invit\u00e9 permanent : Damien Delseny, le chef du service police justice du Parisien.\u00a0\u00bb,\u00a0\u00bb_id\u00a0\u00bb:\u00a0\u00bb\/podcasts\/crime-story\u00a0\u00bb,\u00a0\u00bbadditional_properties\u00a0\u00bb:{\u00ab\u00a0original\u00a0\u00bb:{\u00ab\u00a0parent\u00a0\u00bb:{\u00ab\u00a0default\u00a0\u00bb:\u00a0\u00bb\/podcasts\u00a0\u00bb,\u00a0\u00bbMaillage_SEO_Surfooter\u00a0\u00bb:\u00a0\u00bb\/podcasts\u00a0\u00bb,\u00a0\u00bbWebsked-plans\u00a0\u00bb:\u00a0\u00bb\/podcasts\u00a0\u00bb,\u00a0\u00bbsub-nav\u00a0\u00bb:\u00a0\u00bb\/podcasts\u00a0\u00bb,\u00a0\u00bbmenu\u00a0\u00bb:\u00a0\u00bb\/podcasts\u00a0\u00bb},\u00a0\u00bbin_the_news\u00a0\u00bb:{\u00ab\u00a0in_the_news_usefeature\u00a0\u00bb:null,\u00a0\u00bbin_the_news_usebasepage\u00a0\u00bb:\u00a0\u00bb\/in-the-news-forsections\/\u00a0\u00bb,\u00a0\u00bbin_the_news_usesectionbar\u00a0\u00bb:\u00a0\u00bbfalse\u00a0\u00bb},\u00a0\u00bbGoogle Analytics\u00a0\u00bb:{\u00ab\u00a0ga_name_level_2&Prime;:\u00a0\u00bbcrime-story\u00a0\u00bb,\u00a0\u00bbga_name_level_3&Prime;:null,\u00a0\u00bbga_name_level_1&Prime;:\u00a0\u00bbpodcasts\u00a0\u00bb},\u00a0\u00bbsocial\u00a0\u00bb:{\u00ab\u00a0archives\u00a0\u00bb:null,\u00a0\u00bbtwitter\u00a0\u00bb:null,\u00a0\u00bbrss\u00a0\u00bb:null,\u00a0\u00bbfacebook\u00a0\u00bb:null},\u00a0\u00bbSponsor\u00a0\u00bb:{\u00ab\u00a0sponsor_type\u00a0\u00bb:null,\u00a0\u00bbsponsor_message\u00a0\u00bb:null,\u00a0\u00bbcollection_id_for_pinned_content\u00a0\u00bb:null,\u00a0\u00bbsponsor_logo_url\u00a0\u00bb:null,\u00a0\u00bbsponsor_name\u00a0\u00bb:null},\u00a0\u00bbMobile\u00a0\u00bb:{\u00ab\u00a0background_color_section\u00a0\u00bb:\u00a0\u00bb#C0C0C0&Prime;,\u00a0\u00bbalternative_title\u00a0\u00bb:null,\u00a0\u00bbxtpage\u00a0\u00bb:null,\u00a0\u00bbsection_collection_id\u00a0\u00bb:null,\u00a0\u00bblabel\u00a0\u00bb:null,\u00a0\u00bbbackground_image_section\u00a0\u00bb:null},\u00a0\u00bbNewsletter\u00a0\u00bb:{\u00ab\u00a0newsletter_optin\u00a0\u00bb:\u00a0\u00bboptin_thematique_faits_divers\u00a0\u00bb,\u00a0\u00bbnewsletter_color\u00a0\u00bb:\u00a0\u00bb#1EA0E6&Prime;,\u00a0\u00bbnewsletter_title\u00a0\u00bb:\u00a0\u00bbUne plong\u00e9e dans l\u2019actualit\u00e9 des faits divers, pour \u00e9clairer la face sombre de notre \u00e9poque\u00a0\u00bb,\u00a0\u00bbnewsletter_name\u00a0\u00bb:\u00a0\u00bbL&rsquo;Essentiel de l&rsquo;actu\u00a0\u00bb,\u00a0\u00bbnewsletter_image\u00a0\u00bb:\u00a0\u00bbnewsletter-faits-divers-logo.png\u00a0\u00bb,\u00a0\u00bbnewsletter_slug\u00a0\u00bb:\u00a0\u00bbfaits-divers\u00a0\u00bb,\u00a0\u00bbmodule_message\u00a0\u00bb:null,\u00a0\u00bbnewsletter_label\u00a0\u00bb:\u00a0\u00bbEnqu\u00eate en cours\u00a0\u00bb},\u00a0\u00bb_admin\u00a0\u00bb:{\u00ab\u00a0tracking_node\u00a0\u00bb:null,\u00a0\u00bbalias_ids\u00a0\u00bb:[\u00ab\u00a0\/podcasts\/crime-story\u00a0\u00bb],\u00a0\u00bbdo_not_show_on_site\u00a0\u00bb:null,\u00a0\u00bbcommercial_node\u00a0\u00bb:null,\u00a0\u00bbdefault_content\u00a0\u00bb:null},\u00a0\u00bbnavigation\u00a0\u00bb:{\u00ab\u00a0nav_title\u00a0\u00bb:null,\u00a0\u00bbdisplay_in_top_strip\u00a0\u00bb:null,\u00a0\u00bbnav_display\u00a0\u00bb:null},\u00a0\u00bbsite\u00a0\u00bb:{\u00ab\u00a0is_clickable_on_menu\u00a0\u00bb:\u00a0\u00bbtrue\u00a0\u00bb,\u00a0\u00bbpresentation\u00a0\u00bb:\u00a0\u00bbLe podcast faits divers Crime story raconte chaque semaine les grandes affaires criminelles qui ont marqu\u00e9 ces derni\u00e8res d\u00e9cennies. Publi\u00e9 chaque samedi, Crime story est pr\u00e9sent\u00e9 par la journaliste Clawdia Prolongeau et son invit\u00e9 permanent : Damien Delseny, le chef du service police justice du Parisien.\u00a0\u00bb,\u00a0\u00bbpagebuilder_path_for_native_apps\u00a0\u00bb:null,\u00a0\u00bbsite_url\u00a0\u00bb:null,\u00a0\u00bbsite_keywords\u00a0\u00bb:null,\u00a0\u00bbnative_app_rendering\u00a0\u00bb:null,\u00a0\u00bbamp_deactivated\u00a0\u00bb:\u00a0\u00bbfalse\u00a0\u00bb,\u00a0\u00bbsite_about\u00a0\u00bb:null,\u00a0\u00bbpaywall_deactivated\u00a0\u00bb:\u00a0\u00bbfalse\u00a0\u00bb,\u00a0\u00bbsite_description\u00a0\u00bb:\u00a0\u00bbLe podcast faits divers Crime story raconte chaque semaine les grandes affaires criminelles qui ont marqu\u00e9 ces derni\u00e8res d\u00e9cennies. Publi\u00e9 chaque samedi, Crime story est pr\u00e9sent\u00e9 par la journaliste Clawdia Prolongeau et son invit\u00e9 permanent : Damien Delseny, le chef du service police justice du Parisien.\u00a0\u00bb,\u00a0\u00bbsite_title\u00a0\u00bb:\u00a0\u00bbCrime story : le podcast Faits divers du Parisien &#8211; Le Parisien\u00a0\u00bb,\u00a0\u00bbsite_tagline\u00a0\u00bb:null},\u00a0\u00bbinactive\u00a0\u00bb:false,\u00a0\u00bbnode_type\u00a0\u00bb:\u00a0\u00bbsection\u00a0\u00bb,\u00a0\u00bb_website\u00a0\u00bb:\u00a0\u00bbleparisien\u00a0\u00bb,\u00a0\u00bbname\u00a0\u00bb:\u00a0\u00bbCrime story\u00a0\u00bb,\u00a0\u00bbstory_list\u00a0\u00bb:{\u00ab\u00a0story_list_content\u00a0\u00bb:{}},\u00a0\u00bb_id\u00a0\u00bb:\u00a0\u00bb\/podcasts\/crime-story\u00a0\u00bb,\u00a0\u00bbancestors\u00a0\u00bb:{\u00ab\u00a0default\u00a0\u00bb:[\u00ab\u00a0\/podcasts\u00a0\u00bb],\u00a0\u00bbMaillage_SEO_Surfooter\u00a0\u00bb:[\u00ab\u00a0\/podcasts\u00a0\u00bb],\u00a0\u00bbWebsked-plans\u00a0\u00bb:[\u00ab\u00a0https:\/\/www.leparisien.fr\/\u00a0\u00bb,\u00a0\u00bb\/podcasts\u00a0\u00bb],\u00a0\u00bbsub-nav\u00a0\u00bb:[\u00ab\u00a0https:\/\/www.leparisien.fr\/\u00a0\u00bb,\u00a0\u00bb\/podcasts\u00a0\u00bb],\u00a0\u00bbmenu\u00a0\u00bb:[\u00ab\u00a0https:\/\/www.leparisien.fr\/\u00a0\u00bb,\u00a0\u00bb\/podcasts\u00a0\u00bb]},\u00a0\u00bborder\u00a0\u00bb:{\u00ab\u00a0default\u00a0\u00bb:2002,\u00a0\u00bbMaillage_SEO_Surfooter\u00a0\u00bb:2002,\u00a0\u00bbWebsked-plans\u00a0\u00bb:2002,\u00a0\u00bbsub-nav\u00a0\u00bb:2002,\u00a0\u00bbmenu\u00a0\u00bb:2002}}},\u00a0\u00bbtype\u00a0\u00bb:\u00a0\u00bbsection\u00a0\u00bb,\u00a0\u00bbversion\u00a0\u00bb:\u00a0\u00bb0.6.0&Prime;},\u00a0\u00bbseo_keywords\u00a0\u00bb:[\u00ab\u00a0crime\u00a0\u00bb,\u00a0\u00bbfaits divers\u00a0\u00bb,\u00a0\u00bbaffaires criminelles\u00a0\u00bb,\u00a0\u00bbpodcast\u00a0\u00bb],\u00a0\u00bbkeywords\u00a0\u00bb:[\u00ab\u00a0crime\u00a0\u00bb,\u00a0\u00bbfaits divers\u00a0\u00bb,\u00a0\u00bbaffaires criminelles\u00a0\u00bb,\u00a0\u00bbpodcast\u00a0\u00bb]},\u00a0\u00bbrelated_content\u00a0\u00bb:{\u00ab\u00a0redirect\u00a0\u00bb:[{\u00ab\u00a0canonical_url\u00a0\u00bb:\u00a0\u00bb\/podcasts\/crime-story\/24-lassassinat-du-pdg-de-renault-la-sanglante-epopee-du-groupe-action-directe-02-11-2025-LMFH2XO2JZEQVHCL2ZEDEZ33LU.php\u00a0\u00bb,\u00a0\u00bbtype\u00a0\u00bb:\u00a0\u00bbredirect\u00a0\u00bb,\u00a0\u00bbversion\u00a0\u00bb:\u00a0\u00bb0.10.11&Prime;,\u00a0\u00bbredirect_url\u00a0\u00bb:\u00a0\u00bbhttps:\/\/podcasts.leparisien.fr\/le-parisien-crime-story\/202511010757-24-lassassinat-du-pdg-de-renault-la-sanglante-epopee-du-grou\u00a0\u00bb}],\u00a0\u00bbbasic\u00a0\u00bb:[]},\u00a0\u00bbtype\u00a0\u00bb:\u00a0\u00bbstory\u00a0\u00bb,\u00a0\u00bbcredits\u00a0\u00bb:{\u00ab\u00a0by\u00a0\u00bb:[{\u00ab\u00a0socialLinks\u00a0\u00bb:[{\u00ab\u00a0site\u00a0\u00bb:\u00a0\u00bbemail\u00a0\u00bb,\u00a0\u00bbdeprecated\u00a0\u00bb:true,\u00a0\u00bbdeprecation_msg\u00a0\u00bb:\u00a0\u00bbPlease use social_links.\u00a0\u00bb,\u00a0\u00bburl\u00a0\u00bb:\u00a0\u00bb\u00a0\u00bb},{\u00ab\u00a0site\u00a0\u00bb:\u00a0\u00bbtwitter\u00a0\u00bb,\u00a0\u00bbdeprecated\u00a0\u00bb:true,\u00a0\u00bbdeprecation_msg\u00a0\u00bb:\u00a0\u00bbPlease use social_links.\u00a0\u00bb,\u00a0\u00bburl\u00a0\u00bb:\u00a0\u00bb\u00a0\u00bb}],\u00a0\u00bborg\u00a0\u00bb:\u00a0\u00bbPodcast\u00a0\u00bb,\u00a0\u00bbsocial_links\u00a0\u00bb:[{\u00ab\u00a0site\u00a0\u00bb:\u00a0\u00bbemail\u00a0\u00bb,\u00a0\u00bburl\u00a0\u00bb:\u00a0\u00bb\u00a0\u00bb},{\u00ab\u00a0site\u00a0\u00bb:\u00a0\u00bbtwitter\u00a0\u00bb,\u00a0\u00bburl\u00a0\u00bb:\u00a0\u00bb\u00a0\u00bb}],\u00a0\u00bbname\u00a0\u00bb:\u00a0\u00bbL&rsquo;\u00e9quipe de Crime Story\u00a0\u00bb,\u00a0\u00bb_id\u00a0\u00bb:\u00a0\u00bbEquipeCrimeStory\u00a0\u00bb,\u00a0\u00bbadditional_properties\u00a0\u00bb:{\u00ab\u00a0original\u00a0\u00bb:{\u00ab\u00a0lastName\u00a0\u00bb:\u00a0\u00bbde Crime Story\u00a0\u00bb,\u00a0\u00bbeducation\u00a0\u00bb:[],\u00a0\u00bblongBio\u00a0\u00bb:\u00a0\u00bb\u00a0\u00bb,\u00a0\u00bbfirstName\u00a0\u00bb:\u00a0\u00bbL&rsquo;\u00e9quipe\u00a0\u00bb,\u00a0\u00bbtwitter\u00a0\u00bb:\u00a0\u00bb\u00a0\u00bb,\u00a0\u00bbbooks\u00a0\u00bb:[],\u00a0\u00bbpodcasts\u00a0\u00bb:[],\u00a0\u00bbawards\u00a0\u00bb:[],\u00a0\u00bblocation\u00a0\u00bb:\u00a0\u00bbPodcast\u00a0\u00bb,\u00a0\u00bb_id\u00a0\u00bb:\u00a0\u00bbEquipeCrimeStory\u00a0\u00bb,\u00a0\u00bblast_updated_date\u00a0\u00bb:\u00a0\u00bb2023-12-22T10:31:47.195Z\u00a0\u00bb,\u00a0\u00bbbyline\u00a0\u00bb:\u00a0\u00bbL&rsquo;\u00e9quipe de Crime Story\u00a0\u00bb,\u00a0\u00bbemail\u00a0\u00bb:\u00a0\u00bb\u00a0\u00bb,\u00a0\u00bbslug\u00a0\u00bb:\u00a0\u00bb\u00a0\u00bb}},\u00a0\u00bbtype\u00a0\u00bb:\u00a0\u00bbauthor\u00a0\u00bb,\u00a0\u00bbversion\u00a0\u00bb:\u00a0\u00bb0.5.8&Prime;,\u00a0\u00bbslug\u00a0\u00bb:\u00a0\u00bb\u00a0\u00bb,\u00a0\u00bbdisplay_name\u00a0\u00bb:\u00a0\u00bbL&rsquo;\u00e9quipe de Crime Story\u00a0\u00bb}]},\u00a0\u00bbsubtype\u00a0\u00bb:\u00a0\u00bbART:\u00a0\u00bb,\u00a0\u00bbfirst_publish_date\u00a0\u00bb:\u00a0\u00bb2025-11-02T08:42:47Z\u00a0\u00bb,\u00a0\u00bbadditional_properties\u00a0\u00bb:{\u00ab\u00a0is_published\u00a0\u00bb:true,\u00a0\u00bbpublish_date\u00a0\u00bb:\u00a0\u00bb2025-11-02T08:43:17.076Z\u00a0\u00bb,\u00a0\u00bbhas_published_copy\u00a0\u00bb:true},\u00a0\u00bblast_updated_date\u00a0\u00bb:\u00a0\u00bb2025-11-02T08:44:13.273Z\u00a0\u00bb,\u00a0\u00bbowner\u00a0\u00bb:{\u00ab\u00a0sponsored\u00a0\u00bb:false,\u00a0\u00bbid\u00a0\u00bb:\u00a0\u00bbleparisien\u00a0\u00bb},\u00a0\u00bbaddress\u00a0\u00bb:{},\u00a0\u00bblabel\u00a0\u00bb:{\u00ab\u00a0format\u00a0\u00bb:{\u00ab\u00a0display\u00a0\u00bb:true,\u00a0\u00bbtext\u00a0\u00bb:\u00a0\u00bbPodcast\u00a0\u00bb,\u00a0\u00bburl\u00a0\u00bb:\u00a0\u00bb\/podcast\u00a0\u00bb}},\u00a0\u00bbpromo_items\u00a0\u00bb:{\u00ab\u00a0basic\u00a0\u00bb:{\u00ab\u00a0owner\u00a0\u00bb:{\u00ab\u00a0sponsored\u00a0\u00bb:false,\u00a0\u00bbid\u00a0\u00bb:\u00a0\u00bbleparisien\u00a0\u00bb},\u00a0\u00bbaddress\u00a0\u00bb:{},\u00a0\u00bbsyndication\u00a0\u00bb:{\u00ab\u00a0search\u00a0\u00bb:false,\u00a0\u00bbexternal_distribution\u00a0\u00bb:false},\u00a0\u00bbauth\u00a0\u00bb:{\u00ab\u00a01&Prime;:\u00a0\u00bb77cfdcd04f0f9ef3d0e3522012f08f898b41e7e92ee457aa0ab2f12a5710e717&Prime;},\u00a0\u00bbcaption\u00a0\u00bb:\u00a0\u00bbPhoto dat\u00e9e de 1986 du PDG de Renault Georges Besse qui fut assassin\u00e9 devant son domicile le 17 novembre 1986 par deux terroristes du groupe Action Directe.\u00a0\u00bb,\u00a0\u00bbsource\u00a0\u00bb:{\u00ab\u00a0system\u00a0\u00bb:\u00a0\u00bbphoto center\u00a0\u00bb,\u00a0\u00bbedit_url\u00a0\u00bb:\u00a0\u00bb\u00a0\u00bb,\u00a0\u00bbadditional_properties\u00a0\u00bb:{\u00ab\u00a0editor\u00a0\u00bb:\u00a0\u00bbphoto center\u00a0\u00bb}},\u00a0\u00bbtaxonomy\u00a0\u00bb:{\u00ab\u00a0associated_tasks\u00a0\u00bb:[]},\u00a0\u00bbtype\u00a0\u00bb:\u00a0\u00bbimage\u00a0\u00bb,\u00a0\u00bbversion\u00a0\u00bb:\u00a0\u00bb0.10.9&Prime;,\u00a0\u00bburl\u00a0\u00bb:\u00a0\u00bbhttps:\/\/cloudfront-eu-central-1.images.arcpublishing.com\/leparisien\/IEAX5VY5NFGG7L7ORWZ7Q4N234.jpg\u00a0\u00bb,\u00a0\u00bblicensable\u00a0\u00bb:false,\u00a0\u00bbcredits\u00a0\u00bb:{\u00ab\u00a0affiliation\u00a0\u00bb:[],\u00a0\u00bbby\u00a0\u00bb:[]},\u00a0\u00bbsubtitle\u00a0\u00bb:\u00a0\u00bb\u00a0\u00bb,\u00a0\u00bbwidth\u00a0\u00bb:1622,\u00a0\u00bb_id\u00a0\u00bb:\u00a0\u00bbIEAX5VY5NFGG7L7ORWZ7Q4N234&Prime;,\u00a0\u00bbadditional_properties\u00a0\u00bb:{\u00ab\u00a0fullSizeResizeUrl\u00a0\u00bb:\u00a0\u00bb\/resizer\/v2\/IEAX5VY5NFGG7L7ORWZ7Q4N234.jpg?auth=77cfdcd04f0f9ef3d0e3522012f08f898b41e7e92ee457aa0ab2f12a5710e717&Prime;,\u00a0\u00bbkeywords\u00a0\u00bb:[\u00ab\u00a0georges besse\u00a0\u00bb],\u00a0\u00bbproxyUrl\u00a0\u00bb:\u00a0\u00bb\/resizer\/v2\/IEAX5VY5NFGG7L7ORWZ7Q4N234.jpg?auth=77cfdcd04f0f9ef3d0e3522012f08f898b41e7e92ee457aa0ab2f12a5710e717&Prime;,\u00a0\u00bboriginalUrl\u00a0\u00bb:\u00a0\u00bbhttps:\/\/cloudfront-eu-central-1.images.arcpublishing.com\/leparisien\/IEAX5VY5NFGG7L7ORWZ7Q4N234.jpg\u00a0\u00bb,\u00a0\u00bbpublished\u00a0\u00bb:true,\u00a0\u00bbresizeUrl\u00a0\u00bb:\u00a0\u00bb\/resizer\/v2\/IEAX5VY5NFGG7L7ORWZ7Q4N234.jpg?auth=77cfdcd04f0f9ef3d0e3522012f08f898b41e7e92ee457aa0ab2f12a5710e717&Prime;,\u00a0\u00bbingestionMethod\u00a0\u00bb:\u00a0\u00bbmanual\u00a0\u00bb,\u00a0\u00bbthumbnailResizeUrl\u00a0\u00bb:\u00a0\u00bb\/resizer\/v2\/IEAX5VY5NFGG7L7ORWZ7Q4N234.jpg?auth=77cfdcd04f0f9ef3d0e3522012f08f898b41e7e92ee457aa0ab2f12a5710e717&#038;width=300&Prime;,\u00a0\u00bbversion\u00a0\u00bb:1,\u00a0\u00bboriginalName\u00a0\u00bb:\u00a0\u00bbPDG_Renault_Web.jpg\u00a0\u00bb,\u00a0\u00bbmime_type\u00a0\u00bb:\u00a0\u00bbimage\/jpeg\u00a0\u00bb,\u00a0\u00bbrestricted\u00a0\u00bb:false,\u00a0\u00bbtemplate_id\u00a0\u00bb:68,\u00a0\u00bbgalleries\u00a0\u00bb:[]},\u00a0\u00bbcreated_date\u00a0\u00bb:\u00a0\u00bb2025-10-31T16:35:22Z\u00a0\u00bb,\u00a0\u00bblast_updated_date\u00a0\u00bb:\u00a0\u00bb2025-11-01T10:38:21Z\u00a0\u00bb,\u00a0\u00bbheight\u00a0\u00bb:1013,\u00a0\u00bbimage_type\u00a0\u00bb:\u00a0\u00bbphotograph\u00a0\u00bb,\u00a0\u00bbstatus\u00a0\u00bb:\u00a0\u00bb\u00a0\u00bb}},\u00a0\u00bbcanonical_url\u00a0\u00bb:\u00a0\u00bb\/podcasts\/crime-story\/24-lassassinat-du-pdg-de-renault-la-sanglante-epopee-du-groupe-action-directe-02-11-2025-LMFH2XO2JZEQVHCL2ZEDEZ33LU.php\u00a0\u00bb,\u00a0\u00bbdistributor\u00a0\u00bb:{\u00ab\u00a0name\u00a0\u00bb:\u00a0\u00bbleparisien\u00a0\u00bb,\u00a0\u00bbcategory\u00a0\u00bb:\u00a0\u00bbstaff\u00a0\u00bb,\u00a0\u00bbsubcategory\u00a0\u00bb:\u00a0\u00bb\u00a0\u00bb},\u00a0\u00bbcanonical_website\u00a0\u00bb:\u00a0\u00bbleparisien\u00a0\u00bb,\u00a0\u00bbcontent_restrictions\u00a0\u00bb:{\u00ab\u00a0content_code\u00a0\u00bb:\u00a0\u00bbmetered\u00a0\u00bb},\u00a0\u00bbdisplay_date\u00a0\u00bb:\u00a0\u00bb2025-11-02T08:42:47Z\u00a0\u00bb,\u00a0\u00bbheadlines\u00a0\u00bb:{\u00ab\u00a0tablet\u00a0\u00bb:\u00a0\u00bb\u00a0\u00bb,\u00a0\u00bbprint\u00a0\u00bb:\u00a0\u00bb\u00a0\u00bb,\u00a0\u00bbmeta_title\u00a0\u00bb:\u00a0\u00bb\u00a0\u00bb,\u00a0\u00bbnative\u00a0\u00bb:\u00a0\u00bb\u00a0\u00bb,\u00a0\u00bbweb\u00a0\u00bb:\u00a0\u00bb\u00a0\u00bb,\u00a0\u00bbmobile\u00a0\u00bb:\u00a0\u00bb\u00a0\u00bb,\u00a0\u00bbbasic\u00a0\u00bb:\u00a0\u00bb[2\/4] L\u2019assassinat du PDG de Renault : la sanglante \u00e9pop\u00e9e du groupe Action directe\u00a0\u00bb,\u00a0\u00bbtable\u00a0\u00bb:\u00a0\u00bb\u00a0\u00bb},\u00a0\u00bbwebsites\u00a0\u00bb:{\u00ab\u00a0leparisien\u00a0\u00bb:{\u00ab\u00a0website_url\u00a0\u00bb:\u00a0\u00bb\/podcasts\/crime-story\/24-lassassinat-du-pdg-de-renault-la-sanglante-epopee-du-groupe-action-directe-02-11-2025-LMFH2XO2JZEQVHCL2ZEDEZ33LU.php\u00a0\u00bb,\u00a0\u00bbwebsite_section\u00a0\u00bb:{\u00ab\u00a0path\u00a0\u00bb:\u00a0\u00bb\/podcasts\/crime-story\u00a0\u00bb,\u00a0\u00bbparent\u00a0\u00bb:{\u00ab\u00a0default\u00a0\u00bb:\u00a0\u00bb\/podcasts\u00a0\u00bb},\u00a0\u00bb_website\u00a0\u00bb:\u00a0\u00bbleparisien\u00a0\u00bb,\u00a0\u00bbparent_id\u00a0\u00bb:\u00a0\u00bb\/podcasts\u00a0\u00bb,\u00a0\u00bbname\u00a0\u00bb:\u00a0\u00bbCrime story\u00a0\u00bb,\u00a0\u00bbdescription\u00a0\u00bb:\u00a0\u00bbLe podcast faits divers Crime story raconte chaque semaine les grandes affaires criminelles qui ont marqu\u00e9 ces derni\u00e8res d\u00e9cennies. Publi\u00e9 chaque samedi, Crime story est pr\u00e9sent\u00e9 par la journaliste Clawdia Prolongeau et son invit\u00e9 permanent : Damien Delseny, le chef du service police justice du Parisien.\u00a0\u00bb,\u00a0\u00bb_id\u00a0\u00bb:\u00a0\u00bb\/podcasts\/crime-story\u00a0\u00bb,\u00a0\u00bbadditional_properties\u00a0\u00bb:{\u00ab\u00a0original\u00a0\u00bb:{\u00ab\u00a0parent\u00a0\u00bb:{\u00ab\u00a0default\u00a0\u00bb:\u00a0\u00bb\/podcasts\u00a0\u00bb,\u00a0\u00bbMaillage_SEO_Surfooter\u00a0\u00bb:\u00a0\u00bb\/podcasts\u00a0\u00bb,\u00a0\u00bbWebsked-plans\u00a0\u00bb:\u00a0\u00bb\/podcasts\u00a0\u00bb,\u00a0\u00bbsub-nav\u00a0\u00bb:\u00a0\u00bb\/podcasts\u00a0\u00bb,\u00a0\u00bbmenu\u00a0\u00bb:\u00a0\u00bb\/podcasts\u00a0\u00bb},\u00a0\u00bbin_the_news\u00a0\u00bb:{\u00ab\u00a0in_the_news_usefeature\u00a0\u00bb:null,\u00a0\u00bbin_the_news_usebasepage\u00a0\u00bb:\u00a0\u00bb\/in-the-news-forsections\/\u00a0\u00bb,\u00a0\u00bbin_the_news_usesectionbar\u00a0\u00bb:\u00a0\u00bbfalse\u00a0\u00bb},\u00a0\u00bbGoogle Analytics\u00a0\u00bb:{\u00ab\u00a0ga_name_level_2&Prime;:\u00a0\u00bbcrime-story\u00a0\u00bb,\u00a0\u00bbga_name_level_3&Prime;:null,\u00a0\u00bbga_name_level_1&Prime;:\u00a0\u00bbpodcasts\u00a0\u00bb},\u00a0\u00bbsocial\u00a0\u00bb:{\u00ab\u00a0archives\u00a0\u00bb:null,\u00a0\u00bbtwitter\u00a0\u00bb:null,\u00a0\u00bbrss\u00a0\u00bb:null,\u00a0\u00bbfacebook\u00a0\u00bb:null},\u00a0\u00bbSponsor\u00a0\u00bb:{\u00ab\u00a0sponsor_type\u00a0\u00bb:null,\u00a0\u00bbsponsor_message\u00a0\u00bb:null,\u00a0\u00bbcollection_id_for_pinned_content\u00a0\u00bb:null,\u00a0\u00bbsponsor_logo_url\u00a0\u00bb:null,\u00a0\u00bbsponsor_name\u00a0\u00bb:null},\u00a0\u00bbMobile\u00a0\u00bb:{\u00ab\u00a0background_color_section\u00a0\u00bb:\u00a0\u00bb#C0C0C0&Prime;,\u00a0\u00bbalternative_title\u00a0\u00bb:null,\u00a0\u00bbxtpage\u00a0\u00bb:null,\u00a0\u00bbsection_collection_id\u00a0\u00bb:null,\u00a0\u00bblabel\u00a0\u00bb:null,\u00a0\u00bbbackground_image_section\u00a0\u00bb:null},\u00a0\u00bbNewsletter\u00a0\u00bb:{\u00ab\u00a0newsletter_optin\u00a0\u00bb:\u00a0\u00bboptin_thematique_faits_divers\u00a0\u00bb,\u00a0\u00bbnewsletter_color\u00a0\u00bb:\u00a0\u00bb#1EA0E6&Prime;,\u00a0\u00bbnewsletter_title\u00a0\u00bb:\u00a0\u00bbUne plong\u00e9e dans l\u2019actualit\u00e9 des faits divers, pour \u00e9clairer la face sombre de notre \u00e9poque\u00a0\u00bb,\u00a0\u00bbnewsletter_name\u00a0\u00bb:\u00a0\u00bbL&rsquo;Essentiel de l&rsquo;actu\u00a0\u00bb,\u00a0\u00bbnewsletter_image\u00a0\u00bb:\u00a0\u00bbnewsletter-faits-divers-logo.png\u00a0\u00bb,\u00a0\u00bbnewsletter_slug\u00a0\u00bb:\u00a0\u00bbfaits-divers\u00a0\u00bb,\u00a0\u00bbmodule_message\u00a0\u00bb:null,\u00a0\u00bbnewsletter_label\u00a0\u00bb:\u00a0\u00bbEnqu\u00eate en cours\u00a0\u00bb},\u00a0\u00bb_admin\u00a0\u00bb:{\u00ab\u00a0tracking_node\u00a0\u00bb:null,\u00a0\u00bbalias_ids\u00a0\u00bb:[\u00ab\u00a0\/podcasts\/crime-story\u00a0\u00bb],\u00a0\u00bbdo_not_show_on_site\u00a0\u00bb:null,\u00a0\u00bbcommercial_node\u00a0\u00bb:null,\u00a0\u00bbdefault_content\u00a0\u00bb:null},\u00a0\u00bbnavigation\u00a0\u00bb:{\u00ab\u00a0nav_title\u00a0\u00bb:null,\u00a0\u00bbdisplay_in_top_strip\u00a0\u00bb:null,\u00a0\u00bbnav_display\u00a0\u00bb:null},\u00a0\u00bbsite\u00a0\u00bb:{\u00ab\u00a0is_clickable_on_menu\u00a0\u00bb:\u00a0\u00bbtrue\u00a0\u00bb,\u00a0\u00bbpresentation\u00a0\u00bb:\u00a0\u00bbLe podcast faits divers Crime story raconte chaque semaine les grandes affaires criminelles qui ont marqu\u00e9 ces derni\u00e8res d\u00e9cennies. Publi\u00e9 chaque samedi, Crime story est pr\u00e9sent\u00e9 par la journaliste Clawdia Prolongeau et son invit\u00e9 permanent : Damien Delseny, le chef du service police justice du Parisien.\u00a0\u00bb,\u00a0\u00bbpagebuilder_path_for_native_apps\u00a0\u00bb:null,\u00a0\u00bbsite_url\u00a0\u00bb:null,\u00a0\u00bbsite_keywords\u00a0\u00bb:null,\u00a0\u00bbnative_app_rendering\u00a0\u00bb:null,\u00a0\u00bbamp_deactivated\u00a0\u00bb:\u00a0\u00bbfalse\u00a0\u00bb,\u00a0\u00bbsite_about\u00a0\u00bb:null,\u00a0\u00bbpaywall_deactivated\u00a0\u00bb:\u00a0\u00bbfalse\u00a0\u00bb,\u00a0\u00bbsite_description\u00a0\u00bb:\u00a0\u00bbLe podcast faits divers Crime story raconte chaque semaine les grandes affaires criminelles qui ont marqu\u00e9 ces derni\u00e8res d\u00e9cennies. Publi\u00e9 chaque samedi, Crime story est pr\u00e9sent\u00e9 par la journaliste Clawdia Prolongeau et son invit\u00e9 permanent : Damien Delseny, le chef du service police justice du Parisien.\u00a0\u00bb,\u00a0\u00bbsite_title\u00a0\u00bb:\u00a0\u00bbCrime story : le podcast Faits divers du Parisien &#8211; Le Parisien\u00a0\u00bb,\u00a0\u00bbsite_tagline\u00a0\u00bb:null},\u00a0\u00bbinactive\u00a0\u00bb:false,\u00a0\u00bbnode_type\u00a0\u00bb:\u00a0\u00bbsection\u00a0\u00bb,\u00a0\u00bb_website\u00a0\u00bb:\u00a0\u00bbleparisien\u00a0\u00bb,\u00a0\u00bbname\u00a0\u00bb:\u00a0\u00bbCrime story\u00a0\u00bb,\u00a0\u00bbstory_list\u00a0\u00bb:{\u00ab\u00a0story_list_content\u00a0\u00bb:{}},\u00a0\u00bb_id\u00a0\u00bb:\u00a0\u00bb\/podcasts\/crime-story\u00a0\u00bb,\u00a0\u00bbancestors\u00a0\u00bb:{\u00ab\u00a0default\u00a0\u00bb:[\u00ab\u00a0\/podcasts\u00a0\u00bb],\u00a0\u00bbMaillage_SEO_Surfooter\u00a0\u00bb:[\u00ab\u00a0\/podcasts\u00a0\u00bb],\u00a0\u00bbWebsked-plans\u00a0\u00bb:[\u00ab\u00a0https:\/\/www.leparisien.fr\/\u00a0\u00bb,\u00a0\u00bb\/podcasts\u00a0\u00bb],\u00a0\u00bbsub-nav\u00a0\u00bb:[\u00ab\u00a0https:\/\/www.leparisien.fr\/\u00a0\u00bb,\u00a0\u00bb\/podcasts\u00a0\u00bb],\u00a0\u00bbmenu\u00a0\u00bb:[\u00ab\u00a0https:\/\/www.leparisien.fr\/\u00a0\u00bb,\u00a0\u00bb\/podcasts\u00a0\u00bb]},\u00a0\u00bborder\u00a0\u00bb:{\u00ab\u00a0default\u00a0\u00bb:2002,\u00a0\u00bbMaillage_SEO_Surfooter\u00a0\u00bb:2002,\u00a0\u00bbWebsked-plans\u00a0\u00bb:2002,\u00a0\u00bbsub-nav\u00a0\u00bb:2002,\u00a0\u00bbmenu\u00a0\u00bb:2002}}},\u00a0\u00bb_website_section_id\u00a0\u00bb:\u00a0\u00bbleparisien.\/podcasts\/crime-story\u00a0\u00bb,\u00a0\u00bbtype\u00a0\u00bb:\u00a0\u00bbsection\u00a0\u00bb,\u00a0\u00bbversion\u00a0\u00bb:\u00a0\u00bb0.6.0&Prime;}}},\u00a0\u00bbcreated_date\u00a0\u00bb:\u00a0\u00bb2025-10-31T16:38:49.104Z\u00a0\u00bb,\u00a0\u00bbpublish_date\u00a0\u00bb:\u00a0\u00bb2025-11-02T08:44:13Z\u00a0\u00bb,\u00a0\u00bb_id\u00a0\u00bb:\u00a0\u00bbLMFH2XO2JZEQVHCL2ZEDEZ33LU\u00a0\u00bb,\u00a0\u00bbwebsite\u00a0\u00bb:\u00a0\u00bbleparisien\u00a0\u00bb,\u00a0\u00bbwebsite_url\u00a0\u00bb:\u00a0\u00bb\/podcasts\/crime-story\/24-lassassinat-du-pdg-de-renault-la-sanglante-epopee-du-groupe-action-directe-02-11-2025-LMFH2XO2JZEQVHCL2ZEDEZ33LU.php\u00a0\u00bb}],\u00a0\u00bbadditional_properties\u00a0\u00bb:{\u00ab\u00a0took\u00a0\u00bb:38,\u00a0\u00bbtimed_out\u00a0\u00bb:false},\u00a0\u00bbcount\u00a0\u00bb:167,\u00a0\u00bbnext\u00a0\u00bb:1,\u00a0\u00bb_id\u00a0\u00bb:\u00a0\u00bbcfb8d778578f656f2eaeee599a2c9c9fd130b2df56ecb7599a44952b54c67b60&Prime;},\u00a0\u00bbexpires\u00a0\u00bb:1762161917690,\u00a0\u00bblastModified\u00a0\u00bb:1762161797608},\u00a0\u00bb{\\\u00a0\u00bbexcludeSections\\\u00a0\u00bb:[\\\u00a0\u00bb\/podcasts\/code-source\\\u00a0\u00bb,\\\u00a0\u00bb\/politique\/newsletter\\\u00a0\u00bb,\\\u00a0\u00bb\/newsletters\\\u00a0\u00bb],\\\u00a0\u00bbexcludeSubtype\\\u00a0\u00bb:\\\u00a0\u00bbarticle_sponsored,article_like\\\u00a0\u00bb,\\\u00a0\u00bbfilterContent\\\u00a0\u00bb:[\\\u00a0\u00bb_id\\\u00a0\u00bb,\\\u00a0\u00bbheadlines\\\u00a0\u00bb,\\\u00a0\u00bbwebsite_url\\\u00a0\u00bb,\\\u00a0\u00bblabel\\\u00a0\u00bb],\\\u00a0\u00bboffset\\\u00a0\u00bb:0,\\\u00a0\u00bbsectionPath\\\u00a0\u00bb:\\\u00a0\u00bb\/faits-divers\\\u00a0\u00bb,\\\u00a0\u00bbsize\\\u00a0\u00bb:20,\\\u00a0\u00bbtags\\\u00a0\u00bb:null,\\\u00a0\u00bbwebsite\\\u00a0\u00bb:\\\u00a0\u00bbleparisien\\\u00a0\u00bb}\u00a0\u00bb:{\u00ab\u00a0data\u00a0\u00bb:{\u00ab\u00a0content_elements\u00a0\u00bb:[{\u00ab\u00a0_id\u00a0\u00bb:\u00a0\u00bbZ2WVXLN36JGRVFWLAYJT3BQTGE\u00a0\u00bb,\u00a0\u00bbcontent_restrictions\u00a0\u00bb:{\u00ab\u00a0content_code\u00a0\u00bb:\u00a0\u00bbmetered\u00a0\u00bb},\u00a0\u00bbdistributor\u00a0\u00bb:{\u00ab\u00a0name\u00a0\u00bb:\u00a0\u00bbleparisien\u00a0\u00bb},\u00a0\u00bbheadlines\u00a0\u00bb:{\u00ab\u00a0basic\u00a0\u00bb:\u00a0\u00bbCe que l\u2019on sait sur la mort de Cindy Morvan, tu\u00e9e \u00e0 Calais par la compagne de son ex-conjoint\u00a0\u00bb},\u00a0\u00bblabel\u00a0\u00bb:{},\u00a0\u00bbpromo_items\u00a0\u00bb:{\u00ab\u00a0basic\u00a0\u00bb:{\u00ab\u00a0additional_properties\u00a0\u00bb:{\u00ab\u00a0focal_point\u00a0\u00bb:{\u00ab\u00a0max\u00a0\u00bb:[736,531],\u00a0\u00bbmin\u00a0\u00bb:[736,531]}},\u00a0\u00bbcaption\u00a0\u00bb:\u00a0\u00bbCindy Morvan, m\u00e8re de deux enfants, est d\u00e9c\u00e9d\u00e9e \u00e0 l&rsquo;\u00e2ge de 39 ans. Facebook UVC Calais\u00a0\u00bb,\u00a0\u00bbheight\u00a0\u00bb:1400,\u00a0\u00bbtype\u00a0\u00bb:\u00a0\u00bbimage\u00a0\u00bb,\u00a0\u00bburl\u00a0\u00bb:\u00a0\u00bbhttps:\/\/cloudfront-eu-central-1.images.arcpublishing.com\/leparisien\/EV3X5VIWHVEBJGALHL33BRB6R4.jpg\u00a0\u00bb,\u00a0\u00bbwidth\u00a0\u00bb:1399}},\u00a0\u00bbsubtype\u00a0\u00bb:\u00a0\u00bbART:\u00a0\u00bb,\u00a0\u00bbtaxonomy\u00a0\u00bb:{\u00ab\u00a0primary_section\u00a0\u00bb:{\u00ab\u00a0_id\u00a0\u00bb:\u00a0\u00bb\/faits-divers\u00a0\u00bb,\u00a0\u00bbadditional_properties\u00a0\u00bb:{\u00ab\u00a0original\u00a0\u00bb:{\u00ab\u00a0site\u00a0\u00bb:{}}},\u00a0\u00bbname\u00a0\u00bb:\u00a0\u00bbFaits divers\u00a0\u00bb}},\u00a0\u00bbwebsite_url\u00a0\u00bb:\u00a0\u00bb\/faits-divers\/ce-que-lon-sait-sur-la-mort-de-cindy-morvan-tuee-a-calais-par-la-compagne-de-son-ex-conjoint-03-11-2025-Z2WVXLN36JGRVFWLAYJT3BQTGE.php\u00a0\u00bb},{\u00ab\u00a0_id\u00a0\u00bb:\u00a0\u00bb5QAWBCSXZBDZNBWIQ2CZG3XDGA\u00a0\u00bb,\u00a0\u00bbcontent_restrictions\u00a0\u00bb:{\u00ab\u00a0content_code\u00a0\u00bb:\u00a0\u00bbmetered\u00a0\u00bb},\u00a0\u00bbdistributor\u00a0\u00bb:{\u00ab\u00a0name\u00a0\u00bb:\u00a0\u00bbleparisien\u00a0\u00bb},\u00a0\u00bbheadlines\u00a0\u00bb:{\u00ab\u00a0basic\u00a0\u00bb:\u00a0\u00bb\u00ab\u00a0En criant, ils ont donn\u00e9 l\u2019alerte\u00a0\u00bb\u00a0: un p\u00e8re et sa fille de 17\u00a0ans sauvent deux alpinistes d\u2019une avalanche avant de mourir\u00a0\u00bb},\u00a0\u00bblabel\u00a0\u00bb:{},\u00a0\u00bbpromo_items\u00a0\u00bb:{\u00ab\u00a0basic\u00a0\u00bb:{\u00ab\u00a0additional_properties\u00a0\u00bb:{},\u00a0\u00bbcaption\u00a0\u00bb:\u00a0\u00bbUn p\u00e8re et sa fille de 17\u00a0ans ont fait une chute de 200 m\u00e8tres dans l&rsquo;avalanche de ce samedi dans le Trentin-Haut-Adige. Icon Sport\/PictureAlliance\/Karl-Josef Hildenbrand\\n\u00a0\u00bb,\u00a0\u00bbheight\u00a0\u00bb:1867,\u00a0\u00bbtype\u00a0\u00bb:\u00a0\u00bbimage\u00a0\u00bb,\u00a0\u00bburl\u00a0\u00bb:\u00a0\u00bbhttps:\/\/cloudfront-eu-central-1.images.arcpublishing.com\/leparisien\/TV3RGVXS7BCSBATT2LR7AYHAUM.jpg\u00a0\u00bb,\u00a0\u00bbwidth\u00a0\u00bb:2800}},\u00a0\u00bbsubtype\u00a0\u00bb:\u00a0\u00bbART:\u00a0\u00bb,\u00a0\u00bbtaxonomy\u00a0\u00bb:{\u00ab\u00a0primary_section\u00a0\u00bb:{\u00ab\u00a0_id\u00a0\u00bb:\u00a0\u00bb\/faits-divers\u00a0\u00bb,\u00a0\u00bbadditional_properties\u00a0\u00bb:{\u00ab\u00a0original\u00a0\u00bb:{\u00ab\u00a0site\u00a0\u00bb:{}}},\u00a0\u00bbname\u00a0\u00bb:\u00a0\u00bbFaits divers\u00a0\u00bb}},\u00a0\u00bbwebsite_url\u00a0\u00bb:\u00a0\u00bbhttps:\/\/www.leparisien.fr\/faits-divers\/en-criant-ils-ont-donne-lalerte-un-pere-et-sa-fille-de-17-ans-sauvent-deux-alpinistes-dune-avalanche-avant-de-mourir-03-11-2025-5QAWBCSXZBDZNBWIQ2CZG3XDGA.php\u00a0\u00bb},{\u00ab\u00a0_id\u00a0\u00bb:\u00a0\u00bb6ZSKSGBPZJCZNB3HMYP2367RAQ\u00a0\u00bb,\u00a0\u00bbcontent_restrictions\u00a0\u00bb:{\u00ab\u00a0content_code\u00a0\u00bb:\u00a0\u00bbhard-paywall\u00a0\u00bb},\u00a0\u00bbdistributor\u00a0\u00bb:{\u00ab\u00a0name\u00a0\u00bb:\u00a0\u00bbleparisien\u00a0\u00bb},\u00a0\u00bbheadlines\u00a0\u00bb:{\u00ab\u00a0basic\u00a0\u00bb:\u00a0\u00bbAttaque au couteau dans le train pour Londres\u00a0: l\u2019Angleterre tient ses cheminots h\u00e9ros\u00a0\u00bb},\u00a0\u00bblabel\u00a0\u00bb:{\u00ab\u00a0profil\u00a0\u00bb:{\u00ab\u00a0text\u00a0\u00bb:\u00a0\u00bbABO\u00a0\u00bb}},\u00a0\u00bbpromo_items\u00a0\u00bb:{\u00ab\u00a0basic\u00a0\u00bb:{\u00ab\u00a0additional_properties\u00a0\u00bb:{},\u00a0\u00bbcaption\u00a0\u00bb:\u00a0\u00bbLe bilan de l&rsquo;attaque au couteau du 1er novembre s&rsquo;\u00e9l\u00e8ve \u00e0 dix bless\u00e9s, dont cinq \u00e9taient encore hospitalis\u00e9s dimanche soir. Reuters\/Jack Taylor\u00a0\u00bb,\u00a0\u00bbheight\u00a0\u00bb:1857,\u00a0\u00bbtype\u00a0\u00bb:\u00a0\u00bbimage\u00a0\u00bb,\u00a0\u00bburl\u00a0\u00bb:\u00a0\u00bbhttps:\/\/cloudfront-eu-central-1.images.arcpublishing.com\/leparisien\/HFZYXDHDB5CELDXKR7CUBOCQWU.jpg\u00a0\u00bb,\u00a0\u00bbwidth\u00a0\u00bb:2800}},\u00a0\u00bbsubtype\u00a0\u00bb:\u00a0\u00bbART:\u00a0\u00bb,\u00a0\u00bbtaxonomy\u00a0\u00bb:{\u00ab\u00a0primary_section\u00a0\u00bb:{\u00ab\u00a0_id\u00a0\u00bb:\u00a0\u00bb\/faits-divers\u00a0\u00bb,\u00a0\u00bbadditional_properties\u00a0\u00bb:{\u00ab\u00a0original\u00a0\u00bb:{\u00ab\u00a0site\u00a0\u00bb:{}}},\u00a0\u00bbname\u00a0\u00bb:\u00a0\u00bbFaits divers\u00a0\u00bb}},\u00a0\u00bbwebsite_url\u00a0\u00bb:\u00a0\u00bbhttps:\/\/www.leparisien.fr\/faits-divers\/attaque-au-couteau-dans-le-train-pour-londres-langleterre-tient-ses-cheminots-heros-03-11-2025-6ZSKSGBPZJCZNB3HMYP2367RAQ.php\u00a0\u00bb},{\u00ab\u00a0_id\u00a0\u00bb:\u00a0\u00bb7W2G3TCGZNCDLI66PUPRD77G5I\u00a0\u00bb,\u00a0\u00bbcontent_restrictions\u00a0\u00bb:{\u00ab\u00a0content_code\u00a0\u00bb:\u00a0\u00bbhard-paywall\u00a0\u00bb},\u00a0\u00bbdistributor\u00a0\u00bb:{\u00ab\u00a0name\u00a0\u00bb:\u00a0\u00bbleparisien\u00a0\u00bb},\u00a0\u00bbheadlines\u00a0\u00bb:{\u00ab\u00a0basic\u00a0\u00bb:\u00a0\u00bb\u00ab J\u2019ai pris la fuite pour me prot\u00e9ger \u00bb : un chauffeur de taxi accus\u00e9 d\u2019avoir vol\u00e9 les bagages d\u2019un ministre britannique\u00a0\u00bb},\u00a0\u00bblabel\u00a0\u00bb:{\u00ab\u00a0profil\u00a0\u00bb:{\u00ab\u00a0text\u00a0\u00bb:\u00a0\u00bbABO\u00a0\u00bb}},\u00a0\u00bbpromo_items\u00a0\u00bb:{\u00ab\u00a0basic\u00a0\u00bb:{\u00ab\u00a0additional_properties\u00a0\u00bb:{},\u00a0\u00bbcaption\u00a0\u00bb:\u00a0\u00bbUn chauffeur de taxi compara\u00eet ce lundi au tribunal de Bonneville (Haute-Savoie), apr\u00e8s un diff\u00e9rend avec David Lammy (ici \u00e0 Londres le 28 octobre), devenu depuis vice-Premier ministre du Royaume-Uni. Anadolu via AFP\/Ra\u015fid Necati Asl\u0131m\u00a0\u00bb,\u00a0\u00bbheight\u00a0\u00bb:1867,\u00a0\u00bbtype\u00a0\u00bb:\u00a0\u00bbimage\u00a0\u00bb,\u00a0\u00bburl\u00a0\u00bb:\u00a0\u00bbhttps:\/\/cloudfront-eu-central-1.images.arcpublishing.com\/leparisien\/IZC3BYNTLZG5VI2WA4I2UW67ZE.jpg\u00a0\u00bb,\u00a0\u00bbwidth\u00a0\u00bb:2800}},\u00a0\u00bbsubtype\u00a0\u00bb:\u00a0\u00bbART:\u00a0\u00bb,\u00a0\u00bbtaxonomy\u00a0\u00bb:{\u00ab\u00a0primary_section\u00a0\u00bb:{\u00ab\u00a0_id\u00a0\u00bb:\u00a0\u00bb\/faits-divers\u00a0\u00bb,\u00a0\u00bbadditional_properties\u00a0\u00bb:{\u00ab\u00a0original\u00a0\u00bb:{\u00ab\u00a0site\u00a0\u00bb:{}}},\u00a0\u00bbname\u00a0\u00bb:\u00a0\u00bbFaits divers\u00a0\u00bb}},\u00a0\u00bbwebsite_url\u00a0\u00bb:\u00a0\u00bb\/faits-divers\/jai-pris-la-fuite-pour-me-proteger-un-chauffeur-de-taxi-accuse-davoir-vole-les-bagages-dun-ministre-britannique-03-11-2025-7W2G3TCGZNCDLI66PUPRD77G5I.php\u00a0\u00bb},{\u00ab\u00a0_id\u00a0\u00bb:\u00a0\u00bbFWJ5GFUVEVH4XDEPG2AKCQ2WIQ\u00a0\u00bb,\u00a0\u00bbcontent_restrictions\u00a0\u00bb:{\u00ab\u00a0content_code\u00a0\u00bb:\u00a0\u00bbmetered\u00a0\u00bb},\u00a0\u00bbdistributor\u00a0\u00bb:{\u00ab\u00a0name\u00a0\u00bb:\u00a0\u00bbleparisien\u00a0\u00bb},\u00a0\u00bbheadlines\u00a0\u00bb:{\u00ab\u00a0basic\u00a0\u00bb:\u00a0\u00bb\u00ab\u00a0J\u2019ai fait ce que toute m\u00e8re aurait fait\u00a0\u00bb\u00a0: une Am\u00e9ricaine tue dans son jardin un singe \u00ab\u00a0dangereux\u00a0\u00bb \u00e9chapp\u00e9 d\u2019un camion\u00a0\u00bb},\u00a0\u00bblabel\u00a0\u00bb:{},\u00a0\u00bbpromo_items\u00a0\u00bb:{\u00ab\u00a0basic\u00a0\u00bb:{\u00ab\u00a0additional_properties\u00a0\u00bb:{},\u00a0\u00bbcaption\u00a0\u00bb:\u00a0\u00bbPlusieurs singes s&rsquo;\u00e9taient \u00e9chapp\u00e9s apr\u00e8s l&rsquo;accident d&rsquo;un camion de transport m\u00e9dical. Facebook\/@Jasper County Sheriff&rsquo;s Department\u00a0\u00bb,\u00a0\u00bbheight\u00a0\u00bb:962,\u00a0\u00bbtype\u00a0\u00bb:\u00a0\u00bbimage\u00a0\u00bb,\u00a0\u00bburl\u00a0\u00bb:\u00a0\u00bbhttps:\/\/cloudfront-eu-central-1.images.arcpublishing.com\/leparisien\/W642MWZ4FVEODEZKWNGZOXHBQ4.jpg\u00a0\u00bb,\u00a0\u00bbwidth\u00a0\u00bb:1536}},\u00a0\u00bbsubtype\u00a0\u00bb:\u00a0\u00bbART:\u00a0\u00bb,\u00a0\u00bbtaxonomy\u00a0\u00bb:{\u00ab\u00a0primary_section\u00a0\u00bb:{\u00ab\u00a0_id\u00a0\u00bb:\u00a0\u00bb\/faits-divers\u00a0\u00bb,\u00a0\u00bbadditional_properties\u00a0\u00bb:{\u00ab\u00a0original\u00a0\u00bb:{\u00ab\u00a0site\u00a0\u00bb:{}}},\u00a0\u00bbname\u00a0\u00bb:\u00a0\u00bbFaits divers\u00a0\u00bb}},\u00a0\u00bbwebsite_url\u00a0\u00bb:\u00a0\u00bbhttps:\/\/www.leparisien.fr\/faits-divers\/jai-fait-ce-que-toute-mere-aurait-fait-une-americaine-tue-dans-son-jardin-un-singe-dangereux-echappe-dun-camion-03-11-2025-FWJ5GFUVEVH4XDEPG2AKCQ2WIQ.php\u00a0\u00bb},{\u00ab\u00a0_id\u00a0\u00bb:\u00a0\u00bbPT6LYNMSPVHV7DHDKBT7EWVFH4&Prime;,\u00a0\u00bbcontent_restrictions\u00a0\u00bb:{\u00ab\u00a0content_code\u00a0\u00bb:\u00a0\u00bbmetered\u00a0\u00bb},\u00a0\u00bbdistributor\u00a0\u00bb:{\u00ab\u00a0name\u00a0\u00bb:\u00a0\u00bbleparisien\u00a0\u00bb},\u00a0\u00bbheadlines\u00a0\u00bb:{\u00ab\u00a0basic\u00a0\u00bb:\u00a0\u00bb\u00c0 Maubeuge, un homme d\u00e9j\u00e0 condamn\u00e9 pour violences et en rupture de soins psychiatriques soup\u00e7onn\u00e9 d\u2019avoir tu\u00e9 une voisine\u00a0\u00bb},\u00a0\u00bblabel\u00a0\u00bb:{},\u00a0\u00bbpromo_items\u00a0\u00bb:{\u00ab\u00a0basic\u00a0\u00bb:{\u00ab\u00a0additional_properties\u00a0\u00bb:{},\u00a0\u00bbcaption\u00a0\u00bb:\u00a0\u00bbA Maubeuge, un homme de 36 ans en rupture de soins psychiatriques et plusieurs fois condamn\u00e9 pour violences a \u00e9t\u00e9 mis en examen dimanche pour le meurtre d\u2019une voisine. Photo illustration LP \/ Olivier Arandel\u00a0\u00bb,\u00a0\u00bbheight\u00a0\u00bb:3335,\u00a0\u00bbtype\u00a0\u00bb:\u00a0\u00bbimage\u00a0\u00bb,\u00a0\u00bburl\u00a0\u00bb:\u00a0\u00bbhttps:\/\/cloudfront-eu-central-1.images.arcpublishing.com\/leparisien\/FGCIYYYD4FE77CFLPQ6655JPCY.jpg\u00a0\u00bb,\u00a0\u00bbwidth\u00a0\u00bb:5000}},\u00a0\u00bbsubtype\u00a0\u00bb:\u00a0\u00bbART:\u00a0\u00bb,\u00a0\u00bbtaxonomy\u00a0\u00bb:{\u00ab\u00a0primary_section\u00a0\u00bb:{\u00ab\u00a0_id\u00a0\u00bb:\u00a0\u00bb\/faits-divers\u00a0\u00bb,\u00a0\u00bbadditional_properties\u00a0\u00bb:{\u00ab\u00a0original\u00a0\u00bb:{\u00ab\u00a0site\u00a0\u00bb:{}}},\u00a0\u00bbname\u00a0\u00bb:\u00a0\u00bbFaits divers\u00a0\u00bb}},\u00a0\u00bbwebsite_url\u00a0\u00bb:\u00a0\u00bb\/faits-divers\/a-maubeuge-un-homme-deja-condamne-pour-violences-et-en-rupture-de-soins-psychiatriques-soupconne-davoir-tue-une-voisine-03-11-2025-PT6LYNMSPVHV7DHDKBT7EWVFH4.php\u00a0\u00bb},{\u00ab\u00a0_id\u00a0\u00bb:\u00a0\u00bbU7XZ3YR3PJAEZFBSGTB54GMFFE\u00a0\u00bb,\u00a0\u00bbcontent_restrictions\u00a0\u00bb:{\u00ab\u00a0content_code\u00a0\u00bb:\u00a0\u00bbmetered\u00a0\u00bb},\u00a0\u00bbdistributor\u00a0\u00bb:{\u00ab\u00a0name\u00a0\u00bb:\u00a0\u00bbleparisien\u00a0\u00bb},\u00a0\u00bbheadlines\u00a0\u00bb:{\u00ab\u00a0basic\u00a0\u00bb:\u00a0\u00bb\u00cele de R\u00e9\u00a0: disparition d\u2019un p\u00eacheur \u00e0 pied, emport\u00e9 par la mar\u00e9e\u00a0\u00bb},\u00a0\u00bblabel\u00a0\u00bb:{},\u00a0\u00bbpromo_items\u00a0\u00bb:{\u00ab\u00a0basic\u00a0\u00bb:{\u00ab\u00a0additional_properties\u00a0\u00bb:{},\u00a0\u00bbcaption\u00a0\u00bb:\u00a0\u00bbLe p\u00eacheur \u00e0 pied de 40 ans a disparu aux Portes-en-R\u00e9. (Illustration) LP\/Arnaud Journois\u00a0\u00bb,\u00a0\u00bbheight\u00a0\u00bb:3334,\u00a0\u00bbtype\u00a0\u00bb:\u00a0\u00bbimage\u00a0\u00bb,\u00a0\u00bburl\u00a0\u00bb:\u00a0\u00bbhttps:\/\/cloudfront-eu-central-1.images.arcpublishing.com\/leparisien\/IRV354TVLFGFPJWJS3EC6LRFTY.jpg\u00a0\u00bb,\u00a0\u00bbwidth\u00a0\u00bb:5000}},\u00a0\u00bbsubtype\u00a0\u00bb:\u00a0\u00bbART:\u00a0\u00bb,\u00a0\u00bbtaxonomy\u00a0\u00bb:{\u00ab\u00a0primary_section\u00a0\u00bb:{\u00ab\u00a0_id\u00a0\u00bb:\u00a0\u00bb\/faits-divers\u00a0\u00bb,\u00a0\u00bbadditional_properties\u00a0\u00bb:{\u00ab\u00a0original\u00a0\u00bb:{\u00ab\u00a0site\u00a0\u00bb:{}}},\u00a0\u00bbname\u00a0\u00bb:\u00a0\u00bbFaits divers\u00a0\u00bb}},\u00a0\u00bbwebsite_url\u00a0\u00bb:\u00a0\u00bb\/faits-divers\/ile-de-re-disparition-dun-pecheur-a-pied-emporte-par-la-maree-03-11-2025-U7XZ3YR3PJAEZFBSGTB54GMFFE.php\u00a0\u00bb},{\u00ab\u00a0_id\u00a0\u00bb:\u00a0\u00bbJLY5Z2ULEJHJ7ANNKWXSAQSWAM\u00a0\u00bb,\u00a0\u00bbcontent_restrictions\u00a0\u00bb:{\u00ab\u00a0content_code\u00a0\u00bb:\u00a0\u00bbmetered\u00a0\u00bb},\u00a0\u00bbdistributor\u00a0\u00bb:{\u00ab\u00a0name\u00a0\u00bb:\u00a0\u00bbleparisien\u00a0\u00bb},\u00a0\u00bbheadlines\u00a0\u00bb:{\u00ab\u00a0basic\u00a0\u00bb:\u00a0\u00bbSeine-Maritime\u00a0: quatre suspects mis en examen apr\u00e8s l\u2019incendie de la mairie de Grand-Couronne\u00a0\u00bb},\u00a0\u00bblabel\u00a0\u00bb:{},\u00a0\u00bbpromo_items\u00a0\u00bb:{\u00ab\u00a0basic\u00a0\u00bb:{\u00ab\u00a0additional_properties\u00a0\u00bb:{},\u00a0\u00bbcaption\u00a0\u00bb:\u00a0\u00bbUn seul des suspects a reconnu avoir particip\u00e9 \u00e0 l\u2019incendie du 16 septembre. Facebook\/Pr\u00e9fet de la r\u00e9gion Normandie et de la Seine-Maritime\\n\u00a0\u00bb,\u00a0\u00bbheight\u00a0\u00bb:1536,\u00a0\u00bbtype\u00a0\u00bb:\u00a0\u00bbimage\u00a0\u00bb,\u00a0\u00bburl\u00a0\u00bb:\u00a0\u00bbhttps:\/\/cloudfront-eu-central-1.images.arcpublishing.com\/leparisien\/SJN7YAHQEVER5CFNQH3XBLP7PI.jpg\u00a0\u00bb,\u00a0\u00bbwidth\u00a0\u00bb:2048}},\u00a0\u00bbsubtype\u00a0\u00bb:\u00a0\u00bbART:\u00a0\u00bb,\u00a0\u00bbtaxonomy\u00a0\u00bb:{\u00ab\u00a0primary_section\u00a0\u00bb:{\u00ab\u00a0_id\u00a0\u00bb:\u00a0\u00bb\/faits-divers\u00a0\u00bb,\u00a0\u00bbadditional_properties\u00a0\u00bb:{\u00ab\u00a0original\u00a0\u00bb:{\u00ab\u00a0site\u00a0\u00bb:{}}},\u00a0\u00bbname\u00a0\u00bb:\u00a0\u00bbFaits divers\u00a0\u00bb}},\u00a0\u00bbwebsite_url\u00a0\u00bb:\u00a0\u00bb\/faits-divers\/seine-maritime-quatre-suspects-mis-en-examen-apres-lincendie-de-la-mairie-de-grand-couronne-02-11-2025-JLY5Z2ULEJHJ7ANNKWXSAQSWAM.php\u00a0\u00bb},{\u00ab\u00a0_id\u00a0\u00bb:\u00a0\u00bbELQVIBUADZH4VEXZK3KUQAYADY\u00a0\u00bb,\u00a0\u00bbcontent_restrictions\u00a0\u00bb:{\u00ab\u00a0content_code\u00a0\u00bb:\u00a0\u00bbmetered\u00a0\u00bb},\u00a0\u00bbdistributor\u00a0\u00bb:{\u00ab\u00a0name\u00a0\u00bb:\u00a0\u00bbleparisien\u00a0\u00bb},\u00a0\u00bbheadlines\u00a0\u00bb:{\u00ab\u00a0basic\u00a0\u00bb:\u00a0\u00bbUn homme tu\u00e9 \u00e0 l\u2019arme blanche en pleine rue dans une petite ville de Moselle\u00a0\u00bb},\u00a0\u00bblabel\u00a0\u00bb:{},\u00a0\u00bbpromo_items\u00a0\u00bb:{\u00ab\u00a0basic\u00a0\u00bb:{\u00ab\u00a0additional_properties\u00a0\u00bb:{},\u00a0\u00bbcaption\u00a0\u00bb:\u00a0\u00bbLa brigade de recherches de Thionville est charg\u00e9e de l\u2019enqu\u00eate. LP\/Julie Menard\u00a0\u00bb,\u00a0\u00bbheight\u00a0\u00bb:3333,\u00a0\u00bbtype\u00a0\u00bb:\u00a0\u00bbimage\u00a0\u00bb,\u00a0\u00bburl\u00a0\u00bb:\u00a0\u00bbhttps:\/\/cloudfront-eu-central-1.images.arcpublishing.com\/leparisien\/YAFNTUJBVNDZNOUM5SKGNFJXJA.jpg\u00a0\u00bb,\u00a0\u00bbwidth\u00a0\u00bb:5000}},\u00a0\u00bbsubtype\u00a0\u00bb:\u00a0\u00bbART:\u00a0\u00bb,\u00a0\u00bbtaxonomy\u00a0\u00bb:{\u00ab\u00a0primary_section\u00a0\u00bb:{\u00ab\u00a0_id\u00a0\u00bb:\u00a0\u00bb\/faits-divers\u00a0\u00bb,\u00a0\u00bbadditional_properties\u00a0\u00bb:{\u00ab\u00a0original\u00a0\u00bb:{\u00ab\u00a0site\u00a0\u00bb:{}}},\u00a0\u00bbname\u00a0\u00bb:\u00a0\u00bbFaits divers\u00a0\u00bb}},\u00a0\u00bbwebsite_url\u00a0\u00bb:\u00a0\u00bb\/faits-divers\/un-homme-tue-a-larme-blanche-en-pleine-rue-dans-une-petite-ville-de-moselle-02-11-2025-ELQVIBUADZH4VEXZK3KUQAYADY.php\u00a0\u00bb},{\u00ab\u00a0_id\u00a0\u00bb:\u00a0\u00bbUSJXB7JKRZCHVGU4IPVH3PCIWI\u00a0\u00bb,\u00a0\u00bbcontent_restrictions\u00a0\u00bb:{\u00ab\u00a0content_code\u00a0\u00bb:\u00a0\u00bbhard-paywall\u00a0\u00bb},\u00a0\u00bbdistributor\u00a0\u00bb:{\u00ab\u00a0name\u00a0\u00bb:\u00a0\u00bbleparisien\u00a0\u00bb},\u00a0\u00bbheadlines\u00a0\u00bb:{\u00ab\u00a0basic\u00a0\u00bb:\u00a0\u00bb\u00ab\u00a0On est abasourdis\u00a0\u00bb\u00a0: \u00e0 bord d\u2019un train Londres-Doncaster dimanche, des passagers sous le choc apr\u00e8s l\u2019attaque au couteau\u00a0\u00bb},\u00a0\u00bblabel\u00a0\u00bb:{\u00ab\u00a0format\u00a0\u00bb:{\u00ab\u00a0text\u00a0\u00bb:\u00a0\u00bbReportage\u00a0\u00bb,\u00a0\u00bburl\u00a0\u00bb:\u00a0\u00bb\/reportage\u00a0\u00bb},\u00a0\u00bbprofil\u00a0\u00bb:{\u00ab\u00a0text\u00a0\u00bb:\u00a0\u00bbABO\u00a0\u00bb}},\u00a0\u00bbpromo_items\u00a0\u00bb:{\u00ab\u00a0basic\u00a0\u00bb:{\u00ab\u00a0additional_properties\u00a0\u00bb:{},\u00a0\u00bbcaption\u00a0\u00bb:\u00a0\u00bbLa fa\u00e7ade de la gare de Doncaster, ville de d\u00e9part du train o\u00f9 a eu lieu l&rsquo;attaque de samedi soir. Abaca\/Alamy stock photo\/Robert Lazenby\u00a0\u00bb,\u00a0\u00bbheight\u00a0\u00bb:1869,\u00a0\u00bbtype\u00a0\u00bb:\u00a0\u00bbimage\u00a0\u00bb,\u00a0\u00bburl\u00a0\u00bb:\u00a0\u00bbhttps:\/\/cloudfront-eu-central-1.images.arcpublishing.com\/leparisien\/STHHE3CAB5FMZG4T6ICBWLK3SI.jpg\u00a0\u00bb,\u00a0\u00bbwidth\u00a0\u00bb:2800}},\u00a0\u00bbsubtype\u00a0\u00bb:\u00a0\u00bbART:\u00a0\u00bb,\u00a0\u00bbtaxonomy\u00a0\u00bb:{\u00ab\u00a0primary_section\u00a0\u00bb:{\u00ab\u00a0_id\u00a0\u00bb:\u00a0\u00bb\/faits-divers\u00a0\u00bb,\u00a0\u00bbadditional_properties\u00a0\u00bb:{\u00ab\u00a0original\u00a0\u00bb:{\u00ab\u00a0site\u00a0\u00bb:{}}},\u00a0\u00bbname\u00a0\u00bb:\u00a0\u00bbFaits divers\u00a0\u00bb}},\u00a0\u00bbwebsite_url\u00a0\u00bb:\u00a0\u00bb\/faits-divers\/on-est-abasourdis-a-bord-dun-train-londres-doncaster-des-passagers-sous-le-choc-apres-lattaque-au-couteau-02-11-2025-USJXB7JKRZCHVGU4IPVH3PCIWI.php\u00a0\u00bb},{\u00ab\u00a0_id\u00a0\u00bb:\u00a0\u00bb7GUAX5M5RNHMRENYLTY3GKNLE4&Prime;,\u00a0\u00bbcontent_restrictions\u00a0\u00bb:{\u00ab\u00a0content_code\u00a0\u00bb:\u00a0\u00bbmetered\u00a0\u00bb},\u00a0\u00bbdistributor\u00a0\u00bb:{\u00ab\u00a0name\u00a0\u00bb:\u00a0\u00bbleparisien\u00a0\u00bb},\u00a0\u00bbheadlines\u00a0\u00bb:{\u00ab\u00a0basic\u00a0\u00bb:\u00a0\u00bbCorbeil-Essonnes\u00a0: un homme retrouv\u00e9 mort apr\u00e8s plusieurs coups de feu pr\u00e8s d\u2019un city stade\u00a0\u00bb},\u00a0\u00bblabel\u00a0\u00bb:{},\u00a0\u00bbpromo_items\u00a0\u00bb:{\u00ab\u00a0basic\u00a0\u00bb:{\u00ab\u00a0additional_properties\u00a0\u00bb:{},\u00a0\u00bbcaption\u00a0\u00bb:\u00a0\u00bbLes tirs ont \u00e9t\u00e9 \u00e9mis pr\u00e8s d&rsquo;un city stade, \u00e0 Corbeil Essonnes. (Illustration) LP\/Benjamin Derveaux\u00a0\u00bb,\u00a0\u00bbheight\u00a0\u00bb:841,\u00a0\u00bbtype\u00a0\u00bb:\u00a0\u00bbimage\u00a0\u00bb,\u00a0\u00bburl\u00a0\u00bb:\u00a0\u00bbhttps:\/\/cloudfront-eu-central-1.images.arcpublishing.com\/leparisien\/KV434LGMD42QVYCCTYWS3ESMZA.jpg\u00a0\u00bb,\u00a0\u00bbwidth\u00a0\u00bb:1280}},\u00a0\u00bbsubtype\u00a0\u00bb:\u00a0\u00bbART:\u00a0\u00bb,\u00a0\u00bbtaxonomy\u00a0\u00bb:{\u00ab\u00a0primary_section\u00a0\u00bb:{\u00ab\u00a0_id\u00a0\u00bb:\u00a0\u00bb\/faits-divers\u00a0\u00bb,\u00a0\u00bbadditional_properties\u00a0\u00bb:{\u00ab\u00a0original\u00a0\u00bb:{\u00ab\u00a0site\u00a0\u00bb:{}}},\u00a0\u00bbname\u00a0\u00bb:\u00a0\u00bbFaits divers\u00a0\u00bb}},\u00a0\u00bbwebsite_url\u00a0\u00bb:\u00a0\u00bb\/faits-divers\/corbeil-essonnes-un-homme-retrouve-mort-apres-plusieurs-coups-de-feu-pres-dun-city-stade-02-11-2025-7GUAX5M5RNHMRENYLTY3GKNLE4.php\u00a0\u00bb},{\u00ab\u00a0_id\u00a0\u00bb:\u00a0\u00bbU5AFNYSTABG4LEFJ544HUCU6DA\u00a0\u00bb,\u00a0\u00bbcontent_restrictions\u00a0\u00bb:{\u00ab\u00a0content_code\u00a0\u00bb:\u00a0\u00bbmetered\u00a0\u00bb},\u00a0\u00bbdistributor\u00a0\u00bb:{\u00ab\u00a0name\u00a0\u00bb:\u00a0\u00bbleparisien\u00a0\u00bb},\u00a0\u00bbheadlines\u00a0\u00bb:{\u00ab\u00a0basic\u00a0\u00bb:\u00a0\u00bbSondages de l\u2019\u00c9lys\u00e9e sous Sarkozy : en appel, Claude Gu\u00e9ant menac\u00e9 d\u2019une nouvelle condamnation\u00a0\u00bb},\u00a0\u00bblabel\u00a0\u00bb:{},\u00a0\u00bbpromo_items\u00a0\u00bb:{\u00ab\u00a0basic\u00a0\u00bb:{\u00ab\u00a0additional_properties\u00a0\u00bb:{},\u00a0\u00bbcaption\u00a0\u00bb:\u00a0\u00bbDepuis la d\u00e9faite de Nicolas Sarkozy \u00e0 la pr\u00e9sidentielle de 2012, Claude Gu\u00e9ant a multipli\u00e9 les d\u00e9boires judiciaires.(AFP\/THOMAS SAMSON)\u00a0\u00bb,\u00a0\u00bbheight\u00a0\u00bb:853,\u00a0\u00bbtype\u00a0\u00bb:\u00a0\u00bbimage\u00a0\u00bb,\u00a0\u00bburl\u00a0\u00bb:\u00a0\u00bbhttps:\/\/cloudfront-eu-central-1.images.arcpublishing.com\/leparisien\/6I45KVGX6FWWKNQHFH3JJXQK2A.jpg\u00a0\u00bb,\u00a0\u00bbwidth\u00a0\u00bb:1280}},\u00a0\u00bbsubtype\u00a0\u00bb:\u00a0\u00bbART:\u00a0\u00bb,\u00a0\u00bbtaxonomy\u00a0\u00bb:{\u00ab\u00a0primary_section\u00a0\u00bb:{\u00ab\u00a0_id\u00a0\u00bb:\u00a0\u00bb\/faits-divers\u00a0\u00bb,\u00a0\u00bbadditional_properties\u00a0\u00bb:{\u00ab\u00a0original\u00a0\u00bb:{\u00ab\u00a0site\u00a0\u00bb:{}}},\u00a0\u00bbname\u00a0\u00bb:\u00a0\u00bbFaits divers\u00a0\u00bb},\u00a0\u00bbtags\u00a0\u00bb:[{\u00ab\u00a0text\u00a0\u00bb:\u00a0\u00bbClaude Gu\u00e9ant\u00a0\u00bb},{\u00ab\u00a0text\u00a0\u00bb:\u00a0\u00bbNicolas Sarkozy\u00a0\u00bb}]},\u00a0\u00bbwebsite_url\u00a0\u00bb:\u00a0\u00bb\/faits-divers\/sondages-de-lelysee-sous-sarkozy-en-appel-claude-gueant-menace-dune-nouvelle-condamnation-02-11-2025-U5AFNYSTABG4LEFJ544HUCU6DA.php\u00a0\u00bb},{\u00ab\u00a0_id\u00a0\u00bb:\u00a0\u00bbBXSHNX76KVDZXONULCQZHUEPJQ\u00a0\u00bb,\u00a0\u00bbcontent_restrictions\u00a0\u00bb:{\u00ab\u00a0content_code\u00a0\u00bb:\u00a0\u00bbhard-paywall\u00a0\u00bb},\u00a0\u00bbdistributor\u00a0\u00bb:{\u00ab\u00a0name\u00a0\u00bb:\u00a0\u00bbleparisien\u00a0\u00bb},\u00a0\u00bbheadlines\u00a0\u00bb:{\u00ab\u00a0basic\u00a0\u00bb:\u00a0\u00bb\u00ab J\u2019ai cru que j\u2019allais mourir \u00bb : r\u00e9cit d\u2019une soir\u00e9e de terreur dans le train pour Londres\u00a0\u00bb},\u00a0\u00bblabel\u00a0\u00bb:{\u00ab\u00a0format\u00a0\u00bb:{\u00ab\u00a0text\u00a0\u00bb:\u00a0\u00bbR\u00e9cit\u00a0\u00bb,\u00a0\u00bburl\u00a0\u00bb:\u00a0\u00bb\/recit\u00a0\u00bb},\u00a0\u00bbprofil\u00a0\u00bb:{\u00ab\u00a0text\u00a0\u00bb:\u00a0\u00bbABO\u00a0\u00bb}},\u00a0\u00bbpromo_items\u00a0\u00bb:{\u00ab\u00a0basic\u00a0\u00bb:{\u00ab\u00a0additional_properties\u00a0\u00bb:{},\u00a0\u00bbcaption\u00a0\u00bb:\u00a0\u00bbGare de Huntigdon (Royaume-Uni), ce dimanche 2 novembre. Un technicien de la police scientifique fait des relev\u00e9s sur le train o\u00f9 11 personnes ont \u00e9t\u00e9 poignard\u00e9es la veille. Reuters\/Jack Taylor\u00a0\u00bb,\u00a0\u00bbheight\u00a0\u00bb:1864,\u00a0\u00bbtype\u00a0\u00bb:\u00a0\u00bbimage\u00a0\u00bb,\u00a0\u00bburl\u00a0\u00bb:\u00a0\u00bbhttps:\/\/cloudfront-eu-central-1.images.arcpublishing.com\/leparisien\/SIJUZUQEB5BRXA4D6GTAUELDBA.jpg\u00a0\u00bb,\u00a0\u00bbwidth\u00a0\u00bb:2800}},\u00a0\u00bbsubtype\u00a0\u00bb:\u00a0\u00bbART:\u00a0\u00bb,\u00a0\u00bbtaxonomy\u00a0\u00bb:{\u00ab\u00a0primary_section\u00a0\u00bb:{\u00ab\u00a0_id\u00a0\u00bb:\u00a0\u00bb\/international\/royaume-uni\u00a0\u00bb,\u00a0\u00bbadditional_properties\u00a0\u00bb:{\u00ab\u00a0original\u00a0\u00bb:{\u00ab\u00a0site\u00a0\u00bb:{\u00ab\u00a0paywall_deactivated\u00a0\u00bb:\u00a0\u00bbfalse\u00a0\u00bb}}},\u00a0\u00bbname\u00a0\u00bb:\u00a0\u00bbRoyaume-Uni\u00a0\u00bb}},\u00a0\u00bbwebsite_url\u00a0\u00bb:\u00a0\u00bb\/international\/royaume-uni\/jai-cru-que-jallais-mourir-terreur-dans-le-train-pour-londres-02-11-2025-BXSHNX76KVDZXONULCQZHUEPJQ.php\u00a0\u00bb},{\u00ab\u00a0_id\u00a0\u00bb:\u00a0\u00bbR6RRBYEYLBCNHLCIW7M4RGNX6Q\u00a0\u00bb,\u00a0\u00bbcontent_restrictions\u00a0\u00bb:{\u00ab\u00a0content_code\u00a0\u00bb:\u00a0\u00bbmetered\u00a0\u00bb},\u00a0\u00bbdistributor\u00a0\u00bb:{\u00ab\u00a0name\u00a0\u00bb:\u00a0\u00bbleparisien\u00a0\u00bb},\u00a0\u00bbheadlines\u00a0\u00bb:{\u00ab\u00a0basic\u00a0\u00bb:\u00a0\u00bbMelun\u00a0: un homme gri\u00e8vement bless\u00e9 au couteau\u00a0\u00bb},\u00a0\u00bblabel\u00a0\u00bb:{},\u00a0\u00bbpromo_items\u00a0\u00bb:{\u00ab\u00a0basic\u00a0\u00bb:{\u00ab\u00a0additional_properties\u00a0\u00bb:{},\u00a0\u00bbcaption\u00a0\u00bb:\u00a0\u00bbL&rsquo;enqu\u00eate, ouverte pour tentative de meurtre, a \u00e9t\u00e9 confi\u00e9e au commissariat de Melun Val-de-Seine. (illustration). LP\/Arnaud Journois\u00a0\u00bb,\u00a0\u00bbheight\u00a0\u00bb:676,\u00a0\u00bbtype\u00a0\u00bb:\u00a0\u00bbimage\u00a0\u00bb,\u00a0\u00bburl\u00a0\u00bb:\u00a0\u00bbhttps:\/\/cloudfront-eu-central-1.images.arcpublishing.com\/leparisien\/GKUIEGXBIFDUPGR2VI6D3J2RMQ.jpg\u00a0\u00bb,\u00a0\u00bbwidth\u00a0\u00bb:1024}},\u00a0\u00bbsubtype\u00a0\u00bb:\u00a0\u00bbART:\u00a0\u00bb,\u00a0\u00bbtaxonomy\u00a0\u00bb:{\u00ab\u00a0primary_section\u00a0\u00bb:{\u00ab\u00a0_id\u00a0\u00bb:\u00a0\u00bb\/seine-et-marne-77&Prime;,\u00a0\u00bbadditional_properties\u00a0\u00bb:{\u00ab\u00a0original\u00a0\u00bb:{\u00ab\u00a0site\u00a0\u00bb:{}}},\u00a0\u00bbname\u00a0\u00bb:\u00a0\u00bbSeine-et-Marne\u00a0\u00bb}},\u00a0\u00bbwebsite_url\u00a0\u00bb:\u00a0\u00bb\/seine-et-marne-77\/melun-un-homme-grievement-blesse-au-couteau-02-11-2025-R6RRBYEYLBCNHLCIW7M4RGNX6Q.php\u00a0\u00bb},{\u00ab\u00a0_id\u00a0\u00bb:\u00a0\u00bbVTFPYTFD4REM5DBNFZL2YVYWHM\u00a0\u00bb,\u00a0\u00bbcontent_restrictions\u00a0\u00bb:{\u00ab\u00a0content_code\u00a0\u00bb:\u00a0\u00bbmetered\u00a0\u00bb},\u00a0\u00bbdistributor\u00a0\u00bb:{\u00ab\u00a0name\u00a0\u00bb:\u00a0\u00bbleparisien\u00a0\u00bb},\u00a0\u00bbheadlines\u00a0\u00bb:{\u00ab\u00a0basic\u00a0\u00bb:\u00a0\u00bbTrafic de drogue\u00a0: sept personnes mises en examen apr\u00e8s la d\u00e9couverte de deux tonnes de r\u00e9sine de cannabis\u00a0\u00bb},\u00a0\u00bblabel\u00a0\u00bb:{},\u00a0\u00bbpromo_items\u00a0\u00bb:{\u00ab\u00a0basic\u00a0\u00bb:{\u00ab\u00a0additional_properties\u00a0\u00bb:{},\u00a0\u00bbcaption\u00a0\u00bb:\u00a0\u00bbLes pr\u00e9venus risquent jusqu&rsquo;\u00e0 30 ans de r\u00e9clusion criminelle. (Image d&rsquo;illustration) AFP\/NICOLAS TUCAT\u00a0\u00bb,\u00a0\u00bbheight\u00a0\u00bb:3280,\u00a0\u00bbtype\u00a0\u00bb:\u00a0\u00bbimage\u00a0\u00bb,\u00a0\u00bburl\u00a0\u00bb:\u00a0\u00bbhttps:\/\/cloudfront-eu-central-1.images.arcpublishing.com\/leparisien\/LXHSYYWIZVHBBMCADGHGNM5HP4.jpg\u00a0\u00bb,\u00a0\u00bbwidth\u00a0\u00bb:4928}},\u00a0\u00bbsubtype\u00a0\u00bb:\u00a0\u00bbART:\u00a0\u00bb,\u00a0\u00bbtaxonomy\u00a0\u00bb:{\u00ab\u00a0primary_section\u00a0\u00bb:{\u00ab\u00a0_id\u00a0\u00bb:\u00a0\u00bb\/faits-divers\u00a0\u00bb,\u00a0\u00bbadditional_properties\u00a0\u00bb:{\u00ab\u00a0original\u00a0\u00bb:{\u00ab\u00a0site\u00a0\u00bb:{}}},\u00a0\u00bbname\u00a0\u00bb:\u00a0\u00bbFaits divers\u00a0\u00bb}},\u00a0\u00bbwebsite_url\u00a0\u00bb:\u00a0\u00bb\/faits-divers\/trafic-de-drogue-sept-personnes-mises-en-examen-apres-la-decouverte-de-deux-tonnes-de-resine-de-cannabis-02-11-2025-VTFPYTFD4REM5DBNFZL2YVYWHM.php\u00a0\u00bb},{\u00ab\u00a0_id\u00a0\u00bb:\u00a0\u00bbXPOFMYNMB5DSTPUII2CKPZKJYU\u00a0\u00bb,\u00a0\u00bbcontent_restrictions\u00a0\u00bb:{\u00ab\u00a0content_code\u00a0\u00bb:\u00a0\u00bbmetered\u00a0\u00bb},\u00a0\u00bbdistributor\u00a0\u00bb:{\u00ab\u00a0name\u00a0\u00bb:\u00a0\u00bbleparisien\u00a0\u00bb},\u00a0\u00bbheadlines\u00a0\u00bb:{\u00ab\u00a0basic\u00a0\u00bb:\u00a0\u00bbDoubs\u00a0: disparition inqui\u00e9tante d\u2019un homme parti de chez lui en voiture, la gendarmerie lance un appel \u00e0 t\u00e9moins\u00a0\u00bb},\u00a0\u00bblabel\u00a0\u00bb:{},\u00a0\u00bbpromo_items\u00a0\u00bb:{\u00ab\u00a0basic\u00a0\u00bb:{\u00ab\u00a0additional_properties\u00a0\u00bb:{},\u00a0\u00bbcaption\u00a0\u00bb:\u00a0\u00bbMais o\u00f9 est pass\u00e9 Christian Lepine ? Cet habitant de Valdahon (Doubs), \u00e2g\u00e9 de 61 ans, n\u2019a plus donn\u00e9 de signe de vie depuis le 27 octobre dernier. Capture d&rsquo;\u00e9cran\/Facebook\u00a0\u00bb,\u00a0\u00bbheight\u00a0\u00bb:1080,\u00a0\u00bbtype\u00a0\u00bb:\u00a0\u00bbimage\u00a0\u00bb,\u00a0\u00bburl\u00a0\u00bb:\u00a0\u00bbhttps:\/\/cloudfront-eu-central-1.images.arcpublishing.com\/leparisien\/4ANEIMRT2ND5DOHBZDTYBICP7E.jpg\u00a0\u00bb,\u00a0\u00bbwidth\u00a0\u00bb:1920}},\u00a0\u00bbsubtype\u00a0\u00bb:\u00a0\u00bbART:\u00a0\u00bb,\u00a0\u00bbtaxonomy\u00a0\u00bb:{\u00ab\u00a0primary_section\u00a0\u00bb:{\u00ab\u00a0_id\u00a0\u00bb:\u00a0\u00bb\/faits-divers\u00a0\u00bb,\u00a0\u00bbadditional_properties\u00a0\u00bb:{\u00ab\u00a0original\u00a0\u00bb:{\u00ab\u00a0site\u00a0\u00bb:{}}},\u00a0\u00bbname\u00a0\u00bb:\u00a0\u00bbFaits divers\u00a0\u00bb}},\u00a0\u00bbwebsite_url\u00a0\u00bb:\u00a0\u00bb\/faits-divers\/doubs-disparition-inquietante-dun-homme-parti-de-chez-lui-en-voiture-la-gendarmerie-lance-un-appel-a-temoins-02-11-2025-XPOFMYNMB5DSTPUII2CKPZKJYU.php\u00a0\u00bb},{\u00ab\u00a0_id\u00a0\u00bb:\u00a0\u00bb76AI7F47FBGJ7MQSFDGH2WDCQM\u00a0\u00bb,\u00a0\u00bbcontent_restrictions\u00a0\u00bb:{\u00ab\u00a0content_code\u00a0\u00bb:\u00a0\u00bbmetered\u00a0\u00bb},\u00a0\u00bbdistributor\u00a0\u00bb:{\u00ab\u00a0name\u00a0\u00bb:\u00a0\u00bbleparisien\u00a0\u00bb},\u00a0\u00bbheadlines\u00a0\u00bb:{\u00ab\u00a0basic\u00a0\u00bb:\u00a0\u00bbAlpes-Maritimes\u00a0: un homme tu\u00e9 par son fils \u00e0 l\u2019arme blanche\u00a0\u00bb},\u00a0\u00bblabel\u00a0\u00bb:{},\u00a0\u00bbpromo_items\u00a0\u00bb:{\u00ab\u00a0basic\u00a0\u00bb:{\u00ab\u00a0additional_properties\u00a0\u00bb:{},\u00a0\u00bbcaption\u00a0\u00bb:\u00a0\u00bbLa gendarmerie a interpell\u00e9 un suspect dimanche apr\u00e8s-midi. (Illustration) LP\/Julie M\u00e9nard\u00a0\u00bb,\u00a0\u00bbheight\u00a0\u00bb:3333,\u00a0\u00bbtype\u00a0\u00bb:\u00a0\u00bbimage\u00a0\u00bb,\u00a0\u00bburl\u00a0\u00bb:\u00a0\u00bbhttps:\/\/cloudfront-eu-central-1.images.arcpublishing.com\/leparisien\/HZB34JZ5LVE7VIG27UYRRJLR6Y.jpg\u00a0\u00bb,\u00a0\u00bbwidth\u00a0\u00bb:5000}},\u00a0\u00bbsubtype\u00a0\u00bb:\u00a0\u00bbART:\u00a0\u00bb,\u00a0\u00bbtaxonomy\u00a0\u00bb:{\u00ab\u00a0primary_section\u00a0\u00bb:{\u00ab\u00a0_id\u00a0\u00bb:\u00a0\u00bb\/faits-divers\u00a0\u00bb,\u00a0\u00bbadditional_properties\u00a0\u00bb:{\u00ab\u00a0original\u00a0\u00bb:{\u00ab\u00a0site\u00a0\u00bb:{}}},\u00a0\u00bbname\u00a0\u00bb:\u00a0\u00bbFaits divers\u00a0\u00bb}},\u00a0\u00bbwebsite_url\u00a0\u00bb:\u00a0\u00bb\/faits-divers\/alpes-maritimes-un-homme-tue-par-arme-blanche-au-cours-dun-drame-intrafamilial-02-11-2025-76AI7F47FBGJ7MQSFDGH2WDCQM.php\u00a0\u00bb},{\u00ab\u00a0_id\u00a0\u00bb:\u00a0\u00bbGJLV6PDFAZGY7B47ZNJRG2MGQA\u00a0\u00bb,\u00a0\u00bbcontent_restrictions\u00a0\u00bb:{\u00ab\u00a0content_code\u00a0\u00bb:\u00a0\u00bbhard-paywall\u00a0\u00bb},\u00a0\u00bbdistributor\u00a0\u00bb:{\u00ab\u00a0name\u00a0\u00bb:\u00a0\u00bbleparisien\u00a0\u00bb},\u00a0\u00bbheadlines\u00a0\u00bb:{\u00ab\u00a0basic\u00a0\u00bb:\u00a0\u00bbAssassinat d\u2019Antoine Sollacaro\u00a0: \u00ab\u00a0Petit Bar\u00a0\u00bb et grosse moto\u2026 les assassins pr\u00e9sum\u00e9s de l\u2019avocat corse devant la justice\u00a0\u00bb},\u00a0\u00bblabel\u00a0\u00bb:{\u00ab\u00a0format\u00a0\u00bb:{\u00ab\u00a0text\u00a0\u00bb:\u00a0\u00bbR\u00e9cit\u00a0\u00bb,\u00a0\u00bburl\u00a0\u00bb:\u00a0\u00bb\/recit\u00a0\u00bb},\u00a0\u00bbprofil\u00a0\u00bb:{\u00ab\u00a0text\u00a0\u00bb:\u00a0\u00bbABO\u00a0\u00bb}},\u00a0\u00bbpromo_items\u00a0\u00bb:{\u00ab\u00a0basic\u00a0\u00bb:{\u00ab\u00a0additional_properties\u00a0\u00bb:{},\u00a0\u00bbcaption\u00a0\u00bb:\u00a0\u00bbL\u2019avocat Antoine Sollacaro avait \u00e9t\u00e9 assassin\u00e9 en 2012 dans cette station-service d&rsquo;Ajaccio o\u00f9 le p\u00e9naliste s\u2019arr\u00eate tous les matins pour acheter son journal. AFP\/Pascal Pochard-Casabianca\u00a0\u00bb,\u00a0\u00bbheight\u00a0\u00bb:1866,\u00a0\u00bbtype\u00a0\u00bb:\u00a0\u00bbimage\u00a0\u00bb,\u00a0\u00bburl\u00a0\u00bb:\u00a0\u00bbhttps:\/\/cloudfront-eu-central-1.images.arcpublishing.com\/leparisien\/V4M3CIANJVHBRJOE5O7EUV7KBA.jpg\u00a0\u00bb,\u00a0\u00bbwidth\u00a0\u00bb:2800}},\u00a0\u00bbsubtype\u00a0\u00bb:\u00a0\u00bbART:\u00a0\u00bb,\u00a0\u00bbtaxonomy\u00a0\u00bb:{\u00ab\u00a0primary_section\u00a0\u00bb:{\u00ab\u00a0_id\u00a0\u00bb:\u00a0\u00bb\/faits-divers\u00a0\u00bb,\u00a0\u00bbadditional_properties\u00a0\u00bb:{\u00ab\u00a0original\u00a0\u00bb:{\u00ab\u00a0site\u00a0\u00bb:{}}},\u00a0\u00bbname\u00a0\u00bb:\u00a0\u00bbFaits divers\u00a0\u00bb}},\u00a0\u00bbwebsite_url\u00a0\u00bb:\u00a0\u00bb\/faits-divers\/assassinat-dantoine-sollacaro-petit-bar-et-grosse-moto-les-assassins-presumes-de-lavocat-corse-devant-la-justice-03-11-2025-GJLV6PDFAZGY7B47ZNJRG2MGQA.php\u00a0\u00bb},{\u00ab\u00a0_id\u00a0\u00bb:\u00a0\u00bbURYVBDIHHJELNLGJGFTVUX2L2U\u00a0\u00bb,\u00a0\u00bbcontent_restrictions\u00a0\u00bb:{\u00ab\u00a0content_code\u00a0\u00bb:\u00a0\u00bbhard-paywall\u00a0\u00bb},\u00a0\u00bbdistributor\u00a0\u00bb:{\u00ab\u00a0name\u00a0\u00bb:\u00a0\u00bbleparisien\u00a0\u00bb},\u00a0\u00bbheadlines\u00a0\u00bb:{\u00ab\u00a0basic\u00a0\u00bb:\u00a0\u00bbBondy\u00a0: l\u2019infirmier accus\u00e9 d\u2019avoir viol\u00e9 une patiente de 15\u00a0ans \u00e0 l\u2019h\u00f4pital Jean-Verdier remis en libert\u00e9\u00a0\u00bb},\u00a0\u00bblabel\u00a0\u00bb:{\u00ab\u00a0format\u00a0\u00bb:{\u00ab\u00a0text\u00a0\u00bb:\u00a0\u00bbR\u00e9cit\u00a0\u00bb,\u00a0\u00bburl\u00a0\u00bb:\u00a0\u00bb\/recit\u00a0\u00bb},\u00a0\u00bbprofil\u00a0\u00bb:{\u00ab\u00a0text\u00a0\u00bb:\u00a0\u00bbABO\u00a0\u00bb},\u00a0\u00bbprofil_v2&Prime;:{\u00ab\u00a0text\u00a0\u00bb:\u00a0\u00bbINFO\u00a0\u00bb}},\u00a0\u00bbpromo_items\u00a0\u00bb:{\u00ab\u00a0basic\u00a0\u00bb:{\u00ab\u00a0additional_properties\u00a0\u00bb:{},\u00a0\u00bbcaption\u00a0\u00bb:\u00a0\u00bbBondy (Seine-Saint-Denis). L&rsquo;infirmier de l&rsquo;h\u00f4pital Jean-Verdier mis en cause a notamment interdiction d&rsquo;exercer et d&rsquo;entrer en contact avec le personnel de l&rsquo;\u00e9tablissement. LP\/Olivier Lejeune (Illustration)\u00a0\u00bb,\u00a0\u00bbheight\u00a0\u00bb:3335,\u00a0\u00bbtype\u00a0\u00bb:\u00a0\u00bbimage\u00a0\u00bb,\u00a0\u00bburl\u00a0\u00bb:\u00a0\u00bbhttps:\/\/cloudfront-eu-central-1.images.arcpublishing.com\/leparisien\/IMMRZXIPFNC6BMODZ7CVRGO6OU.jpg\u00a0\u00bb,\u00a0\u00bbwidth\u00a0\u00bb:5000}},\u00a0\u00bbsubtype\u00a0\u00bb:\u00a0\u00bbART:\u00a0\u00bb,\u00a0\u00bbtaxonomy\u00a0\u00bb:{\u00ab\u00a0primary_section\u00a0\u00bb:{\u00ab\u00a0_id\u00a0\u00bb:\u00a0\u00bb\/faits-divers\u00a0\u00bb,\u00a0\u00bbadditional_properties\u00a0\u00bb:{\u00ab\u00a0original\u00a0\u00bb:{\u00ab\u00a0site\u00a0\u00bb:{}}},\u00a0\u00bbname\u00a0\u00bb:\u00a0\u00bbFaits divers\u00a0\u00bb}},\u00a0\u00bbwebsite_url\u00a0\u00bb:\u00a0\u00bb\/faits-divers\/bondy-linfirmier-accuse-davoir-viole-une-patiente-de-15-ans-a-lhopital-jean-verdier-remis-en-liberte-02-11-2025-URYVBDIHHJELNLGJGFTVUX2L2U.php\u00a0\u00bb},{\u00ab\u00a0_id\u00a0\u00bb:\u00a0\u00bbMNJVYRJVLFHF3GYAQ7QJCLUSXY\u00a0\u00bb,\u00a0\u00bbcontent_restrictions\u00a0\u00bb:{\u00ab\u00a0content_code\u00a0\u00bb:\u00a0\u00bbmetered\u00a0\u00bb},\u00a0\u00bbdistributor\u00a0\u00bb:{\u00ab\u00a0name\u00a0\u00bb:\u00a0\u00bbleparisien\u00a0\u00bb},\u00a0\u00bbheadlines\u00a0\u00bb:{\u00ab\u00a0basic\u00a0\u00bb:\u00a0\u00bbVar\u00a0: la rave-party ill\u00e9gale \u00e0 Tourtour est termin\u00e9e, 250 verbalisations effectu\u00e9es\u00a0\u00bb},\u00a0\u00bblabel\u00a0\u00bb:{},\u00a0\u00bbpromo_items\u00a0\u00bb:{\u00ab\u00a0basic\u00a0\u00bb:{\u00ab\u00a0additional_properties\u00a0\u00bb:{},\u00a0\u00bbcaption\u00a0\u00bb:\u00a0\u00bbLes gendarmes resteront sur place jusqu\u2019\u00e0 l\u2019\u00e9vacuation compl\u00e8te des participants. (Illustration) LP\/Simon Gourru\u00a0\u00bb,\u00a0\u00bbheight\u00a0\u00bb:3333,\u00a0\u00bbtype\u00a0\u00bb:\u00a0\u00bbimage\u00a0\u00bb,\u00a0\u00bburl\u00a0\u00bb:\u00a0\u00bbhttps:\/\/cloudfront-eu-central-1.images.arcpublishing.com\/leparisien\/4RYOHYXKOVHA5MOI6IJI7POTOY.jpg\u00a0\u00bb,\u00a0\u00bbwidth\u00a0\u00bb:5000}},\u00a0\u00bbsubtype\u00a0\u00bb:\u00a0\u00bbART:\u00a0\u00bb,\u00a0\u00bbtaxonomy\u00a0\u00bb:{\u00ab\u00a0primary_section\u00a0\u00bb:{\u00ab\u00a0_id\u00a0\u00bb:\u00a0\u00bb\/faits-divers\u00a0\u00bb,\u00a0\u00bbadditional_properties\u00a0\u00bb:{\u00ab\u00a0original\u00a0\u00bb:{\u00ab\u00a0site\u00a0\u00bb:{}}},\u00a0\u00bbname\u00a0\u00bb:\u00a0\u00bbFaits divers\u00a0\u00bb}},\u00a0\u00bbwebsite_url\u00a0\u00bb:\u00a0\u00bb\/faits-divers\/var-la-rave-party-illegale-a-tourtour-est-terminee-250-verbalisations-effectuees-02-11-2025-MNJVYRJVLFHF3GYAQ7QJCLUSXY.php\u00a0\u00bb}],\u00a0\u00bbcount\u00a0\u00bb:10000,\u00a0\u00bbnext\u00a0\u00bb:20,\u00a0\u00bb_id\u00a0\u00bb:\u00a0\u00bbea7ffa8811f59dff7ad0c64bf3e26a6ec509f6c81e981e81b185f8a01573b84d\u00a0\u00bb},\u00a0\u00bbexpires\u00a0\u00bb:1762161917075,\u00a0\u00bblastModified\u00a0\u00bb:1762161796943},\u00a0\u00bb{\\\u00a0\u00bbexcludeSections\\\u00a0\u00bb:[\\\u00a0\u00bb\/podcasts\\\u00a0\u00bb],\\\u00a0\u00bbexcludeSubtype\\\u00a0\u00bb:\\\u00a0\u00bb\\\u00a0\u00bb,\\\u00a0\u00bboffset\\\u00a0\u00bb:0,\\\u00a0\u00bbsectionPath\\\u00a0\u00bb:\\\u00a0\u00bb\/faits-divers\\\u00a0\u00bb,\\\u00a0\u00bbsize\\\u00a0\u00bb:9,\\\u00a0\u00bbsources\\\u00a0\u00bb:[\\\u00a0\u00bb_id\\\u00a0\u00bb,\\\u00a0\u00bbheadlines\\\u00a0\u00bb,\\\u00a0\u00bbwebsite_url\\\u00a0\u00bb,\\\u00a0\u00bblabel\\\u00a0\u00bb]}\u00a0\u00bb:{\u00ab\u00a0data\u00a0\u00bb:{\u00ab\u00a0content_elements\u00a0\u00bb:[{\u00ab\u00a0_id\u00a0\u00bb:\u00a0\u00bbZ2WVXLN36JGRVFWLAYJT3BQTGE\u00a0\u00bb,\u00a0\u00bbcontent_restrictions\u00a0\u00bb:{\u00ab\u00a0content_code\u00a0\u00bb:\u00a0\u00bbmetered\u00a0\u00bb},\u00a0\u00bbdistributor\u00a0\u00bb:{\u00ab\u00a0name\u00a0\u00bb:\u00a0\u00bbleparisien\u00a0\u00bb},\u00a0\u00bbheadlines\u00a0\u00bb:{\u00ab\u00a0basic\u00a0\u00bb:\u00a0\u00bbCe que l\u2019on sait sur la mort de Cindy Morvan, tu\u00e9e \u00e0 Calais par la compagne de son ex-conjoint\u00a0\u00bb},\u00a0\u00bblabel\u00a0\u00bb:{},\u00a0\u00bbpromo_items\u00a0\u00bb:{\u00ab\u00a0basic\u00a0\u00bb:{\u00ab\u00a0additional_properties\u00a0\u00bb:{\u00ab\u00a0focal_point\u00a0\u00bb:{\u00ab\u00a0max\u00a0\u00bb:[736,531],\u00a0\u00bbmin\u00a0\u00bb:[736,531]}},\u00a0\u00bbcaption\u00a0\u00bb:\u00a0\u00bbCindy Morvan, m\u00e8re de deux enfants, est d\u00e9c\u00e9d\u00e9e \u00e0 l&rsquo;\u00e2ge de 39 ans. Facebook UVC Calais\u00a0\u00bb,\u00a0\u00bbheight\u00a0\u00bb:1400,\u00a0\u00bbtype\u00a0\u00bb:\u00a0\u00bbimage\u00a0\u00bb,\u00a0\u00bburl\u00a0\u00bb:\u00a0\u00bbhttps:\/\/cloudfront-eu-central-1.images.arcpublishing.com\/leparisien\/EV3X5VIWHVEBJGALHL33BRB6R4.jpg\u00a0\u00bb,\u00a0\u00bbwidth\u00a0\u00bb:1399}},\u00a0\u00bbsubtype\u00a0\u00bb:\u00a0\u00bbART:\u00a0\u00bb,\u00a0\u00bbtaxonomy\u00a0\u00bb:{\u00ab\u00a0primary_section\u00a0\u00bb:{\u00ab\u00a0_id\u00a0\u00bb:\u00a0\u00bb\/faits-divers\u00a0\u00bb,\u00a0\u00bbadditional_properties\u00a0\u00bb:{\u00ab\u00a0original\u00a0\u00bb:{\u00ab\u00a0site\u00a0\u00bb:{}}},\u00a0\u00bbname\u00a0\u00bb:\u00a0\u00bbFaits divers\u00a0\u00bb}},\u00a0\u00bbwebsite_url\u00a0\u00bb:\u00a0\u00bb\/faits-divers\/ce-que-lon-sait-sur-la-mort-de-cindy-morvan-tuee-a-calais-par-la-compagne-de-son-ex-conjoint-03-11-2025-Z2WVXLN36JGRVFWLAYJT3BQTGE.php\u00a0\u00bb},{\u00ab\u00a0_id\u00a0\u00bb:\u00a0\u00bb5QAWBCSXZBDZNBWIQ2CZG3XDGA\u00a0\u00bb,\u00a0\u00bbcontent_restrictions\u00a0\u00bb:{\u00ab\u00a0content_code\u00a0\u00bb:\u00a0\u00bbmetered\u00a0\u00bb},\u00a0\u00bbdistributor\u00a0\u00bb:{\u00ab\u00a0name\u00a0\u00bb:\u00a0\u00bbleparisien\u00a0\u00bb},\u00a0\u00bbheadlines\u00a0\u00bb:{\u00ab\u00a0basic\u00a0\u00bb:\u00a0\u00bb\u00ab\u00a0En criant, ils ont donn\u00e9 l\u2019alerte\u00a0\u00bb\u00a0: un p\u00e8re et sa fille de 17\u00a0ans sauvent deux alpinistes d\u2019une avalanche avant de mourir\u00a0\u00bb},\u00a0\u00bblabel\u00a0\u00bb:{},\u00a0\u00bbpromo_items\u00a0\u00bb:{\u00ab\u00a0basic\u00a0\u00bb:{\u00ab\u00a0additional_properties\u00a0\u00bb:{},\u00a0\u00bbcaption\u00a0\u00bb:\u00a0\u00bbUn p\u00e8re et sa fille de 17\u00a0ans ont fait une chute de 200 m\u00e8tres dans l&rsquo;avalanche de ce samedi dans le Trentin-Haut-Adige. Icon Sport\/PictureAlliance\/Karl-Josef Hildenbrand\\n\u00a0\u00bb,\u00a0\u00bbheight\u00a0\u00bb:1867,\u00a0\u00bbtype\u00a0\u00bb:\u00a0\u00bbimage\u00a0\u00bb,\u00a0\u00bburl\u00a0\u00bb:\u00a0\u00bbhttps:\/\/cloudfront-eu-central-1.images.arcpublishing.com\/leparisien\/TV3RGVXS7BCSBATT2LR7AYHAUM.jpg\u00a0\u00bb,\u00a0\u00bbwidth\u00a0\u00bb:2800}},\u00a0\u00bbsubtype\u00a0\u00bb:\u00a0\u00bbART:\u00a0\u00bb,\u00a0\u00bbtaxonomy\u00a0\u00bb:{\u00ab\u00a0primary_section\u00a0\u00bb:{\u00ab\u00a0_id\u00a0\u00bb:\u00a0\u00bb\/faits-divers\u00a0\u00bb,\u00a0\u00bbadditional_properties\u00a0\u00bb:{\u00ab\u00a0original\u00a0\u00bb:{\u00ab\u00a0site\u00a0\u00bb:{}}},\u00a0\u00bbname\u00a0\u00bb:\u00a0\u00bbFaits divers\u00a0\u00bb}},\u00a0\u00bbwebsite_url\u00a0\u00bb:\u00a0\u00bbhttps:\/\/www.leparisien.fr\/faits-divers\/en-criant-ils-ont-donne-lalerte-un-pere-et-sa-fille-de-17-ans-sauvent-deux-alpinistes-dune-avalanche-avant-de-mourir-03-11-2025-5QAWBCSXZBDZNBWIQ2CZG3XDGA.php\u00a0\u00bb},{\u00ab\u00a0_id\u00a0\u00bb:\u00a0\u00bb6ZSKSGBPZJCZNB3HMYP2367RAQ\u00a0\u00bb,\u00a0\u00bbcontent_restrictions\u00a0\u00bb:{\u00ab\u00a0content_code\u00a0\u00bb:\u00a0\u00bbhard-paywall\u00a0\u00bb},\u00a0\u00bbdistributor\u00a0\u00bb:{\u00ab\u00a0name\u00a0\u00bb:\u00a0\u00bbleparisien\u00a0\u00bb},\u00a0\u00bbheadlines\u00a0\u00bb:{\u00ab\u00a0basic\u00a0\u00bb:\u00a0\u00bbAttaque au couteau dans le train pour Londres\u00a0: l\u2019Angleterre tient ses cheminots h\u00e9ros\u00a0\u00bb},\u00a0\u00bblabel\u00a0\u00bb:{\u00ab\u00a0profil\u00a0\u00bb:{\u00ab\u00a0text\u00a0\u00bb:\u00a0\u00bbABO\u00a0\u00bb}},\u00a0\u00bbpromo_items\u00a0\u00bb:{\u00ab\u00a0basic\u00a0\u00bb:{\u00ab\u00a0additional_properties\u00a0\u00bb:{},\u00a0\u00bbcaption\u00a0\u00bb:\u00a0\u00bbLe bilan de l&rsquo;attaque au couteau du 1er novembre s&rsquo;\u00e9l\u00e8ve \u00e0 dix bless\u00e9s, dont cinq \u00e9taient encore hospitalis\u00e9s dimanche soir. Reuters\/Jack Taylor\u00a0\u00bb,\u00a0\u00bbheight\u00a0\u00bb:1857,\u00a0\u00bbtype\u00a0\u00bb:\u00a0\u00bbimage\u00a0\u00bb,\u00a0\u00bburl\u00a0\u00bb:\u00a0\u00bbhttps:\/\/cloudfront-eu-central-1.images.arcpublishing.com\/leparisien\/HFZYXDHDB5CELDXKR7CUBOCQWU.jpg\u00a0\u00bb,\u00a0\u00bbwidth\u00a0\u00bb:2800}},\u00a0\u00bbsubtype\u00a0\u00bb:\u00a0\u00bbART:\u00a0\u00bb,\u00a0\u00bbtaxonomy\u00a0\u00bb:{\u00ab\u00a0primary_section\u00a0\u00bb:{\u00ab\u00a0_id\u00a0\u00bb:\u00a0\u00bb\/faits-divers\u00a0\u00bb,\u00a0\u00bbadditional_properties\u00a0\u00bb:{\u00ab\u00a0original\u00a0\u00bb:{\u00ab\u00a0site\u00a0\u00bb:{}}},\u00a0\u00bbname\u00a0\u00bb:\u00a0\u00bbFaits divers\u00a0\u00bb}},\u00a0\u00bbwebsite_url\u00a0\u00bb:\u00a0\u00bbhttps:\/\/www.leparisien.fr\/faits-divers\/attaque-au-couteau-dans-le-train-pour-londres-langleterre-tient-ses-cheminots-heros-03-11-2025-6ZSKSGBPZJCZNB3HMYP2367RAQ.php\u00a0\u00bb},{\u00ab\u00a0_id\u00a0\u00bb:\u00a0\u00bb7W2G3TCGZNCDLI66PUPRD77G5I\u00a0\u00bb,\u00a0\u00bbcontent_restrictions\u00a0\u00bb:{\u00ab\u00a0content_code\u00a0\u00bb:\u00a0\u00bbhard-paywall\u00a0\u00bb},\u00a0\u00bbdistributor\u00a0\u00bb:{\u00ab\u00a0name\u00a0\u00bb:\u00a0\u00bbleparisien\u00a0\u00bb},\u00a0\u00bbheadlines\u00a0\u00bb:{\u00ab\u00a0basic\u00a0\u00bb:\u00a0\u00bb\u00ab J\u2019ai pris la fuite pour me prot\u00e9ger \u00bb : un chauffeur de taxi accus\u00e9 d\u2019avoir vol\u00e9 les bagages d\u2019un ministre britannique\u00a0\u00bb},\u00a0\u00bblabel\u00a0\u00bb:{\u00ab\u00a0profil\u00a0\u00bb:{\u00ab\u00a0text\u00a0\u00bb:\u00a0\u00bbABO\u00a0\u00bb}},\u00a0\u00bbpromo_items\u00a0\u00bb:{\u00ab\u00a0basic\u00a0\u00bb:{\u00ab\u00a0additional_properties\u00a0\u00bb:{},\u00a0\u00bbcaption\u00a0\u00bb:\u00a0\u00bbUn chauffeur de taxi compara\u00eet ce lundi au tribunal de Bonneville (Haute-Savoie), apr\u00e8s un diff\u00e9rend avec David Lammy (ici \u00e0 Londres le 28 octobre), devenu depuis vice-Premier ministre du Royaume-Uni. Anadolu via AFP\/Ra\u015fid Necati Asl\u0131m\u00a0\u00bb,\u00a0\u00bbheight\u00a0\u00bb:1867,\u00a0\u00bbtype\u00a0\u00bb:\u00a0\u00bbimage\u00a0\u00bb,\u00a0\u00bburl\u00a0\u00bb:\u00a0\u00bbhttps:\/\/cloudfront-eu-central-1.images.arcpublishing.com\/leparisien\/IZC3BYNTLZG5VI2WA4I2UW67ZE.jpg\u00a0\u00bb,\u00a0\u00bbwidth\u00a0\u00bb:2800}},\u00a0\u00bbsubtype\u00a0\u00bb:\u00a0\u00bbART:\u00a0\u00bb,\u00a0\u00bbtaxonomy\u00a0\u00bb:{\u00ab\u00a0primary_section\u00a0\u00bb:{\u00ab\u00a0_id\u00a0\u00bb:\u00a0\u00bb\/faits-divers\u00a0\u00bb,\u00a0\u00bbadditional_properties\u00a0\u00bb:{\u00ab\u00a0original\u00a0\u00bb:{\u00ab\u00a0site\u00a0\u00bb:{}}},\u00a0\u00bbname\u00a0\u00bb:\u00a0\u00bbFaits divers\u00a0\u00bb}},\u00a0\u00bbwebsite_url\u00a0\u00bb:\u00a0\u00bb\/faits-divers\/jai-pris-la-fuite-pour-me-proteger-un-chauffeur-de-taxi-accuse-davoir-vole-les-bagages-dun-ministre-britannique-03-11-2025-7W2G3TCGZNCDLI66PUPRD77G5I.php\u00a0\u00bb},{\u00ab\u00a0_id\u00a0\u00bb:\u00a0\u00bbFWJ5GFUVEVH4XDEPG2AKCQ2WIQ\u00a0\u00bb,\u00a0\u00bbcontent_restrictions\u00a0\u00bb:{\u00ab\u00a0content_code\u00a0\u00bb:\u00a0\u00bbmetered\u00a0\u00bb},\u00a0\u00bbdistributor\u00a0\u00bb:{\u00ab\u00a0name\u00a0\u00bb:\u00a0\u00bbleparisien\u00a0\u00bb},\u00a0\u00bbheadlines\u00a0\u00bb:{\u00ab\u00a0basic\u00a0\u00bb:\u00a0\u00bb\u00ab\u00a0J\u2019ai fait ce que toute m\u00e8re aurait fait\u00a0\u00bb\u00a0: une Am\u00e9ricaine tue dans son jardin un singe \u00ab\u00a0dangereux\u00a0\u00bb \u00e9chapp\u00e9 d\u2019un camion\u00a0\u00bb},\u00a0\u00bblabel\u00a0\u00bb:{},\u00a0\u00bbpromo_items\u00a0\u00bb:{\u00ab\u00a0basic\u00a0\u00bb:{\u00ab\u00a0additional_properties\u00a0\u00bb:{},\u00a0\u00bbcaption\u00a0\u00bb:\u00a0\u00bbPlusieurs singes s&rsquo;\u00e9taient \u00e9chapp\u00e9s apr\u00e8s l&rsquo;accident d&rsquo;un camion de transport m\u00e9dical. Facebook\/@Jasper County Sheriff&rsquo;s Department\u00a0\u00bb,\u00a0\u00bbheight\u00a0\u00bb:962,\u00a0\u00bbtype\u00a0\u00bb:\u00a0\u00bbimage\u00a0\u00bb,\u00a0\u00bburl\u00a0\u00bb:\u00a0\u00bbhttps:\/\/cloudfront-eu-central-1.images.arcpublishing.com\/leparisien\/W642MWZ4FVEODEZKWNGZOXHBQ4.jpg\u00a0\u00bb,\u00a0\u00bbwidth\u00a0\u00bb:1536}},\u00a0\u00bbsubtype\u00a0\u00bb:\u00a0\u00bbART:\u00a0\u00bb,\u00a0\u00bbtaxonomy\u00a0\u00bb:{\u00ab\u00a0primary_section\u00a0\u00bb:{\u00ab\u00a0_id\u00a0\u00bb:\u00a0\u00bb\/faits-divers\u00a0\u00bb,\u00a0\u00bbadditional_properties\u00a0\u00bb:{\u00ab\u00a0original\u00a0\u00bb:{\u00ab\u00a0site\u00a0\u00bb:{}}},\u00a0\u00bbname\u00a0\u00bb:\u00a0\u00bbFaits divers\u00a0\u00bb}},\u00a0\u00bbwebsite_url\u00a0\u00bb:\u00a0\u00bbhttps:\/\/www.leparisien.fr\/faits-divers\/jai-fait-ce-que-toute-mere-aurait-fait-une-americaine-tue-dans-son-jardin-un-singe-dangereux-echappe-dun-camion-03-11-2025-FWJ5GFUVEVH4XDEPG2AKCQ2WIQ.php\u00a0\u00bb},{\u00ab\u00a0_id\u00a0\u00bb:\u00a0\u00bbPT6LYNMSPVHV7DHDKBT7EWVFH4&Prime;,\u00a0\u00bbcontent_restrictions\u00a0\u00bb:{\u00ab\u00a0content_code\u00a0\u00bb:\u00a0\u00bbmetered\u00a0\u00bb},\u00a0\u00bbdistributor\u00a0\u00bb:{\u00ab\u00a0name\u00a0\u00bb:\u00a0\u00bbleparisien\u00a0\u00bb},\u00a0\u00bbheadlines\u00a0\u00bb:{\u00ab\u00a0basic\u00a0\u00bb:\u00a0\u00bb\u00c0 Maubeuge, un homme d\u00e9j\u00e0 condamn\u00e9 pour violences et en rupture de soins psychiatriques soup\u00e7onn\u00e9 d\u2019avoir tu\u00e9 une voisine\u00a0\u00bb},\u00a0\u00bblabel\u00a0\u00bb:{},\u00a0\u00bbpromo_items\u00a0\u00bb:{\u00ab\u00a0basic\u00a0\u00bb:{\u00ab\u00a0additional_properties\u00a0\u00bb:{},\u00a0\u00bbcaption\u00a0\u00bb:\u00a0\u00bbA Maubeuge, un homme de 36 ans en rupture de soins psychiatriques et plusieurs fois condamn\u00e9 pour violences a \u00e9t\u00e9 mis en examen dimanche pour le meurtre d\u2019une voisine. Photo illustration LP \/ Olivier Arandel\u00a0\u00bb,\u00a0\u00bbheight\u00a0\u00bb:3335,\u00a0\u00bbtype\u00a0\u00bb:\u00a0\u00bbimage\u00a0\u00bb,\u00a0\u00bburl\u00a0\u00bb:\u00a0\u00bbhttps:\/\/cloudfront-eu-central-1.images.arcpublishing.com\/leparisien\/FGCIYYYD4FE77CFLPQ6655JPCY.jpg\u00a0\u00bb,\u00a0\u00bbwidth\u00a0\u00bb:5000}},\u00a0\u00bbsubtype\u00a0\u00bb:\u00a0\u00bbART:\u00a0\u00bb,\u00a0\u00bbtaxonomy\u00a0\u00bb:{\u00ab\u00a0primary_section\u00a0\u00bb:{\u00ab\u00a0_id\u00a0\u00bb:\u00a0\u00bb\/faits-divers\u00a0\u00bb,\u00a0\u00bbadditional_properties\u00a0\u00bb:{\u00ab\u00a0original\u00a0\u00bb:{\u00ab\u00a0site\u00a0\u00bb:{}}},\u00a0\u00bbname\u00a0\u00bb:\u00a0\u00bbFaits divers\u00a0\u00bb}},\u00a0\u00bbwebsite_url\u00a0\u00bb:\u00a0\u00bb\/faits-divers\/a-maubeuge-un-homme-deja-condamne-pour-violences-et-en-rupture-de-soins-psychiatriques-soupconne-davoir-tue-une-voisine-03-11-2025-PT6LYNMSPVHV7DHDKBT7EWVFH4.php\u00a0\u00bb},{\u00ab\u00a0_id\u00a0\u00bb:\u00a0\u00bbU7XZ3YR3PJAEZFBSGTB54GMFFE\u00a0\u00bb,\u00a0\u00bbcontent_restrictions\u00a0\u00bb:{\u00ab\u00a0content_code\u00a0\u00bb:\u00a0\u00bbmetered\u00a0\u00bb},\u00a0\u00bbdistributor\u00a0\u00bb:{\u00ab\u00a0name\u00a0\u00bb:\u00a0\u00bbleparisien\u00a0\u00bb},\u00a0\u00bbheadlines\u00a0\u00bb:{\u00ab\u00a0basic\u00a0\u00bb:\u00a0\u00bb\u00cele de R\u00e9\u00a0: disparition d\u2019un p\u00eacheur \u00e0 pied, emport\u00e9 par la mar\u00e9e\u00a0\u00bb},\u00a0\u00bblabel\u00a0\u00bb:{},\u00a0\u00bbpromo_items\u00a0\u00bb:{\u00ab\u00a0basic\u00a0\u00bb:{\u00ab\u00a0additional_properties\u00a0\u00bb:{},\u00a0\u00bbcaption\u00a0\u00bb:\u00a0\u00bbLe p\u00eacheur \u00e0 pied de 40 ans a disparu aux Portes-en-R\u00e9. (Illustration) LP\/Arnaud Journois\u00a0\u00bb,\u00a0\u00bbheight\u00a0\u00bb:3334,\u00a0\u00bbtype\u00a0\u00bb:\u00a0\u00bbimage\u00a0\u00bb,\u00a0\u00bburl\u00a0\u00bb:\u00a0\u00bbhttps:\/\/cloudfront-eu-central-1.images.arcpublishing.com\/leparisien\/IRV354TVLFGFPJWJS3EC6LRFTY.jpg\u00a0\u00bb,\u00a0\u00bbwidth\u00a0\u00bb:5000}},\u00a0\u00bbsubtype\u00a0\u00bb:\u00a0\u00bbART:\u00a0\u00bb,\u00a0\u00bbtaxonomy\u00a0\u00bb:{\u00ab\u00a0primary_section\u00a0\u00bb:{\u00ab\u00a0_id\u00a0\u00bb:\u00a0\u00bb\/faits-divers\u00a0\u00bb,\u00a0\u00bbadditional_properties\u00a0\u00bb:{\u00ab\u00a0original\u00a0\u00bb:{\u00ab\u00a0site\u00a0\u00bb:{}}},\u00a0\u00bbname\u00a0\u00bb:\u00a0\u00bbFaits divers\u00a0\u00bb}},\u00a0\u00bbwebsite_url\u00a0\u00bb:\u00a0\u00bb\/faits-divers\/ile-de-re-disparition-dun-pecheur-a-pied-emporte-par-la-maree-03-11-2025-U7XZ3YR3PJAEZFBSGTB54GMFFE.php\u00a0\u00bb},{\u00ab\u00a0_id\u00a0\u00bb:\u00a0\u00bbJLY5Z2ULEJHJ7ANNKWXSAQSWAM\u00a0\u00bb,\u00a0\u00bbcontent_restrictions\u00a0\u00bb:{\u00ab\u00a0content_code\u00a0\u00bb:\u00a0\u00bbmetered\u00a0\u00bb},\u00a0\u00bbdistributor\u00a0\u00bb:{\u00ab\u00a0name\u00a0\u00bb:\u00a0\u00bbleparisien\u00a0\u00bb},\u00a0\u00bbheadlines\u00a0\u00bb:{\u00ab\u00a0basic\u00a0\u00bb:\u00a0\u00bbSeine-Maritime\u00a0: quatre suspects mis en examen apr\u00e8s l\u2019incendie de la mairie de Grand-Couronne\u00a0\u00bb},\u00a0\u00bblabel\u00a0\u00bb:{},\u00a0\u00bbpromo_items\u00a0\u00bb:{\u00ab\u00a0basic\u00a0\u00bb:{\u00ab\u00a0additional_properties\u00a0\u00bb:{},\u00a0\u00bbcaption\u00a0\u00bb:\u00a0\u00bbUn seul des suspects a reconnu avoir particip\u00e9 \u00e0 l\u2019incendie du 16 septembre. Facebook\/Pr\u00e9fet de la r\u00e9gion Normandie et de la Seine-Maritime\\n\u00a0\u00bb,\u00a0\u00bbheight\u00a0\u00bb:1536,\u00a0\u00bbtype\u00a0\u00bb:\u00a0\u00bbimage\u00a0\u00bb,\u00a0\u00bburl\u00a0\u00bb:\u00a0\u00bbhttps:\/\/cloudfront-eu-central-1.images.arcpublishing.com\/leparisien\/SJN7YAHQEVER5CFNQH3XBLP7PI.jpg\u00a0\u00bb,\u00a0\u00bbwidth\u00a0\u00bb:2048}},\u00a0\u00bbsubtype\u00a0\u00bb:\u00a0\u00bbART:\u00a0\u00bb,\u00a0\u00bbtaxonomy\u00a0\u00bb:{\u00ab\u00a0primary_section\u00a0\u00bb:{\u00ab\u00a0_id\u00a0\u00bb:\u00a0\u00bb\/faits-divers\u00a0\u00bb,\u00a0\u00bbadditional_properties\u00a0\u00bb:{\u00ab\u00a0original\u00a0\u00bb:{\u00ab\u00a0site\u00a0\u00bb:{}}},\u00a0\u00bbname\u00a0\u00bb:\u00a0\u00bbFaits divers\u00a0\u00bb}},\u00a0\u00bbwebsite_url\u00a0\u00bb:\u00a0\u00bb\/faits-divers\/seine-maritime-quatre-suspects-mis-en-examen-apres-lincendie-de-la-mairie-de-grand-couronne-02-11-2025-JLY5Z2ULEJHJ7ANNKWXSAQSWAM.php\u00a0\u00bb},{\u00ab\u00a0_id\u00a0\u00bb:\u00a0\u00bbELQVIBUADZH4VEXZK3KUQAYADY\u00a0\u00bb,\u00a0\u00bbcontent_restrictions\u00a0\u00bb:{\u00ab\u00a0content_code\u00a0\u00bb:\u00a0\u00bbmetered\u00a0\u00bb},\u00a0\u00bbdistributor\u00a0\u00bb:{\u00ab\u00a0name\u00a0\u00bb:\u00a0\u00bbleparisien\u00a0\u00bb},\u00a0\u00bbheadlines\u00a0\u00bb:{\u00ab\u00a0basic\u00a0\u00bb:\u00a0\u00bbUn homme tu\u00e9 \u00e0 l\u2019arme blanche en pleine rue dans une petite ville de Moselle\u00a0\u00bb},\u00a0\u00bblabel\u00a0\u00bb:{},\u00a0\u00bbpromo_items\u00a0\u00bb:{\u00ab\u00a0basic\u00a0\u00bb:{\u00ab\u00a0additional_properties\u00a0\u00bb:{},\u00a0\u00bbcaption\u00a0\u00bb:\u00a0\u00bbLa brigade de recherches de Thionville est charg\u00e9e de l\u2019enqu\u00eate. LP\/Julie Menard\u00a0\u00bb,\u00a0\u00bbheight\u00a0\u00bb:3333,\u00a0\u00bbtype\u00a0\u00bb:\u00a0\u00bbimage\u00a0\u00bb,\u00a0\u00bburl\u00a0\u00bb:\u00a0\u00bbhttps:\/\/cloudfront-eu-central-1.images.arcpublishing.com\/leparisien\/YAFNTUJBVNDZNOUM5SKGNFJXJA.jpg\u00a0\u00bb,\u00a0\u00bbwidth\u00a0\u00bb:5000}},\u00a0\u00bbsubtype\u00a0\u00bb:\u00a0\u00bbART:\u00a0\u00bb,\u00a0\u00bbtaxonomy\u00a0\u00bb:{\u00ab\u00a0primary_section\u00a0\u00bb:{\u00ab\u00a0_id\u00a0\u00bb:\u00a0\u00bb\/faits-divers\u00a0\u00bb,\u00a0\u00bbadditional_properties\u00a0\u00bb:{\u00ab\u00a0original\u00a0\u00bb:{\u00ab\u00a0site\u00a0\u00bb:{}}},\u00a0\u00bbname\u00a0\u00bb:\u00a0\u00bbFaits divers\u00a0\u00bb}},\u00a0\u00bbwebsite_url\u00a0\u00bb:\u00a0\u00bb\/faits-divers\/un-homme-tue-a-larme-blanche-en-pleine-rue-dans-une-petite-ville-de-moselle-02-11-2025-ELQVIBUADZH4VEXZK3KUQAYADY.php\u00a0\u00bb}],\u00a0\u00bbcount\u00a0\u00bb:10000,\u00a0\u00bbnext\u00a0\u00bb:9,\u00a0\u00bb_id\u00a0\u00bb:\u00a0\u00bbc9a9f79387ec26972c44824d450b7b830dee0b55c6071e9f8217fd5c89f17b76&Prime;},\u00a0\u00bbexpires\u00a0\u00bb:1762161990353,\u00a0\u00bblastModified\u00a0\u00bb:1762161870229}},\u00a0\u00bbmost-read\u00a0\u00bb:{\u00ab\u00a0{\\\u00a0\u00bbsize\\\u00a0\u00bb:5,\\\u00a0\u00bbtype\\\u00a0\u00bb:\\\u00a0\u00bball-sections\\\u00a0\u00bb,\\\u00a0\u00bbwebsite\\\u00a0\u00bb:\\\u00a0\u00bbleparisien\\\u00a0\u00bb}\u00a0\u00bb:{\u00ab\u00a0data\u00a0\u00bb:{\u00ab\u00a0content_elements\u00a0\u00bb:[{\u00ab\u00a0headlines\u00a0\u00bb:{\u00ab\u00a0basic\u00a0\u00bb:\u00a0\u00bb\u00ab\u00a0Il y a un silence de mort\u00a0\u00bb\u00a0: apr\u00e8s 600\u00a0ans d\u2019existence, l\u2019une des plus anciennes entreprises de France ferme ses portes dans l\u2019Is\u00e8re\u00a0\u00bb},\u00a0\u00bbwebsite_url\u00a0\u00bb:\u00a0\u00bb\/isere-38\/il-y-a-un-silence-de-mort-apres-600-ans-dexistence-lune-des-plus-anciennes-entreprises-de-france-ferme-ses-portes-dans-lisere-02-11-2025-TML6HI5QIJBHJO6X4XL2QZHRB4.php\u00a0\u00bb},{\u00ab\u00a0headlines\u00a0\u00bb:{\u00ab\u00a0basic\u00a0\u00bb:\u00a0\u00bbShein : des poup\u00e9es sexuelles en forme de fillette vendues sur le site Internet du g\u00e9ant de l\u2019e-commerce\u00a0\u00bb},\u00a0\u00bbwebsite_url\u00a0\u00bb:\u00a0\u00bb\/economie\/shein-des-poupees-sexuelles-en-forme-de-fillette-vendues-sur-son-site-internet-01-11-2025-C3EC2OOGFJGB5DO2FOSO3IZE4U.php\u00a0\u00bb},{\u00ab\u00a0headlines\u00a0\u00bb:{\u00ab\u00a0basic\u00a0\u00bb:\u00a0\u00bb\u00ab\u00a0Donnons un avenir aux enfants blancs\u00a0\u00bb\u00a0: le candidat aux l\u00e9gislatives qui avait \u00ab\u00a0valid\u00e9\u00a0\u00bb cette affiche a \u00e9t\u00e9 relax\u00e9\u00a0\u00bb},\u00a0\u00bbwebsite_url\u00a0\u00bb:\u00a0\u00bb\/faits-divers\/donnons-un-avenir-aux-enfants-blancs-le-candidat-aux-legislatives-qui-avait-valide-cette-affiche-a-ete-relaxe-01-11-2025-6BZ3SA5QJZH2POH3IJQP6QCDJE.php\u00a0\u00bb},{\u00ab\u00a0headlines\u00a0\u00bb:{\u00ab\u00a0basic\u00a0\u00bb:\u00a0\u00bb\u00ab\u00a0C\u2019\u00e9tait une addict du v\u00e9lo\u00a0\u00bb\u00a0: le monde du cyclisme pleure Cindy Morvan, tu\u00e9e par balle \u00e0 Calais\u00a0\u00bb},\u00a0\u00bbwebsite_url\u00a0\u00bb:\u00a0\u00bb\/sports\/cyclisme\/cetait-une-addict-du-velo-le-monde-du-cyclisme-pleure-cindy-morvan-tuee-par-balle-a-calais-02-11-2025-K5QBEMK5CFCJTF4LLVUGCKXCGQ.php\u00a0\u00bb},{\u00ab\u00a0headlines\u00a0\u00bb:{\u00ab\u00a0basic\u00a0\u00bb:\u00a0\u00bb\u00ab\u00a0Pas besoin d\u2019\u00eatre respectable pour faire la diff\u00e9rence\u00a0\u00bb\u00a0: la star d\u2019OnlyFans Sophie Rain fait un don de 120\u00a0000\u00a0dollars \u00e0 des familles dans le besoin\u00a0\u00bb},\u00a0\u00bbwebsite_url\u00a0\u00bb:\u00a0\u00bb\/societe\/pas-besoin-detre-respectable-pour-faire-la-difference-la-star-donlyfans-sophie-rain-fait-un-don-de-120-000-dollars-aux-familles-dans-le-besoin-02-11-2025-LZYN3NWKEFHXVLHU4DLCVZIEQA.php\u00a0\u00bb}],\u00a0\u00bb_id\u00a0\u00bb:\u00a0\u00bb9ce30f7f05da1fac9a3aac5436466ab6be88f567a9ca4acfd3e4a6ecb44ab020&Prime;},\u00a0\u00bbexpires\u00a0\u00bb:1762164660152,\u00a0\u00bblastModified\u00a0\u00bb:1762161051985}},\u00a0\u00bbget-comment\u00a0\u00bb:{\u00ab\u00a0{\\\u00a0\u00bbarticleId\\\u00a0\u00bb:\\\u00a0\u00bbZ2WVXLN36JGRVFWLAYJT3BQTGE\\\u00a0\u00bb,\\\u00a0\u00bblimit\\\u00a0\u00bb:1000}\u00a0\u00bb:{\u00ab\u00a0data\u00a0\u00bb:{\u00ab\u00a0comments\u00a0\u00bb:[{\u00ab\u00a0id\u00a0\u00bb:\u00a0\u00bba6bed06b-1ad4-4493-98c9-073062bd06d9&Prime;,\u00a0\u00bbusername\u00a0\u00bb:\u00a0\u00bbmarcus131313&Prime;,\u00a0\u00bbmessage\u00a0\u00bb:\u00a0\u00bbRIP pour les 2 femmes d\u00e9c\u00e9d\u00e9es.\u00a0\u00bb,\u00a0\u00bbcreatedAt\u00a0\u00bb:\u00a0\u00bb2025-11-03T09:18:06+00:00&Prime;,\u00a0\u00bbarticleTitle\u00a0\u00bb:\u00a0\u00bbCe que l\u2019on sait sur la mort de Cindy Morvan, tu\u00e9e \u00e0 Calais par la compagne de son ex-conjoint\u00a0\u00bb,\u00a0\u00bbarticleUrl\u00a0\u00bb:\u00a0\u00bbhttps:\/\/www.leparisien.fr\/faits-divers\/ce-que-lon-sait-sur-la-mort-de-cindy-morvan-tuee-a-calais-par-la-compagne-de-son-ex-conjoint-03-11-2025-Z2WVXLN36JGRVFWLAYJT3BQTGE.php\u00a0\u00bb,\u00a0\u00bbarticleId\u00a0\u00bb:\u00a0\u00bbZ2WVXLN36JGRVFWLAYJT3BQTGE\u00a0\u00bb}],\u00a0\u00bbid\u00a0\u00bb:\u00a0\u00bb\u00a0\u00bb,\u00a0\u00bbcreatedAt\u00a0\u00bb:\u00a0\u00bb\u00a0\u00bb,\u00a0\u00bb_id\u00a0\u00bb:\u00a0\u00bb\u00a0\u00bb},\u00a0\u00bbexpires\u00a0\u00bb:1762162189944,\u00a0\u00bblastModified\u00a0\u00bb:1762161889602}},\u00a0\u00bbcollection-full-story-feed\u00a0\u00bb:{\u00ab\u00a0{\\\u00a0\u00bbid\\\u00a0\u00bb:\\\u00a0\u00bbABCYYZKCTJHHJIFMTFMG2X6Q4M\\\u00a0\u00bb,\\\u00a0\u00bboffset\\\u00a0\u00bb:0,\\\u00a0\u00bbsize\\\u00a0\u00bb:3,\\\u00a0\u00bbwebsite\\\u00a0\u00bb:\\\u00a0\u00bbleparisien\\\u00a0\u00bb}\u00a0\u00bb:{\u00ab\u00a0data\u00a0\u00bb:{\u00ab\u00a0content_elements\u00a0\u00bb:[{\u00ab\u00a0_id\u00a0\u00bb:\u00a0\u00bbC3EC2OOGFJGB5DO2FOSO3IZE4U\u00a0\u00bb,\u00a0\u00bbadditional_properties\u00a0\u00bb:{},\u00a0\u00bbcanonical_url\u00a0\u00bb:\u00a0\u00bb\/economie\/shein-des-poupees-sexuelles-en-forme-de-fillette-vendues-sur-son-site-internet-01-11-2025-C3EC2OOGFJGB5DO2FOSO3IZE4U.php\u00a0\u00bb,\u00a0\u00bbcontent_restrictions\u00a0\u00bb:{\u00ab\u00a0content_code\u00a0\u00bb:\u00a0\u00bbhard-paywall\u00a0\u00bb},\u00a0\u00bbcredits\u00a0\u00bb:{\u00ab\u00a0by\u00a0\u00bb:[{\u00ab\u00a0display_name\u00a0\u00bb:\u00a0\u00bbVincent V\u00e9rier\u00a0\u00bb,\u00a0\u00bbname\u00a0\u00bb:\u00a0\u00bbVincent  V\u00e9rier\u00a0\u00bb,\u00a0\u00bbslug\u00a0\u00bb:\u00a0\u00bbvincent-verier\u00a0\u00bb,\u00a0\u00bbtype\u00a0\u00bb:\u00a0\u00bbauthor\u00a0\u00bb},{\u00ab\u00a0display_name\u00a0\u00bb:\u00a0\u00bbEstelle Dautry\u00a0\u00bb,\u00a0\u00bbname\u00a0\u00bb:\u00a0\u00bbEstelle Dautry\u00a0\u00bb,\u00a0\u00bbslug\u00a0\u00bb:\u00a0\u00bbestelle-dautry\u00a0\u00bb,\u00a0\u00bbtype\u00a0\u00bb:\u00a0\u00bbauthor\u00a0\u00bb}]},\u00a0\u00bbdescription\u00a0\u00bb:{\u00ab\u00a0basic\u00a0\u00bb:\u00a0\u00bb\u00a0\u00bb},\u00a0\u00bbdisplay_date\u00a0\u00bb:\u00a0\u00bb2025-11-01T19:21:47Z\u00a0\u00bb,\u00a0\u00bbdistributor\u00a0\u00bb:{\u00ab\u00a0name\u00a0\u00bb:\u00a0\u00bbleparisien\u00a0\u00bb},\u00a0\u00bbfirst_publish_date\u00a0\u00bb:\u00a0\u00bb2025-11-01T19:21:47Z\u00a0\u00bb,\u00a0\u00bbheadlines\u00a0\u00bb:{\u00ab\u00a0basic\u00a0\u00bb:\u00a0\u00bbShein : des poup\u00e9es sexuelles en forme de fillette vendues sur le site Internet du g\u00e9ant de l\u2019e-commerce\u00a0\u00bb},\u00a0\u00bblabel\u00a0\u00bb:{\u00ab\u00a0profil\u00a0\u00bb:{\u00ab\u00a0text\u00a0\u00bb:\u00a0\u00bbABO\u00a0\u00bb},\u00a0\u00bbprofil_v2&Prime;:{\u00ab\u00a0text\u00a0\u00bb:\u00a0\u00bbINFO\u00a0\u00bb}},\u00a0\u00bbpromo_items\u00a0\u00bb:{\u00ab\u00a0basic\u00a0\u00bb:{\u00ab\u00a0additional_properties\u00a0\u00bb:{\u00ab\u00a0focal_point\u00a0\u00bb:{\u00ab\u00a0max\u00a0\u00bb:[718,49],\u00a0\u00bbmin\u00a0\u00bb:[718,49]}},\u00a0\u00bbcaption\u00a0\u00bb:\u00a0\u00bbParmi les millions de produits vendus par Shein, les enqu\u00eateurs de la DGCCRF ont d\u00e9couvert une gamme de produits pornographiques et notamment des poup\u00e9es gonflables destin\u00e9es aux adultes. DR\\n\\n\\n\u00a0\u00bb,\u00a0\u00bbheight\u00a0\u00bb:1498,\u00a0\u00bbtype\u00a0\u00bb:\u00a0\u00bbimage\u00a0\u00bb,\u00a0\u00bburl\u00a0\u00bb:\u00a0\u00bbhttps:\/\/cloudfront-eu-central-1.images.arcpublishing.com\/leparisien\/42BNI6SDZZFZXERUHXZVYRWAGM.jpg\u00a0\u00bb,\u00a0\u00bbwidth\u00a0\u00bb:1448}},\u00a0\u00bbpublish_date\u00a0\u00bb:\u00a0\u00bb2025-11-02T09:24:57Z\u00a0\u00bb,\u00a0\u00bbrelated_content\u00a0\u00bb:{\u00ab\u00a0basic\u00a0\u00bb:[{\u00ab\u00a0_id\u00a0\u00bb:\u00a0\u00bb42BNI6SDZZFZXERUHXZVYRWAGM\u00a0\u00bb,\u00a0\u00bbreferent\u00a0\u00bb:{\u00ab\u00a0id\u00a0\u00bb:\u00a0\u00bb42BNI6SDZZFZXERUHXZVYRWAGM\u00a0\u00bb,\u00a0\u00bbtype\u00a0\u00bb:\u00a0\u00bbimage\u00a0\u00bb}},{\u00ab\u00a0_id\u00a0\u00bb:\u00a0\u00bbZ75HQI7G4JE2XPRCIHTEGVW44Q\u00a0\u00bb,\u00a0\u00bbreferent\u00a0\u00bb:{\u00ab\u00a0id\u00a0\u00bb:\u00a0\u00bbZ75HQI7G4JE2XPRCIHTEGVW44Q\u00a0\u00bb,\u00a0\u00bbtype\u00a0\u00bb:\u00a0\u00bbimage\u00a0\u00bb}}]},\u00a0\u00bbsource\u00a0\u00bb:{\u00ab\u00a0name\u00a0\u00bb:\u00a0\u00bbleparisien\u00a0\u00bb,\u00a0\u00bbsystem\u00a0\u00bb:\u00a0\u00bbcomposer\u00a0\u00bb},\u00a0\u00bbsubheadlines\u00a0\u00bb:{\u00ab\u00a0basic\u00a0\u00bb:\u00a0\u00bbINFO LE PARISIEN. La r\u00e9pression des fraudes a alert\u00e9 le parquet de Paris apr\u00e8s avoir d\u00e9couvert que le g\u00e9ant chinois de l\u2019e-commerce vendait des produits p\u00e9dopornographiques.\u00a0\u00bb},\u00a0\u00bbsubtype\u00a0\u00bb:\u00a0\u00bbART:\u00a0\u00bb,\u00a0\u00bbtaxonomy\u00a0\u00bb:{\u00ab\u00a0primary_section\u00a0\u00bb:{\u00ab\u00a0_id\u00a0\u00bb:\u00a0\u00bb\/economie\u00a0\u00bb,\u00a0\u00bbadditional_properties\u00a0\u00bb:{\u00ab\u00a0original\u00a0\u00bb:{\u00ab\u00a0site\u00a0\u00bb:{}}},\u00a0\u00bbname\u00a0\u00bb:\u00a0\u00bb\u00c9conomie\u00a0\u00bb},\u00a0\u00bbtags\u00a0\u00bb:[{\u00ab\u00a0text\u00a0\u00bb:\u00a0\u00bbShein\u00a0\u00bb}]},\u00a0\u00bbwebsite_url\u00a0\u00bb:\u00a0\u00bb\/economie\/shein-des-poupees-sexuelles-en-forme-de-fillette-vendues-sur-son-site-internet-01-11-2025-C3EC2OOGFJGB5DO2FOSO3IZE4U.php\u00a0\u00bb},{\u00ab\u00a0_id\u00a0\u00bb:\u00a0\u00bbYTXB2LSLJFHGDAGT77CMHH6F7U\u00a0\u00bb,\u00a0\u00bbadditional_properties\u00a0\u00bb:{},\u00a0\u00bbcanonical_url\u00a0\u00bb:\u00a0\u00bb\/international\/iran\/ils-infiltrent-la-france-via-ceux-dont-lavis-compte-derriere-les-agents-iraniens-lislamisme-radical-03-11-2025-YTXB2LSLJFHGDAGT77CMHH6F7U.php\u00a0\u00bb,\u00a0\u00bbcontent_restrictions\u00a0\u00bb:{\u00ab\u00a0content_code\u00a0\u00bb:\u00a0\u00bbhard-paywall\u00a0\u00bb},\u00a0\u00bbcredits\u00a0\u00bb:{\u00ab\u00a0by\u00a0\u00bb:[{\u00ab\u00a0display_name\u00a0\u00bb:\u00a0\u00bbThomas Poupeau\u00a0\u00bb,\u00a0\u00bbname\u00a0\u00bb:\u00a0\u00bbThomas  Poupeau\u00a0\u00bb,\u00a0\u00bbslug\u00a0\u00bb:\u00a0\u00bbthomas-poupeau\u00a0\u00bb,\u00a0\u00bbtype\u00a0\u00bb:\u00a0\u00bbauthor\u00a0\u00bb}]},\u00a0\u00bbdescription\u00a0\u00bb:{\u00ab\u00a0basic\u00a0\u00bb:\u00a0\u00bb\u00a0\u00bb},\u00a0\u00bbdisplay_date\u00a0\u00bb:\u00a0\u00bb2025-11-03T05:05:00Z\u00a0\u00bb,\u00a0\u00bbdistributor\u00a0\u00bb:{\u00ab\u00a0name\u00a0\u00bb:\u00a0\u00bbleparisien\u00a0\u00bb},\u00a0\u00bbfirst_publish_date\u00a0\u00bb:\u00a0\u00bb2025-11-03T05:05:00Z\u00a0\u00bb,\u00a0\u00bbheadlines\u00a0\u00bb:{\u00ab\u00a0basic\u00a0\u00bb:\u00a0\u00bb\u00ab\u00a0Ils infiltrent la France via ceux dont l\u2019avis compte\u00a0\u00bb\u00a0: derri\u00e8re les agents iraniens, l\u2019islamisme radical\u00a0\u00bb},\u00a0\u00bblabel\u00a0\u00bb:{\u00ab\u00a0format\u00a0\u00bb:{\u00ab\u00a0text\u00a0\u00bb:\u00a0\u00bbInterview\u00a0\u00bb,\u00a0\u00bburl\u00a0\u00bb:\u00a0\u00bb\/interview\u00a0\u00bb},\u00a0\u00bbprofil\u00a0\u00bb:{\u00ab\u00a0text\u00a0\u00bb:\u00a0\u00bbABO\u00a0\u00bb}},\u00a0\u00bbpromo_items\u00a0\u00bb:{\u00ab\u00a0basic\u00a0\u00bb:{\u00ab\u00a0additional_properties\u00a0\u00bb:{},\u00a0\u00bbcaption\u00a0\u00bb:\u00a0\u00bbL&rsquo;Iran voudrait \u00abexporter sa r\u00e9volution islamique en France\u00bb, affirme Emmanuel Razavi, journaliste sp\u00e9cialiste du Moyen-Orient. AFP\/Morteza Nikoubazl\u00a0\u00bb,\u00a0\u00bbheight\u00a0\u00bb:4469,\u00a0\u00bbtype\u00a0\u00bb:\u00a0\u00bbimage\u00a0\u00bb,\u00a0\u00bburl\u00a0\u00bb:\u00a0\u00bbhttps:\/\/cloudfront-eu-central-1.images.arcpublishing.com\/leparisien\/EXNIZAWIWJH5FC32RLCCOGPMXM.jpg\u00a0\u00bb,\u00a0\u00bbwidth\u00a0\u00bb:5959}},\u00a0\u00bbpublish_date\u00a0\u00bb:\u00a0\u00bb2025-11-03T05:05:00Z\u00a0\u00bb,\u00a0\u00bbrelated_content\u00a0\u00bb:{\u00ab\u00a0basic\u00a0\u00bb:[{\u00ab\u00a0_id\u00a0\u00bb:\u00a0\u00bbDICEHTE54VBXFNB3Z5PFIFNKX4&Prime;,\u00a0\u00bbreferent\u00a0\u00bb:{\u00ab\u00a0id\u00a0\u00bb:\u00a0\u00bbDICEHTE54VBXFNB3Z5PFIFNKX4&Prime;,\u00a0\u00bbtype\u00a0\u00bb:\u00a0\u00bbstory\u00a0\u00bb}},{\u00ab\u00a0_id\u00a0\u00bb:\u00a0\u00bbDRGQ3ERJEBFT5DRTABKM6DYUQY\u00a0\u00bb,\u00a0\u00bbreferent\u00a0\u00bb:{\u00ab\u00a0id\u00a0\u00bb:\u00a0\u00bbDRGQ3ERJEBFT5DRTABKM6DYUQY\u00a0\u00bb,\u00a0\u00bbtype\u00a0\u00bb:\u00a0\u00bbstory\u00a0\u00bb}}]},\u00a0\u00bbsource\u00a0\u00bb:{\u00ab\u00a0name\u00a0\u00bb:\u00a0\u00bbleparisien\u00a0\u00bb,\u00a0\u00bbsystem\u00a0\u00bb:\u00a0\u00bbcomposer\u00a0\u00bb},\u00a0\u00bbsubheadlines\u00a0\u00bb:{\u00ab\u00a0basic\u00a0\u00bb:\u00a0\u00bbSp\u00e9cialiste du Moyen-Orient, Emmanuel Razavi a coordonn\u00e9 un rapport sur l\u2019entrisme iranien dans l\u2019Hexagone. Conclusion\u00a0: des universit\u00e9s au Web, en passant par certains politiques, les autorit\u00e9s de T\u00e9h\u00e9ran tentent d\u2019exporter la r\u00e9volution islamique.\u00a0\u00bb},\u00a0\u00bbsubtype\u00a0\u00bb:\u00a0\u00bbART:\u00a0\u00bb,\u00a0\u00bbtaxonomy\u00a0\u00bb:{\u00ab\u00a0primary_section\u00a0\u00bb:{\u00ab\u00a0_id\u00a0\u00bb:\u00a0\u00bb\/international\/iran\u00a0\u00bb,\u00a0\u00bbadditional_properties\u00a0\u00bb:{\u00ab\u00a0original\u00a0\u00bb:{\u00ab\u00a0site\u00a0\u00bb:{\u00ab\u00a0paywall_deactivated\u00a0\u00bb:\u00a0\u00bbfalse\u00a0\u00bb}}},\u00a0\u00bbname\u00a0\u00bb:\u00a0\u00bbIran\u00a0\u00bb}},\u00a0\u00bbwebsite_url\u00a0\u00bb:\u00a0\u00bb\/international\/iran\/ils-infiltrent-la-france-via-ceux-dont-lavis-compte-derriere-les-agents-iraniens-lislamisme-radical-03-11-2025-YTXB2LSLJFHGDAGT77CMHH6F7U.php\u00a0\u00bb},{\u00ab\u00a0_id\u00a0\u00bb:\u00a0\u00bbQG2UHBFRHJD7BJWLIXTDDLBOCE\u00a0\u00bb,\u00a0\u00bbadditional_properties\u00a0\u00bb:{},\u00a0\u00bbcanonical_url\u00a0\u00bb:\u00a0\u00bb\/intime\/on-na-jamais-eu-une-sexualite-aussi-epanouie-dans-les-lits-de-martina-et-arnaud-qui-font-chambre-a-part-01-11-2025-QG2UHBFRHJD7BJWLIXTDDLBOCE.php\u00a0\u00bb,\u00a0\u00bbcontent_restrictions\u00a0\u00bb:{\u00ab\u00a0content_code\u00a0\u00bb:\u00a0\u00bbhard-paywall\u00a0\u00bb},\u00a0\u00bbcredits\u00a0\u00bb:{\u00ab\u00a0by\u00a0\u00bb:[{\u00ab\u00a0display_name\u00a0\u00bb:\u00a0\u00bbCl\u00e9mence Bauduin\u00a0\u00bb,\u00a0\u00bbname\u00a0\u00bb:\u00a0\u00bbCl\u00e9mence Bauduin\u00a0\u00bb,\u00a0\u00bbslug\u00a0\u00bb:\u00a0\u00bbclemence-bauduin\u00a0\u00bb,\u00a0\u00bbtype\u00a0\u00bb:\u00a0\u00bbauthor\u00a0\u00bb}]},\u00a0\u00bbdescription\u00a0\u00bb:{\u00ab\u00a0basic\u00a0\u00bb:\u00a0\u00bb\u00a0\u00bb},\u00a0\u00bbdisplay_date\u00a0\u00bb:\u00a0\u00bb2025-11-01T20:30:00Z\u00a0\u00bb,\u00a0\u00bbdistributor\u00a0\u00bb:{\u00ab\u00a0name\u00a0\u00bb:\u00a0\u00bbleparisien\u00a0\u00bb},\u00a0\u00bbfirst_publish_date\u00a0\u00bb:\u00a0\u00bb2025-11-01T20:30:00Z\u00a0\u00bb,\u00a0\u00bbheadlines\u00a0\u00bb:{\u00ab\u00a0basic\u00a0\u00bb:\u00a0\u00bb\u00ab\u00a0On n\u2019a jamais eu une sexualit\u00e9 aussi \u00e9panouie\u00a0\u00bb\u00a0: dans le(s) lit(s) de Martina et Arnaud, qui font chambre \u00e0 part\u00a0\u00bb},\u00a0\u00bblabel\u00a0\u00bb:{\u00ab\u00a0format\u00a0\u00bb:{\u00ab\u00a0text\u00a0\u00bb:\u00a0\u00bbT\u00e9moignage\u00a0\u00bb,\u00a0\u00bburl\u00a0\u00bb:\u00a0\u00bb\/temoignage\u00a0\u00bb},\u00a0\u00bbprofil\u00a0\u00bb:{\u00ab\u00a0text\u00a0\u00bb:\u00a0\u00bbABO\u00a0\u00bb}},\u00a0\u00bbpromo_items\u00a0\u00bb:{\u00ab\u00a0basic\u00a0\u00bb:{\u00ab\u00a0additional_properties\u00a0\u00bb:{},\u00a0\u00bbcaption\u00a0\u00bb:\u00a0\u00bbApr\u00e8s un passage \u00e0 vide au bout de six ans de relation, Martina et Arnaud se sont retrouv\u00e9s\u2026 en s&rsquo;\u00e9loignant physiquement la nuit. Illustration Sophie Bouxom pour Le Parisien\u00a0\u00bb,\u00a0\u00bbheight\u00a0\u00bb:1890,\u00a0\u00bbtype\u00a0\u00bb:\u00a0\u00bbimage\u00a0\u00bb,\u00a0\u00bburl\u00a0\u00bb:\u00a0\u00bbhttps:\/\/cloudfront-eu-central-1.images.arcpublishing.com\/leparisien\/3YWKUYZH55CGNMBOQSUVO6BFUQ.jpg\u00a0\u00bb,\u00a0\u00bbwidth\u00a0\u00bb:2953}},\u00a0\u00bbpublish_date\u00a0\u00bb:\u00a0\u00bb2025-11-01T20:30:00Z\u00a0\u00bb,\u00a0\u00bbrelated_content\u00a0\u00bb:{\u00ab\u00a0basic\u00a0\u00bb:[]},\u00a0\u00bbsource\u00a0\u00bb:{\u00ab\u00a0name\u00a0\u00bb:\u00a0\u00bbleparisien\u00a0\u00bb,\u00a0\u00bbsystem\u00a0\u00bb:\u00a0\u00bbcomposer\u00a0\u00bb},\u00a0\u00bbsubheadlines\u00a0\u00bb:{\u00ab\u00a0basic\u00a0\u00bb:\u00a0\u00bbEn couple depuis dix ans, Martina et son cher et tendre ont d\u00e9cid\u00e9 de dormir dans des lits s\u00e9par\u00e9s. Apr\u00e8s quatre ans de pratique, le couple de trentenaires y voit la garantie d\u2019un amour durable.\u00a0\u00bb},\u00a0\u00bbsubtype\u00a0\u00bb:\u00a0\u00bbART:\u00a0\u00bb,\u00a0\u00bbtaxonomy\u00a0\u00bb:{\u00ab\u00a0primary_section\u00a0\u00bb:{\u00ab\u00a0_id\u00a0\u00bb:\u00a0\u00bb\/intime\u00a0\u00bb,\u00a0\u00bbadditional_properties\u00a0\u00bb:{\u00ab\u00a0original\u00a0\u00bb:{\u00ab\u00a0site\u00a0\u00bb:{\u00ab\u00a0paywall_deactivated\u00a0\u00bb:\u00a0\u00bbfalse\u00a0\u00bb}}},\u00a0\u00bbname\u00a0\u00bb:\u00a0\u00bbIntime\u00a0\u00bb}},\u00a0\u00bbwebsite_url\u00a0\u00bb:\u00a0\u00bb\/intime\/on-na-jamais-eu-une-sexualite-aussi-epanouie-dans-les-lits-de-martina-et-arnaud-qui-font-chambre-a-part-01-11-2025-QG2UHBFRHJD7BJWLIXTDDLBOCE.php\u00a0\u00bb}],\u00a0\u00bb_id\u00a0\u00bb:\u00a0\u00bbABCYYZKCTJHHJIFMTFMG2X6Q4M\u00a0\u00bb},\u00a0\u00bbexpires\u00a0\u00bb:1762162000393,\u00a0\u00bblastModified\u00a0\u00bb:1762161820121}},\u00a0\u00bbguide-third-party\u00a0\u00bb:{\u00ab\u00a0{}\u00a0\u00bb:{\u00ab\u00a0data\u00a0\u00bb:{\u00ab\u00a0type\u00a0\u00bb:\u00a0\u00bbresults\u00a0\u00bb,\u00a0\u00bbversion\u00a0\u00bb:\u00a0\u00bb0.6.0&Prime;,\u00a0\u00bbcontent_elements\u00a0\u00bb:[{\u00ab\u00a0headlines\u00a0\u00bb:{\u00ab\u00a0basic\u00a0\u00bb:\u00a0\u00bbCe blender mixeur \u00e9lectrique de Moulinex est \u00e0 son meilleur prix d\u00e8s maintenant !\u00a0\u00bb},\u00a0\u00bbpromo_items\u00a0\u00bb:{\u00ab\u00a0basic\u00a0\u00bb:{\u00ab\u00a0owner\u00a0\u00bb:{\u00ab\u00a0sponsored\u00a0\u00bb:false,\u00a0\u00bbid\u00a0\u00bb:\u00a0\u00bblpguideshopping\u00a0\u00bb},\u00a0\u00bbcredits\u00a0\u00bb:{\u00ab\u00a0affiliation\u00a0\u00bb:[]},\u00a0\u00bbsubtitle\u00a0\u00bb:\u00a0\u00bbCe blender mixeur \u00e9lectrique de Moulinex est \u00e0 son meilleur prix d\u00e8s maintenant !\u00a0\u00bb,\u00a0\u00bbwidth\u00a0\u00bb:1536,\u00a0\u00bbcaption\u00a0\u00bb:\u00a0\u00bb\u00a0\u00bb,\u00a0\u00bbsource\u00a0\u00bb:{\u00ab\u00a0system\u00a0\u00bb:\u00a0\u00bbphoto center\u00a0\u00bb,\u00a0\u00bbedit_url\u00a0\u00bb:\u00a0\u00bb\u00a0\u00bb,\u00a0\u00bbadditional_properties\u00a0\u00bb:{\u00ab\u00a0editor\u00a0\u00bb:\u00a0\u00bbphoto center\u00a0\u00bb}},\u00a0\u00bbtype\u00a0\u00bb:\u00a0\u00bbimage\u00a0\u00bb,\u00a0\u00bburl\u00a0\u00bb:\u00a0\u00bbhttps:\/\/cloudfront-eu-central-1.images.arcpublishing.com\/lpguideshopping\/YWF5OGJ5IJAJ5FJ3UGSBXUXMB4.jpg\u00a0\u00bb,\u00a0\u00bbheight\u00a0\u00bb:1024}},\u00a0\u00bbcanonical_url\u00a0\u00bb:\u00a0\u00bbhttps:\/\/www.leparisien.fr\/guide-shopping\/bon-plan\/ce-blender-mixeur-electrique-de-moulinex-est-a-son-meilleur-prix-des-maintenant-03-11-2025-NYX2LLXLK5EIJKZF2QSOX4IKPA.php\u00a0\u00bb,\u00a0\u00bb_id\u00a0\u00bb:\u00a0\u00bbNYX2LLXLK5EIJKZF2QSOX4IKPA\u00a0\u00bb},{\u00ab\u00a0headlines\u00a0\u00bb:{\u00ab\u00a0basic\u00a0\u00bb:\u00a0\u00bbCette brosse hydropulseur jet dentaire OasiSmile est \u00e0 moiti\u00e9 prix !\u00a0\u00bb},\u00a0\u00bbpromo_items\u00a0\u00bb:{\u00ab\u00a0basic\u00a0\u00bb:{\u00ab\u00a0owner\u00a0\u00bb:{\u00ab\u00a0sponsored\u00a0\u00bb:false,\u00a0\u00bbid\u00a0\u00bb:\u00a0\u00bblpguideshopping\u00a0\u00bb},\u00a0\u00bbcredits\u00a0\u00bb:{\u00ab\u00a0affiliation\u00a0\u00bb:[]},\u00a0\u00bbsubtitle\u00a0\u00bb:\u00a0\u00bbCette brosse hydropulseur jet dentaire OasiSmile est \u00e0 moiti\u00e9 prix !\u00a0\u00bb,\u00a0\u00bbwidth\u00a0\u00bb:1536,\u00a0\u00bbcaption\u00a0\u00bb:\u00a0\u00bb\u00a0\u00bb,\u00a0\u00bbsource\u00a0\u00bb:{\u00ab\u00a0system\u00a0\u00bb:\u00a0\u00bbphoto center\u00a0\u00bb,\u00a0\u00bbedit_url\u00a0\u00bb:\u00a0\u00bb\u00a0\u00bb,\u00a0\u00bbadditional_properties\u00a0\u00bb:{\u00ab\u00a0editor\u00a0\u00bb:\u00a0\u00bbphoto center\u00a0\u00bb}},\u00a0\u00bbtype\u00a0\u00bb:\u00a0\u00bbimage\u00a0\u00bb,\u00a0\u00bburl\u00a0\u00bb:\u00a0\u00bbhttps:\/\/cloudfront-eu-central-1.images.arcpublishing.com\/lpguideshopping\/A77LP4RLFFDERKIWUPGY56DBS4.jpg\u00a0\u00bb,\u00a0\u00bbheight\u00a0\u00bb:1024}},\u00a0\u00bbcanonical_url\u00a0\u00bb:\u00a0\u00bbhttps:\/\/www.leparisien.fr\/guide-shopping\/bon-plan\/cette-brosse-hydropulseur-jet-dentaire-oasismile-est-a-moitie-prix-03-11-2025-BLAJRVRDFZA37ALLZBVHVCZUT4.php\u00a0\u00bb,\u00a0\u00bb_id\u00a0\u00bb:\u00a0\u00bbBLAJRVRDFZA37ALLZBVHVCZUT4&Prime;},{\u00ab\u00a0headlines\u00a0\u00bb:{\u00ab\u00a0basic\u00a0\u00bb:\u00a0\u00bbCe n\u2019est pas une erreur de prix, cette tablette Android tr\u00e8s recherch\u00e9e est bien \u00e0 moins de 80 euros\u00a0\u00bb},\u00a0\u00bbpromo_items\u00a0\u00bb:{\u00ab\u00a0basic\u00a0\u00bb:{\u00ab\u00a0owner\u00a0\u00bb:{\u00ab\u00a0sponsored\u00a0\u00bb:false,\u00a0\u00bbid\u00a0\u00bb:\u00a0\u00bblpguideshopping\u00a0\u00bb},\u00a0\u00bbcredits\u00a0\u00bb:{\u00ab\u00a0affiliation\u00a0\u00bb:[]},\u00a0\u00bbsubtitle\u00a0\u00bb:\u00a0\u00bbtablette-android\u00a0\u00bb,\u00a0\u00bbwidth\u00a0\u00bb:1280,\u00a0\u00bbcaption\u00a0\u00bb:\u00a0\u00bbCe n\u2019est pas une erreur de prix, cette tablette Android tr\u00e8s recherch\u00e9e est bien \u00e0 moins de 80 euros \/\/ Cdiscount\u00a0\u00bb,\u00a0\u00bbsource\u00a0\u00bb:{\u00ab\u00a0system\u00a0\u00bb:\u00a0\u00bbphoto center\u00a0\u00bb,\u00a0\u00bbedit_url\u00a0\u00bb:\u00a0\u00bb\u00a0\u00bb,\u00a0\u00bbadditional_properties\u00a0\u00bb:{\u00ab\u00a0editor\u00a0\u00bb:\u00a0\u00bbphoto center\u00a0\u00bb}},\u00a0\u00bbtype\u00a0\u00bb:\u00a0\u00bbimage\u00a0\u00bb,\u00a0\u00bburl\u00a0\u00bb:\u00a0\u00bbhttps:\/\/cloudfront-eu-central-1.images.arcpublishing.com\/lpguideshopping\/UZ627BDXJNBOFHXBBC3ASBUWHI.jpg\u00a0\u00bb,\u00a0\u00bbheight\u00a0\u00bb:800}},\u00a0\u00bbcanonical_url\u00a0\u00bb:\u00a0\u00bbhttps:\/\/www.leparisien.fr\/guide-shopping\/high-tech\/tablettes\/ce-nest-pas-une-erreur-de-prix-cette-tablette-android-tres-recherchee-est-bien-a-moins-de-80-euros-03-11-2025-2CY77CZOZBCX3A46OT2PRRPYNM.php\u00a0\u00bb,\u00a0\u00bb_id\u00a0\u00bb:\u00a0\u00bb2CY77CZOZBCX3A46OT2PRRPYNM\u00a0\u00bb},{\u00ab\u00a0headlines\u00a0\u00bb:{\u00ab\u00a0basic\u00a0\u00bb:\u00a0\u00bbAmazon affiche une offre tr\u00e8s int\u00e9ressante sur cette veste Carhartt avec doublure sherpa iconique\u00a0\u00bb},\u00a0\u00bbpromo_items\u00a0\u00bb:{\u00ab\u00a0basic\u00a0\u00bb:{\u00ab\u00a0owner\u00a0\u00bb:{\u00ab\u00a0sponsored\u00a0\u00bb:false,\u00a0\u00bbid\u00a0\u00bb:\u00a0\u00bblpguideshopping\u00a0\u00bb},\u00a0\u00bbcredits\u00a0\u00bb:{\u00ab\u00a0affiliation\u00a0\u00bb:[]},\u00a0\u00bbsubtitle\u00a0\u00bb:\u00a0\u00bbveste-Carhartt\u00a0\u00bb,\u00a0\u00bbwidth\u00a0\u00bb:1280,\u00a0\u00bbcaption\u00a0\u00bb:\u00a0\u00bbAmazon affiche une offre tr\u00e8s int\u00e9ressante sur cette veste Carhartt avec doublure sherpa iconique \/\/ Amazon\u00a0\u00bb,\u00a0\u00bbsource\u00a0\u00bb:{\u00ab\u00a0system\u00a0\u00bb:\u00a0\u00bbphoto center\u00a0\u00bb,\u00a0\u00bbedit_url\u00a0\u00bb:\u00a0\u00bb\u00a0\u00bb,\u00a0\u00bbadditional_properties\u00a0\u00bb:{\u00ab\u00a0editor\u00a0\u00bb:\u00a0\u00bbphoto center\u00a0\u00bb}},\u00a0\u00bbtype\u00a0\u00bb:\u00a0\u00bbimage\u00a0\u00bb,\u00a0\u00bburl\u00a0\u00bb:\u00a0\u00bbhttps:\/\/cloudfront-eu-central-1.images.arcpublishing.com\/lpguideshopping\/4S67I3C4YJGO5FU2QM77KDJQE4.jpg\u00a0\u00bb,\u00a0\u00bbheight\u00a0\u00bb:800}},\u00a0\u00bbcanonical_url\u00a0\u00bb:\u00a0\u00bbhttps:\/\/www.leparisien.fr\/guide-shopping\/mode-soins\/mode\/amazon-affiche-une-offre-tres-interessante-sur-cette-veste-carhartt-avec-doublure-sherpa-iconique-03-11-2025-63HYFI4WQZD5BODUSQ24OXGGFA.php\u00a0\u00bb,\u00a0\u00bb_id\u00a0\u00bb:\u00a0\u00bb63HYFI4WQZD5BODUSQ24OXGGFA\u00a0\u00bb}],\u00a0\u00bbadditional_properties\u00a0\u00bb:{\u00ab\u00a0took\u00a0\u00bb:42,\u00a0\u00bbtimed_out\u00a0\u00bb:false},\u00a0\u00bbcount\u00a0\u00bb:10000,\u00a0\u00bbnext\u00a0\u00bb:4,\u00a0\u00bb_id\u00a0\u00bb:\u00a0\u00bb2ad461f2a0dcffdf32f1432e60cbcb7d72999b3b5425f86009c9a9327382a2da\u00a0\u00bb},\u00a0\u00bbexpires\u00a0\u00bb:1762164738556,\u00a0\u00bblastModified\u00a0\u00bb:1762161138435}},\u00a0\u00bbbienici-annonce-immo\u00a0\u00bb:{\u00ab\u00a0{\\\u00a0\u00bbfileCode\\\u00a0\u00bb:\\\u00a0\u00bbe24228ac-9c82-4ef2-85d6-cf6dfd28ebd4\\\u00a0\u00bb}\u00a0\u00bb:{\u00ab\u00a0data\u00a0\u00bb:{\u00ab\u00a0@version\u00a0\u00bb:2,\u00a0\u00bbchannel\u00a0\u00bb:{\u00ab\u00a0item\u00a0\u00bb:[{\u00ab\u00a0title\u00a0\u00bb:\u00a0\u00bbAppartement 3\u00a0pi\u00e8ces 66\u00a0m\u00b2\u00a0\u00bb,\u00a0\u00bbdescription\u00a0\u00bb:\u00a0\u00bbBien : 3 pi\u00e8ces &#8211; Surface de 66m\u00b2 Carrez au 1er \u00e9tageCopropri\u00e9t\u00e9 de 42 lots principaux.N\u00b0 lot copro 108 \/ ID LOT ONV : 0220C60-L029DPE C 95 \/ GES C 18Selon disponibilit\u00e9, possibilit\u00e9 d\u2019acqu\u00e9rir un garage en surface ind\u00e9pendant d\u2019un montant de 7000 euros en suppl\u00e9ment et\/ou un parking a\u00e9rien d\u2019un montant de 3000 euros en suppl\u00e9ment ;Les informations sur les risques auxquels ce bien est expos\u00e9 sont disponibles sur le site : \u00e9s de visites : sur rendez-vous, renseignements et d\u00e9p\u00f4t des candidatures avec dossier complet en contactant le Modalit\u00e9s de remise des offres : par mail ou remise en main propre avant le 24\/11\/2025 conform\u00e9ment aux dispositions de l\u2019article L443-11 et suivants du CCHContact : Monsieur Christophe PELLETIERT\u00e9l. \u00ab\u00a0,\u00a0\u00bblink\u00a0\u00bb:\u00a0\u00bbhttps:\/\/www.bienici.com\/annonce\/lamy-38-GB00212919&Prime;,\u00a0\u00bbguid\u00a0\u00bb:{\u00ab\u00a0@isPermaLink\u00a0\u00bb:\u00a0\u00bbfalse\u00a0\u00bb,\u00a0\u00bb#\u00a0\u00bb:\u00a0\u00bbade36aafa2dd6f0949df9d0f8785ea812b6e9036&Prime;},\u00a0\u00bbg:brand\u00a0\u00bb:\u00a0\u00bbBien ici\u00a0\u00bb,\u00a0\u00bbg:mpn\u00a0\u00bb:\u00a0\u00bblamy-38-GB00212919&Prime;,\u00a0\u00bbg:google_product_category\u00a0\u00bb:\u00a0\u00bbMaison et jardin\u00a0\u00bb,\u00a0\u00bbg:product_type\u00a0\u00bb:\u00a0\u00bbMaison et jardin\u00a0\u00bb,\u00a0\u00bbg:shipping\u00a0\u00bb:{\u00ab\u00a0g:country\u00a0\u00bb:\u00a0\u00bbFR\u00a0\u00bb,\u00a0\u00bbg:price\u00a0\u00bb:\u00a0\u00bb0 EUR\u00a0\u00bb},\u00a0\u00bbg:availability\u00a0\u00bb:\u00a0\u00bben stock\u00a0\u00bb,\u00a0\u00bbg:condition\u00a0\u00bb:\u00a0\u00bboccasion\u00a0\u00bb,\u00a0\u00bbg:adType\u00a0\u00bb:\u00a0\u00bbbuy\u00a0\u00bb,\u00a0\u00bbg:propertyType\u00a0\u00bb:\u00a0\u00bbappartement\u00a0\u00bb,\u00a0\u00bbg:city\u00a0\u00bb:\u00a0\u00bbNANTEUIL LE HAUDOUIN\u00a0\u00bb,\u00a0\u00bbg:in_city\u00a0\u00bb:\u00a0\u00bb\u00e0 NANTEUIL LE HAUDOUIN\u00a0\u00bb,\u00a0\u00bbg:postal_code\u00a0\u00bb:\u00a0\u00bb60440&Prime;,\u00a0\u00bbg:surfaceArea\u00a0\u00bb:\u00a0\u00bb66&Prime;,\u00a0\u00bbg:roomsQuantity\u00a0\u00bb:\u00a0\u00bb3&Prime;,\u00a0\u00bbg:energyClassification\u00a0\u00bb:\u00a0\u00bbC\u00a0\u00bb,\u00a0\u00bbg:greenhouseGazClassification\u00a0\u00bb:\u00a0\u00bbC\u00a0\u00bb,\u00a0\u00bbg:id\u00a0\u00bb:\u00a0\u00bbade36aafa2dd6f0949df9d0f8785ea812b6e9036&Prime;,\u00a0\u00bbg:publicationDate\u00a0\u00bb:\u00a0\u00bb2025-11-03T02:10:39.645Z\u00a0\u00bb,\u00a0\u00bbg:modificationDate\u00a0\u00bb:\u00a0\u00bb2025-11-03T02:10:39.645Z\u00a0\u00bb,\u00a0\u00bbg:price\u00a0\u00bb:\u00a0\u00bb121651 EUR\u00a0\u00bb},{\u00ab\u00a0title\u00a0\u00bb:\u00a0\u00bbAppartement 2\u00a0pi\u00e8ces 43\u00a0m\u00b2\u00a0\u00bb,\u00a0\u00bbdescription\u00a0\u00bb:\u00a0\u00bbAIX EN PROVENCE &#8211; CENTRE VILLE &#8211; RUE PUITS NEUF. Appartement de charme Type 2 de 43 m\u00b2 environ situ\u00e9 au 4eme et dernier etage d&rsquo;un immeuble bien entretenu. VENDU LOUE non meubl\u00e9 depuis le 29\/08\/2005 pour un loyer de 653\u20ac hors charges par mois. Travaux \u00e0 pr\u00e9voir.\u00a0\u00bb,\u00a0\u00bblink\u00a0\u00bb:\u00a0\u00bbhttps:\/\/www.bienici.com\/annonce\/lamy-38-GB00216489&Prime;,\u00a0\u00bbguid\u00a0\u00bb:{\u00ab\u00a0@isPermaLink\u00a0\u00bb:\u00a0\u00bbfalse\u00a0\u00bb,\u00a0\u00bb#\u00a0\u00bb:\u00a0\u00bbcade71c6841d6455a3137eeeb04c619fb417a969&Prime;},\u00a0\u00bbg:brand\u00a0\u00bb:\u00a0\u00bbBien ici\u00a0\u00bb,\u00a0\u00bbg:mpn\u00a0\u00bb:\u00a0\u00bblamy-38-GB00216489&Prime;,\u00a0\u00bbg:google_product_category\u00a0\u00bb:\u00a0\u00bbMaison et jardin\u00a0\u00bb,\u00a0\u00bbg:product_type\u00a0\u00bb:\u00a0\u00bbMaison et jardin\u00a0\u00bb,\u00a0\u00bbg:shipping\u00a0\u00bb:{\u00ab\u00a0g:country\u00a0\u00bb:\u00a0\u00bbFR\u00a0\u00bb,\u00a0\u00bbg:price\u00a0\u00bb:\u00a0\u00bb0 EUR\u00a0\u00bb},\u00a0\u00bbg:availability\u00a0\u00bb:\u00a0\u00bben stock\u00a0\u00bb,\u00a0\u00bbg:condition\u00a0\u00bb:\u00a0\u00bboccasion\u00a0\u00bb,\u00a0\u00bbg:adType\u00a0\u00bb:\u00a0\u00bbbuy\u00a0\u00bb,\u00a0\u00bbg:propertyType\u00a0\u00bb:\u00a0\u00bbappartement\u00a0\u00bb,\u00a0\u00bbg:departement\u00a0\u00bb:\u00a0\u00bb13&Prime;,\u00a0\u00bbg:departement_name\u00a0\u00bb:\u00a0\u00bbBouches-du-Rh\u00f4ne\u00a0\u00bb,\u00a0\u00bbg:in_the_departement_name\u00a0\u00bb:\u00a0\u00bbdans les Bouches-du-Rh\u00f4ne\u00a0\u00bb,\u00a0\u00bbg:region_name\u00a0\u00bb:\u00a0\u00bbProvence-Alpes-C\u00f4te d&rsquo;Azur\u00a0\u00bb,\u00a0\u00bbg:in_the_region_name\u00a0\u00bb:\u00a0\u00bben Provence-Alpes-C\u00f4te d&rsquo;Azur\u00a0\u00bb,\u00a0\u00bbg:old_region_name\u00a0\u00bb:\u00a0\u00bbProvence-Alpes-C\u00f4te d&rsquo;Azur\u00a0\u00bb,\u00a0\u00bbg:old_in_the_region_name\u00a0\u00bb:\u00a0\u00bben Provence-Alpes-C\u00f4te d&rsquo;Azur\u00a0\u00bb,\u00a0\u00bbg:city\u00a0\u00bb:\u00a0\u00bbAix-en-Provence\u00a0\u00bb,\u00a0\u00bbg:in_city\u00a0\u00bb:\u00a0\u00bb\u00e0 Aix-en-Provence\u00a0\u00bb,\u00a0\u00bbg:postal_code\u00a0\u00bb:\u00a0\u00bb13100&Prime;,\u00a0\u00bbg:surfaceArea\u00a0\u00bb:\u00a0\u00bb42.53&Prime;,\u00a0\u00bbg:roomsQuantity\u00a0\u00bb:\u00a0\u00bb2&Prime;,\u00a0\u00bbg:bedroomsQuantity\u00a0\u00bb:\u00a0\u00bb1&Prime;,\u00a0\u00bbg:energyClassification\u00a0\u00bb:\u00a0\u00bbE\u00a0\u00bb,\u00a0\u00bbg:greenhouseGazClassification\u00a0\u00bb:\u00a0\u00bbE\u00a0\u00bb,\u00a0\u00bbg:id\u00a0\u00bb:\u00a0\u00bbcade71c6841d6455a3137eeeb04c619fb417a969&Prime;,\u00a0\u00bbg:publicationDate\u00a0\u00bb:\u00a0\u00bb2025-11-03T02:10:39.645Z\u00a0\u00bb,\u00a0\u00bbg:modificationDate\u00a0\u00bb:\u00a0\u00bb2025-11-03T02:10:39.645Z\u00a0\u00bb,\u00a0\u00bbg:price\u00a0\u00bb:\u00a0\u00bb160000 EUR\u00a0\u00bb,\u00a0\u00bbg:image_link\u00a0\u00bb:\u00a0\u00bbhttps:\/\/file.bienici.com\/photo\/lamy-38_5_879348f9-1d41-4cf9-bf1c-c3b2b1cbb1c4.jpg\u00a0\u00bb,\u00a0\u00bbg:additional_image_link\u00a0\u00bb:[\u00ab\u00a0https:\/\/file.bienici.com\/photo\/lamy-38_5_7495e877-9c80-4b94-9386-385f4e7d841c.jpg\u00a0\u00bb,\u00a0\u00bbhttps:\/\/file.bienici.com\/photo\/lamy-38_5_21464cab-2abe-4a70-9bbc-0ca1b442ab1a.jpg\u00a0\u00bb,\u00a0\u00bbhttps:\/\/file.bienici.com\/photo\/lamy-38_5_8a1c40ff-d004-40a1-9517-091b5139e4d9.jpg\u00a0\u00bb,\u00a0\u00bbhttps:\/\/file.bienici.com\/photo\/lamy-38_5_58e2af6c-b295-4166-9fda-001ae34da43c.jpg\u00a0\u00bb],\u00a0\u00bbg:latitude\u00a0\u00bb:\u00a0\u00bb43.531489154052515&Prime;,\u00a0\u00bbg:longitude\u00a0\u00bb:\u00a0\u00bb5.449099947501481&Prime;},{\u00ab\u00a0title\u00a0\u00bb:\u00a0\u00bbAppartement 2\u00a0pi\u00e8ces 60\u00a0m\u00b2\u00a0\u00bb,\u00a0\u00bbdescription\u00a0\u00bb:\u00a0\u00bbOULLINS &#8211; RUE DE LA SARRAZINEDans une copropri\u00e9t\u00e9 arbor\u00e9e de 1979, venez d\u00e9couvrir cet appartement en int\u00e9rieur de copropri\u00e9t\u00e9 en rez-de-jardin de 2 pi\u00e8ces de 59.65m\u00b2 CARREZ. L&rsquo;appartement est compos\u00e9 d&rsquo;un hall, d&rsquo;un s\u00e9jour avec acc\u00e8s au jardin privatif de 23m\u00b2, d&rsquo;une grande chambre ind\u00e9pendante, d&rsquo;une cuisine am\u00e9nag\u00e9e, d&rsquo;une salle de bains et WC. Une cave et un parking privatif compl\u00e8tent ce bien.ALUR: Statut de la copropri\u00e9t\u00e9 de 55 lotscharges annuelles de copropri\u00e9t\u00e9 : 1186 euros par an\u00a0\u00bb,\u00a0\u00bblink\u00a0\u00bb:\u00a0\u00bbhttps:\/\/www.bienici.com\/annonce\/lamy-38-GB00135953&Prime;,\u00a0\u00bbguid\u00a0\u00bb:{\u00ab\u00a0@isPermaLink\u00a0\u00bb:\u00a0\u00bbfalse\u00a0\u00bb,\u00a0\u00bb#\u00a0\u00bb:\u00a0\u00bb66ae46656f89f4e0a533c00686fb4fe8306fb41c\u00a0\u00bb},\u00a0\u00bbg:brand\u00a0\u00bb:\u00a0\u00bbBien ici\u00a0\u00bb,\u00a0\u00bbg:mpn\u00a0\u00bb:\u00a0\u00bblamy-38-GB00135953&Prime;,\u00a0\u00bbg:google_product_category\u00a0\u00bb:\u00a0\u00bbMaison et jardin\u00a0\u00bb,\u00a0\u00bbg:product_type\u00a0\u00bb:\u00a0\u00bbMaison et jardin\u00a0\u00bb,\u00a0\u00bbg:shipping\u00a0\u00bb:{\u00ab\u00a0g:country\u00a0\u00bb:\u00a0\u00bbFR\u00a0\u00bb,\u00a0\u00bbg:price\u00a0\u00bb:\u00a0\u00bb0 EUR\u00a0\u00bb},\u00a0\u00bbg:availability\u00a0\u00bb:\u00a0\u00bben stock\u00a0\u00bb,\u00a0\u00bbg:condition\u00a0\u00bb:\u00a0\u00bboccasion\u00a0\u00bb,\u00a0\u00bbg:adType\u00a0\u00bb:\u00a0\u00bbbuy\u00a0\u00bb,\u00a0\u00bbg:propertyType\u00a0\u00bb:\u00a0\u00bbappartement\u00a0\u00bb,\u00a0\u00bbg:departement\u00a0\u00bb:\u00a0\u00bb69&Prime;,\u00a0\u00bbg:departement_name\u00a0\u00bb:\u00a0\u00bbRh\u00f4ne et Grand Lyon\u00a0\u00bb,\u00a0\u00bbg:in_the_departement_name\u00a0\u00bb:\u00a0\u00bbdans le Rh\u00f4ne et le Grand Lyon\u00a0\u00bb,\u00a0\u00bbg:region_name\u00a0\u00bb:\u00a0\u00bbAuvergne-Rh\u00f4ne-Alpes\u00a0\u00bb,\u00a0\u00bbg:in_the_region_name\u00a0\u00bb:\u00a0\u00bben Auvergne-Rh\u00f4ne-Alpes\u00a0\u00bb,\u00a0\u00bbg:old_region_name\u00a0\u00bb:\u00a0\u00bbRh\u00f4ne-Alpes\u00a0\u00bb,\u00a0\u00bbg:old_in_the_region_name\u00a0\u00bb:\u00a0\u00bben Rh\u00f4ne-Alpes\u00a0\u00bb,\u00a0\u00bbg:city\u00a0\u00bb:\u00a0\u00bbOullins\u00a0\u00bb,\u00a0\u00bbg:in_city\u00a0\u00bb:\u00a0\u00bb\u00e0 Oullins\u00a0\u00bb,\u00a0\u00bbg:postal_code\u00a0\u00bb:\u00a0\u00bb69600&Prime;,\u00a0\u00bbg:surfaceArea\u00a0\u00bb:\u00a0\u00bb59.65&Prime;,\u00a0\u00bbg:roomsQuantity\u00a0\u00bb:\u00a0\u00bb2&Prime;,\u00a0\u00bbg:bedroomsQuantity\u00a0\u00bb:\u00a0\u00bb1&Prime;,\u00a0\u00bbg:energyClassification\u00a0\u00bb:\u00a0\u00bbD\u00a0\u00bb,\u00a0\u00bbg:greenhouseGazClassification\u00a0\u00bb:\u00a0\u00bbD\u00a0\u00bb,\u00a0\u00bbg:parking\u00a0\u00bb:\u00a0\u00bbparking\u00a0\u00bb,\u00a0\u00bbg:terrasse\u00a0\u00bb:\u00a0\u00bbterrasse\u00a0\u00bb,\u00a0\u00bbg:id\u00a0\u00bb:\u00a0\u00bb66ae46656f89f4e0a533c00686fb4fe8306fb41c\u00a0\u00bb,\u00a0\u00bbg:publicationDate\u00a0\u00bb:\u00a0\u00bb2025-11-03T02:10:39.645Z\u00a0\u00bb,\u00a0\u00bbg:modificationDate\u00a0\u00bb:\u00a0\u00bb2025-11-03T02:10:39.645Z\u00a0\u00bb,\u00a0\u00bbg:price\u00a0\u00bb:\u00a0\u00bb185000 EUR\u00a0\u00bb,\u00a0\u00bbg:image_link\u00a0\u00bb:\u00a0\u00bbhttps:\/\/file.bienici.com\/photo\/lamy-38_5_d18f87dc-182b-44d4-b379-0ec431e91774.jpg\u00a0\u00bb,\u00a0\u00bbg:additional_image_link\u00a0\u00bb:[\u00ab\u00a0https:\/\/file.bienici.com\/photo\/lamy-38_5_2d3bc493-40f7-435d-a1f1-86c649cc6822.jpg\u00a0\u00bb,\u00a0\u00bbhttps:\/\/file.bienici.com\/photo\/lamy-38_5_0c9107c5-c03a-4472-bab1-1237230aced2.jpg\u00a0\u00bb,\u00a0\u00bbhttps:\/\/file.bienici.com\/photo\/lamy-38_5_5fa3e0c3-71b5-4839-b22f-f90a13b150cf.jpg\u00a0\u00bb,\u00a0\u00bbhttps:\/\/file.bienici.com\/photo\/lamy-38_5_8b20fc68-2c6f-4200-af75-32ea59035518.jpg\u00a0\u00bb,\u00a0\u00bbhttps:\/\/file.bienici.com\/photo\/lamy-38_5_1b86ef2a-4158-4862-aa80-aa203f74ece6.jpg\u00a0\u00bb,\u00a0\u00bbhttps:\/\/file.bienici.com\/photo\/lamy-38_5_ee9f87b0-421f-406d-a744-12496d70c844.jpg\u00a0\u00bb,\u00a0\u00bbhttps:\/\/file.bienici.com\/photo\/lamy-38_5_639dda3b-17d5-4845-8abd-ab1f7c0c0a2b.jpg\u00a0\u00bb],\u00a0\u00bbg:latitude\u00a0\u00bb:\u00a0\u00bb45.715697300338185&Prime;,\u00a0\u00bbg:longitude\u00a0\u00bb:\u00a0\u00bb4.803422205326426&Prime;},{\u00ab\u00a0title\u00a0\u00bb:\u00a0\u00bbAppartement 2\u00a0pi\u00e8ces 41\u00a0m\u00b2\u00a0\u00bb,\u00a0\u00bbdescription\u00a0\u00bb:\u00a0\u00bbAppartement situ\u00e9 dans le quartier r\u00e9sidentiel d\u2019Andenia, \u00e0 seulement 10 minutes du centre-ville de Saint-Jean-de-Luz. Vous b\u00e9n\u00e9ficiez d\u2019un cadre calme tout en \u00e9tant \u00e0 proximit\u00e9 imm\u00e9diate des commerces de Jalday (supermarch\u00e9, pharmacie, boulangerie, presse, etc.). Dans une r\u00e9sidence r\u00e9cente et bien entretenue, au 1er \u00e9tage avec ascenseur, d\u00e9couvrez cet appartement lumineux de type T1bis\/T2 comprenant : une entr\u00e9e avec placard, un s\u00e9jour avec cuisine ouverte, une chambre et une salle de bains avec WC. Terrasse expos\u00e9e ouest, accessible depuis toutes les pi\u00e8ces, id\u00e9ale pour profiter des fins de journ\u00e9e. Les plus : une place de parking s\u00e9curis\u00e9e en sous-sol et une cave privative. Eau froide incluse dans les charges de copropri\u00e9t\u00e9. \u00c0 visiter sans tarder ! Id\u00e9al pour un premier achat, un pied-\u00e0-terre ou un investissement locatif.\u00a0\u00bb,\u00a0\u00bblink\u00a0\u00bb:\u00a0\u00bbhttps:\/\/www.bienici.com\/annonce\/lamy-38-GB00218265&Prime;,\u00a0\u00bbguid\u00a0\u00bb:{\u00ab\u00a0@isPermaLink\u00a0\u00bb:\u00a0\u00bbfalse\u00a0\u00bb,\u00a0\u00bb#\u00a0\u00bb:\u00a0\u00bb4a2f0e7490f7fed393450dd1d35d4f5b7ccc8b84&Prime;},\u00a0\u00bbg:brand\u00a0\u00bb:\u00a0\u00bbBien ici\u00a0\u00bb,\u00a0\u00bbg:mpn\u00a0\u00bb:\u00a0\u00bblamy-38-GB00218265&Prime;,\u00a0\u00bbg:google_product_category\u00a0\u00bb:\u00a0\u00bbMaison et jardin\u00a0\u00bb,\u00a0\u00bbg:product_type\u00a0\u00bb:\u00a0\u00bbMaison et jardin\u00a0\u00bb,\u00a0\u00bbg:shipping\u00a0\u00bb:{\u00ab\u00a0g:country\u00a0\u00bb:\u00a0\u00bbFR\u00a0\u00bb,\u00a0\u00bbg:price\u00a0\u00bb:\u00a0\u00bb0 EUR\u00a0\u00bb},\u00a0\u00bbg:availability\u00a0\u00bb:\u00a0\u00bben stock\u00a0\u00bb,\u00a0\u00bbg:condition\u00a0\u00bb:\u00a0\u00bboccasion\u00a0\u00bb,\u00a0\u00bbg:adType\u00a0\u00bb:\u00a0\u00bbbuy\u00a0\u00bb,\u00a0\u00bbg:propertyType\u00a0\u00bb:\u00a0\u00bbappartement\u00a0\u00bb,\u00a0\u00bbg:city\u00a0\u00bb:\u00a0\u00bbST JEAN DE LUZ\u00a0\u00bb,\u00a0\u00bbg:in_city\u00a0\u00bb:\u00a0\u00bb\u00e0 ST JEAN DE LUZ\u00a0\u00bb,\u00a0\u00bbg:postal_code\u00a0\u00bb:\u00a0\u00bb64500&Prime;,\u00a0\u00bbg:surfaceArea\u00a0\u00bb:\u00a0\u00bb40.78&Prime;,\u00a0\u00bbg:roomsQuantity\u00a0\u00bb:\u00a0\u00bb2&Prime;,\u00a0\u00bbg:bedroomsQuantity\u00a0\u00bb:\u00a0\u00bb1&Prime;,\u00a0\u00bbg:energyClassification\u00a0\u00bb:\u00a0\u00bbC\u00a0\u00bb,\u00a0\u00bbg:greenhouseGazClassification\u00a0\u00bb:\u00a0\u00bbB\u00a0\u00bb,\u00a0\u00bbg:parking\u00a0\u00bb:\u00a0\u00bbparking\u00a0\u00bb,\u00a0\u00bbg:id\u00a0\u00bb:\u00a0\u00bb4a2f0e7490f7fed393450dd1d35d4f5b7ccc8b84&Prime;,\u00a0\u00bbg:publicationDate\u00a0\u00bb:\u00a0\u00bb2025-11-03T02:10:39.645Z\u00a0\u00bb,\u00a0\u00bbg:modificationDate\u00a0\u00bb:\u00a0\u00bb2025-11-03T02:10:39.645Z\u00a0\u00bb,\u00a0\u00bbg:price\u00a0\u00bb:\u00a0\u00bb195000 EUR\u00a0\u00bb,\u00a0\u00bbg:image_link\u00a0\u00bb:\u00a0\u00bbhttps:\/\/file.bienici.com\/photo\/lamy-38_5_65c70b1f-03ee-4243-a3de-b973d05f2aee.jpg\u00a0\u00bb,\u00a0\u00bbg:additional_image_link\u00a0\u00bb:[\u00ab\u00a0https:\/\/file.bienici.com\/photo\/lamy-38_5_6a21a1c9-cab0-4e1a-8541-15a301d4eaf6.jpg\u00a0\u00bb,\u00a0\u00bbhttps:\/\/file.bienici.com\/photo\/lamy-38_5_c06ff387-7973-41be-b50d-94973c03d440.jpg\u00a0\u00bb,\u00a0\u00bbhttps:\/\/file.bienici.com\/photo\/lamy-38_5_43263961-0269-4eab-a71a-adffbbf0110d.jpg\u00a0\u00bb,\u00a0\u00bbhttps:\/\/file.bienici.com\/photo\/lamy-38_5_395d1d60-247e-4d8c-a9b4-8b4f65bb5998.jpg\u00a0\u00bb,\u00a0\u00bbhttps:\/\/file.bienici.com\/photo\/lamy-38_5_0721c53e-dbd6-4d9d-85be-970a5b0f3182.jpg\u00a0\u00bb,\u00a0\u00bbhttps:\/\/file.bienici.com\/photo\/lamy-38_5_2fe1f850-6431-413e-b151-eb4f84c680e5.jpg\u00a0\u00bb,\u00a0\u00bbhttps:\/\/file.bienici.com\/photo\/lamy-38_5_0f58ba61-24f8-4a0a-afb7-4bf5d6cea3e7.jpg\u00a0\u00bb,\u00a0\u00bbhttps:\/\/file.bienici.com\/photo\/lamy-38_5_2fed8a26-c134-4c0a-a7c0-1a31c74be052.jpg\u00a0\u00bb]},{\u00ab\u00a0title\u00a0\u00bb:\u00a0\u00bbAppartement 2\u00a0pi\u00e8ces 67\u00a0m\u00b2\u00a0\u00bb,\u00a0\u00bbdescription\u00a0\u00bb:\u00a0\u00bbExclusivit\u00e9 par Agence 63 Immobilier,<br \/>Id\u00e9alement situ\u00e9, rue Barban\u00e7on, dans charmante copropri\u00e9t\u00e9 de 1900, au 2\u00e8me et dernier \u00e9tage,<br \/>calme absolu et luminosit\u00e9 pour ce superbe appartement coup de coeur de caract\u00e8re offrant une surface de 67,37 m2, jolie pi\u00e8ce de vie de 33 m2 avec parquet point de Hongrie, chemin\u00e9e, belle hauteur sous plafond, cuisine \u00e9quip\u00e9e de 12.15 m2 semi-ouverte sur le salon, chambre cocooning de 12 m2 avec parquet et rangements, salle d&rsquo;eau (douche avec fen\u00eatre).<br \/>Coin buanderie\/chaufferie avec toilettes et rangements, chauffage individuel gaz, faibles charges (55 \u20ac\/mois).<br \/>Hyper centre, proche de toutes les commodit\u00e9s, \u00e0 visiter sans tarder.<br \/>Honoraires \u00e0 la charge du vendeur.  Dans une copropri\u00e9t\u00e9 de 16 lots. Aucune proc\u00e9dure n&rsquo;est en cours. Classe \u00e9nergie D, Classe climat D Montant moyen estim\u00e9 des d\u00e9penses annuelles d&rsquo;\u00e9nergie pour un usage standard, \u00e9tabli \u00e0 partir des prix de l&rsquo;\u00e9nergie de l&rsquo;ann\u00e9e 2021 : entre 1120.00 et 1550.00 \u20ac. Les informations sur les risques auxquels ce bien est expos\u00e9 sont disponibles sur le site G\u00e9orisques\u00a0: georisques.gouv.fr. <br \/>Votre conseiller AGENCE 63 IMMOBILIER : G\u00e9rant &#8211; Frederic THEVENIN<br \/>Carte T CPI 63022018000033047  <br \/>  RCP SOCAF\u00a0\u00bb,\u00a0\u00bblink\u00a0\u00bb:\u00a0\u00bbhttps:\/\/www.bienici.com\/annonce\/netty-company36549dlg-appt-2763&Prime;,\u00a0\u00bbguid\u00a0\u00bb:{\u00ab\u00a0@isPermaLink\u00a0\u00bb:\u00a0\u00bbfalse\u00a0\u00bb,\u00a0\u00bb#\u00a0\u00bb:\u00a0\u00bb35d1f6251fb8944fe949b1f67ef06d7c76d8d2dc\u00a0\u00bb},\u00a0\u00bbg:brand\u00a0\u00bb:\u00a0\u00bbBien ici\u00a0\u00bb,\u00a0\u00bbg:mpn\u00a0\u00bb:\u00a0\u00bbnetty-company36549dlg-appt-2763&Prime;,\u00a0\u00bbg:google_product_category\u00a0\u00bb:\u00a0\u00bbMaison et jardin\u00a0\u00bb,\u00a0\u00bbg:product_type\u00a0\u00bb:\u00a0\u00bbMaison et jardin\u00a0\u00bb,\u00a0\u00bbg:shipping\u00a0\u00bb:{\u00ab\u00a0g:country\u00a0\u00bb:\u00a0\u00bbFR\u00a0\u00bb,\u00a0\u00bbg:price\u00a0\u00bb:\u00a0\u00bb0 EUR\u00a0\u00bb},\u00a0\u00bbg:availability\u00a0\u00bb:\u00a0\u00bben stock\u00a0\u00bb,\u00a0\u00bbg:condition\u00a0\u00bb:\u00a0\u00bboccasion\u00a0\u00bb,\u00a0\u00bbg:adType\u00a0\u00bb:\u00a0\u00bbbuy\u00a0\u00bb,\u00a0\u00bbg:propertyType\u00a0\u00bb:\u00a0\u00bbappartement\u00a0\u00bb,\u00a0\u00bbg:city\u00a0\u00bb:\u00a0\u00bbClermont-Ferrand\u00a0\u00bb,\u00a0\u00bbg:in_city\u00a0\u00bb:\u00a0\u00bb\u00e0 Clermont-Ferrand\u00a0\u00bb,\u00a0\u00bbg:postal_code\u00a0\u00bb:\u00a0\u00bb63000&Prime;,\u00a0\u00bbg:surfaceArea\u00a0\u00bb:\u00a0\u00bb67.37&Prime;,\u00a0\u00bbg:roomsQuantity\u00a0\u00bb:\u00a0\u00bb2&Prime;,\u00a0\u00bbg:bedroomsQuantity\u00a0\u00bb:\u00a0\u00bb1&Prime;,\u00a0\u00bbg:energyClassification\u00a0\u00bb:\u00a0\u00bbD\u00a0\u00bb,\u00a0\u00bbg:greenhouseGazClassification\u00a0\u00bb:\u00a0\u00bbD\u00a0\u00bb,\u00a0\u00bbg:id\u00a0\u00bb:\u00a0\u00bb35d1f6251fb8944fe949b1f67ef06d7c76d8d2dc\u00a0\u00bb,\u00a0\u00bbg:publicationDate\u00a0\u00bb:\u00a0\u00bb2025-11-03T02:08:47.330Z\u00a0\u00bb,\u00a0\u00bbg:modificationDate\u00a0\u00bb:\u00a0\u00bb2025-11-03T02:08:47.330Z\u00a0\u00bb,\u00a0\u00bbg:customerId\u00a0\u00bb:\u00a0\u00bbagence-63-immobilier\u00a0\u00bb,\u00a0\u00bbg:price\u00a0\u00bb:\u00a0\u00bb210000 EUR\u00a0\u00bb,\u00a0\u00bbg:image_link\u00a0\u00bb:\u00a0\u00bbhttps:\/\/file.bienici.com\/photo\/netty-company36549dlg-appt-2763_img.netty.immo_productw_company36549dlg_2_VA2763_1762106604_VA2763_16_original.jpg\u00a0\u00bb,\u00a0\u00bbg:additional_image_link\u00a0\u00bb:[\u00ab\u00a0https:\/\/file.bienici.com\/photo\/netty-company36549dlg-appt-2763_img.netty.immo_productw_company36549dlg_2_VA2763_1762106205_VA2763_6_original.jpg\u00a0\u00bb,\u00a0\u00bbhttps:\/\/file.bienici.com\/photo\/netty-company36549dlg-appt-2763_img.netty.immo_productw_company36549dlg_2_VA2763_1762106437_VA2763_12_original.jpg\u00a0\u00bb,\u00a0\u00bbhttps:\/\/file.bienici.com\/photo\/netty-company36549dlg-appt-2763_img.netty.immo_productw_company36549dlg_2_VA2763_1762106124_VA2763_2_original.jpg\u00a0\u00bb,\u00a0\u00bbhttps:\/\/file.bienici.com\/photo\/netty-company36549dlg-appt-2763_img.netty.immo_productw_company36549dlg_2_VA2763_1762106651_VA2763_17_original.jpg\u00a0\u00bb,\u00a0\u00bbhttps:\/\/file.bienici.com\/photo\/netty-company36549dlg-appt-2763_img.netty.immo_productw_company36549dlg_2_VA2763_1762106194_VA2763_5_original.jpg\u00a0\u00bb,\u00a0\u00bbhttps:\/\/file.bienici.com\/photo\/netty-company36549dlg-appt-2763_img.netty.immo_productw_company36549dlg_2_VA2763_1762106238_VA2763_7_original.jpg\u00a0\u00bb,\u00a0\u00bbhttps:\/\/file.bienici.com\/photo\/netty-company36549dlg-appt-2763_img.netty.immo_productw_company36549dlg_2_VA2763_1762106248_VA2763_8_original.jpg\u00a0\u00bb,\u00a0\u00bbhttps:\/\/file.bienici.com\/photo\/netty-company36549dlg-appt-2763_img.netty.immo_productw_company36549dlg_2_VA2763_1762106405_VA2763_9_original.jpg\u00a0\u00bb,\u00a0\u00bbhttps:\/\/file.bienici.com\/photo\/netty-company36549dlg-appt-2763_img.netty.immo_productw_company36549dlg_2_VA2763_1762106416_VA2763_10_original.jpg\u00a0\u00bb]},{\u00ab\u00a0title\u00a0\u00bb:\u00a0\u00bbMaison 5\u00a0pi\u00e8ces 105\u00a0m\u00b2\u00a0\u00bb,\u00a0\u00bbdescription\u00a0\u00bb:\u00a0\u00bbMaison Individuelle105m\u00b2 5p. 3 chambres \u00e0 Vendre<br \/>D\u00e9couvrez cette superbe maison individuelle de standing, enti\u00e8rement r\u00e9nov\u00e9e en 2017, qui offre un cadre de vie privil\u00e9gi\u00e9 avec 105 m\u00b2 habitables de plain-pied sur un terrain de 1200 m\u00b2.<br \/>Vous serez s\u00e9duit par son spacieux s\u00e9jour de 40 m\u00b2, lumineux et ouvert sur une terrasse de 30 m\u00b2 ainsi qu&rsquo;un jardin de 1200 m\u00b2, id\u00e9al pour profiter de moments conviviaux en famille ou entre amis.<br \/>La maison se compose de 5 pi\u00e8ces, dont 4 chambres, une salle de bains, et un WC ind\u00e9pendant, le tout dans un \u00e9tat irr\u00e9prochable.<br \/>La cuisine am\u00e9nag\u00e9e et \u00e9quip\u00e9e, les ouvertures en PVC double vitrage, et la toiture en excellent \u00e9tat garantissent un confort optimal. La hauteur sous plafond de 2,50 m apporte quant \u00e0 elle une agr\u00e9able sensation d&rsquo;espace.<br \/>B\u00e9n\u00e9ficiant d&rsquo;une exposition sud-ouest, cette maison profite d&rsquo;un ensoleillement g\u00e9n\u00e9reux tout au long de la journ\u00e9e. Le terrain, enti\u00e8rement exploitable, est piscinable, permettant d&rsquo;envisager facilement un espace de d\u00e9tente suppl\u00e9mentaire.<br \/>Commodit\u00e9s \u00e0 proximit\u00e9<br \/>Bus \u00e0 5 minutes \u00e0 pied<br \/>Cr\u00e8che, \u00e9coles maternelles et \u00e9l\u00e9mentaires \u00e0 proximit\u00e9<br \/>Commerces d&rsquo;alimentation g\u00e9n\u00e9rale et restaurant accessibles \u00e0 pied<br \/>Parc et espaces verts \u00e0 quelques minutes<br \/>M\u00e9decins g\u00e9n\u00e9ralistes \u00e0 10 minutes en voiture<br \/>Fibre disponible, assurant un internet tr\u00e8s haut d\u00e9bit<br \/>Cette propri\u00e9t\u00e9 offre une combinaison id\u00e9ale de confort, modernit\u00e9 et tranquillit\u00e9, tout en restant proche des services essentiels.<br \/>Une visite s&rsquo;impose pour appr\u00e9cier pleinement tout son potentiel.<br \/>Honoraires \u00e0 la charge du vendeur.  Classe \u00e9nergie C, Classe climat A Montant estim\u00e9 des d\u00e9penses annuelles d&rsquo;\u00e9nergie pour un usage standard : entre 1150.00 \u20ac et 1600.00 \u20ac sur les ann\u00e9es 2021, 2022 et 2023 (abonnements compris). Les informations sur les risques auxquels ce bien est expos\u00e9 sont disponibles sur le site G\u00e9orisques\u00a0: georisques.gouv.fr. <br \/>Votre conseiller Welc&rsquo;Home Provence : Ghislain VERDIER<br \/>Agent commercial (Entreprise individuelle)  <br \/>  RSAC 500511332 RSAC DRAGUIGNAN  <br \/>  RCP 127 100 479&Prime;,\u00a0\u00bblink\u00a0\u00bb:\u00a0\u00bbhttps:\/\/www.bienici.com\/annonce\/netty-company37281uzh-house-532&Prime;,\u00a0\u00bbguid\u00a0\u00bb:{\u00ab\u00a0@isPermaLink\u00a0\u00bb:\u00a0\u00bbfalse\u00a0\u00bb,\u00a0\u00bb#\u00a0\u00bb:\u00a0\u00bbfb9647f72d44e3c34df2b9ca5d17d95ae3060e7b\u00a0\u00bb},\u00a0\u00bbg:brand\u00a0\u00bb:\u00a0\u00bbBien ici\u00a0\u00bb,\u00a0\u00bbg:mpn\u00a0\u00bb:\u00a0\u00bbnetty-company37281uzh-house-532&Prime;,\u00a0\u00bbg:google_product_category\u00a0\u00bb:\u00a0\u00bbMaison et jardin\u00a0\u00bb,\u00a0\u00bbg:product_type\u00a0\u00bb:\u00a0\u00bbMaison et jardin\u00a0\u00bb,\u00a0\u00bbg:shipping\u00a0\u00bb:{\u00ab\u00a0g:country\u00a0\u00bb:\u00a0\u00bbFR\u00a0\u00bb,\u00a0\u00bbg:price\u00a0\u00bb:\u00a0\u00bb0 EUR\u00a0\u00bb},\u00a0\u00bbg:availability\u00a0\u00bb:\u00a0\u00bben stock\u00a0\u00bb,\u00a0\u00bbg:condition\u00a0\u00bb:\u00a0\u00bboccasion\u00a0\u00bb,\u00a0\u00bbg:adType\u00a0\u00bb:\u00a0\u00bbbuy\u00a0\u00bb,\u00a0\u00bbg:propertyType\u00a0\u00bb:\u00a0\u00bbmaisonvilla\u00a0\u00bb,\u00a0\u00bbg:departement\u00a0\u00bb:\u00a0\u00bb83&Prime;,\u00a0\u00bbg:departement_name\u00a0\u00bb:\u00a0\u00bbVar\u00a0\u00bb,\u00a0\u00bbg:in_the_departement_name\u00a0\u00bb:\u00a0\u00bbdans le Var\u00a0\u00bb,\u00a0\u00bbg:region_name\u00a0\u00bb:\u00a0\u00bbProvence-Alpes-C\u00f4te d&rsquo;Azur\u00a0\u00bb,\u00a0\u00bbg:in_the_region_name\u00a0\u00bb:\u00a0\u00bben Provence-Alpes-C\u00f4te d&rsquo;Azur\u00a0\u00bb,\u00a0\u00bbg:old_region_name\u00a0\u00bb:\u00a0\u00bbProvence-Alpes-C\u00f4te d&rsquo;Azur\u00a0\u00bb,\u00a0\u00bbg:old_in_the_region_name\u00a0\u00bb:\u00a0\u00bben Provence-Alpes-C\u00f4te d&rsquo;Azur\u00a0\u00bb,\u00a0\u00bbg:city\u00a0\u00bb:\u00a0\u00bbRians\u00a0\u00bb,\u00a0\u00bbg:in_city\u00a0\u00bb:\u00a0\u00bb\u00e0 Rians\u00a0\u00bb,\u00a0\u00bbg:postal_code\u00a0\u00bb:\u00a0\u00bb83560&Prime;,\u00a0\u00bbg:surfaceArea\u00a0\u00bb:\u00a0\u00bb105&Prime;,\u00a0\u00bbg:roomsQuantity\u00a0\u00bb:\u00a0\u00bb5&Prime;,\u00a0\u00bbg:bedroomsQuantity\u00a0\u00bb:\u00a0\u00bb4&Prime;,\u00a0\u00bbg:energyClassification\u00a0\u00bb:\u00a0\u00bbC\u00a0\u00bb,\u00a0\u00bbg:greenhouseGazClassification\u00a0\u00bb:\u00a0\u00bbA\u00a0\u00bb,\u00a0\u00bbg:terrasse\u00a0\u00bb:\u00a0\u00bbterrasse\u00a0\u00bb,\u00a0\u00bbg:id\u00a0\u00bb:\u00a0\u00bbfb9647f72d44e3c34df2b9ca5d17d95ae3060e7b\u00a0\u00bb,\u00a0\u00bbg:publicationDate\u00a0\u00bb:\u00a0\u00bb2025-11-03T02:02:44.204Z\u00a0\u00bb,\u00a0\u00bbg:modificationDate\u00a0\u00bb:\u00a0\u00bb2025-11-03T02:02:44.204Z\u00a0\u00bb,\u00a0\u00bbg:customerId\u00a0\u00bb:\u00a0\u00bbwelc-home-provence\u00a0\u00bb,\u00a0\u00bbg:price\u00a0\u00bb:\u00a0\u00bb339000 EUR\u00a0\u00bb,\u00a0\u00bbg:image_link\u00a0\u00bb:\u00a0\u00bbhttps:\/\/file.bienici.com\/photo\/netty-company37281uzh-house-532_img.netty.immo_productcw_company37281uzh_2_VM532_1762101912_VM532_16_original.jpg\u00a0\u00bb,\u00a0\u00bbg:additional_image_link\u00a0\u00bb:[\u00ab\u00a0https:\/\/file.bienici.com\/photo\/netty-company37281uzh-house-532_img.netty.immo_productcw_company37281uzh_2_VM532_1762101497_VM532_13_original.jpg\u00a0\u00bb,\u00a0\u00bbhttps:\/\/file.bienici.com\/photo\/netty-company37281uzh-house-532_img.netty.immo_productcw_company37281uzh_2_VM532_1762099900_VM532_3_original.jpg\u00a0\u00bb,\u00a0\u00bbhttps:\/\/file.bienici.com\/photo\/netty-company37281uzh-house-532_img.netty.immo_productcw_company37281uzh_2_VM532_1762099879_VM532_1_original.jpg\u00a0\u00bb,\u00a0\u00bbhttps:\/\/file.bienici.com\/photo\/netty-company37281uzh-house-532_img.netty.immo_productcw_company37281uzh_2_VM532_1762099885_VM532_2_original.jpg\u00a0\u00bb,\u00a0\u00bbhttps:\/\/file.bienici.com\/photo\/netty-company37281uzh-house-532_img.netty.immo_productcw_company37281uzh_2_VM532_1762099905_VM532_4_original.jpg\u00a0\u00bb,\u00a0\u00bbhttps:\/\/file.bienici.com\/photo\/netty-company37281uzh-house-532_img.netty.immo_productcw_company37281uzh_2_VM532_1762099911_VM532_5_original.jpg\u00a0\u00bb,\u00a0\u00bbhttps:\/\/file.bienici.com\/photo\/netty-company37281uzh-house-532_img.netty.immo_productcw_company37281uzh_2_VM532_1762099918_VM532_6_original.jpg\u00a0\u00bb,\u00a0\u00bbhttps:\/\/file.bienici.com\/photo\/netty-company37281uzh-house-532_img.netty.immo_productcw_company37281uzh_2_VM532_1762099927_VM532_7_original.jpg\u00a0\u00bb,\u00a0\u00bbhttps:\/\/file.bienici.com\/photo\/netty-company37281uzh-house-532_img.netty.immo_productcw_company37281uzh_2_VM532_1762099934_VM532_8_original.jpg\u00a0\u00bb]},{\u00ab\u00a0title\u00a0\u00bb:\u00a0\u00bbMaison 6\u00a0pi\u00e8ces 91\u00a0m\u00b2\u00a0\u00bb,\u00a0\u00bbdescription\u00a0\u00bb:\u00a0\u00bbId\u00e9alement situ\u00e9e dans un quartier calme \u00e0 seulement quelques pas d&rsquo;un centre commercial, cette maison mitoyenne d&rsquo;un seul c\u00f4t\u00e9 offre un cadre de vie rare, o\u00f9 tout se fait \u00e0 pied ou \u00e0 v\u00e9lo : commerces, services, loisirs\u2026 Le quotidien devient simple et agr\u00e9able.\\n\\nD\u00e8s l&rsquo;entr\u00e9e, un sas vous accueille et m\u00e8ne \u00e0 une pi\u00e8ce de vie lumineuse, pens\u00e9e pour les moments de partage. Une seconde pi\u00e8ce attenante\\nprofite d&rsquo;une ouverture directe sur une v\u00e9randa aluminium, carrel\u00e9e et baign\u00e9e de lumi\u00e8re \u2014 un v\u00e9ritable prolongement de l&rsquo;espace de vie, pour profiter du jardin.\\nLa cuisine vintage, pleine de charme, se situe sur le m\u00eame niveau, possibilit\u00e9 de vous projeter sur une cuisine ouverte sur la pi\u00e8ce principale.\\nUn WC  avec lave-mains, tr\u00e8s pratique.\\n\\n\u00c0 l&rsquo;\u00e9tage, le palier dessert :\\nDeux chambres confortables,\\nUn bureau qui peut aussi servir de chambre d&rsquo;enfant ou d&rsquo;espace t\u00e9l\u00e9travail,\\nUne salle de bains fonctionnelle avec douche et\\nWC.\\n\\nLes combles am\u00e9nag\u00e9s offrent une troisi\u00e8me chambre spacieuse, \u00e9quip\u00e9e d&rsquo;un V\u00e9lux motoris\u00e9.\\n\\nLe sous-sol complet ajoute de belles possibilit\u00e9s :\\nGarage motoris\u00e9, espace atelier, chaufferie, buanderie avec point d&rsquo;eau\u2026\\nLe tout accompagn\u00e9 d&rsquo;un second garage, \u00e9galement motoris\u00e9 et dot\u00e9 d&rsquo;une entr\u00e9e ind\u00e9pendante.\\n Les atouts qui font la diff\u00e9rence\\nProximit\u00e9 imm\u00e9diate des commerces\\nPossibilit\u00e9 de tout faire \u00e0 pied ou \u00e0 v\u00e9lo\\nUn ext\u00e9rieur bien pens\u00e9, parfait pour profiter de moments en plain aire.\\nV\u00e9randa lumineuse acc\u00e8s direct \u00e0 un ext\u00e9rieur privatif\\nSous-sol complet +  deux garage avec deux entr\u00e9es ind\u00e9pendantes\\nEnvironnement paisible et pratique \u00e0 la fois\\n\\nUne maison qui offre un vrai confort de vie, dans un emplacement rare.\\nIl ne vous reste plus qu&rsquo;\u00e0 venir la d\u00e9couvrir\u2026 et vous y projeter.\\n\\nCette annonce r\u00e9f\u00e9rence 309608 vous est pr\u00e9sent\u00e9e par votre agent commercial BSK Immobilier MAGGY DORET (EI) immatricul\u00e9 au RSAC de DIJON (21000) sous le num\u00e9ro 91329050800013.\\n\\nPrix du bien : 250 000,00 \u20ac\\nLes honoraires d&rsquo;agence sont \u00e0 la charge du vendeur.\\n\\nA propos des performances \u00e9nerg\u00e9tiques :\\nDate de r\u00e9alisation du diagnostic \u00e9nerg\u00e9tique : 09\/09\/2025\\nScore DPE : 218 kWhEP\/m\u00b2\/an\\nScore GES : 45 kgepCO2\/m\u00b2\/an\\nMontant estim\u00e9 des d\u00e9penses annuelles d&rsquo;\u00e9nergie pour un usage standard : entre 1840.00 \u20ac et 2530.00 \u20ac par an. Prix moyens des \u00e9nergies index\u00e9s sur l&rsquo;ann\u00e9e 2025 (abonnements compris).\\n\\nLes informations sur les risques auxquels ce bien est expos\u00e9 sont disponibles sur le site G\u00e9orisques\u00a0: www.georisques.gouv.fr\u00a0\u00bb,\u00a0\u00bblink\u00a0\u00bb:\u00a0\u00bbhttps:\/\/www.bienici.com\/annonce\/ag311656-496838861&Prime;,\u00a0\u00bbguid\u00a0\u00bb:{\u00ab\u00a0@isPermaLink\u00a0\u00bb:\u00a0\u00bbfalse\u00a0\u00bb,\u00a0\u00bb#\u00a0\u00bb:\u00a0\u00bba5b0c2f569d32a659942423b99dbd9752ab9f035&Prime;},\u00a0\u00bbg:brand\u00a0\u00bb:\u00a0\u00bbBien ici\u00a0\u00bb,\u00a0\u00bbg:mpn\u00a0\u00bb:\u00a0\u00bbag311656-496838861&Prime;,\u00a0\u00bbg:google_product_category\u00a0\u00bb:\u00a0\u00bbMaison et jardin\u00a0\u00bb,\u00a0\u00bbg:product_type\u00a0\u00bb:\u00a0\u00bbMaison et jardin\u00a0\u00bb,\u00a0\u00bbg:shipping\u00a0\u00bb:{\u00ab\u00a0g:country\u00a0\u00bb:\u00a0\u00bbFR\u00a0\u00bb,\u00a0\u00bbg:price\u00a0\u00bb:\u00a0\u00bb0 EUR\u00a0\u00bb},\u00a0\u00bbg:availability\u00a0\u00bb:\u00a0\u00bben stock\u00a0\u00bb,\u00a0\u00bbg:condition\u00a0\u00bb:\u00a0\u00bboccasion\u00a0\u00bb,\u00a0\u00bbg:adType\u00a0\u00bb:\u00a0\u00bbbuy\u00a0\u00bb,\u00a0\u00bbg:propertyType\u00a0\u00bb:\u00a0\u00bbmaisonvilla\u00a0\u00bb,\u00a0\u00bbg:city\u00a0\u00bb:\u00a0\u00bbSaint-Apollinaire\u00a0\u00bb,\u00a0\u00bbg:in_city\u00a0\u00bb:\u00a0\u00bb\u00e0 Saint-Apollinaire\u00a0\u00bb,\u00a0\u00bbg:postal_code\u00a0\u00bb:\u00a0\u00bb21850&Prime;,\u00a0\u00bbg:surfaceArea\u00a0\u00bb:\u00a0\u00bb91&Prime;,\u00a0\u00bbg:roomsQuantity\u00a0\u00bb:\u00a0\u00bb6&Prime;,\u00a0\u00bbg:bedroomsQuantity\u00a0\u00bb:\u00a0\u00bb3&Prime;,\u00a0\u00bbg:energyClassification\u00a0\u00bb:\u00a0\u00bbD\u00a0\u00bb,\u00a0\u00bbg:greenhouseGazClassification\u00a0\u00bb:\u00a0\u00bbD\u00a0\u00bb,\u00a0\u00bbg:parking\u00a0\u00bb:\u00a0\u00bbparking\u00a0\u00bb,\u00a0\u00bbg:terrasse\u00a0\u00bb:\u00a0\u00bbterrasse\u00a0\u00bb,\u00a0\u00bbg:balcon\u00a0\u00bb:\u00a0\u00bbbalcon\u00a0\u00bb,\u00a0\u00bbg:id\u00a0\u00bb:\u00a0\u00bba5b0c2f569d32a659942423b99dbd9752ab9f035&Prime;,\u00a0\u00bbg:publicationDate\u00a0\u00bb:\u00a0\u00bb2025-11-03T02:00:06.659Z\u00a0\u00bb,\u00a0\u00bbg:modificationDate\u00a0\u00bb:\u00a0\u00bb2025-11-03T02:00:06.659Z\u00a0\u00bb,\u00a0\u00bbg:price\u00a0\u00bb:\u00a0\u00bb250000 EUR\u00a0\u00bb,\u00a0\u00bbg:image_link\u00a0\u00bb:\u00a0\u00bbhttps:\/\/file.bienici.com\/photo\/ag311656-496838861_photos.ubiflow.net_311656_496838861_photos_1.jpg_INSOON_EB_5512801818_20251103023213&Prime;,\u00a0\u00bbg:additional_image_link\u00a0\u00bb:[\u00ab\u00a0https:\/\/file.bienici.com\/photo\/ag311656-496838861_photos.ubiflow.net_311656_496838861_photos_2.jpg_INSOON_EB_5512801818_20251103023213&Prime;,\u00a0\u00bbhttps:\/\/file.bienici.com\/photo\/ag311656-496838861_photos.ubiflow.net_311656_496838861_photos_3.jpg_INSOON_EB_5512801818_20251103023213&Prime;,\u00a0\u00bbhttps:\/\/file.bienici.com\/photo\/ag311656-496838861_photos.ubiflow.net_311656_496838861_photos_4.jpg_INSOON_EB_5512801818_20251103023213&Prime;,\u00a0\u00bbhttps:\/\/file.bienici.com\/photo\/ag311656-496838861_photos.ubiflow.net_311656_496838861_photos_5.jpg_INSOON_EB_5512801818_20251103023213&Prime;,\u00a0\u00bbhttps:\/\/file.bienici.com\/photo\/ag311656-496838861_photos.ubiflow.net_311656_496838861_photos_6.jpg_INSOON_EB_5512801818_20251103023213&Prime;,\u00a0\u00bbhttps:\/\/file.bienici.com\/photo\/ag311656-496838861_photos.ubiflow.net_311656_496838861_photos_7.jpg_INSOON_EB_5512801818_20251103023213&Prime;,\u00a0\u00bbhttps:\/\/file.bienici.com\/photo\/ag311656-496838861_photos.ubiflow.net_311656_496838861_photos_8.jpg_INSOON_EB_5512801818_20251103023213&Prime;,\u00a0\u00bbhttps:\/\/file.bienici.com\/photo\/ag311656-496838861_photos.ubiflow.net_311656_496838861_photos_9.jpg_INSOON_EB_5512801818_20251103023213&Prime;,\u00a0\u00bbhttps:\/\/file.bienici.com\/photo\/ag311656-496838861_photos.ubiflow.net_311656_496838861_photos_10.jpg_INSOON_EB_5512801818_20251103023213\u00a0\u00bb]},{\u00ab\u00a0title\u00a0\u00bb:\u00a0\u00bbAppartement 4\u00a0pi\u00e8ces 75\u00a0m\u00b2\u00a0\u00bb,\u00a0\u00bbdescription\u00a0\u00bb:\u00a0\u00bbCRETEIL &#8211; CRETEIL SOLEIL &#8211; 4 PI\u00c8CES &#8211; 3 CHAMBRES &#8211; 75.85m2 &#8211; EXCELLENT EMPLACEMENT AVEC BALCON\\n\\nJe vous propose cet appartement situ\u00e9 \u00e0 deux pas du centre commercial Cr\u00e9teil Soleil, et  \u00e0 seulement 10 minutes \u00e0 pied du M\u00e9tro ligne 8 Cr\u00e9teil Pr\u00e9fecture.\\n\\nCe bien de 75.85m2 se trouve au 3\u00e8me \u00e9tage d&rsquo;un immeuble bien entretenu avec ascenseur.\\n\\nIl se compose d&rsquo;une cuisine \u00e9quip\u00e9e, ouverte sur un spacieux s\u00e9jour lumineux donnant sur un balcon expos\u00e9 Sud-Ouest, id\u00e9al pour profiter du soleil.\\n\\nVous d\u00e9couvrirez \u00e9galement une grande entr\u00e9e dot\u00e9e d&rsquo;une penderie ainsi d&rsquo;un cellier , l&rsquo;espace nuit qui comprend  trois chambres, une salle de bain , un WC s\u00e9par\u00e9.\\nSes atouts majeurs r\u00e9sident dans son excellent emplacement, \u00e0 proximit\u00e9 des commerces, \u00e9coles, et transports en commun.\\n\\nUne cave et une place de parking en sous-sol  viennent compl\u00e9ter ce bien .\\n\\nNe manquez pas cette opportunit\u00e9 de vivre ou d&rsquo;investir dans un quartier dynamique et pris\u00e9 de Cr\u00e9teil.\\n\\nContactez-nous d\u00e8s maintenant pour organiser une visite.\\n Les informations sur les risques auxquels ce bien est expos\u00e9 sont disponibles sur le site Georisque : georisques.gouv.fr\\n Souhila Djedid &#8211; EI &#8211; est Agent Commercial mandataire en immobilier, immatricul\u00e9 au Registre Sp\u00e9cial des Agents Commerciaux du Tribunal de Commerce de Cr\u00e9teil sous le n\u00b0877654582.\\nSi\u00e8ge social du mandant : effiCity, 48 avenue de Villiers &#8211; 75017 PARIS &#8211; Soci\u00e9t\u00e9 par Actions Simplifi\u00e9e, soci\u00e9t\u00e9 au capital de 132 373,05 euros, immatricul\u00e9e au RCS Paris 497 617 746 et titulaire de la Carte professionnelle CPI 7501 2015 000 002 025 &#8211; CCI Paris IDF &#8211; Caisse de Garantie : GALIAN Assurances 89 rue de la Bo\u00e9tie 75008 Paris\u00a0\u00bb,\u00a0\u00bblink\u00a0\u00bb:\u00a0\u00bbhttps:\/\/www.bienici.com\/annonce\/ag750129-491744543&Prime;,\u00a0\u00bbguid\u00a0\u00bb:{\u00ab\u00a0@isPermaLink\u00a0\u00bb:\u00a0\u00bbfalse\u00a0\u00bb,\u00a0\u00bb#\u00a0\u00bb:\u00a0\u00bba52dc75662d080b0abd92d301de773464b510434&Prime;},\u00a0\u00bbg:brand\u00a0\u00bb:\u00a0\u00bbBien ici\u00a0\u00bb,\u00a0\u00bbg:mpn\u00a0\u00bb:\u00a0\u00bbag750129-491744543&Prime;,\u00a0\u00bbg:google_product_category\u00a0\u00bb:\u00a0\u00bbMaison et jardin\u00a0\u00bb,\u00a0\u00bbg:product_type\u00a0\u00bb:\u00a0\u00bbMaison et jardin\u00a0\u00bb,\u00a0\u00bbg:shipping\u00a0\u00bb:{\u00ab\u00a0g:country\u00a0\u00bb:\u00a0\u00bbFR\u00a0\u00bb,\u00a0\u00bbg:price\u00a0\u00bb:\u00a0\u00bb0 EUR\u00a0\u00bb},\u00a0\u00bbg:availability\u00a0\u00bb:\u00a0\u00bben stock\u00a0\u00bb,\u00a0\u00bbg:condition\u00a0\u00bb:\u00a0\u00bboccasion\u00a0\u00bb,\u00a0\u00bbg:adType\u00a0\u00bb:\u00a0\u00bbbuy\u00a0\u00bb,\u00a0\u00bbg:propertyType\u00a0\u00bb:\u00a0\u00bbappartement\u00a0\u00bb,\u00a0\u00bbg:departement\u00a0\u00bb:\u00a0\u00bb94&Prime;,\u00a0\u00bbg:departement_name\u00a0\u00bb:\u00a0\u00bbVal-de-Marne\u00a0\u00bb,\u00a0\u00bbg:in_the_departement_name\u00a0\u00bb:\u00a0\u00bbdans le Val-de-Marne\u00a0\u00bb,\u00a0\u00bbg:region_name\u00a0\u00bb:\u00a0\u00bbIle-de-France\u00a0\u00bb,\u00a0\u00bbg:in_the_region_name\u00a0\u00bb:\u00a0\u00bben Ile-de-France\u00a0\u00bb,\u00a0\u00bbg:old_region_name\u00a0\u00bb:\u00a0\u00bbIle-de-France\u00a0\u00bb,\u00a0\u00bbg:old_in_the_region_name\u00a0\u00bb:\u00a0\u00bben Ile-de-France\u00a0\u00bb,\u00a0\u00bbg:city\u00a0\u00bb:\u00a0\u00bbCr\u00e9teil\u00a0\u00bb,\u00a0\u00bbg:in_city\u00a0\u00bb:\u00a0\u00bb\u00e0 Cr\u00e9teil\u00a0\u00bb,\u00a0\u00bbg:postal_code\u00a0\u00bb:\u00a0\u00bb94000&Prime;,\u00a0\u00bbg:surfaceArea\u00a0\u00bb:\u00a0\u00bb75&Prime;,\u00a0\u00bbg:roomsQuantity\u00a0\u00bb:\u00a0\u00bb4&Prime;,\u00a0\u00bbg:bedroomsQuantity\u00a0\u00bb:\u00a0\u00bb3&Prime;,\u00a0\u00bbg:energyClassification\u00a0\u00bb:\u00a0\u00bbD\u00a0\u00bb,\u00a0\u00bbg:greenhouseGazClassification\u00a0\u00bb:\u00a0\u00bbC\u00a0\u00bb,\u00a0\u00bbg:parking\u00a0\u00bb:\u00a0\u00bbparking\u00a0\u00bb,\u00a0\u00bbg:balcon\u00a0\u00bb:\u00a0\u00bbbalcon\u00a0\u00bb,\u00a0\u00bbg:id\u00a0\u00bb:\u00a0\u00bba52dc75662d080b0abd92d301de773464b510434&Prime;,\u00a0\u00bbg:publicationDate\u00a0\u00bb:\u00a0\u00bb2025-11-03T01:59:51.266Z\u00a0\u00bb,\u00a0\u00bbg:modificationDate\u00a0\u00bb:\u00a0\u00bb2025-11-03T01:59:51.266Z\u00a0\u00bb,\u00a0\u00bbg:price\u00a0\u00bb:\u00a0\u00bb289000 EUR\u00a0\u00bb,\u00a0\u00bbg:image_link\u00a0\u00bb:\u00a0\u00bbhttps:\/\/file.bienici.com\/photo\/ag750129-491744543_photos.ubiflow.net_750129_491744543_photos_1.jpg_INSOON_EB_5512801818_20251020160749&Prime;,\u00a0\u00bbg:additional_image_link\u00a0\u00bb:[\u00ab\u00a0https:\/\/file.bienici.com\/photo\/ag750129-491744543_photos.ubiflow.net_750129_491744543_photos_2.jpg_INSOON_EB_5512801818_20251020160749&Prime;,\u00a0\u00bbhttps:\/\/file.bienici.com\/photo\/ag750129-491744543_photos.ubiflow.net_750129_491744543_photos_3.jpg_INSOON_EB_5512801818_20251020160749&Prime;,\u00a0\u00bbhttps:\/\/file.bienici.com\/photo\/ag750129-491744543_photos.ubiflow.net_750129_491744543_photos_4.jpg_INSOON_EB_5512801818_20251020160749&Prime;,\u00a0\u00bbhttps:\/\/file.bienici.com\/photo\/ag750129-491744543_photos.ubiflow.net_750129_491744543_photos_5.jpg_INSOON_EB_5512801818_20251007124705&Prime;,\u00a0\u00bbhttps:\/\/file.bienici.com\/photo\/ag750129-491744543_photos.ubiflow.net_750129_491744543_photos_6.jpg_INSOON_EB_5512801818_20251007124705&Prime;,\u00a0\u00bbhttps:\/\/file.bienici.com\/photo\/ag750129-491744543_photos.ubiflow.net_750129_491744543_photos_7.jpg_INSOON_EB_5512801818_20251007124705&Prime;,\u00a0\u00bbhttps:\/\/file.bienici.com\/photo\/ag750129-491744543_photos.ubiflow.net_750129_491744543_photos_8.jpg_INSOON_EB_5512801818_20251007124705&Prime;,\u00a0\u00bbhttps:\/\/file.bienici.com\/photo\/ag750129-491744543_photos.ubiflow.net_750129_491744543_photos_9.jpg_INSOON_EB_5512801818_20251007124705&Prime;],\u00a0\u00bbg:latitude\u00a0\u00bb:\u00a0\u00bb48.77608543599917&Prime;,\u00a0\u00bbg:longitude\u00a0\u00bb:\u00a0\u00bb2.4578463582676293&Prime;},{\u00ab\u00a0title\u00a0\u00bb:\u00a0\u00bbAppartement 3\u00a0pi\u00e8ces 67\u00a0m\u00b2\u00a0\u00bb,\u00a0\u00bbdescription\u00a0\u00bb:\u00a0\u00bbAppartement 3 pi\u00e8ces avec balcon &#8211; Saint-Ouen\\n\\nExclusivit\u00e9 \u2013 Appartement 3 pi\u00e8ces avec balcon \u2013 Saint-Ouen (rue des Bateliers)\\n\\nSitu\u00e9 au 5\u1d49 \u00e9tage avec ascenseur d&rsquo;un immeuble moderne construit en 2014, venez d\u00e9couvrir cet agr\u00e9able appartement de 3 pi\u00e8ces, d&rsquo;une surface de 66,80 m2 Carrez et d&rsquo;un balcon expos\u00e9 Sud-Ouest. Il b\u00e9n\u00e9ficie d&rsquo;une belle luminosit\u00e9, d&rsquo;une vue d\u00e9gag\u00e9e et d&rsquo;un agencement parfaitement optimis\u00e9.\\n\\nIl se compose d&rsquo;une entr\u00e9e, d&rsquo;un s\u00e9jour spacieux prolong\u00e9 par un balcon de 9 m2, d&rsquo;une cuisine ouverte, de 2 chambres, d&rsquo;une salle de bains avec WC et de rangements.\\n\\nL&rsquo;immeuble, s\u00e9curis\u00e9 et r\u00e9cent, se trouve \u00e0 proximit\u00e9 imm\u00e9diate des commerces, des transports (m\u00e9tro ligne 13 &#038; 14 &#8211; RER C) et des bords de Seine.\\n\\nUn emplacement de parking en sous-sol est disponible en compl\u00e9ment au prix de 18 000 euros.\\n\\nId\u00e9al pour un premier achat ou un investissement.\u00a0\u00bb,\u00a0\u00bblink\u00a0\u00bb:\u00a0\u00bbhttps:\/\/www.bienici.com\/annonce\/ag756204-496836878&Prime;,\u00a0\u00bbguid\u00a0\u00bb:{\u00ab\u00a0@isPermaLink\u00a0\u00bb:\u00a0\u00bbfalse\u00a0\u00bb,\u00a0\u00bb#\u00a0\u00bb:\u00a0\u00bbb434e0fc76b1084e2749b873cb1d4ecffc9016af\u00a0\u00bb},\u00a0\u00bbg:brand\u00a0\u00bb:\u00a0\u00bbBien ici\u00a0\u00bb,\u00a0\u00bbg:mpn\u00a0\u00bb:\u00a0\u00bbag756204-496836878&Prime;,\u00a0\u00bbg:google_product_category\u00a0\u00bb:\u00a0\u00bbMaison et jardin\u00a0\u00bb,\u00a0\u00bbg:product_type\u00a0\u00bb:\u00a0\u00bbMaison et jardin\u00a0\u00bb,\u00a0\u00bbg:shipping\u00a0\u00bb:{\u00ab\u00a0g:country\u00a0\u00bb:\u00a0\u00bbFR\u00a0\u00bb,\u00a0\u00bbg:price\u00a0\u00bb:\u00a0\u00bb0 EUR\u00a0\u00bb},\u00a0\u00bbg:availability\u00a0\u00bb:\u00a0\u00bben stock\u00a0\u00bb,\u00a0\u00bbg:condition\u00a0\u00bb:\u00a0\u00bboccasion\u00a0\u00bb,\u00a0\u00bbg:adType\u00a0\u00bb:\u00a0\u00bbbuy\u00a0\u00bb,\u00a0\u00bbg:propertyType\u00a0\u00bb:\u00a0\u00bbappartement\u00a0\u00bb,\u00a0\u00bbg:departement\u00a0\u00bb:\u00a0\u00bb93&Prime;,\u00a0\u00bbg:departement_name\u00a0\u00bb:\u00a0\u00bbSeine-Saint-Denis\u00a0\u00bb,\u00a0\u00bbg:in_the_departement_name\u00a0\u00bb:\u00a0\u00bben Seine-Saint-Denis\u00a0\u00bb,\u00a0\u00bbg:region_name\u00a0\u00bb:\u00a0\u00bbIle-de-France\u00a0\u00bb,\u00a0\u00bbg:in_the_region_name\u00a0\u00bb:\u00a0\u00bben Ile-de-France\u00a0\u00bb,\u00a0\u00bbg:old_region_name\u00a0\u00bb:\u00a0\u00bbIle-de-France\u00a0\u00bb,\u00a0\u00bbg:old_in_the_region_name\u00a0\u00bb:\u00a0\u00bben Ile-de-France\u00a0\u00bb,\u00a0\u00bbg:city\u00a0\u00bb:\u00a0\u00bbSaint-Ouen\u00a0\u00bb,\u00a0\u00bbg:in_city\u00a0\u00bb:\u00a0\u00bb\u00e0 Saint-Ouen\u00a0\u00bb,\u00a0\u00bbg:postal_code\u00a0\u00bb:\u00a0\u00bb93400&Prime;,\u00a0\u00bbg:surfaceArea\u00a0\u00bb:\u00a0\u00bb67&Prime;,\u00a0\u00bbg:roomsQuantity\u00a0\u00bb:\u00a0\u00bb3&Prime;,\u00a0\u00bbg:bedroomsQuantity\u00a0\u00bb:\u00a0\u00bb2&Prime;,\u00a0\u00bbg:energyClassification\u00a0\u00bb:\u00a0\u00bbB\u00a0\u00bb,\u00a0\u00bbg:greenhouseGazClassification\u00a0\u00bb:\u00a0\u00bbA\u00a0\u00bb,\u00a0\u00bbg:parking\u00a0\u00bb:\u00a0\u00bbparking\u00a0\u00bb,\u00a0\u00bbg:balcon\u00a0\u00bb:\u00a0\u00bbbalcon\u00a0\u00bb,\u00a0\u00bbg:id\u00a0\u00bb:\u00a0\u00bbb434e0fc76b1084e2749b873cb1d4ecffc9016af\u00a0\u00bb,\u00a0\u00bbg:publicationDate\u00a0\u00bb:\u00a0\u00bb2025-11-03T01:59:32.263Z\u00a0\u00bb,\u00a0\u00bbg:modificationDate\u00a0\u00bb:\u00a0\u00bb2025-11-03T01:59:32.263Z\u00a0\u00bb,\u00a0\u00bbg:customerId\u00a0\u00bb:\u00a0\u00bbgregory.moreaux@bridge-re.com-1698152911014&Prime;,\u00a0\u00bbg:price\u00a0\u00bb:\u00a0\u00bb390000 EUR\u00a0\u00bb,\u00a0\u00bbg:image_link\u00a0\u00bb:\u00a0\u00bbhttps:\/\/file.bienici.com\/photo\/ag756204-496836878_photos.ubiflow.net_756204_496836878_photos_1.jpg_INSOON_EB_5512801818_20251103021854&Prime;,\u00a0\u00bbg:additional_image_link\u00a0\u00bb:[\u00ab\u00a0https:\/\/file.bienici.com\/photo\/ag756204-496836878_photos.ubiflow.net_756204_496836878_photos_2.jpg_INSOON_EB_5512801818_20251103021854&Prime;,\u00a0\u00bbhttps:\/\/file.bienici.com\/photo\/ag756204-496836878_photos.ubiflow.net_756204_496836878_photos_3.jpg_INSOON_EB_5512801818_20251103021854&Prime;,\u00a0\u00bbhttps:\/\/file.bienici.com\/photo\/ag756204-496836878_photos.ubiflow.net_756204_496836878_photos_4.jpg_INSOON_EB_5512801818_20251103021854&Prime;,\u00a0\u00bbhttps:\/\/file.bienici.com\/photo\/ag756204-496836878_photos.ubiflow.net_756204_496836878_photos_5.jpg_INSOON_EB_5512801818_20251103021854&Prime;,\u00a0\u00bbhttps:\/\/file.bienici.com\/photo\/ag756204-496836878_photos.ubiflow.net_756204_496836878_photos_6.jpg_INSOON_EB_5512801818_20251103021854&Prime;,\u00a0\u00bbhttps:\/\/file.bienici.com\/photo\/ag756204-496836878_photos.ubiflow.net_756204_496836878_photos_7.jpg_INSOON_EB_5512801818_20251103021854&Prime;,\u00a0\u00bbhttps:\/\/file.bienici.com\/photo\/ag756204-496836878_photos.ubiflow.net_756204_496836878_photos_8.jpg_INSOON_EB_5512801818_20251103021854&Prime;,\u00a0\u00bbhttps:\/\/file.bienici.com\/photo\/ag756204-496836878_photos.ubiflow.net_756204_496836878_photos_9.jpg_INSOON_EB_5512801818_20251103021854&Prime;,\u00a0\u00bbhttps:\/\/file.bienici.com\/photo\/ag756204-496836878_photos.ubiflow.net_756204_496836878_photos_10.jpg_INSOON_EB_5512801818_20251103021854&Prime;],\u00a0\u00bbg:latitude\u00a0\u00bb:\u00a0\u00bb48.912572568076136&Prime;,\u00a0\u00bbg:longitude\u00a0\u00bb:\u00a0\u00bb2.328571400415372&Prime;},{\u00ab\u00a0title\u00a0\u00bb:\u00a0\u00bbAppartement 5\u00a0pi\u00e8ces 107\u00a0m\u00b2\u00a0\u00bb,\u00a0\u00bbdescription\u00a0\u00bb:\u00a0\u00bbEXCLUSIVIT\u00c9 \u2013 Appartement 5 pi\u00e8ces &#8211; Pl de Clichy\\n\\nEXCLUSIVIT\u00c9 \u2013 Appartement 5 pi\u00e8ces avec balcon &#8211; Place de Clichy &#8211; Paris 9\u00e8me\\n\\nAu c\u0153ur du quartier vivant et recherch\u00e9 de la Place de Clichy, proche des commerces, des transports et des lieux embl\u00e9matiques de la capitale, d\u00e9couvrez ce spacieux appartement de 106,70 m2, situ\u00e9 au 5e \u00e9tage avec ascenseur d&rsquo;un bel immeuble ancien.\\n\\nCe bien rare offre 5 pi\u00e8ces, 4 chambres et s\u00e9duit par son charme de l&rsquo;ancien (parquet, moulures et chemin\u00e9e). Traversant et lumineux, il constitue un cadre id\u00e9al pour un projet de r\u00e9novation sur mesure.\\n\\nIl se compose d&rsquo;une entr\u00e9e, d&rsquo;un s\u00e9jour, d&rsquo;une salle \u00e0 manger, d&rsquo;une cuisine ind\u00e9pendante, de 4 chambres, d&rsquo;un dressing, d&rsquo;une salle d&rsquo;eau, d&rsquo;une salle de bain et d&rsquo;un WC ind\u00e9pendant.\\n\\n\u00c0 r\u00e9nover, cet appartement repr\u00e9sente une belle opportunit\u00e9 pour cr\u00e9er un int\u00e9rieur unique.\u00a0\u00bb,\u00a0\u00bblink\u00a0\u00bb:\u00a0\u00bbhttps:\/\/www.bienici.com\/annonce\/ag756204-496836827&Prime;,\u00a0\u00bbguid\u00a0\u00bb:{\u00ab\u00a0@isPermaLink\u00a0\u00bb:\u00a0\u00bbfalse\u00a0\u00bb,\u00a0\u00bb#\u00a0\u00bb:\u00a0\u00bb7f10ba83e1525cc50ea398bc246c2c369915b301&Prime;},\u00a0\u00bbg:brand\u00a0\u00bb:\u00a0\u00bbBien ici\u00a0\u00bb,\u00a0\u00bbg:mpn\u00a0\u00bb:\u00a0\u00bbag756204-496836827&Prime;,\u00a0\u00bbg:google_product_category\u00a0\u00bb:\u00a0\u00bbMaison et jardin\u00a0\u00bb,\u00a0\u00bbg:product_type\u00a0\u00bb:\u00a0\u00bbMaison et jardin\u00a0\u00bb,\u00a0\u00bbg:shipping\u00a0\u00bb:{\u00ab\u00a0g:country\u00a0\u00bb:\u00a0\u00bbFR\u00a0\u00bb,\u00a0\u00bbg:price\u00a0\u00bb:\u00a0\u00bb0 EUR\u00a0\u00bb},\u00a0\u00bbg:availability\u00a0\u00bb:\u00a0\u00bben stock\u00a0\u00bb,\u00a0\u00bbg:condition\u00a0\u00bb:\u00a0\u00bboccasion\u00a0\u00bb,\u00a0\u00bbg:adType\u00a0\u00bb:\u00a0\u00bbbuy\u00a0\u00bb,\u00a0\u00bbg:propertyType\u00a0\u00bb:\u00a0\u00bbappartement\u00a0\u00bb,\u00a0\u00bbg:departement\u00a0\u00bb:\u00a0\u00bb75&Prime;,\u00a0\u00bbg:departement_name\u00a0\u00bb:\u00a0\u00bbParis\u00a0\u00bb,\u00a0\u00bbg:in_the_departement_name\u00a0\u00bb:\u00a0\u00bb\u00e0 Paris\u00a0\u00bb,\u00a0\u00bbg:region_name\u00a0\u00bb:\u00a0\u00bbIle-de-France\u00a0\u00bb,\u00a0\u00bbg:in_the_region_name\u00a0\u00bb:\u00a0\u00bben Ile-de-France\u00a0\u00bb,\u00a0\u00bbg:old_region_name\u00a0\u00bb:\u00a0\u00bbIle-de-France\u00a0\u00bb,\u00a0\u00bbg:old_in_the_region_name\u00a0\u00bb:\u00a0\u00bben Ile-de-France\u00a0\u00bb,\u00a0\u00bbg:city\u00a0\u00bb:\u00a0\u00bbParis 9e\u00a0\u00bb,\u00a0\u00bbg:in_city\u00a0\u00bb:\u00a0\u00bb\u00e0 Paris 9e\u00a0\u00bb,\u00a0\u00bbg:postal_code\u00a0\u00bb:\u00a0\u00bb75009&Prime;,\u00a0\u00bbg:surfaceArea\u00a0\u00bb:\u00a0\u00bb107&Prime;,\u00a0\u00bbg:roomsQuantity\u00a0\u00bb:\u00a0\u00bb5&Prime;,\u00a0\u00bbg:bedroomsQuantity\u00a0\u00bb:\u00a0\u00bb4&Prime;,\u00a0\u00bbg:energyClassification\u00a0\u00bb:\u00a0\u00bbE\u00a0\u00bb,\u00a0\u00bbg:greenhouseGazClassification\u00a0\u00bb:\u00a0\u00bbE\u00a0\u00bb,\u00a0\u00bbg:balcon\u00a0\u00bb:\u00a0\u00bbbalcon\u00a0\u00bb,\u00a0\u00bbg:id\u00a0\u00bb:\u00a0\u00bb7f10ba83e1525cc50ea398bc246c2c369915b301&Prime;,\u00a0\u00bbg:publicationDate\u00a0\u00bb:\u00a0\u00bb2025-11-03T01:59:32.263Z\u00a0\u00bb,\u00a0\u00bbg:modificationDate\u00a0\u00bb:\u00a0\u00bb2025-11-03T01:59:32.263Z\u00a0\u00bb,\u00a0\u00bbg:customerId\u00a0\u00bb:\u00a0\u00bbgregory.moreaux@bridge-re.com-1698152911014&Prime;,\u00a0\u00bbg:price\u00a0\u00bb:\u00a0\u00bb1060000 EUR\u00a0\u00bb,\u00a0\u00bbg:image_link\u00a0\u00bb:\u00a0\u00bbhttps:\/\/file.bienici.com\/photo\/ag756204-496836827_photos.ubiflow.net_756204_496836827_photos_1.jpg_INSOON_EB_5512801818_20251103021836&Prime;,\u00a0\u00bbg:additional_image_link\u00a0\u00bb:[\u00ab\u00a0https:\/\/file.bienici.com\/photo\/ag756204-496836827_photos.ubiflow.net_756204_496836827_photos_2.jpg_INSOON_EB_5512801818_20251103021836&Prime;,\u00a0\u00bbhttps:\/\/file.bienici.com\/photo\/ag756204-496836827_photos.ubiflow.net_756204_496836827_photos_3.jpg_INSOON_EB_5512801818_20251103021836&Prime;,\u00a0\u00bbhttps:\/\/file.bienici.com\/photo\/ag756204-496836827_photos.ubiflow.net_756204_496836827_photos_4.jpg_INSOON_EB_5512801818_20251103021836&Prime;,\u00a0\u00bbhttps:\/\/file.bienici.com\/photo\/ag756204-496836827_photos.ubiflow.net_756204_496836827_photos_5.jpg_INSOON_EB_5512801818_20251103021836&Prime;,\u00a0\u00bbhttps:\/\/file.bienici.com\/photo\/ag756204-496836827_photos.ubiflow.net_756204_496836827_photos_6.jpg_INSOON_EB_5512801818_20251103021836&Prime;,\u00a0\u00bbhttps:\/\/file.bienici.com\/photo\/ag756204-496836827_photos.ubiflow.net_756204_496836827_photos_7.jpg_INSOON_EB_5512801818_20251103021836&Prime;,\u00a0\u00bbhttps:\/\/file.bienici.com\/photo\/ag756204-496836827_photos.ubiflow.net_756204_496836827_photos_8.jpg_INSOON_EB_5512801818_20251103021836&Prime;,\u00a0\u00bbhttps:\/\/file.bienici.com\/photo\/ag756204-496836827_photos.ubiflow.net_756204_496836827_photos_9.jpg_INSOON_EB_5512801818_20251103021836&Prime;,\u00a0\u00bbhttps:\/\/file.bienici.com\/photo\/ag756204-496836827_photos.ubiflow.net_756204_496836827_photos_10.jpg_INSOON_EB_5512801818_20251103021836&Prime;],\u00a0\u00bbg:latitude\u00a0\u00bb:\u00a0\u00bb48.88334671629854&Prime;,\u00a0\u00bbg:longitude\u00a0\u00bb:\u00a0\u00bb2.3287019793905794&Prime;}],\u00a0\u00bbtitle\u00a0\u00bb:\u00a0\u00bbAds from Bien ici\u00a0\u00bb,\u00a0\u00bbdescription\u00a0\u00bb:\u00a0\u00bbReal estate ads catalogue\u00a0\u00bb,\u00a0\u00bblink\u00a0\u00bb:\u00a0\u00bbhttps:\/\/www.bienici.com\u00a0\u00bb,\u00a0\u00bbgenerator\u00a0\u00bb:\u00a0\u00bb\u00a0\u00bb,\u00a0\u00bblastBuildDate\u00a0\u00bb:\u00a0\u00bbMon, 03 Nov 2025 02:27:45 GMT\u00a0\u00bb},\u00a0\u00bb@xmlns:g\u00a0\u00bb:\u00a0\u00bbhttp:\/\/base.google.com\/ns\/1.0&Prime;,\u00a0\u00bb@xmlns:atom\u00a0\u00bb:\u00a0\u00bbhttp:\/\/www.w3.org\/2005\/Atom\u00a0\u00bb,\u00a0\u00bb@xmlns:content\u00a0\u00bb:\u00a0\u00bbhttp:\/\/purl.org\/rss\/1.0\/modules\/content\/\u00a0\u00bb,\u00a0\u00bb@xmlns:dc\u00a0\u00bb:\u00a0\u00bbhttp:\/\/purl.org\/dc\/elements\/1.1\/\u00a0\u00bb,\u00a0\u00bb_id\u00a0\u00bb:\u00a0\u00bb3feeb6601776e1677fa640f1de4eade72b370977f31452f24a607244f4ca3a62&Prime;},\u00a0\u00bbexpires\u00a0\u00bb:1762162425599,\u00a0\u00bblastModified\u00a0\u00bb:1762161825376}},\u00a0\u00bbdynamic-surfooter\u00a0\u00bb:{\u00ab\u00a0{\\\u00a0\u00bbtag\\\u00a0\u00bb:\\\u00a0\u00bb\/faits-divers\\\u00a0\u00bb}\u00a0\u00bb:{\u00ab\u00a0data\u00a0\u00bb:{\u00ab\u00a0data\u00a0\u00bb:[{\u00ab\u00a0id\u00a0\u00bb:\u00a0\u00bbffd9fd90-edc2-4a93-839d-2bdc3b1b3e64&Prime;,\u00a0\u00bbdata\u00a0\u00bb:{\u00ab\u00a0seoLinks\u00a0\u00bb:[[{\u00ab\u00a0name\u00a0\u00bb:\u00a0\u00bbDossiers d\u2019actualit\u00e9\u00a0\u00bb,\u00a0\u00bbseo\u00a0\u00bb:[{\u00ab\u00a0url\u00a0\u00bb:\u00a0\u00bbhttps:\/\/www.leparisien.fr\/international\/etats-unis\/donald-trump\/\u00a0\u00bb,\u00a0\u00bblabel\u00a0\u00bb:\u00a0\u00bbDonald Trump\u00a0\u00bb},{\u00ab\u00a0url\u00a0\u00bb:\u00a0\u00bbhttps:\/\/www.leparisien.fr\/international\/ukraine\/\u00a0\u00bb,\u00a0\u00bblabel\u00a0\u00bb:\u00a0\u00bbGuerre en Ukraine\u00a0\u00bb},{\u00ab\u00a0url\u00a0\u00bb:\u00a0\u00bbhttps:\/\/www.leparisien.fr\/international\/israel\/\u00a0\u00bb,\u00a0\u00bblabel\u00a0\u00bb:\u00a0\u00bbGuerre au Proche-Orient\u00a0\u00bb},{\u00ab\u00a0url\u00a0\u00bb:\u00a0\u00bbhttps:\/\/www.leparisien.fr\/faits-divers\/affaire-frederic-pechier\/\u00a0\u00bb,\u00a0\u00bblabel\u00a0\u00bb:\u00a0\u00bbProc\u00e8s de Fr\u00e9d\u00e9ric P\u00e9chier\u00a0\u00bb},{\u00ab\u00a0url\u00a0\u00bb:\u00a0\u00bbhttps:\/\/www.leparisien.fr\/faits-divers\/attentats-du-13-novembre-2015\/\u00a0\u00bb,\u00a0\u00bblabel\u00a0\u00bb:\u00a0\u00bb10 ans apr\u00e8s les attentats du 13 novembre\u00a0\u00bb},{\u00ab\u00a0url\u00a0\u00bb:\u00a0\u00bbhttps:\/\/www.leparisien.fr\/pouvoir-d-achat\/\u00a0\u00bb,\u00a0\u00bblabel\u00a0\u00bb:\u00a0\u00bbPouvoir d&rsquo;achat\u00a0\u00bb},{\u00ab\u00a0url\u00a0\u00bb:\u00a0\u00bbhttps:\/\/www.leparisien.fr\/dans-les-comptes-des-francais\/\u00a0\u00bb,\u00a0\u00bblabel\u00a0\u00bb:\u00a0\u00bbDans les comptes\u00a0\u00bb},{\u00ab\u00a0url\u00a0\u00bb:\u00a0\u00bbhttps:\/\/www.leparisien.fr\/dans-le-lit-des-francais\/\u00a0\u00bb,\u00a0\u00bblabel\u00a0\u00bb:\u00a0\u00bbDans le lit \u00ab\u00a0},{\u00ab\u00a0url\u00a0\u00bb:\u00a0\u00bbhttps:\/\/www.leparisien.fr\/dans-la-tete-des-francais\/\u00a0\u00bb,\u00a0\u00bblabel\u00a0\u00bb:\u00a0\u00bbDans la t\u00eate\u00a0\u00bb},{\u00ab\u00a0url\u00a0\u00bb:\u00a0\u00bbhttps:\/\/www.leparisien.fr\/societe\/dans-la-nouvelle-vie-des-francais\/\u00a0\u00bb,\u00a0\u00bblabel\u00a0\u00bb:\u00a0\u00bbDans la nouvelle vie\u00a0\u00bb},{\u00ab\u00a0url\u00a0\u00bb:\u00a0\u00bbhttps:\/\/www.leparisien.fr\/intime\/dans-le-secret-du-couple\/\u00a0\u00bb,\u00a0\u00bblabel\u00a0\u00bb:\u00a0\u00bbDans le secret du couple\u00a0\u00bb},{\u00ab\u00a0url\u00a0\u00bb:\u00a0\u00bbhttps:\/\/www.leparisien.fr\/societe\/dans-le-coeur\/\u00a0\u00bb,\u00a0\u00bblabel\u00a0\u00bb:\u00a0\u00bbDans le c\u0153ur\u00a0\u00bb}]}],[{\u00ab\u00a0name\u00a0\u00bb:\u00a0\u00bbSports\u00a0\u00bb,\u00a0\u00bbseo\u00a0\u00bb:[{\u00ab\u00a0url\u00a0\u00bb:\u00a0\u00bbhttps:\/\/www.leparisien.fr\/sports\/football\/psg\/\u00a0\u00bb,\u00a0\u00bblabel\u00a0\u00bb:\u00a0\u00bbPSG\u00a0\u00bb},{\u00ab\u00a0url\u00a0\u00bb:\u00a0\u00bbhttps:\/\/www.leparisien.fr\/sports\/football\/ligue-des-champions\/\u00a0\u00bb,\u00a0\u00bblabel\u00a0\u00bb:\u00a0\u00bbLigue des champions\u00a0\u00bb},{\u00ab\u00a0url\u00a0\u00bb:\u00a0\u00bbhttps:\/\/www.leparisien.fr\/sports\/football\/ligue-1\/\u00a0\u00bb,\u00a0\u00bblabel\u00a0\u00bb:\u00a0\u00bbLigue 1&Prime;},{\u00ab\u00a0url\u00a0\u00bb:\u00a0\u00bbhttps:\/\/www.leparisien.fr\/sports\/football\/paris-fc\/\u00a0\u00bb,\u00a0\u00bblabel\u00a0\u00bb:\u00a0\u00bbParis FC\u00a0\u00bb},{\u00ab\u00a0url\u00a0\u00bb:\u00a0\u00bbhttps:\/\/www.leparisien.fr\/sports\/football\/ousmane-dembele\/\u00a0\u00bb,\u00a0\u00bblabel\u00a0\u00bb:\u00a0\u00bbOusmane Demb\u00e9l\u00e9\u00a0\u00bb},{\u00ab\u00a0url\u00a0\u00bb:\u00a0\u00bbhttps:\/\/www.leparisien.fr\/sports\/football\/kylian-mbappe\/\u00a0\u00bb,\u00a0\u00bblabel\u00a0\u00bb:\u00a0\u00bbKylian Mbapp\u00e9\u00a0\u00bb},{\u00ab\u00a0url\u00a0\u00bb:\u00a0\u00bbhttps:\/\/www.leparisien.fr\/sports\/football\/equipe-de-france\/\u00a0\u00bb,\u00a0\u00bblabel\u00a0\u00bb:\u00a0\u00bb\u00c9quipe de France de football\u00a0\u00bb},{\u00ab\u00a0url\u00a0\u00bb:\u00a0\u00bbhttps:\/\/www.leparisien.fr\/sports\/football\/coupe-d-afrique-des-nations\/\u00a0\u00bb,\u00a0\u00bblabel\u00a0\u00bb:\u00a0\u00bbCAN 2025&Prime;},{\u00ab\u00a0url\u00a0\u00bb:\u00a0\u00bbhttps:\/\/www.leparisien.fr\/sports\/football\/coupe-du-monde\/\u00a0\u00bb,\u00a0\u00bblabel\u00a0\u00bb:\u00a0\u00bbCoupe du monde 2026&Prime;},{\u00ab\u00a0url\u00a0\u00bb:\u00a0\u00bbhttps:\/\/www.leparisien.fr\/sports\/JO\/jo-hiver-2026-milan-cortina\/\u00a0\u00bb,\u00a0\u00bblabel\u00a0\u00bb:\u00a0\u00bbJO d&rsquo;hiver 2026 de Milan-Cortina\u00a0\u00bb}]}],[{\u00ab\u00a0name\u00a0\u00bb:\u00a0\u00bbPolitique\u00a0\u00bb,\u00a0\u00bbseo\u00a0\u00bb:[{\u00ab\u00a0url\u00a0\u00bb:\u00a0\u00bbhttps:\/\/www.leparisien.fr\/politique\/emmanuel-macron\/\u00a0\u00bb,\u00a0\u00bblabel\u00a0\u00bb:\u00a0\u00bbEmmanuel Macron\u00a0\u00bb},{\u00ab\u00a0url\u00a0\u00bb:\u00a0\u00bbhttps:\/\/www.leparisien.fr\/politique\/sebastien-lecornu\/\u00a0\u00bb,\u00a0\u00bblabel\u00a0\u00bb:\u00a0\u00bbS\u00e9bastien Lecornu\u00a0\u00bb},{\u00ab\u00a0url\u00a0\u00bb:\u00a0\u00bbhttps:\/\/www.leparisien.fr\/elections\/municipales\/\u00a0\u00bb,\u00a0\u00bblabel\u00a0\u00bb:\u00a0\u00bbMunicipales 2026&Prime;},{\u00ab\u00a0url\u00a0\u00bb:\u00a0\u00bbhttps:\/\/www.leparisien.fr\/resultats-elections\/\u00a0\u00bb,\u00a0\u00bblabel\u00a0\u00bb:\u00a0\u00bbR\u00e9sultats \u00e9lections\u00a0\u00bb},{\u00ab\u00a0url\u00a0\u00bb:\u00a0\u00bbhttps:\/\/www.leparisien.fr\/elections\/presidentielle\/\u00a0\u00bb,\u00a0\u00bblabel\u00a0\u00bb:\u00a0\u00bbPr\u00e9sidentielle 2027&Prime;}]},{\u00ab\u00a0name\u00a0\u00bb:\u00a0\u00bb\u00c9tudiant\u00a0\u00bb,\u00a0\u00bbseo\u00a0\u00bb:[{\u00ab\u00a0url\u00a0\u00bb:\u00a0\u00bbhttps:\/\/www.leparisien.fr\/etudiant\/etudes\/\u00a0\u00bb,\u00a0\u00bblabel\u00a0\u00bb:\u00a0\u00bbEnseignement sup\u00e9rieur\u00a0\u00bb},{\u00ab\u00a0url\u00a0\u00bb:\u00a0\u00bbhttps:\/\/www.leparisien.fr\/etudiant\/lycee\/\u00a0\u00bb,\u00a0\u00bblabel\u00a0\u00bb:\u00a0\u00bbLyc\u00e9e\u00a0\u00bb},{\u00ab\u00a0url\u00a0\u00bb:\u00a0\u00bbhttps:\/\/www.leparisien.fr\/etudiant\/college\/\u00a0\u00bb,\u00a0\u00bblabel\u00a0\u00bb:\u00a0\u00bbColl\u00e8ge\u00a0\u00bb},{\u00ab\u00a0url\u00a0\u00bb:\u00a0\u00bbhttps:\/\/www.leparisien.fr\/etudiant\/guide-metiers\/\u00a0\u00bb,\u00a0\u00bblabel\u00a0\u00bb:\u00a0\u00bbGuide m\u00e9tier\u00a0\u00bb},{\u00ab\u00a0url\u00a0\u00bb:\u00a0\u00bbhttps:\/\/www.leparisien.fr\/etudiant\/vie-etudiante\/\u00a0\u00bb,\u00a0\u00bblabel\u00a0\u00bb:\u00a0\u00bbVie \u00e9tudiante\u00a0\u00bb},{\u00ab\u00a0url\u00a0\u00bb:\u00a0\u00bbhttps:\/\/www.leparisien.fr\/etudiant\/sortir\/\u00a0\u00bb,\u00a0\u00bblabel\u00a0\u00bb:\u00a0\u00bbAgenda sorties\u00a0\u00bb},{\u00ab\u00a0url\u00a0\u00bb:\u00a0\u00bbhttps:\/\/www.leparisien.fr\/etudiant\/jobs-stages\/\u00a0\u00bb,\u00a0\u00bblabel\u00a0\u00bb:\u00a0\u00bbJobs Stages\u00a0\u00bb}]}],[{\u00ab\u00a0name\u00a0\u00bb:\u00a0\u00bbPodcasts &#038; Vid\u00e9os\u00a0\u00bb,\u00a0\u00bbseo\u00a0\u00bb:[{\u00ab\u00a0url\u00a0\u00bb:\u00a0\u00bbhttps:\/\/www.leparisien.fr\/podcasts\/crime-story\/\u00a0\u00bb,\u00a0\u00bblabel\u00a0\u00bb:\u00a0\u00bbCrime Story\u00a0\u00bb},{\u00ab\u00a0url\u00a0\u00bb:\u00a0\u00bbhttps:\/\/www.leparisien.fr\/podcasts\/code-source\/\u00a0\u00bb,\u00a0\u00bblabel\u00a0\u00bb:\u00a0\u00bbCode source\u00a0\u00bb}]},{\u00ab\u00a0name\u00a0\u00bb:null,\u00a0\u00bbseo\u00a0\u00bb:[{\u00ab\u00a0url\u00a0\u00bb:\u00a0\u00bbhttps:\/\/www.leparisien.fr\/food-checking\/\u00a0\u00bb,\u00a0\u00bblabel\u00a0\u00bb:\u00a0\u00bbFood-checking\u00a0\u00bb},{\u00ab\u00a0url\u00a0\u00bb:\u00a0\u00bbhttps:\/\/www.leparisien.fr\/biclou\/\u00a0\u00bb,\u00a0\u00bblabel\u00a0\u00bb:\u00a0\u00bbBiclou\u00a0\u00bb}]},{\u00ab\u00a0name\u00a0\u00bb:\u00a0\u00bbActus services\u00a0\u00bb,\u00a0\u00bbseo\u00a0\u00bb:[{\u00ab\u00a0url\u00a0\u00bb:\u00a0\u00bbhttps:\/\/www.leparisien.fr\/guide-shopping\/black-friday\/\u00a0\u00bb,\u00a0\u00bblabel\u00a0\u00bb:\u00a0\u00bbBlack Friday 2025&Prime;},{\u00ab\u00a0url\u00a0\u00bb:\u00a0\u00bbhttps:\/\/www.leparisien.fr\/guide-shopping\/bon-plan\/\u00a0\u00bb,\u00a0\u00bblabel\u00a0\u00bb:\u00a0\u00bbBons Plans\u00a0\u00bb},{\u00ab\u00a0url\u00a0\u00bb:\u00a0\u00bbhttps:\/\/www.leparisien.fr\/guide-shopping\/selection-guide\/\u00a0\u00bb,\u00a0\u00bblabel\u00a0\u00bb:\u00a0\u00bbS\u00e9lection du Guide d&rsquo;achat\u00a0\u00bb},{\u00ab\u00a0url\u00a0\u00bb:\u00a0\u00bbhttps:\/\/www.leparisien.fr\/meteo\/\u00a0\u00bb,\u00a0\u00bblabel\u00a0\u00bb:\u00a0\u00bbM\u00e9t\u00e9o\u00a0\u00bb}]}]]},\u00a0\u00bbname\u00a0\u00bb:\u00a0\u00bbdefault_footer\u00a0\u00bb,\u00a0\u00bbtype\u00a0\u00bb:\u00a0\u00bbfooter\u00a0\u00bb,\u00a0\u00bbdevice\u00a0\u00bb:\u00a0\u00bbweb\u00a0\u00bb,\u00a0\u00bbtags\u00a0\u00bb:[\u00ab\u00a0https:\/\/www.leparisien.fr\/\u00a0\u00bb]}],\u00a0\u00bb_id\u00a0\u00bb:\u00a0\u00bb7faecfc1a8076e1203bd12d54970222e04ee86f26b8fc993ddd757c6b13b9e4b\u00a0\u00bb},\u00a0\u00bbexpires\u00a0\u00bb:1762163453954,\u00a0\u00bblastModified\u00a0\u00bb:1762161652576}}};Fusion.layout=\u00a0\u00bbarticle-layout\u00a0\u00bb;Fusion.metas={};Fusion.outputType=\u00a0\u00bbdefault\u00a0\u00bb;Fusion.template=\u00a0\u00bbtemplate\/article\u00a0\u00bb;Fusion.tree={\u00ab\u00a0collection\u00a0\u00bb:\u00a0\u00bblayouts\u00a0\u00bb,\u00a0\u00bbtype\u00a0\u00bb:\u00a0\u00bbarticle-layout\u00a0\u00bb,\u00a0\u00bbprops\u00a0\u00bb:{\u00ab\u00a0collection\u00a0\u00bb:\u00a0\u00bblayouts\u00a0\u00bb,\u00a0\u00bbtype\u00a0\u00bb:\u00a0\u00bbarticle-layout\u00a0\u00bb,\u00a0\u00bbid\u00a0\u00bb:\u00a0\u00bbarticle-layout\u00a0\u00bb,\u00a0\u00bbchildProps\u00a0\u00bb:[{\u00ab\u00a0collection\u00a0\u00bb:\u00a0\u00bbsections\u00a0\u00bb,\u00a0\u00bbid\u00a0\u00bb:0},{\u00ab\u00a0collection\u00a0\u00bb:\u00a0\u00bbsections\u00a0\u00bb,\u00a0\u00bbid\u00a0\u00bb:1},{\u00ab\u00a0collection\u00a0\u00bb:\u00a0\u00bbsections\u00a0\u00bb,\u00a0\u00bbid\u00a0\u00bb:2},{\u00ab\u00a0collection\u00a0\u00bb:\u00a0\u00bbsections\u00a0\u00bb,\u00a0\u00bbid\u00a0\u00bb:3},{\u00ab\u00a0collection\u00a0\u00bb:\u00a0\u00bbsections\u00a0\u00bb,\u00a0\u00bbid\u00a0\u00bb:4},{\u00ab\u00a0collection\u00a0\u00bb:\u00a0\u00bbsections\u00a0\u00bb,\u00a0\u00bbid\u00a0\u00bb:5},{\u00ab\u00a0collection\u00a0\u00bb:\u00a0\u00bbsections\u00a0\u00bb,\u00a0\u00bbid\u00a0\u00bb:6},{\u00ab\u00a0collection\u00a0\u00bb:\u00a0\u00bbsections\u00a0\u00bb,\u00a0\u00bbid\u00a0\u00bb:7}]},\u00a0\u00bbchildren\u00a0\u00bb:[{\u00ab\u00a0collection\u00a0\u00bb:\u00a0\u00bbsections\u00a0\u00bb,\u00a0\u00bbprops\u00a0\u00bb:{\u00ab\u00a0collection\u00a0\u00bb:\u00a0\u00bbsections\u00a0\u00bb,\u00a0\u00bbid\u00a0\u00bb:0},\u00a0\u00bbchildren\u00a0\u00bb:[{\u00ab\u00a0collection\u00a0\u00bb:\u00a0\u00bbfeatures\u00a0\u00bb,\u00a0\u00bbtype\u00a0\u00bb:\u00a0\u00bbglobal\/HeaderNav\u00a0\u00bb,\u00a0\u00bbprops\u00a0\u00bb:{\u00ab\u00a0collection\u00a0\u00bb:\u00a0\u00bbfeatures\u00a0\u00bb,\u00a0\u00bbtype\u00a0\u00bb:\u00a0\u00bbglobal\/HeaderNav\u00a0\u00bb,\u00a0\u00bbid\u00a0\u00bb:\u00a0\u00bbf0fAVPTA1kS68mi\u00a0\u00bb,\u00a0\u00bbname\u00a0\u00bb:\u00a0\u00bbglobal HeaderNav\u00a0\u00bb,\u00a0\u00bbcontentConfig\u00a0\u00bb:{\u00ab\u00a0contentService\u00a0\u00bb:\u00a0\u00bb\u00a0\u00bb,\u00a0\u00bbcontentConfigValues\u00a0\u00bb:{},\u00a0\u00bbinherit\u00a0\u00bb:true},\u00a0\u00bbcustomFields\u00a0\u00bb:{\u00ab\u00a0navBarType\u00a0\u00bb:\u00a0\u00bbLP\u00a0\u00bb,\u00a0\u00bbconfig\u00a0\u00bb:\u00a0\u00bb[{\\\u00a0\u00bbsectionId\\\u00a0\u00bb:\\\u00a0\u00bb\/sports\/football\/ligue-1\/\\\u00a0\u00bb,\\\u00a0\u00bbliveCollectionId\\\u00a0\u00bb:\\\u00a0\u00bb\\\u00a0\u00bb,\\\u00a0\u00bbliveUrl\\\u00a0\u00bb:\\\u00a0\u00bb\\\u00a0\u00bb,\\\u00a0\u00bbliveLabel\\\u00a0\u00bb:\\\u00a0\u00bb\\\u00a0\u00bb,\\\u00a0\u00bbshowLive\\\u00a0\u00bb:false,\\\u00a0\u00bbimage\\\u00a0\u00bb:\\\u00a0\u00bb\\\u00a0\u00bb,\\\u00a0\u00bbimageDark\\\u00a0\u00bb:\\\u00a0\u00bb\\\u00a0\u00bb,\\\u00a0\u00bbimageLink\\\u00a0\u00bb:\\\u00a0\u00bb\\\u00a0\u00bb,\\\u00a0\u00bbimageSizeMobile\\\u00a0\u00bb:\\\u00a0\u00bb\\\u00a0\u00bb,\\\u00a0\u00bbimageSizeTable\\\u00a0\u00bb:\\\u00a0\u00bb\\\u00a0\u00bb,\\\u00a0\u00bbimageSizeDesktop\\\u00a0\u00bb:\\\u00a0\u00bb\\\u00a0\u00bb,\\\u00a0\u00bbcontextLabel\\\u00a0\u00bb:\\\u00a0\u00bbLigue 1\\\u00a0\u00bb,\\\u00a0\u00bbcontextLink\\\u00a0\u00bb:\\\u00a0\u00bbhttps:\/\/www.leparisien.fr\/sports\/football\/ligue-1\/\\\u00a0\u00bb,\\\u00a0\u00bbkeyword\\\u00a0\u00bb:\\\u00a0\u00bb\\\u00a0\u00bb,\\\u00a0\u00bbmetadata\\\u00a0\u00bb:\\\u00a0\u00bb\\\u00a0\u00bb,\\\u00a0\u00bblabel\\\u00a0\u00bb:\\\u00a0\u00bb\\\u00a0\u00bb,\\\u00a0\u00bblinks\\\u00a0\u00bb:[{\\\u00a0\u00bburl\\\u00a0\u00bb:\\\u00a0\u00bbhttps:\/\/www.leparisien.fr\/sports\/football\/ligue-1\/calendrier-resultats\/\\\u00a0\u00bb,\\\u00a0\u00bbtext\\\u00a0\u00bb:\\\u00a0\u00bbCalendrier et r\u00e9sultats\\\u00a0\u00bb,\\\u00a0\u00bbsearchEnable\\\u00a0\u00bb:false,\\\u00a0\u00bbsearchPlaceholder\\\u00a0\u00bb:\\\u00a0\u00bb\\\u00a0\u00bb},{\\\u00a0\u00bburl\\\u00a0\u00bb:\\\u00a0\u00bbhttps:\/\/www.leparisien.fr\/sports\/football\/ligue-1\/classement\/\\\u00a0\u00bb,\\\u00a0\u00bbtext\\\u00a0\u00bb:\\\u00a0\u00bbClassement des \u00e9quipes\\\u00a0\u00bb,\\\u00a0\u00bbsearchEnable\\\u00a0\u00bb:false,\\\u00a0\u00bbsearchPlaceholder\\\u00a0\u00bb:\\\u00a0\u00bb\\\u00a0\u00bb},{\\\u00a0\u00bburl\\\u00a0\u00bb:\\\u00a0\u00bbhttps:\/\/www.leparisien.fr\/sports\/football\/ligue-1\/calendrier-psg\/\\\u00a0\u00bb,\\\u00a0\u00bbtext\\\u00a0\u00bb:\\\u00a0\u00bbCalendrier du PSG\\\u00a0\u00bb,\\\u00a0\u00bbsearchEnable\\\u00a0\u00bb:false,\\\u00a0\u00bbsearchPlaceholder\\\u00a0\u00bb:\\\u00a0\u00bb\\\u00a0\u00bb}]},{\\\u00a0\u00bbsectionId\\\u00a0\u00bb:\\\u00a0\u00bb\/jo-paris-2024\/\\\u00a0\u00bb,\\\u00a0\u00bbliveCollectionId\\\u00a0\u00bb:\\\u00a0\u00bb\\\u00a0\u00bb,\\\u00a0\u00bbliveUrl\\\u00a0\u00bb:\\\u00a0\u00bb\\\u00a0\u00bb,\\\u00a0\u00bbliveLabel\\\u00a0\u00bb:\\\u00a0\u00bb\\\u00a0\u00bb,\\\u00a0\u00bbshowLive\\\u00a0\u00bb:false,\\\u00a0\u00bbimage\\\u00a0\u00bb:\\\u00a0\u00bbhttps:\/\/assets.leparisien.fr\/website\/images\/homepage\/logo-jo-2024.svg\\\u00a0\u00bb,\\\u00a0\u00bbimageDark\\\u00a0\u00bb:\\\u00a0\u00bbhttps:\/\/assets.leparisien.fr\/website\/images\/homepage\/dark\/logo-jo-2024.png\\\u00a0\u00bb,\\\u00a0\u00bbimageLink\\\u00a0\u00bb:\\\u00a0\u00bb\/jo-paris-2024\/\\\u00a0\u00bb,\\\u00a0\u00bbimageSizeMobile\\\u00a0\u00bb:\\\u00a0\u00bb28X16\\\u00a0\u00bb,\\\u00a0\u00bbimageSizeTable\\\u00a0\u00bb:\\\u00a0\u00bb28X16\\\u00a0\u00bb,\\\u00a0\u00bbimageSizeDesktop\\\u00a0\u00bb:\\\u00a0\u00bb28X16\\\u00a0\u00bb,\\\u00a0\u00bbcontextLabel\\\u00a0\u00bb:\\\u00a0\u00bbJO Paris 2024\\\u00a0\u00bb,\\\u00a0\u00bbcontextLink\\\u00a0\u00bb:\\\u00a0\u00bbhttps:\/\/www.leparisien.fr\/jo-paris-2024\/\\\u00a0\u00bb,\\\u00a0\u00bbkeyword\\\u00a0\u00bb:\\\u00a0\u00bb\\\u00a0\u00bb,\\\u00a0\u00bbmetadata\\\u00a0\u00bb:\\\u00a0\u00bb\\\u00a0\u00bb,\\\u00a0\u00bblabel\\\u00a0\u00bb:\\\u00a0\u00bb\\\u00a0\u00bb,\\\u00a0\u00bblinks\\\u00a0\u00bb:[{\\\u00a0\u00bburl\\\u00a0\u00bb:\\\u00a0\u00bbhttps:\/\/www.leparisien.fr\/jo-paris-2024\/tableau-des-medailles\/\\\u00a0\u00bb,\\\u00a0\u00bbtext\\\u00a0\u00bb:\\\u00a0\u00bbTableau des m\u00e9dailles\\\u00a0\u00bb,\\\u00a0\u00bbsearchEnable\\\u00a0\u00bb:false,\\\u00a0\u00bbsearchPlaceholder\\\u00a0\u00bb:\\\u00a0\u00bb\\\u00a0\u00bb},{\\\u00a0\u00bburl\\\u00a0\u00bb:\\\u00a0\u00bbhttps:\/\/www.leparisien.fr\/jo-paris-2024\/resultats-par-discipline\/\\\u00a0\u00bb,\\\u00a0\u00bbtext\\\u00a0\u00bb:\\\u00a0\u00bbR\u00e9sultats\\\u00a0\u00bb,\\\u00a0\u00bbsearchEnable\\\u00a0\u00bb:false,\\\u00a0\u00bbsearchPlaceholder\\\u00a0\u00bb:\\\u00a0\u00bb\\\u00a0\u00bb},{\\\u00a0\u00bburl\\\u00a0\u00bb:\\\u00a0\u00bb\\\u00a0\u00bb,\\\u00a0\u00bbtext\\\u00a0\u00bb:\\\u00a0\u00bbDisciplines\\\u00a0\u00bb,\\\u00a0\u00bbsearchEnable\\\u00a0\u00bb:true,\\\u00a0\u00bbsearchPlaceholder\\\u00a0\u00bb:\\\u00a0\u00bbex : Aviron\\\u00a0\u00bb,\\\u00a0\u00bbchildren\\\u00a0\u00bb:[{\\\u00a0\u00bburl\\\u00a0\u00bb:\\\u00a0\u00bbhttps:\/\/www.leparisien.fr\/jo-paris-2024\/athletisme\/\\\u00a0\u00bb,\\\u00a0\u00bbtext\\\u00a0\u00bb:\\\u00a0\u00bbAthl\u00e9tisme\\\u00a0\u00bb},{\\\u00a0\u00bburl\\\u00a0\u00bb:\\\u00a0\u00bbhttps:\/\/www.leparisien.fr\/jo-paris-2024\/aviron\/\\\u00a0\u00bb,\\\u00a0\u00bbtext\\\u00a0\u00bb:\\\u00a0\u00bbAviron\\\u00a0\u00bb},{\\\u00a0\u00bburl\\\u00a0\u00bb:\\\u00a0\u00bbhttps:\/\/www.leparisien.fr\/jo-paris-2024\/badminton\/\\\u00a0\u00bb,\\\u00a0\u00bbtext\\\u00a0\u00bb:\\\u00a0\u00bbBadminton\\\u00a0\u00bb},{\\\u00a0\u00bburl\\\u00a0\u00bb:\\\u00a0\u00bbhttps:\/\/www.leparisien.fr\/jo-paris-2024\/basketball\/\\\u00a0\u00bb,\\\u00a0\u00bbtext\\\u00a0\u00bb:\\\u00a0\u00bbBasketball\\\u00a0\u00bb},{\\\u00a0\u00bburl\\\u00a0\u00bb:\\\u00a0\u00bbhttps:\/\/www.leparisien.fr\/jo-paris-2024\/bmx\/\\\u00a0\u00bb,\\\u00a0\u00bbtext\\\u00a0\u00bb:\\\u00a0\u00bbBMX\\\u00a0\u00bb},{\\\u00a0\u00bburl\\\u00a0\u00bb:\\\u00a0\u00bbhttps:\/\/www.leparisien.fr\/jo-paris-2024\/boxe\/\\\u00a0\u00bb,\\\u00a0\u00bbtext\\\u00a0\u00bb:\\\u00a0\u00bbBoxe\\\u00a0\u00bb},{\\\u00a0\u00bburl\\\u00a0\u00bb:\\\u00a0\u00bbhttps:\/\/www.leparisien.fr\/jo-paris-2024\/breaking\/\\\u00a0\u00bb,\\\u00a0\u00bbtext\\\u00a0\u00bb:\\\u00a0\u00bbBreaking\\\u00a0\u00bb},{\\\u00a0\u00bburl\\\u00a0\u00bb:\\\u00a0\u00bbhttps:\/\/www.leparisien.fr\/jo-paris-2024\/canoe\/\\\u00a0\u00bb,\\\u00a0\u00bbtext\\\u00a0\u00bb:\\\u00a0\u00bbCano\u00eb\\\u00a0\u00bb},{\\\u00a0\u00bburl\\\u00a0\u00bb:\\\u00a0\u00bbhttps:\/\/www.leparisien.fr\/jo-paris-2024\/cyclisme\/\\\u00a0\u00bb,\\\u00a0\u00bbtext\\\u00a0\u00bb:\\\u00a0\u00bbCyclisme\\\u00a0\u00bb},{\\\u00a0\u00bburl\\\u00a0\u00bb:\\\u00a0\u00bbhttps:\/\/www.leparisien.fr\/jo-paris-2024\/sports-equestres\/\\\u00a0\u00bb,\\\u00a0\u00bbtext\\\u00a0\u00bb:\\\u00a0\u00bb\u00c9quitation\\\u00a0\u00bb},{\\\u00a0\u00bburl\\\u00a0\u00bb:\\\u00a0\u00bbhttps:\/\/www.leparisien.fr\/jo-paris-2024\/escalade-sportive\/\\\u00a0\u00bb,\\\u00a0\u00bbtext\\\u00a0\u00bb:\\\u00a0\u00bbEscalade\\\u00a0\u00bb},{\\\u00a0\u00bburl\\\u00a0\u00bb:\\\u00a0\u00bbhttps:\/\/www.leparisien.fr\/jo-paris-2024\/escrime\/\\\u00a0\u00bb,\\\u00a0\u00bbtext\\\u00a0\u00bb:\\\u00a0\u00bbEscrime\\\u00a0\u00bb},{\\\u00a0\u00bburl\\\u00a0\u00bb:\\\u00a0\u00bbhttps:\/\/www.leparisien.fr\/jo-paris-2024\/football\/\\\u00a0\u00bb,\\\u00a0\u00bbtext\\\u00a0\u00bb:\\\u00a0\u00bbFootball\\\u00a0\u00bb},{\\\u00a0\u00bburl\\\u00a0\u00bb:\\\u00a0\u00bbhttps:\/\/www.leparisien.fr\/jo-paris-2024\/golf\/\\\u00a0\u00bb,\\\u00a0\u00bbtext\\\u00a0\u00bb:\\\u00a0\u00bbGolf\\\u00a0\u00bb},{\\\u00a0\u00bburl\\\u00a0\u00bb:\\\u00a0\u00bbhttps:\/\/www.leparisien.fr\/jo-paris-2024\/gymnastique\/\\\u00a0\u00bb,\\\u00a0\u00bbtext\\\u00a0\u00bb:\\\u00a0\u00bbGymnastique\\\u00a0\u00bb},{\\\u00a0\u00bburl\\\u00a0\u00bb:\\\u00a0\u00bbhttps:\/\/www.leparisien.fr\/jo-paris-2024\/halterophilie\/\\\u00a0\u00bb,\\\u00a0\u00bbtext\\\u00a0\u00bb:\\\u00a0\u00bbHalt\u00e9rophilie\\\u00a0\u00bb},{\\\u00a0\u00bburl\\\u00a0\u00bb:\\\u00a0\u00bbhttps:\/\/www.leparisien.fr\/jo-paris-2024\/handball\/\\\u00a0\u00bb,\\\u00a0\u00bbtext\\\u00a0\u00bb:\\\u00a0\u00bbHandball\\\u00a0\u00bb},{\\\u00a0\u00bburl\\\u00a0\u00bb:\\\u00a0\u00bbhttps:\/\/www.leparisien.fr\/jo-paris-2024\/hockey\/\\\u00a0\u00bb,\\\u00a0\u00bbtext\\\u00a0\u00bb:\\\u00a0\u00bbHockey\\\u00a0\u00bb},{\\\u00a0\u00bburl\\\u00a0\u00bb:\\\u00a0\u00bbhttps:\/\/www.leparisien.fr\/jo-paris-2024\/judo\/\\\u00a0\u00bb,\\\u00a0\u00bbtext\\\u00a0\u00bb:\\\u00a0\u00bbJudo\\\u00a0\u00bb},{\\\u00a0\u00bburl\\\u00a0\u00bb:\\\u00a0\u00bbhttps:\/\/www.leparisien.fr\/jo-paris-2024\/lutte\/\\\u00a0\u00bb,\\\u00a0\u00bbtext\\\u00a0\u00bb:\\\u00a0\u00bbLutte\\\u00a0\u00bb},{\\\u00a0\u00bburl\\\u00a0\u00bb:\\\u00a0\u00bbhttps:\/\/www.leparisien.fr\/jo-paris-2024\/natation\/\\\u00a0\u00bb,\\\u00a0\u00bbtext\\\u00a0\u00bb:\\\u00a0\u00bbNatation\\\u00a0\u00bb},{\\\u00a0\u00bburl\\\u00a0\u00bb:\\\u00a0\u00bbhttps:\/\/www.leparisien.fr\/jo-paris-2024\/pentathlon-moderne\/\\\u00a0\u00bb,\\\u00a0\u00bbtext\\\u00a0\u00bb:\\\u00a0\u00bbPentathlon moderne\\\u00a0\u00bb},{\\\u00a0\u00bburl\\\u00a0\u00bb:\\\u00a0\u00bbhttps:\/\/www.leparisien.fr\/jo-paris-2024\/plongeon\/\\\u00a0\u00bb,\\\u00a0\u00bbtext\\\u00a0\u00bb:\\\u00a0\u00bbPlongeon\\\u00a0\u00bb},{\\\u00a0\u00bburl\\\u00a0\u00bb:\\\u00a0\u00bbhttps:\/\/www.leparisien.fr\/jo-paris-2024\/rugby\/\\\u00a0\u00bb,\\\u00a0\u00bbtext\\\u00a0\u00bb:\\\u00a0\u00bbRugby \u00e0 7\\\u00a0\u00bb},{\\\u00a0\u00bburl\\\u00a0\u00bb:\\\u00a0\u00bbhttps:\/\/www.leparisien.fr\/jo-paris-2024\/skateboard\/\\\u00a0\u00bb,\\\u00a0\u00bbtext\\\u00a0\u00bb:\\\u00a0\u00bbSkateboard\\\u00a0\u00bb},{\\\u00a0\u00bburl\\\u00a0\u00bb:\\\u00a0\u00bbhttps:\/\/www.leparisien.fr\/jo-paris-2024\/surf\/\\\u00a0\u00bb,\\\u00a0\u00bbtext\\\u00a0\u00bb:\\\u00a0\u00bbSurf\\\u00a0\u00bb},{\\\u00a0\u00bburl\\\u00a0\u00bb:\\\u00a0\u00bbhttps:\/\/www.leparisien.fr\/jo-paris-2024\/taekwondo\/\\\u00a0\u00bb,\\\u00a0\u00bbtext\\\u00a0\u00bb:\\\u00a0\u00bbTaekwondo\\\u00a0\u00bb},{\\\u00a0\u00bburl\\\u00a0\u00bb:\\\u00a0\u00bbhttps:\/\/www.leparisien.fr\/jo-paris-2024\/tennis\/\\\u00a0\u00bb,\\\u00a0\u00bbtext\\\u00a0\u00bb:\\\u00a0\u00bbTennis\\\u00a0\u00bb},{\\\u00a0\u00bburl\\\u00a0\u00bb:\\\u00a0\u00bbhttps:\/\/www.leparisien.fr\/jo-paris-2024\/tennis-de-table\/\\\u00a0\u00bb,\\\u00a0\u00bbtext\\\u00a0\u00bb:\\\u00a0\u00bbTennis de table\\\u00a0\u00bb},{\\\u00a0\u00bburl\\\u00a0\u00bb:\\\u00a0\u00bbhttps:\/\/www.leparisien.fr\/jo-paris-2024\/tir\/\\\u00a0\u00bb,\\\u00a0\u00bbtext\\\u00a0\u00bb:\\\u00a0\u00bbTir\\\u00a0\u00bb},{\\\u00a0\u00bburl\\\u00a0\u00bb:\\\u00a0\u00bbhttps:\/\/www.leparisien.fr\/jo-paris-2024\/tir-a-l-arc\/\\\u00a0\u00bb,\\\u00a0\u00bbtext\\\u00a0\u00bb:\\\u00a0\u00bbTir \u00e0 l\u2019arc\\\u00a0\u00bb},{\\\u00a0\u00bburl\\\u00a0\u00bb:\\\u00a0\u00bbhttps:\/\/www.leparisien.fr\/jo-paris-2024\/trampoline\/\\\u00a0\u00bb,\\\u00a0\u00bbtext\\\u00a0\u00bb:\\\u00a0\u00bbTrampoline\\\u00a0\u00bb},{\\\u00a0\u00bburl\\\u00a0\u00bb:\\\u00a0\u00bbhttps:\/\/www.leparisien.fr\/jo-paris-2024\/triathlon\/\\\u00a0\u00bb,\\\u00a0\u00bbtext\\\u00a0\u00bb:\\\u00a0\u00bbTriathlon\\\u00a0\u00bb},{\\\u00a0\u00bburl\\\u00a0\u00bb:\\\u00a0\u00bbhttps:\/\/www.leparisien.fr\/jo-paris-2024\/voile\/\\\u00a0\u00bb,\\\u00a0\u00bbtext\\\u00a0\u00bb:\\\u00a0\u00bbVoile\\\u00a0\u00bb},{\\\u00a0\u00bburl\\\u00a0\u00bb:\\\u00a0\u00bbhttps:\/\/www.leparisien.fr\/jo-paris-2024\/volleyball\/\\\u00a0\u00bb,\\\u00a0\u00bbtext\\\u00a0\u00bb:\\\u00a0\u00bbVolleyball\\\u00a0\u00bb},{\\\u00a0\u00bburl\\\u00a0\u00bb:\\\u00a0\u00bbhttps:\/\/www.leparisien.fr\/jo-paris-2024\/vtt\/\\\u00a0\u00bb,\\\u00a0\u00bbtext\\\u00a0\u00bb:\\\u00a0\u00bbVTT\\\u00a0\u00bb},{\\\u00a0\u00bburl\\\u00a0\u00bb:\\\u00a0\u00bbhttps:\/\/www.leparisien.fr\/jo-paris-2024\/waterpolo\/\\\u00a0\u00bb,\\\u00a0\u00bbtext\\\u00a0\u00bb:\\\u00a0\u00bbWater-polo\\\u00a0\u00bb}]},{\\\u00a0\u00bburl\\\u00a0\u00bb:\\\u00a0\u00bb\/jo-paris-2024\/equipe-de-france\/\\\u00a0\u00bb,\\\u00a0\u00bbtext\\\u00a0\u00bb:\\\u00a0\u00bb\u00c9quipe de France\\\u00a0\u00bb,\\\u00a0\u00bbsearchEnable\\\u00a0\u00bb:false,\\\u00a0\u00bbsearchPlaceholder\\\u00a0\u00bb:\\\u00a0\u00bb\\\u00a0\u00bb},{\\\u00a0\u00bburl\\\u00a0\u00bb:\\\u00a0\u00bb\/jo-paris-2024\/videos\/\\\u00a0\u00bb,\\\u00a0\u00bbtext\\\u00a0\u00bb:\\\u00a0\u00bbVid\u00e9os\\\u00a0\u00bb,\\\u00a0\u00bbsearchEnable\\\u00a0\u00bb:false,\\\u00a0\u00bbsearchPlaceholder\\\u00a0\u00bb:\\\u00a0\u00bb\\\u00a0\u00bb},{\\\u00a0\u00bburl\\\u00a0\u00bb:\\\u00a0\u00bb\/inscription-newsletter-jeux-olympiques\/\\\u00a0\u00bb,\\\u00a0\u00bbtext\\\u00a0\u00bb:\\\u00a0\u00bbNewsletter\\\u00a0\u00bb,\\\u00a0\u00bbsearchEnable\\\u00a0\u00bb:false,\\\u00a0\u00bbsearchPlaceholder\\\u00a0\u00bb:\\\u00a0\u00bb\\\u00a0\u00bb}]},{\\\u00a0\u00bbsectionId\\\u00a0\u00bb:\\\u00a0\u00bb\/environnement\/climat\/\\\u00a0\u00bb,\\\u00a0\u00bbliveCollectionId\\\u00a0\u00bb:\\\u00a0\u00bb\\\u00a0\u00bb,\\\u00a0\u00bbliveUrl\\\u00a0\u00bb:\\\u00a0\u00bb\\\u00a0\u00bb,\\\u00a0\u00bbliveLabel\\\u00a0\u00bb:\\\u00a0\u00bb\\\u00a0\u00bb,\\\u00a0\u00bbshowLive\\\u00a0\u00bb:false,\\\u00a0\u00bbimage\\\u00a0\u00bb:\\\u00a0\u00bb\\\u00a0\u00bb,\\\u00a0\u00bbimageDark\\\u00a0\u00bb:\\\u00a0\u00bb\\\u00a0\u00bb,\\\u00a0\u00bbimageLink\\\u00a0\u00bb:\\\u00a0\u00bb\\\u00a0\u00bb,\\\u00a0\u00bbimageSizeMobile\\\u00a0\u00bb:\\\u00a0\u00bb\\\u00a0\u00bb,\\\u00a0\u00bbimageSizeTable\\\u00a0\u00bb:\\\u00a0\u00bb\\\u00a0\u00bb,\\\u00a0\u00bbimageSizeDesktop\\\u00a0\u00bb:\\\u00a0\u00bb\\\u00a0\u00bb,\\\u00a0\u00bbcontextLabel\\\u00a0\u00bb:\\\u00a0\u00bbClimat\\\u00a0\u00bb,\\\u00a0\u00bbcontextLink\\\u00a0\u00bb:\\\u00a0\u00bb\/environnement\/climat\/\\\u00a0\u00bb,\\\u00a0\u00bbkeyword\\\u00a0\u00bb:\\\u00a0\u00bb\\\u00a0\u00bb,\\\u00a0\u00bbmetadata\\\u00a0\u00bb:\\\u00a0\u00bb\\\u00a0\u00bb,\\\u00a0\u00bblabel\\\u00a0\u00bb:\\\u00a0\u00bb\\\u00a0\u00bb,\\\u00a0\u00bblinks\\\u00a0\u00bb:[{\\\u00a0\u00bburl\\\u00a0\u00bb:\\\u00a0\u00bbhttps:\/\/www.leparisien.fr\/environnement\/climat\/cest-quoi-le-rechauffement-climatique-25-questions-reponses-pour-tout-comprendre-30-11-2023-XTKH6RVJL5FALK4X4Z4RM6PS4A.php\\\u00a0\u00bb,\\\u00a0\u00bbtext\\\u00a0\u00bb:\\\u00a0\u00bbR\u00e9chauffement climatique\\\u00a0\u00bb,\\\u00a0\u00bbsearchEnable\\\u00a0\u00bb:false,\\\u00a0\u00bbsearchPlaceholder\\\u00a0\u00bb:\\\u00a0\u00bb\\\u00a0\u00bb},{\\\u00a0\u00bburl\\\u00a0\u00bb:\\\u00a0\u00bbhttps:\/\/www.leparisien.fr\/environnement\/climat\/fonte-des-glaces-decouvrez-limpact-de-la-hausse-des-mers-sur-votre-territoire-08-11-2023-KYMKTDOICVFVNECCHBC43CWHKE.php\\\u00a0\u00bb,\\\u00a0\u00bbtext\\\u00a0\u00bb:\\\u00a0\u00bbFonte des glaces\\\u00a0\u00bb,\\\u00a0\u00bbsearchEnable\\\u00a0\u00bb:false,\\\u00a0\u00bbsearchPlaceholder\\\u00a0\u00bb:\\\u00a0\u00bb\\\u00a0\u00bb},{\\\u00a0\u00bburl\\\u00a0\u00bb:\\\u00a0\u00bbhttps:\/\/www.leparisien.fr\/environnement\/quiz-climat-gaz-a-effet-de-serre-etes-vous-incollable-14-06-2023-2ZQLLSSZKNDD5ERNUXEMZ2E6UM.php\\\u00a0\u00bb,\\\u00a0\u00bbtext\\\u00a0\u00bb:\\\u00a0\u00bbQuiz sur le climat\\\u00a0\u00bb,\\\u00a0\u00bbsearchEnable\\\u00a0\u00bb:false,\\\u00a0\u00bbsearchPlaceholder\\\u00a0\u00bb:\\\u00a0\u00bb\\\u00a0\u00bb},{\\\u00a0\u00bburl\\\u00a0\u00bb:\\\u00a0\u00bbhttps:\/\/www.leparisien.fr\/inscription-newsletter-environnement\/\\\u00a0\u00bb,\\\u00a0\u00bbtext\\\u00a0\u00bb:\\\u00a0\u00bbNewsletter\\\u00a0\u00bb,\\\u00a0\u00bbsearchEnable\\\u00a0\u00bb:false,\\\u00a0\u00bbsearchPlaceholder\\\u00a0\u00bb:\\\u00a0\u00bb\\\u00a0\u00bb},{\\\u00a0\u00bburl\\\u00a0\u00bb:\\\u00a0\u00bbhttps:\/\/www.leparisien.fr\/environnement\/climat\/\\\u00a0\u00bb,\\\u00a0\u00bbtext\\\u00a0\u00bb:\\\u00a0\u00bbToute l&rsquo;actu\\\u00a0\u00bb,\\\u00a0\u00bbsearchEnable\\\u00a0\u00bb:false,\\\u00a0\u00bbsearchPlaceholder\\\u00a0\u00bb:\\\u00a0\u00bb\\\u00a0\u00bb}]},{\\\u00a0\u00bbsectionId\\\u00a0\u00bb:\\\u00a0\u00bb\/sports\/football\/coupe-du-monde\/\\\u00a0\u00bb,\\\u00a0\u00bbliveCollectionId\\\u00a0\u00bb:\\\u00a0\u00bb\\\u00a0\u00bb,\\\u00a0\u00bbliveUrl\\\u00a0\u00bb:\\\u00a0\u00bb\\\u00a0\u00bb,\\\u00a0\u00bbliveLabel\\\u00a0\u00bb:\\\u00a0\u00bb\\\u00a0\u00bb,\\\u00a0\u00bbshowLive\\\u00a0\u00bb:false,\\\u00a0\u00bbimage\\\u00a0\u00bb:\\\u00a0\u00bb\\\u00a0\u00bb,\\\u00a0\u00bbimageDark\\\u00a0\u00bb:\\\u00a0\u00bb\\\u00a0\u00bb,\\\u00a0\u00bbimageLink\\\u00a0\u00bb:\\\u00a0\u00bb\\\u00a0\u00bb,\\\u00a0\u00bbimageSizeMobile\\\u00a0\u00bb:\\\u00a0\u00bb\\\u00a0\u00bb,\\\u00a0\u00bbimageSizeTable\\\u00a0\u00bb:\\\u00a0\u00bb\\\u00a0\u00bb,\\\u00a0\u00bbimageSizeDesktop\\\u00a0\u00bb:\\\u00a0\u00bb\\\u00a0\u00bb,\\\u00a0\u00bbcontextLabel\\\u00a0\u00bb:\\\u00a0\u00bbCoupe du monde 2026\\\u00a0\u00bb,\\\u00a0\u00bbcontextLink\\\u00a0\u00bb:\\\u00a0\u00bb\/sports\/football\/coupe-du-monde\/\\\u00a0\u00bb,\\\u00a0\u00bbkeyword\\\u00a0\u00bb:\\\u00a0\u00bb\\\u00a0\u00bb,\\\u00a0\u00bbmetadata\\\u00a0\u00bb:\\\u00a0\u00bb\\\u00a0\u00bb,\\\u00a0\u00bblabel\\\u00a0\u00bb:\\\u00a0\u00bb\\\u00a0\u00bb,\\\u00a0\u00bblinks\\\u00a0\u00bb:[{\\\u00a0\u00bburl\\\u00a0\u00bb:\\\u00a0\u00bbhttps:\/\/www.leparisien.fr\/sports\/football\/coupe-du-monde\/coupe-du-monde-2026-finale-a-new-york-match-douverture-a-mexico-la-fifa-devoile-le-calendrier-04-02-2024-NHX5M6L7QRHABGG6M6BLXLB3II.php\\\u00a0\u00bb,\\\u00a0\u00bbtext\\\u00a0\u00bb:\\\u00a0\u00bbCalendrier\\\u00a0\u00bb,\\\u00a0\u00bbsearchEnable\\\u00a0\u00bb:false,\\\u00a0\u00bbsearchPlaceholder\\\u00a0\u00bb:\\\u00a0\u00bb\\\u00a0\u00bb},{\\\u00a0\u00bburl\\\u00a0\u00bb:\\\u00a0\u00bbhttps:\/\/www.leparisien.fr\/sports\/football\/coupe-du-monde-2026-les-16-villes-sont-connues-17-06-2022-JYSQAT2EA5CWDPDAWK5RSOCDNQ.php\\\u00a0\u00bb,\\\u00a0\u00bbtext\\\u00a0\u00bb:\\\u00a0\u00bbVilles h\u00f4tes\\\u00a0\u00bb,\\\u00a0\u00bbsearchEnable\\\u00a0\u00bb:false,\\\u00a0\u00bbsearchPlaceholder\\\u00a0\u00bb:\\\u00a0\u00bb\\\u00a0\u00bb},{\\\u00a0\u00bburl\\\u00a0\u00bb:\\\u00a0\u00bbhttps:\/\/www.leparisien.fr\/sports\/football\/equipe-de-france\/\\\u00a0\u00bb,\\\u00a0\u00bbtext\\\u00a0\u00bb:\\\u00a0\u00bbLes Bleus\\\u00a0\u00bb,\\\u00a0\u00bbsearchEnable\\\u00a0\u00bb:false,\\\u00a0\u00bbsearchPlaceholder\\\u00a0\u00bb:\\\u00a0\u00bb\\\u00a0\u00bb}]},{\\\u00a0\u00bbsectionId\\\u00a0\u00bb:\\\u00a0\u00bb\/sports\/football\/euro\/\\\u00a0\u00bb,\\\u00a0\u00bbliveCollectionId\\\u00a0\u00bb:\\\u00a0\u00bb\\\u00a0\u00bb,\\\u00a0\u00bbliveUrl\\\u00a0\u00bb:\\\u00a0\u00bb\\\u00a0\u00bb,\\\u00a0\u00bbliveLabel\\\u00a0\u00bb:\\\u00a0\u00bb\\\u00a0\u00bb,\\\u00a0\u00bbshowLive\\\u00a0\u00bb:false,\\\u00a0\u00bbimage\\\u00a0\u00bb:\\\u00a0\u00bbhttps:\/\/assets.leparisien.fr\/website\/images\/homepage\/euro-2024.svg\\\u00a0\u00bb,\\\u00a0\u00bbimageDark\\\u00a0\u00bb:\\\u00a0\u00bbhttps:\/\/assets.leparisien.fr\/website\/images\/homepage\/dark\/euro-2024.png\\\u00a0\u00bb,\\\u00a0\u00bbimageLink\\\u00a0\u00bb:\\\u00a0\u00bb\/sports\/football\/euro\/\\\u00a0\u00bb,\\\u00a0\u00bbimageSizeMobile\\\u00a0\u00bb:\\\u00a0\u00bb20&#215;20\\\u00a0\u00bb,\\\u00a0\u00bbimageSizeTable\\\u00a0\u00bb:\\\u00a0\u00bb20&#215;20\\\u00a0\u00bb,\\\u00a0\u00bbimageSizeDesktop\\\u00a0\u00bb:\\\u00a0\u00bb20&#215;20\\\u00a0\u00bb,\\\u00a0\u00bbcontextLabel\\\u00a0\u00bb:\\\u00a0\u00bbEuro 2024\\\u00a0\u00bb,\\\u00a0\u00bbcontextLink\\\u00a0\u00bb:\\\u00a0\u00bb\/sports\/football\/euro\/\\\u00a0\u00bb,\\\u00a0\u00bbkeyword\\\u00a0\u00bb:\\\u00a0\u00bb\\\u00a0\u00bb,\\\u00a0\u00bbmetadata\\\u00a0\u00bb:\\\u00a0\u00bb\\\u00a0\u00bb,\\\u00a0\u00bblabel\\\u00a0\u00bb:\\\u00a0\u00bb\\\u00a0\u00bb,\\\u00a0\u00bblinks\\\u00a0\u00bb:[{\\\u00a0\u00bburl\\\u00a0\u00bb:\\\u00a0\u00bbhttps:\/\/www.leparisien.fr\/sports\/football\/euro\/calendrier-resultats\/\\\u00a0\u00bb,\\\u00a0\u00bbtext\\\u00a0\u00bb:\\\u00a0\u00bbCalendrier et r\u00e9sultats\\\u00a0\u00bb,\\\u00a0\u00bbsearchEnable\\\u00a0\u00bb:false,\\\u00a0\u00bbsearchPlaceholder\\\u00a0\u00bb:\\\u00a0\u00bb\\\u00a0\u00bb},{\\\u00a0\u00bburl\\\u00a0\u00bb:\\\u00a0\u00bbhttps:\/\/www.leparisien.fr\/sports\/football\/euro\/classement-buteurs\/\\\u00a0\u00bb,\\\u00a0\u00bbtext\\\u00a0\u00bb:\\\u00a0\u00bbClassement buteurs\\\u00a0\u00bb,\\\u00a0\u00bbsearchEnable\\\u00a0\u00bb:false,\\\u00a0\u00bbsearchPlaceholder\\\u00a0\u00bb:\\\u00a0\u00bb\\\u00a0\u00bb},{\\\u00a0\u00bburl\\\u00a0\u00bb:\\\u00a0\u00bbhttps:\/\/www.leparisien.fr\/sports\/football\/euro\/classement-passeurs\/\\\u00a0\u00bb,\\\u00a0\u00bbtext\\\u00a0\u00bb:\\\u00a0\u00bbClassement passeurs\\\u00a0\u00bb,\\\u00a0\u00bbsearchEnable\\\u00a0\u00bb:false,\\\u00a0\u00bbsearchPlaceholder\\\u00a0\u00bb:\\\u00a0\u00bb\\\u00a0\u00bb},{\\\u00a0\u00bburl\\\u00a0\u00bb:\\\u00a0\u00bbhttps:\/\/www.leparisien.fr\/sports\/football\/equipe-de-france\/\\\u00a0\u00bb,\\\u00a0\u00bbtext\\\u00a0\u00bb:\\\u00a0\u00bb\u00c9quipe de France\\\u00a0\u00bb,\\\u00a0\u00bbsearchEnable\\\u00a0\u00bb:false,\\\u00a0\u00bbsearchPlaceholder\\\u00a0\u00bb:\\\u00a0\u00bb\\\u00a0\u00bb},{\\\u00a0\u00bburl\\\u00a0\u00bb:\\\u00a0\u00bbhttps:\/\/www.leparisien.fr\/sports\/football\/euro\/euro-2024-equipes-joueurs-a-suivre-calendrier-des-matchs-le-guide-complet-de-la-competition-07-06-2024-QZ4EIPJ5BJFYXLKFT6WTVQVBGY.php\\\u00a0\u00bb,\\\u00a0\u00bbtext\\\u00a0\u00bb:\\\u00a0\u00bbGuide des \u00e9quipes\\\u00a0\u00bb,\\\u00a0\u00bbsearchEnable\\\u00a0\u00bb:false,\\\u00a0\u00bbsearchPlaceholder\\\u00a0\u00bb:\\\u00a0\u00bb\\\u00a0\u00bb}]},{\\\u00a0\u00bbsectionId\\\u00a0\u00bb:\\\u00a0\u00bb\/sports\/football\/coupe-d-afrique-des-nations\/\\\u00a0\u00bb,\\\u00a0\u00bbliveCollectionId\\\u00a0\u00bb:\\\u00a0\u00bb\\\u00a0\u00bb,\\\u00a0\u00bbliveUrl\\\u00a0\u00bb:\\\u00a0\u00bb\\\u00a0\u00bb,\\\u00a0\u00bbliveLabel\\\u00a0\u00bb:\\\u00a0\u00bb\\\u00a0\u00bb,\\\u00a0\u00bbshowLive\\\u00a0\u00bb:false,\\\u00a0\u00bbimage\\\u00a0\u00bb:\\\u00a0\u00bb\\\u00a0\u00bb,\\\u00a0\u00bbimageDark\\\u00a0\u00bb:\\\u00a0\u00bb\\\u00a0\u00bb,\\\u00a0\u00bbimageLink\\\u00a0\u00bb:\\\u00a0\u00bb\\\u00a0\u00bb,\\\u00a0\u00bbimageSizeMobile\\\u00a0\u00bb:\\\u00a0\u00bb\\\u00a0\u00bb,\\\u00a0\u00bbimageSizeTable\\\u00a0\u00bb:\\\u00a0\u00bb\\\u00a0\u00bb,\\\u00a0\u00bbimageSizeDesktop\\\u00a0\u00bb:\\\u00a0\u00bb\\\u00a0\u00bb,\\\u00a0\u00bbcontextLabel\\\u00a0\u00bb:\\\u00a0\u00bbCAN 2025\\\u00a0\u00bb,\\\u00a0\u00bbcontextLink\\\u00a0\u00bb:\\\u00a0\u00bb\/sports\/football\/coupe-d-afrique-des-nations\/\\\u00a0\u00bb,\\\u00a0\u00bbkeyword\\\u00a0\u00bb:\\\u00a0\u00bb\\\u00a0\u00bb,\\\u00a0\u00bbmetadata\\\u00a0\u00bb:\\\u00a0\u00bb\\\u00a0\u00bb,\\\u00a0\u00bblabel\\\u00a0\u00bb:\\\u00a0\u00bb\\\u00a0\u00bb,\\\u00a0\u00bblinks\\\u00a0\u00bb:[{\\\u00a0\u00bburl\\\u00a0\u00bb:\\\u00a0\u00bb\\\u00a0\u00bb,\\\u00a0\u00bbtext\\\u00a0\u00bb:\\\u00a0\u00bb\u00c9quipes\\\u00a0\u00bb,\\\u00a0\u00bbsearchEnable\\\u00a0\u00bb:false,\\\u00a0\u00bbsearchPlaceholder\\\u00a0\u00bb:\\\u00a0\u00bb\\\u00a0\u00bb,\\\u00a0\u00bbchildren\\\u00a0\u00bb:[{\\\u00a0\u00bburl\\\u00a0\u00bb:\\\u00a0\u00bbhttps:\/\/www.leparisien.fr\/sports\/football\/algerie\/\\\u00a0\u00bb,\\\u00a0\u00bbtext\\\u00a0\u00bb:\\\u00a0\u00bbAlg\u00e9rie\\\u00a0\u00bb},{\\\u00a0\u00bburl\\\u00a0\u00bb:\\\u00a0\u00bbhttps:\/\/www.leparisien.fr\/sports\/football\/cameroun\/\\\u00a0\u00bb,\\\u00a0\u00bbtext\\\u00a0\u00bb:\\\u00a0\u00bbCameroun\\\u00a0\u00bb},{\\\u00a0\u00bburl\\\u00a0\u00bb:\\\u00a0\u00bbhttps:\/\/www.leparisien.fr\/sports\/football\/cote-d-ivoire\/\\\u00a0\u00bb,\\\u00a0\u00bbtext\\\u00a0\u00bb:\\\u00a0\u00bbC\u00f4te d\u2019Ivoire\\\u00a0\u00bb},{\\\u00a0\u00bburl\\\u00a0\u00bb:\\\u00a0\u00bbhttps:\/\/www.leparisien.fr\/sports\/football\/egypte\/\\\u00a0\u00bb,\\\u00a0\u00bbtext\\\u00a0\u00bb:\\\u00a0\u00bb\u00c9gypte\\\u00a0\u00bb},{\\\u00a0\u00bburl\\\u00a0\u00bb:\\\u00a0\u00bbhttps:\/\/www.leparisien.fr\/sports\/football\/maroc\/\\\u00a0\u00bb,\\\u00a0\u00bbtext\\\u00a0\u00bb:\\\u00a0\u00bbMaroc\\\u00a0\u00bb},{\\\u00a0\u00bburl\\\u00a0\u00bb:\\\u00a0\u00bbhttps:\/\/www.leparisien.fr\/sports\/football\/mali\/\\\u00a0\u00bb,\\\u00a0\u00bbtext\\\u00a0\u00bb:\\\u00a0\u00bbMali\\\u00a0\u00bb},{\\\u00a0\u00bburl\\\u00a0\u00bb:\\\u00a0\u00bbhttps:\/\/www.leparisien.fr\/sports\/football\/senegal\/\\\u00a0\u00bb,\\\u00a0\u00bbtext\\\u00a0\u00bb:\\\u00a0\u00bbS\u00e9n\u00e9gal\\\u00a0\u00bb},{\\\u00a0\u00bburl\\\u00a0\u00bb:\\\u00a0\u00bbhttps:\/\/www.leparisien.fr\/sports\/football\/tunisie\/\\\u00a0\u00bb,\\\u00a0\u00bbtext\\\u00a0\u00bb:\\\u00a0\u00bbTunisie\\\u00a0\u00bb}]},{\\\u00a0\u00bburl\\\u00a0\u00bb:\\\u00a0\u00bbhttps:\/\/www.leparisien.fr\/sports\/football\/coupe-d-afrique-des-nations\/can-2025-le-calendrier-complet-de-la-competition-au-maroc-avec-les-dates-et-horaires-des-matchs-24-10-2025-5QBKVKEUUNAGDMXD3MPL5RSH7M.php\\\u00a0\u00bb,\\\u00a0\u00bbtext\\\u00a0\u00bb:\\\u00a0\u00bbCalendrier\\\u00a0\u00bb,\\\u00a0\u00bbsearchEnable\\\u00a0\u00bb:false,\\\u00a0\u00bbsearchPlaceholder\\\u00a0\u00bb:\\\u00a0\u00bb\\\u00a0\u00bb},{\\\u00a0\u00bburl\\\u00a0\u00bb:\\\u00a0\u00bbhttps:\/\/www.leparisien.fr\/sports\/football\/coupe-d-afrique-des-nations\/can-2025-le-tirage-complet-des-groupes-un-choc-cote-divoire-cameroun-en-poule-27-01-2025-LEECCFGEWRERDNB4POGV2OAGTA.php\\\u00a0\u00bb,\\\u00a0\u00bbtext\\\u00a0\u00bb:\\\u00a0\u00bbGroupes\\\u00a0\u00bb,\\\u00a0\u00bbsearchEnable\\\u00a0\u00bb:false,\\\u00a0\u00bbsearchPlaceholder\\\u00a0\u00bb:\\\u00a0\u00bb\\\u00a0\u00bb}]},{\\\u00a0\u00bbsectionId\\\u00a0\u00bb:\\\u00a0\u00bb\/international\/ukraine\/\\\u00a0\u00bb,\\\u00a0\u00bbliveCollectionId\\\u00a0\u00bb:\\\u00a0\u00bb\\\u00a0\u00bb,\\\u00a0\u00bbliveUrl\\\u00a0\u00bb:\\\u00a0\u00bb\\\u00a0\u00bb,\\\u00a0\u00bbliveLabel\\\u00a0\u00bb:\\\u00a0\u00bb\\\u00a0\u00bb,\\\u00a0\u00bbshowLive\\\u00a0\u00bb:false,\\\u00a0\u00bbimage\\\u00a0\u00bb:\\\u00a0\u00bb\\\u00a0\u00bb,\\\u00a0\u00bbimageDark\\\u00a0\u00bb:\\\u00a0\u00bb\\\u00a0\u00bb,\\\u00a0\u00bbimageLink\\\u00a0\u00bb:\\\u00a0\u00bb\\\u00a0\u00bb,\\\u00a0\u00bbimageSizeMobile\\\u00a0\u00bb:\\\u00a0\u00bb\\\u00a0\u00bb,\\\u00a0\u00bbimageSizeTable\\\u00a0\u00bb:\\\u00a0\u00bb\\\u00a0\u00bb,\\\u00a0\u00bbimageSizeDesktop\\\u00a0\u00bb:\\\u00a0\u00bb\\\u00a0\u00bb,\\\u00a0\u00bbcontextLabel\\\u00a0\u00bb:\\\u00a0\u00bbGuerre en Ukraine\\\u00a0\u00bb,\\\u00a0\u00bbcontextLink\\\u00a0\u00bb:\\\u00a0\u00bb\/international\/ukraine\/\\\u00a0\u00bb,\\\u00a0\u00bbkeyword\\\u00a0\u00bb:\\\u00a0\u00bb\\\u00a0\u00bb,\\\u00a0\u00bbmetadata\\\u00a0\u00bb:\\\u00a0\u00bb\\\u00a0\u00bb,\\\u00a0\u00bblabel\\\u00a0\u00bb:\\\u00a0\u00bb\\\u00a0\u00bb,\\\u00a0\u00bblinks\\\u00a0\u00bb:[{\\\u00a0\u00bburl\\\u00a0\u00bb:\\\u00a0\u00bb\/reportages-guerre-ukraine\/\\\u00a0\u00bb,\\\u00a0\u00bbtext\\\u00a0\u00bb:\\\u00a0\u00bbNos reportages\\\u00a0\u00bb,\\\u00a0\u00bbsearchEnable\\\u00a0\u00bb:false,\\\u00a0\u00bbsearchPlaceholder\\\u00a0\u00bb:\\\u00a0\u00bb\\\u00a0\u00bb},{\\\u00a0\u00bburl\\\u00a0\u00bb:\\\u00a0\u00bb\/international\/volodymyr-zelensky\/\\\u00a0\u00bb,\\\u00a0\u00bbtext\\\u00a0\u00bb:\\\u00a0\u00bbVolodymyr Zelensky\\\u00a0\u00bb,\\\u00a0\u00bbsearchEnable\\\u00a0\u00bb:false,\\\u00a0\u00bbsearchPlaceholder\\\u00a0\u00bb:\\\u00a0\u00bb\\\u00a0\u00bb},{\\\u00a0\u00bburl\\\u00a0\u00bb:\\\u00a0\u00bb\/international\/vladimir-poutine\/\\\u00a0\u00bb,\\\u00a0\u00bbtext\\\u00a0\u00bb:\\\u00a0\u00bbVladimir Poutine\\\u00a0\u00bb,\\\u00a0\u00bbsearchEnable\\\u00a0\u00bb:false,\\\u00a0\u00bbsearchPlaceholder\\\u00a0\u00bb:\\\u00a0\u00bb\\\u00a0\u00bb},{\\\u00a0\u00bburl\\\u00a0\u00bb:\\\u00a0\u00bb\/international\/ukraine\/\\\u00a0\u00bb,\\\u00a0\u00bbtext\\\u00a0\u00bb:\\\u00a0\u00bbToute l&rsquo;actu\\\u00a0\u00bb,\\\u00a0\u00bbsearchEnable\\\u00a0\u00bb:false,\\\u00a0\u00bbsearchPlaceholder\\\u00a0\u00bb:\\\u00a0\u00bb\\\u00a0\u00bb}]},{\\\u00a0\u00bbsectionId\\\u00a0\u00bb:\\\u00a0\u00bb\/sports\/formule-1\/\\\u00a0\u00bb,\\\u00a0\u00bbliveCollectionId\\\u00a0\u00bb:\\\u00a0\u00bb\\\u00a0\u00bb,\\\u00a0\u00bbliveUrl\\\u00a0\u00bb:\\\u00a0\u00bb\\\u00a0\u00bb,\\\u00a0\u00bbliveLabel\\\u00a0\u00bb:\\\u00a0\u00bb\\\u00a0\u00bb,\\\u00a0\u00bbshowLive\\\u00a0\u00bb:false,\\\u00a0\u00bbimage\\\u00a0\u00bb:\\\u00a0\u00bb\\\u00a0\u00bb,\\\u00a0\u00bbimageDark\\\u00a0\u00bb:\\\u00a0\u00bb\\\u00a0\u00bb,\\\u00a0\u00bbimageLink\\\u00a0\u00bb:\\\u00a0\u00bb\\\u00a0\u00bb,\\\u00a0\u00bbimageSizeMobile\\\u00a0\u00bb:\\\u00a0\u00bb\\\u00a0\u00bb,\\\u00a0\u00bbimageSizeTable\\\u00a0\u00bb:\\\u00a0\u00bb\\\u00a0\u00bb,\\\u00a0\u00bbimageSizeDesktop\\\u00a0\u00bb:\\\u00a0\u00bb\\\u00a0\u00bb,\\\u00a0\u00bbcontextLabel\\\u00a0\u00bb:\\\u00a0\u00bbFormule 1\\\u00a0\u00bb,\\\u00a0\u00bbcontextLink\\\u00a0\u00bb:\\\u00a0\u00bb\/sports\/formule-1\/\\\u00a0\u00bb,\\\u00a0\u00bbkeyword\\\u00a0\u00bb:\\\u00a0\u00bb\\\u00a0\u00bb,\\\u00a0\u00bbmetadata\\\u00a0\u00bb:\\\u00a0\u00bb\\\u00a0\u00bb,\\\u00a0\u00bblabel\\\u00a0\u00bb:\\\u00a0\u00bb\\\u00a0\u00bb,\\\u00a0\u00bblinks\\\u00a0\u00bb:[{\\\u00a0\u00bburl\\\u00a0\u00bb:\\\u00a0\u00bbhttps:\/\/www.leparisien.fr\/sports\/formule-1\/calendrier-resultats-saison-f1\/\\\u00a0\u00bb,\\\u00a0\u00bbtext\\\u00a0\u00bb:\\\u00a0\u00bbCalendrier 2025\\\u00a0\u00bb,\\\u00a0\u00bbsearchEnable\\\u00a0\u00bb:false,\\\u00a0\u00bbsearchPlaceholder\\\u00a0\u00bb:\\\u00a0\u00bb\\\u00a0\u00bb},{\\\u00a0\u00bburl\\\u00a0\u00bb:\\\u00a0\u00bbhttps:\/\/www.leparisien.fr\/sports\/formule-1\/classement-pilotes-f1\/\\\u00a0\u00bb,\\\u00a0\u00bbtext\\\u00a0\u00bb:\\\u00a0\u00bbClassement des pilotes\\\u00a0\u00bb,\\\u00a0\u00bbsearchEnable\\\u00a0\u00bb:false,\\\u00a0\u00bbsearchPlaceholder\\\u00a0\u00bb:\\\u00a0\u00bb\\\u00a0\u00bb},{\\\u00a0\u00bburl\\\u00a0\u00bb:\\\u00a0\u00bbhttps:\/\/www.leparisien.fr\/sports\/formule-1\/classement-constructeurs-f1\/\\\u00a0\u00bb,\\\u00a0\u00bbtext\\\u00a0\u00bb:\\\u00a0\u00bbClassement des constructeurs\\\u00a0\u00bb,\\\u00a0\u00bbsearchEnable\\\u00a0\u00bb:false,\\\u00a0\u00bbsearchPlaceholder\\\u00a0\u00bb:\\\u00a0\u00bb\\\u00a0\u00bb},{\\\u00a0\u00bburl\\\u00a0\u00bb:\\\u00a0\u00bbhttps:\/\/www.leparisien.fr\/sports\/formule-1\/formule-1-la-grille-complete-des-pilotes-engages-pour-la-saison-2025-avec-trois-francais-20-12-2024-PD6OIPIC25DE3CVAY5YJOIC43I.php\\\u00a0\u00bb,\\\u00a0\u00bbtext\\\u00a0\u00bb:\\\u00a0\u00bbGrille des pilotes\\\u00a0\u00bb,\\\u00a0\u00bbsearchEnable\\\u00a0\u00bb:false,\\\u00a0\u00bbsearchPlaceholder\\\u00a0\u00bb:\\\u00a0\u00bb\\\u00a0\u00bb}]},{\\\u00a0\u00bbsectionId\\\u00a0\u00bb:\\\u00a0\u00bb\/elections\/europeennes\/\\\u00a0\u00bb,\\\u00a0\u00bbliveCollectionId\\\u00a0\u00bb:\\\u00a0\u00bb\\\u00a0\u00bb,\\\u00a0\u00bbliveUrl\\\u00a0\u00bb:\\\u00a0\u00bb\\\u00a0\u00bb,\\\u00a0\u00bbliveLabel\\\u00a0\u00bb:\\\u00a0\u00bb\\\u00a0\u00bb,\\\u00a0\u00bbshowLive\\\u00a0\u00bb:false,\\\u00a0\u00bbimage\\\u00a0\u00bb:\\\u00a0\u00bb\\\u00a0\u00bb,\\\u00a0\u00bbimageDark\\\u00a0\u00bb:\\\u00a0\u00bb\\\u00a0\u00bb,\\\u00a0\u00bbimageLink\\\u00a0\u00bb:\\\u00a0\u00bb\\\u00a0\u00bb,\\\u00a0\u00bbimageSizeMobile\\\u00a0\u00bb:\\\u00a0\u00bb\\\u00a0\u00bb,\\\u00a0\u00bbimageSizeTable\\\u00a0\u00bb:\\\u00a0\u00bb\\\u00a0\u00bb,\\\u00a0\u00bbimageSizeDesktop\\\u00a0\u00bb:\\\u00a0\u00bb\\\u00a0\u00bb,\\\u00a0\u00bbcontextLabel\\\u00a0\u00bb:\\\u00a0\u00bbEurop\u00e9ennes 2024\\\u00a0\u00bb,\\\u00a0\u00bbcontextLink\\\u00a0\u00bb:\\\u00a0\u00bb\/elections\/europeennes\/\\\u00a0\u00bb,\\\u00a0\u00bbkeyword\\\u00a0\u00bb:\\\u00a0\u00bb\\\u00a0\u00bb,\\\u00a0\u00bbmetadata\\\u00a0\u00bb:\\\u00a0\u00bb\\\u00a0\u00bb,\\\u00a0\u00bblabel\\\u00a0\u00bb:\\\u00a0\u00bb\\\u00a0\u00bb,\\\u00a0\u00bblinks\\\u00a0\u00bb:[{\\\u00a0\u00bburl\\\u00a0\u00bb:\\\u00a0\u00bbhttps:\/\/www.leparisien.fr\/elections\/europeennes\/elections-europeennes-2024-decouvrez-comment-a-vote-votre-commune-09-06-2024-BXL5YEPYQ5HHDD5Y7MTJY3IXCE.php\\\u00a0\u00bb,\\\u00a0\u00bbtext\\\u00a0\u00bb:\\\u00a0\u00bbR\u00e9sultats par commune\\\u00a0\u00bb,\\\u00a0\u00bbsearchEnable\\\u00a0\u00bb:false,\\\u00a0\u00bbsearchPlaceholder\\\u00a0\u00bb:\\\u00a0\u00bb\\\u00a0\u00bb},{\\\u00a0\u00bburl\\\u00a0\u00bb:\\\u00a0\u00bbhttps:\/\/www.leparisien.fr\/elections\/europeennes\/elections-europeennes-2024-les-resultats-parti-par-parti-09-06-2024-BX7N5OPXPBEWNMFVQKLATJ4H7I.php\\\u00a0\u00bb,\\\u00a0\u00bbtext\\\u00a0\u00bb:\\\u00a0\u00bbR\u00e9sultats parti par parti\\\u00a0\u00bb,\\\u00a0\u00bbsearchEnable\\\u00a0\u00bb:false,\\\u00a0\u00bbsearchPlaceholder\\\u00a0\u00bb:\\\u00a0\u00bb\\\u00a0\u00bb},{\\\u00a0\u00bburl\\\u00a0\u00bb:\\\u00a0\u00bb\\\u00a0\u00bb,\\\u00a0\u00bbtext\\\u00a0\u00bb:\\\u00a0\u00bbCandidats t\u00eates de liste\\\u00a0\u00bb,\\\u00a0\u00bbsearchEnable\\\u00a0\u00bb:false,\\\u00a0\u00bbsearchPlaceholder\\\u00a0\u00bb:\\\u00a0\u00bb\\\u00a0\u00bb,\\\u00a0\u00bbchildren\\\u00a0\u00bb:[{\\\u00a0\u00bburl\\\u00a0\u00bb:\\\u00a0\u00bbhttps:\/\/www.leparisien.fr\/politique\/manon-aubry\/\\\u00a0\u00bb,\\\u00a0\u00bbtext\\\u00a0\u00bb:\\\u00a0\u00bbManon Aubry\\\u00a0\u00bb},{\\\u00a0\u00bburl\\\u00a0\u00bb:\\\u00a0\u00bbhttps:\/\/www.leparisien.fr\/politique\/jordan-bardella\/\\\u00a0\u00bb,\\\u00a0\u00bbtext\\\u00a0\u00bb:\\\u00a0\u00bbJordan Bardella\\\u00a0\u00bb},{\\\u00a0\u00bburl\\\u00a0\u00bb:\\\u00a0\u00bbhttps:\/\/www.leparisien.fr\/politique\/francois-xavier-bellamy\/\\\u00a0\u00bb,\\\u00a0\u00bbtext\\\u00a0\u00bb:\\\u00a0\u00bbFran\u00e7ois-Xavier Bellamy\\\u00a0\u00bb},{\\\u00a0\u00bburl\\\u00a0\u00bb:\\\u00a0\u00bbhttps:\/\/www.leparisien.fr\/politique\/raphael-glucksmann\/\\\u00a0\u00bb,\\\u00a0\u00bbtext\\\u00a0\u00bb:\\\u00a0\u00bbRapha\u00ebl Glucksmann\\\u00a0\u00bb},{\\\u00a0\u00bburl\\\u00a0\u00bb:\\\u00a0\u00bbhttps:\/\/www.leparisien.fr\/politique\/valerie-hayer\/\\\u00a0\u00bb,\\\u00a0\u00bbtext\\\u00a0\u00bb:\\\u00a0\u00bbVal\u00e9rie Hayer\\\u00a0\u00bb},{\\\u00a0\u00bburl\\\u00a0\u00bb:\\\u00a0\u00bbhttps:\/\/www.leparisien.fr\/politique\/marion-marechal\/\\\u00a0\u00bb,\\\u00a0\u00bbtext\\\u00a0\u00bb:\\\u00a0\u00bbMarion Mar\u00e9chal\\\u00a0\u00bb},{\\\u00a0\u00bburl\\\u00a0\u00bb:\\\u00a0\u00bbhttps:\/\/www.leparisien.fr\/politique\/marie-toussaint\/\\\u00a0\u00bb,\\\u00a0\u00bbtext\\\u00a0\u00bb:\\\u00a0\u00bbMarie Toussaint\\\u00a0\u00bb}]}]},{\\\u00a0\u00bbsectionId\\\u00a0\u00bb:\\\u00a0\u00bb\/elections\/legislatives\/\\\u00a0\u00bb,\\\u00a0\u00bbliveCollectionId\\\u00a0\u00bb:\\\u00a0\u00bb\\\u00a0\u00bb,\\\u00a0\u00bbliveUrl\\\u00a0\u00bb:\\\u00a0\u00bb\\\u00a0\u00bb,\\\u00a0\u00bbliveLabel\\\u00a0\u00bb:\\\u00a0\u00bb\\\u00a0\u00bb,\\\u00a0\u00bbshowLive\\\u00a0\u00bb:false,\\\u00a0\u00bbimage\\\u00a0\u00bb:\\\u00a0\u00bb\\\u00a0\u00bb,\\\u00a0\u00bbimageDark\\\u00a0\u00bb:\\\u00a0\u00bb\\\u00a0\u00bb,\\\u00a0\u00bbimageLink\\\u00a0\u00bb:\\\u00a0\u00bb\\\u00a0\u00bb,\\\u00a0\u00bbimageSizeMobile\\\u00a0\u00bb:\\\u00a0\u00bb\\\u00a0\u00bb,\\\u00a0\u00bbimageSizeTable\\\u00a0\u00bb:\\\u00a0\u00bb\\\u00a0\u00bb,\\\u00a0\u00bbimageSizeDesktop\\\u00a0\u00bb:\\\u00a0\u00bb\\\u00a0\u00bb,\\\u00a0\u00bbcontextLabel\\\u00a0\u00bb:\\\u00a0\u00bbL\u00e9gislatives 2024\\\u00a0\u00bb,\\\u00a0\u00bbcontextLink\\\u00a0\u00bb:\\\u00a0\u00bb\/elections\/legislatives\/\\\u00a0\u00bb,\\\u00a0\u00bbkeyword\\\u00a0\u00bb:\\\u00a0\u00bb\\\u00a0\u00bb,\\\u00a0\u00bbmetadata\\\u00a0\u00bb:\\\u00a0\u00bb\\\u00a0\u00bb,\\\u00a0\u00bblabel\\\u00a0\u00bb:\\\u00a0\u00bb\\\u00a0\u00bb,\\\u00a0\u00bblinks\\\u00a0\u00bb:[{\\\u00a0\u00bburl\\\u00a0\u00bb:\\\u00a0\u00bbhttps:\/\/www.leparisien.fr\/elections\/legislatives\/legislatives-2024-decouvrez-les-resultats-du-second-tour-dans-votre-circonscription-07-07-2024-OQAAR3P5NRDKFLBFBSZDMUIKUU.php\\\u00a0\u00bb,\\\u00a0\u00bbtext\\\u00a0\u00bb:\\\u00a0\u00bbR\u00e9sultats par circonscription\\\u00a0\u00bb,\\\u00a0\u00bbsearchEnable\\\u00a0\u00bb:false,\\\u00a0\u00bbsearchPlaceholder\\\u00a0\u00bb:\\\u00a0\u00bb\\\u00a0\u00bb},{\\\u00a0\u00bburl\\\u00a0\u00bb:\\\u00a0\u00bbhttps:\/\/www.leparisien.fr\/elections\/legislatives\/legislatives-2024-la-carte-de-france-des-resultats-du-second-tour-des-elections-en-temps-reel-07-07-2024-ZCBJ5PM3BJDJFHO5VSDZX2IL4Q.php\\\u00a0\u00bb,\\\u00a0\u00bbtext\\\u00a0\u00bb:\\\u00a0\u00bbCartes du second tour\\\u00a0\u00bb,\\\u00a0\u00bbsearchEnable\\\u00a0\u00bb:false,\\\u00a0\u00bbsearchPlaceholder\\\u00a0\u00bb:\\\u00a0\u00bb\\\u00a0\u00bb},{\\\u00a0\u00bburl\\\u00a0\u00bb:\\\u00a0\u00bbhttps:\/\/www.leparisien.fr\/resultats-elections\/\\\u00a0\u00bb,\\\u00a0\u00bbtext\\\u00a0\u00bb:\\\u00a0\u00bbTous les r\u00e9sultats\\\u00a0\u00bb,\\\u00a0\u00bbsearchEnable\\\u00a0\u00bb:false,\\\u00a0\u00bbsearchPlaceholder\\\u00a0\u00bb:\\\u00a0\u00bb\\\u00a0\u00bb}]},{\\\u00a0\u00bbsectionId\\\u00a0\u00bb:\\\u00a0\u00bb\/sports\/cyclisme\/tour-de-france\/\\\u00a0\u00bb,\\\u00a0\u00bbliveCollectionId\\\u00a0\u00bb:\\\u00a0\u00bb\\\u00a0\u00bb,\\\u00a0\u00bbliveUrl\\\u00a0\u00bb:\\\u00a0\u00bb\\\u00a0\u00bb,\\\u00a0\u00bbliveLabel\\\u00a0\u00bb:\\\u00a0\u00bb\\\u00a0\u00bb,\\\u00a0\u00bbshowLive\\\u00a0\u00bb:true,\\\u00a0\u00bbimage\\\u00a0\u00bb:\\\u00a0\u00bb\\\u00a0\u00bb,\\\u00a0\u00bbimageDark\\\u00a0\u00bb:\\\u00a0\u00bb\\\u00a0\u00bb,\\\u00a0\u00bbimageLink\\\u00a0\u00bb:\\\u00a0\u00bb\\\u00a0\u00bb,\\\u00a0\u00bbimageSizeMobile\\\u00a0\u00bb:\\\u00a0\u00bb\\\u00a0\u00bb,\\\u00a0\u00bbimageSizeTable\\\u00a0\u00bb:\\\u00a0\u00bb\\\u00a0\u00bb,\\\u00a0\u00bbimageSizeDesktop\\\u00a0\u00bb:\\\u00a0\u00bb\\\u00a0\u00bb,\\\u00a0\u00bbcontextLabel\\\u00a0\u00bb:\\\u00a0\u00bbTour de France 2026\\\u00a0\u00bb,\\\u00a0\u00bbcontextLink\\\u00a0\u00bb:\\\u00a0\u00bb\/sports\/cyclisme\/tour-de-france\/\\\u00a0\u00bb,\\\u00a0\u00bbkeyword\\\u00a0\u00bb:\\\u00a0\u00bb\\\u00a0\u00bb,\\\u00a0\u00bbmetadata\\\u00a0\u00bb:\\\u00a0\u00bb\\\u00a0\u00bb,\\\u00a0\u00bblabel\\\u00a0\u00bb:\\\u00a0\u00bb\\\u00a0\u00bb,\\\u00a0\u00bblinks\\\u00a0\u00bb:[{\\\u00a0\u00bburl\\\u00a0\u00bb:\\\u00a0\u00bbhttps:\/\/www.leparisien.fr\/sports\/cyclisme\/tour-de-france\/tour-de-france-2026-decouvrez-la-carte-officielle-du-parcours-avec-la-double-ascension-de-lalpe-dhuez-23-10-2025-P3XRAO6KUVGNVMWVNYZG3BN5JM.php\\\u00a0\u00bb,\\\u00a0\u00bbtext\\\u00a0\u00bb:\\\u00a0\u00bbParcours\\\u00a0\u00bb,\\\u00a0\u00bbsearchEnable\\\u00a0\u00bb:false,\\\u00a0\u00bbsearchPlaceholder\\\u00a0\u00bb:\\\u00a0\u00bb\\\u00a0\u00bb},{\\\u00a0\u00bburl\\\u00a0\u00bb:\\\u00a0\u00bbhttps:\/\/www.leparisien.fr\/sports\/cyclisme\/tadej-pogacar\/\\\u00a0\u00bb,\\\u00a0\u00bbtext\\\u00a0\u00bb:\\\u00a0\u00bbTadej Pogacar\\\u00a0\u00bb,\\\u00a0\u00bbsearchEnable\\\u00a0\u00bb:false,\\\u00a0\u00bbsearchPlaceholder\\\u00a0\u00bb:\\\u00a0\u00bb\\\u00a0\u00bb},{\\\u00a0\u00bburl\\\u00a0\u00bb:\\\u00a0\u00bbhttps:\/\/www.leparisien.fr\/sports\/cyclisme\/jonas-vingegaard\/\\\u00a0\u00bb,\\\u00a0\u00bbtext\\\u00a0\u00bb:\\\u00a0\u00bbJonas Vingegaard\\\u00a0\u00bb,\\\u00a0\u00bbsearchEnable\\\u00a0\u00bb:false,\\\u00a0\u00bbsearchPlaceholder\\\u00a0\u00bb:\\\u00a0\u00bb\\\u00a0\u00bb}]},{\\\u00a0\u00bbsectionId\\\u00a0\u00bb:\\\u00a0\u00bb\/jo-paralympiques-paris-2024\/\\\u00a0\u00bb,\\\u00a0\u00bbliveCollectionId\\\u00a0\u00bb:\\\u00a0\u00bb\\\u00a0\u00bb,\\\u00a0\u00bbliveUrl\\\u00a0\u00bb:\\\u00a0\u00bb\\\u00a0\u00bb,\\\u00a0\u00bbliveLabel\\\u00a0\u00bb:\\\u00a0\u00bb\\\u00a0\u00bb,\\\u00a0\u00bbshowLive\\\u00a0\u00bb:false,\\\u00a0\u00bbimage\\\u00a0\u00bb:\\\u00a0\u00bbhttps:\/\/assets.leparisien.fr\/website\/images\/homepage\/logo-jo-2024.svg\\\u00a0\u00bb,\\\u00a0\u00bbimageDark\\\u00a0\u00bb:\\\u00a0\u00bbhttps:\/\/assets.leparisien.fr\/website\/images\/homepage\/dark\/logo-jo-2024.png\\\u00a0\u00bb,\\\u00a0\u00bbimageLink\\\u00a0\u00bb:\\\u00a0\u00bb\\\u00a0\u00bb,\\\u00a0\u00bbimageSizeMobile\\\u00a0\u00bb:\\\u00a0\u00bb28X16\\\u00a0\u00bb,\\\u00a0\u00bbimageSizeTable\\\u00a0\u00bb:\\\u00a0\u00bb28X16\\\u00a0\u00bb,\\\u00a0\u00bbimageSizeDesktop\\\u00a0\u00bb:\\\u00a0\u00bb28X16\\\u00a0\u00bb,\\\u00a0\u00bbcontextLabel\\\u00a0\u00bb:\\\u00a0\u00bbJeux paralympiques 2024\\\u00a0\u00bb,\\\u00a0\u00bbcontextLink\\\u00a0\u00bb:\\\u00a0\u00bbhttps:\/\/www.leparisien.fr\/jo-paralympiques-paris-2024\/\\\u00a0\u00bb,\\\u00a0\u00bbkeyword\\\u00a0\u00bb:\\\u00a0\u00bb\\\u00a0\u00bb,\\\u00a0\u00bbmetadata\\\u00a0\u00bb:\\\u00a0\u00bb\\\u00a0\u00bb,\\\u00a0\u00bblabel\\\u00a0\u00bb:\\\u00a0\u00bb\\\u00a0\u00bb,\\\u00a0\u00bblinks\\\u00a0\u00bb:[{\\\u00a0\u00bburl\\\u00a0\u00bb:\\\u00a0\u00bbhttps:\/\/www.leparisien.fr\/jo-paralympiques-paris-2024\/tableau-des-medailles\/\\\u00a0\u00bb,\\\u00a0\u00bbtext\\\u00a0\u00bb:\\\u00a0\u00bbTableau des m\u00e9dailles\\\u00a0\u00bb,\\\u00a0\u00bbsearchEnable\\\u00a0\u00bb:false,\\\u00a0\u00bbsearchPlaceholder\\\u00a0\u00bb:\\\u00a0\u00bb\\\u00a0\u00bb},{\\\u00a0\u00bburl\\\u00a0\u00bb:\\\u00a0\u00bbhttps:\/\/www.leparisien.fr\/jo-paralympiques-paris-2024\/resultats\/\\\u00a0\u00bb,\\\u00a0\u00bbtext\\\u00a0\u00bb:\\\u00a0\u00bbR\u00e9sultats\\\u00a0\u00bb,\\\u00a0\u00bbsearchEnable\\\u00a0\u00bb:false,\\\u00a0\u00bbsearchPlaceholder\\\u00a0\u00bb:\\\u00a0\u00bb\\\u00a0\u00bb},{\\\u00a0\u00bburl\\\u00a0\u00bb:\\\u00a0\u00bbhttps:\/\/www.leparisien.fr\/jo-paris-2024\/equipe-de-france\/\\\u00a0\u00bb,\\\u00a0\u00bbtext\\\u00a0\u00bb:\\\u00a0\u00bb\u00c9quipe de France\\\u00a0\u00bb,\\\u00a0\u00bbsearchEnable\\\u00a0\u00bb:false,\\\u00a0\u00bbsearchPlaceholder\\\u00a0\u00bb:\\\u00a0\u00bb\\\u00a0\u00bb},{\\\u00a0\u00bburl\\\u00a0\u00bb:\\\u00a0\u00bbhttps:\/\/www.leparisien.fr\/jo-paris-2024\/videos\/\\\u00a0\u00bb,\\\u00a0\u00bbtext\\\u00a0\u00bb:\\\u00a0\u00bbVid\u00e9os\\\u00a0\u00bb,\\\u00a0\u00bbsearchEnable\\\u00a0\u00bb:false,\\\u00a0\u00bbsearchPlaceholder\\\u00a0\u00bb:\\\u00a0\u00bb\\\u00a0\u00bb},{\\\u00a0\u00bburl\\\u00a0\u00bb:\\\u00a0\u00bbhttps:\/\/www.leparisien.fr\/inscription-newsletter-jeux-olympiques\/\\\u00a0\u00bb,\\\u00a0\u00bbtext\\\u00a0\u00bb:\\\u00a0\u00bbNewsletter\\\u00a0\u00bb,\\\u00a0\u00bbsearchEnable\\\u00a0\u00bb:false,\\\u00a0\u00bbsearchPlaceholder\\\u00a0\u00bb:\\\u00a0\u00bb\\\u00a0\u00bb}]},{\\\u00a0\u00bbsectionId\\\u00a0\u00bb:\\\u00a0\u00bb\/international\/etats-unis\/\\\u00a0\u00bb,\\\u00a0\u00bbliveCollectionId\\\u00a0\u00bb:\\\u00a0\u00bb\\\u00a0\u00bb,\\\u00a0\u00bbliveUrl\\\u00a0\u00bb:\\\u00a0\u00bb\\\u00a0\u00bb,\\\u00a0\u00bbliveLabel\\\u00a0\u00bb:\\\u00a0\u00bb\\\u00a0\u00bb,\\\u00a0\u00bbshowLive\\\u00a0\u00bb:false,\\\u00a0\u00bbimage\\\u00a0\u00bb:\\\u00a0\u00bbhttps:\/\/assets.leparisien.fr\/website\/images\/homepage\/us-2024.svg\\\u00a0\u00bb,\\\u00a0\u00bbimageDark\\\u00a0\u00bb:\\\u00a0\u00bbhttps:\/\/assets.leparisien.fr\/website\/images\/homepage\/dark\/us-2024.png\\\u00a0\u00bb,\\\u00a0\u00bbimageLink\\\u00a0\u00bb:\\\u00a0\u00bb\\\u00a0\u00bb,\\\u00a0\u00bbimageSizeMobile\\\u00a0\u00bb:\\\u00a0\u00bb16&#215;16\\\u00a0\u00bb,\\\u00a0\u00bbimageSizeTable\\\u00a0\u00bb:\\\u00a0\u00bb16&#215;16\\\u00a0\u00bb,\\\u00a0\u00bbimageSizeDesktop\\\u00a0\u00bb:\\\u00a0\u00bb16&#215;16\\\u00a0\u00bb,\\\u00a0\u00bbcontextLabel\\\u00a0\u00bb:\\\u00a0\u00bb\u00c9tats-Unis\\\u00a0\u00bb,\\\u00a0\u00bbcontextLink\\\u00a0\u00bb:\\\u00a0\u00bb\/international\/etats-unis\/\\\u00a0\u00bb,\\\u00a0\u00bbkeyword\\\u00a0\u00bb:\\\u00a0\u00bb\\\u00a0\u00bb,\\\u00a0\u00bbmetadata\\\u00a0\u00bb:\\\u00a0\u00bb\\\u00a0\u00bb,\\\u00a0\u00bblabel\\\u00a0\u00bb:\\\u00a0\u00bb\\\u00a0\u00bb,\\\u00a0\u00bblinks\\\u00a0\u00bb:[{\\\u00a0\u00bburl\\\u00a0\u00bb:\\\u00a0\u00bbhttps:\/\/www.leparisien.fr\/international\/etats-unis\/donald-trump\/\\\u00a0\u00bb,\\\u00a0\u00bbtext\\\u00a0\u00bb:\\\u00a0\u00bbDonald Trump\\\u00a0\u00bb,\\\u00a0\u00bbsearchEnable\\\u00a0\u00bb:false,\\\u00a0\u00bbsearchPlaceholder\\\u00a0\u00bb:\\\u00a0\u00bb\\\u00a0\u00bb},{\\\u00a0\u00bburl\\\u00a0\u00bb:\\\u00a0\u00bbhttps:\/\/www.leparisien.fr\/international\/elon-musk\/\\\u00a0\u00bb,\\\u00a0\u00bbtext\\\u00a0\u00bb:\\\u00a0\u00bbElon Musk\\\u00a0\u00bb,\\\u00a0\u00bbsearchEnable\\\u00a0\u00bb:false,\\\u00a0\u00bbsearchPlaceholder\\\u00a0\u00bb:\\\u00a0\u00bb\\\u00a0\u00bb},{\\\u00a0\u00bburl\\\u00a0\u00bb:\\\u00a0\u00bbhttps:\/\/www.leparisien.fr\/international\/etats-unis\/\\\u00a0\u00bb,\\\u00a0\u00bbtext\\\u00a0\u00bb:\\\u00a0\u00bbToute l&rsquo;actu aux \u00c9tats-Unis\\\u00a0\u00bb,\\\u00a0\u00bbsearchEnable\\\u00a0\u00bb:false,\\\u00a0\u00bbsearchPlaceholder\\\u00a0\u00bb:\\\u00a0\u00bb\\\u00a0\u00bb}]},{\\\u00a0\u00bbsectionId\\\u00a0\u00bb:\\\u00a0\u00bb\/sports\/football\/ligue-des-champions\/\\\u00a0\u00bb,\\\u00a0\u00bbliveCollectionId\\\u00a0\u00bb:\\\u00a0\u00bb\\\u00a0\u00bb,\\\u00a0\u00bbliveUrl\\\u00a0\u00bb:\\\u00a0\u00bb\\\u00a0\u00bb,\\\u00a0\u00bbliveLabel\\\u00a0\u00bb:\\\u00a0\u00bb\\\u00a0\u00bb,\\\u00a0\u00bbshowLive\\\u00a0\u00bb:false,\\\u00a0\u00bbimage\\\u00a0\u00bb:\\\u00a0\u00bb\\\u00a0\u00bb,\\\u00a0\u00bbimageDark\\\u00a0\u00bb:\\\u00a0\u00bb\\\u00a0\u00bb,\\\u00a0\u00bbimageLink\\\u00a0\u00bb:\\\u00a0\u00bb\\\u00a0\u00bb,\\\u00a0\u00bbimageSizeMobile\\\u00a0\u00bb:\\\u00a0\u00bb\\\u00a0\u00bb,\\\u00a0\u00bbimageSizeTable\\\u00a0\u00bb:\\\u00a0\u00bb\\\u00a0\u00bb,\\\u00a0\u00bbimageSizeDesktop\\\u00a0\u00bb:\\\u00a0\u00bb\\\u00a0\u00bb,\\\u00a0\u00bbcontextLabel\\\u00a0\u00bb:\\\u00a0\u00bbLigue des champions\\\u00a0\u00bb,\\\u00a0\u00bbcontextLink\\\u00a0\u00bb:\\\u00a0\u00bb\/sports\/football\/ligue-des-champions\/\\\u00a0\u00bb,\\\u00a0\u00bbkeyword\\\u00a0\u00bb:\\\u00a0\u00bb\\\u00a0\u00bb,\\\u00a0\u00bbmetadata\\\u00a0\u00bb:\\\u00a0\u00bb\\\u00a0\u00bb,\\\u00a0\u00bblabel\\\u00a0\u00bb:\\\u00a0\u00bb\\\u00a0\u00bb,\\\u00a0\u00bblinks\\\u00a0\u00bb:[{\\\u00a0\u00bburl\\\u00a0\u00bb:\\\u00a0\u00bbhttps:\/\/www.leparisien.fr\/sports\/football\/ligue-des-champions\/calendrier-resultats\/\\\u00a0\u00bb,\\\u00a0\u00bbtext\\\u00a0\u00bb:\\\u00a0\u00bbCalendrier et r\u00e9sultats\\\u00a0\u00bb,\\\u00a0\u00bbsearchEnable\\\u00a0\u00bb:false,\\\u00a0\u00bbsearchPlaceholder\\\u00a0\u00bb:\\\u00a0\u00bb\\\u00a0\u00bb},{\\\u00a0\u00bburl\\\u00a0\u00bb:\\\u00a0\u00bbhttps:\/\/www.leparisien.fr\/sports\/football\/ligue-des-champions\/classement\/\\\u00a0\u00bb,\\\u00a0\u00bbtext\\\u00a0\u00bb:\\\u00a0\u00bbClassement\\\u00a0\u00bb,\\\u00a0\u00bbsearchEnable\\\u00a0\u00bb:false,\\\u00a0\u00bbsearchPlaceholder\\\u00a0\u00bb:\\\u00a0\u00bb\\\u00a0\u00bb},{\\\u00a0\u00bburl\\\u00a0\u00bb:\\\u00a0\u00bbhttps:\/\/www.leparisien.fr\/sports\/football\/psg\/\\\u00a0\u00bb,\\\u00a0\u00bbtext\\\u00a0\u00bb:\\\u00a0\u00bbPSG\\\u00a0\u00bb,\\\u00a0\u00bbsearchEnable\\\u00a0\u00bb:false,\\\u00a0\u00bbsearchPlaceholder\\\u00a0\u00bb:\\\u00a0\u00bb\\\u00a0\u00bb}]},{\\\u00a0\u00bbsectionId\\\u00a0\u00bb:\\\u00a0\u00bb\\\u00a0\u00bb,\\\u00a0\u00bbliveCollectionId\\\u00a0\u00bb:\\\u00a0\u00bb\\\u00a0\u00bb,\\\u00a0\u00bbliveUrl\\\u00a0\u00bb:\\\u00a0\u00bb\\\u00a0\u00bb,\\\u00a0\u00bbliveLabel\\\u00a0\u00bb:\\\u00a0\u00bb\\\u00a0\u00bb,\\\u00a0\u00bbshowLive\\\u00a0\u00bb:false,\\\u00a0\u00bbimage\\\u00a0\u00bb:\\\u00a0\u00bb\\\u00a0\u00bb,\\\u00a0\u00bbimageDark\\\u00a0\u00bb:\\\u00a0\u00bb\\\u00a0\u00bb,\\\u00a0\u00bbimageLink\\\u00a0\u00bb:\\\u00a0\u00bb\\\u00a0\u00bb,\\\u00a0\u00bbimageSizeMobile\\\u00a0\u00bb:\\\u00a0\u00bb\\\u00a0\u00bb,\\\u00a0\u00bbimageSizeTable\\\u00a0\u00bb:\\\u00a0\u00bb\\\u00a0\u00bb,\\\u00a0\u00bbimageSizeDesktop\\\u00a0\u00bb:\\\u00a0\u00bb\\\u00a0\u00bb,\\\u00a0\u00bbcontextLabel\\\u00a0\u00bb:\\\u00a0\u00bbNotre-Dame de Paris\\\u00a0\u00bb,\\\u00a0\u00bbcontextLink\\\u00a0\u00bb:\\\u00a0\u00bb\/paris-75\/notre-dame-de-paris\/\\\u00a0\u00bb,\\\u00a0\u00bbkeyword\\\u00a0\u00bb:\\\u00a0\u00bbNotre-Dame de Paris\\\u00a0\u00bb,\\\u00a0\u00bbmetadata\\\u00a0\u00bb:\\\u00a0\u00bb\\\u00a0\u00bb,\\\u00a0\u00bblabel\\\u00a0\u00bb:\\\u00a0\u00bb\\\u00a0\u00bb,\\\u00a0\u00bblinks\\\u00a0\u00bb:[{\\\u00a0\u00bburl\\\u00a0\u00bb:\\\u00a0\u00bb\/paris-75\/artisans-notre-dame-de-paris\/\\\u00a0\u00bb,\\\u00a0\u00bbtext\\\u00a0\u00bb:\\\u00a0\u00bbLes artisans de la reconstruction\\\u00a0\u00bb,\\\u00a0\u00bbsearchEnable\\\u00a0\u00bb:false,\\\u00a0\u00bbsearchPlaceholder\\\u00a0\u00bb:\\\u00a0\u00bb\\\u00a0\u00bb},{\\\u00a0\u00bburl\\\u00a0\u00bb:\\\u00a0\u00bb\/paris-75\/notre-dame-de-paris-avant-et-apres-lincendie-les-images-epoustouflantes-de-la-renaissance-de-la-cathedrale-30-11-2024-U4EJED4CBFGCJI3BGLGUWXGAUA.php\\\u00a0\u00bb,\\\u00a0\u00bbtext\\\u00a0\u00bb:\\\u00a0\u00bbLes images avant\/apr\u00e8s\\\u00a0\u00bb,\\\u00a0\u00bbsearchEnable\\\u00a0\u00bb:false,\\\u00a0\u00bbsearchPlaceholder\\\u00a0\u00bb:\\\u00a0\u00bb\\\u00a0\u00bb}]},{\\\u00a0\u00bbsectionId\\\u00a0\u00bb:\\\u00a0\u00bb\/sports\/tennis\/roland-garros\/\\\u00a0\u00bb,\\\u00a0\u00bbliveCollectionId\\\u00a0\u00bb:\\\u00a0\u00bb\\\u00a0\u00bb,\\\u00a0\u00bbliveUrl\\\u00a0\u00bb:\\\u00a0\u00bb\\\u00a0\u00bb,\\\u00a0\u00bbliveLabel\\\u00a0\u00bb:\\\u00a0\u00bb\\\u00a0\u00bb,\\\u00a0\u00bbshowLive\\\u00a0\u00bb:false,\\\u00a0\u00bbimage\\\u00a0\u00bb:\\\u00a0\u00bb\\\u00a0\u00bb,\\\u00a0\u00bbimageDark\\\u00a0\u00bb:\\\u00a0\u00bb\\\u00a0\u00bb,\\\u00a0\u00bbimageLink\\\u00a0\u00bb:\\\u00a0\u00bb\\\u00a0\u00bb,\\\u00a0\u00bbimageSizeMobile\\\u00a0\u00bb:\\\u00a0\u00bb\\\u00a0\u00bb,\\\u00a0\u00bbimageSizeTable\\\u00a0\u00bb:\\\u00a0\u00bb\\\u00a0\u00bb,\\\u00a0\u00bbimageSizeDesktop\\\u00a0\u00bb:\\\u00a0\u00bb\\\u00a0\u00bb,\\\u00a0\u00bbcontextLabel\\\u00a0\u00bb:\\\u00a0\u00bbRoland-Garros 2026\\\u00a0\u00bb,\\\u00a0\u00bbcontextLink\\\u00a0\u00bb:\\\u00a0\u00bb\/sports\/tennis\/roland-garros\/\\\u00a0\u00bb,\\\u00a0\u00bbkeyword\\\u00a0\u00bb:\\\u00a0\u00bb\\\u00a0\u00bb,\\\u00a0\u00bbmetadata\\\u00a0\u00bb:\\\u00a0\u00bb\\\u00a0\u00bb,\\\u00a0\u00bblabel\\\u00a0\u00bb:\\\u00a0\u00bb\\\u00a0\u00bb,\\\u00a0\u00bblinks\\\u00a0\u00bb:[{\\\u00a0\u00bburl\\\u00a0\u00bb:\\\u00a0\u00bb\/sports\/tennis\/carlos-alcaraz\/\\\u00a0\u00bb,\\\u00a0\u00bbtext\\\u00a0\u00bb:\\\u00a0\u00bbCarlos Alcaraz\\\u00a0\u00bb,\\\u00a0\u00bbsearchEnable\\\u00a0\u00bb:false,\\\u00a0\u00bbsearchPlaceholder\\\u00a0\u00bb:\\\u00a0\u00bb\\\u00a0\u00bb},{\\\u00a0\u00bburl\\\u00a0\u00bb:\\\u00a0\u00bb\/sports\/tennis\/jannik-sinner\/\\\u00a0\u00bb,\\\u00a0\u00bbtext\\\u00a0\u00bb:\\\u00a0\u00bbJannik Sinner\\\u00a0\u00bb,\\\u00a0\u00bbsearchEnable\\\u00a0\u00bb:false,\\\u00a0\u00bbsearchPlaceholder\\\u00a0\u00bb:\\\u00a0\u00bb\\\u00a0\u00bb},{\\\u00a0\u00bburl\\\u00a0\u00bb:\\\u00a0\u00bb\/sports\/tennis\/novak-djokovic\/\\\u00a0\u00bb,\\\u00a0\u00bbtext\\\u00a0\u00bb:\\\u00a0\u00bbNovak Djokovic\\\u00a0\u00bb,\\\u00a0\u00bbsearchEnable\\\u00a0\u00bb:false,\\\u00a0\u00bbsearchPlaceholder\\\u00a0\u00bb:\\\u00a0\u00bb\\\u00a0\u00bb},{\\\u00a0\u00bburl\\\u00a0\u00bb:\\\u00a0\u00bb\/sports\/tennis\/aryna-sabalenka\/\\\u00a0\u00bb,\\\u00a0\u00bbtext\\\u00a0\u00bb:\\\u00a0\u00bbAryna Sabalenka\\\u00a0\u00bb,\\\u00a0\u00bbsearchEnable\\\u00a0\u00bb:false,\\\u00a0\u00bbsearchPlaceholder\\\u00a0\u00bb:\\\u00a0\u00bb\\\u00a0\u00bb}]},{\\\u00a0\u00bbsectionId\\\u00a0\u00bb:\\\u00a0\u00bb\/sports\/football\/coupe-du-monde-des-clubs\/\\\u00a0\u00bb,\\\u00a0\u00bbliveCollectionId\\\u00a0\u00bb:\\\u00a0\u00bb\\\u00a0\u00bb,\\\u00a0\u00bbliveUrl\\\u00a0\u00bb:\\\u00a0\u00bb\\\u00a0\u00bb,\\\u00a0\u00bbliveLabel\\\u00a0\u00bb:\\\u00a0\u00bb\\\u00a0\u00bb,\\\u00a0\u00bbshowLive\\\u00a0\u00bb:false,\\\u00a0\u00bbimage\\\u00a0\u00bb:\\\u00a0\u00bb\\\u00a0\u00bb,\\\u00a0\u00bbimageDark\\\u00a0\u00bb:\\\u00a0\u00bb\\\u00a0\u00bb,\\\u00a0\u00bbimageLink\\\u00a0\u00bb:\\\u00a0\u00bb\\\u00a0\u00bb,\\\u00a0\u00bbimageSizeMobile\\\u00a0\u00bb:\\\u00a0\u00bb\\\u00a0\u00bb,\\\u00a0\u00bbimageSizeTable\\\u00a0\u00bb:\\\u00a0\u00bb\\\u00a0\u00bb,\\\u00a0\u00bbimageSizeDesktop\\\u00a0\u00bb:\\\u00a0\u00bb\\\u00a0\u00bb,\\\u00a0\u00bbcontextLabel\\\u00a0\u00bb:\\\u00a0\u00bbCoupe du monde des clubs 2025\\\u00a0\u00bb,\\\u00a0\u00bbcontextLink\\\u00a0\u00bb:\\\u00a0\u00bb\/sports\/football\/coupe-du-monde-des-clubs\/\\\u00a0\u00bb,\\\u00a0\u00bbkeyword\\\u00a0\u00bb:\\\u00a0\u00bb\\\u00a0\u00bb,\\\u00a0\u00bbmetadata\\\u00a0\u00bb:\\\u00a0\u00bb\\\u00a0\u00bb,\\\u00a0\u00bblabel\\\u00a0\u00bb:\\\u00a0\u00bb\\\u00a0\u00bb,\\\u00a0\u00bblinks\\\u00a0\u00bb:[{\\\u00a0\u00bburl\\\u00a0\u00bb:\\\u00a0\u00bbhttps:\/\/www.leparisien.fr\/sports\/football\/coupe-du-monde-des-clubs\/calendrier-resultats\/\\\u00a0\u00bb,\\\u00a0\u00bbtext\\\u00a0\u00bb:\\\u00a0\u00bbCalendrier et r\u00e9sultats\\\u00a0\u00bb,\\\u00a0\u00bbsearchEnable\\\u00a0\u00bb:false,\\\u00a0\u00bbsearchPlaceholder\\\u00a0\u00bb:\\\u00a0\u00bb\\\u00a0\u00bb},{\\\u00a0\u00bburl\\\u00a0\u00bb:\\\u00a0\u00bbhttps:\/\/www.leparisien.fr\/sports\/football\/coupe-du-monde-des-clubs\/classement\/\\\u00a0\u00bb,\\\u00a0\u00bbtext\\\u00a0\u00bb:\\\u00a0\u00bbClassement\\\u00a0\u00bb,\\\u00a0\u00bbsearchEnable\\\u00a0\u00bb:false,\\\u00a0\u00bbsearchPlaceholder\\\u00a0\u00bb:\\\u00a0\u00bb\\\u00a0\u00bb},{\\\u00a0\u00bburl\\\u00a0\u00bb:\\\u00a0\u00bbhttps:\/\/www.leparisien.fr\/sports\/football\/psg\/\\\u00a0\u00bb,\\\u00a0\u00bbtext\\\u00a0\u00bb:\\\u00a0\u00bbPSG\\\u00a0\u00bb,\\\u00a0\u00bbsearchEnable\\\u00a0\u00bb:false,\\\u00a0\u00bbsearchPlaceholder\\\u00a0\u00bb:\\\u00a0\u00bb\\\u00a0\u00bb}]},{\\\u00a0\u00bbsectionId\\\u00a0\u00bb:\\\u00a0\u00bb\/sports\/cyclisme\/tour-de-france-feminin\/\\\u00a0\u00bb,\\\u00a0\u00bbliveCollectionId\\\u00a0\u00bb:\\\u00a0\u00bb\\\u00a0\u00bb,\\\u00a0\u00bbliveUrl\\\u00a0\u00bb:\\\u00a0\u00bb\\\u00a0\u00bb,\\\u00a0\u00bbliveLabel\\\u00a0\u00bb:\\\u00a0\u00bb\\\u00a0\u00bb,\\\u00a0\u00bbshowLive\\\u00a0\u00bb:true,\\\u00a0\u00bbimage\\\u00a0\u00bb:\\\u00a0\u00bb\\\u00a0\u00bb,\\\u00a0\u00bbimageDark\\\u00a0\u00bb:\\\u00a0\u00bb\\\u00a0\u00bb,\\\u00a0\u00bbimageLink\\\u00a0\u00bb:\\\u00a0\u00bb\\\u00a0\u00bb,\\\u00a0\u00bbimageSizeMobile\\\u00a0\u00bb:\\\u00a0\u00bb\\\u00a0\u00bb,\\\u00a0\u00bbimageSizeTable\\\u00a0\u00bb:\\\u00a0\u00bb\\\u00a0\u00bb,\\\u00a0\u00bbimageSizeDesktop\\\u00a0\u00bb:\\\u00a0\u00bb\\\u00a0\u00bb,\\\u00a0\u00bbcontextLabel\\\u00a0\u00bb:\\\u00a0\u00bbTour de Frances femmes 2026\\\u00a0\u00bb,\\\u00a0\u00bbcontextLink\\\u00a0\u00bb:\\\u00a0\u00bb\/sports\/cyclisme\/tour-de-france-feminin\/\\\u00a0\u00bb,\\\u00a0\u00bbkeyword\\\u00a0\u00bb:\\\u00a0\u00bb\\\u00a0\u00bb,\\\u00a0\u00bbmetadata\\\u00a0\u00bb:\\\u00a0\u00bb\\\u00a0\u00bb,\\\u00a0\u00bblabel\\\u00a0\u00bb:\\\u00a0\u00bb\\\u00a0\u00bb,\\\u00a0\u00bblinks\\\u00a0\u00bb:[{\\\u00a0\u00bburl\\\u00a0\u00bb:\\\u00a0\u00bbhttps:\/\/www.leparisien.fr\/sports\/cyclisme\/tour-de-france-feminin\/tour-de-france-femmes-decouvrez-le-parcours-officiel-de-ledition-2026-avec-le-mythique-mont-ventoux-23-10-2025-35IH7H3QHVHN5LD6GK5BKCGU2A.php\\\u00a0\u00bb,\\\u00a0\u00bbtext\\\u00a0\u00bb:\\\u00a0\u00bbParcours\\\u00a0\u00bb,\\\u00a0\u00bbsearchEnable\\\u00a0\u00bb:false,\\\u00a0\u00bbsearchPlaceholder\\\u00a0\u00bb:\\\u00a0\u00bb\\\u00a0\u00bb},{\\\u00a0\u00bburl\\\u00a0\u00bb:\\\u00a0\u00bbhttps:\/\/www.leparisien.fr\/sports\/cyclisme\/pauline-ferrand-prevot\/\\\u00a0\u00bb,\\\u00a0\u00bbtext\\\u00a0\u00bb:\\\u00a0\u00bbPauline Ferrand-Pr\u00e9vot\\\u00a0\u00bb,\\\u00a0\u00bbsearchEnable\\\u00a0\u00bb:false,\\\u00a0\u00bbsearchPlaceholder\\\u00a0\u00bb:\\\u00a0\u00bb\\\u00a0\u00bb}]}]\u00a0\u00bb,\u00a0\u00bbencartAboTitle\u00a0\u00bb:\u00a0\u00bbOffre Solo\u00a0\u00bb,\u00a0\u00bbencartAboText\u00a0\u00bb:\u00a0\u00bb1\u20ac pendant 2 mois\u00a0\u00bb,\u00a0\u00bbencartAboBtnLabel\u00a0\u00bb:\u00a0\u00bbS\u2019abonner\u00a0\u00bb,\u00a0\u00bblogoConfig\u00a0\u00bb:\u00a0\u00bb[{\\\u00a0\u00bbsection\\\u00a0\u00bb:\\\u00a0\u00bb\/jo-paris-2024\\\u00a0\u00bb,\\\u00a0\u00bburl\\\u00a0\u00bb:\\\u00a0\u00bbhttps:\/\/assets.leparisien.fr\/website\/images\/homepage\/logo-jo-2024.svg\\\u00a0\u00bb,\\\u00a0\u00bbwidth\\\u00a0\u00bb:\\\u00a0\u00bb28\\\u00a0\u00bb,\\\u00a0\u00bbheight\\\u00a0\u00bb:\\\u00a0\u00bb16\\\u00a0\u00bb},{\\\u00a0\u00bbsection\\\u00a0\u00bb:\\\u00a0\u00bb\/jo-paralympiques-paris-2024\\\u00a0\u00bb,\\\u00a0\u00bburl\\\u00a0\u00bb:\\\u00a0\u00bbhttps:\/\/assets.leparisien.fr\/website\/images\/homepage\/logo-jo-2024.svg\\\u00a0\u00bb,\\\u00a0\u00bbwidth\\\u00a0\u00bb:\\\u00a0\u00bb28\\\u00a0\u00bb,\\\u00a0\u00bbheight\\\u00a0\u00bb:\\\u00a0\u00bb16\\\u00a0\u00bb}]\u00a0\u00bb},\u00a0\u00bbdisplayProperties\u00a0\u00bb:{},\u00a0\u00bblocalEdits\u00a0\u00bb:{},\u00a0\u00bbvariants\u00a0\u00bb:{}}},{\u00ab\u00a0collection\u00a0\u00bb:\u00a0\u00bbfeatures\u00a0\u00bb,\u00a0\u00bbtype\u00a0\u00bb:\u00a0\u00bbglobal\/GenericAds\u00a0\u00bb,\u00a0\u00bbprops\u00a0\u00bb:{\u00ab\u00a0collection\u00a0\u00bb:\u00a0\u00bbfeatures\u00a0\u00bb,\u00a0\u00bbtype\u00a0\u00bb:\u00a0\u00bbglobal\/GenericAds\u00a0\u00bb,\u00a0\u00bbid\u00a0\u00bb:\u00a0\u00bbf0fz2RpBkdcw2v2&Prime;,\u00a0\u00bbname\u00a0\u00bb:\u00a0\u00bbglobal GenericAds\u00a0\u00bb,\u00a0\u00bbcontentConfig\u00a0\u00bb:{\u00ab\u00a0contentService\u00a0\u00bb:\u00a0\u00bb\u00a0\u00bb,\u00a0\u00bbcontentConfigValues\u00a0\u00bb:{},\u00a0\u00bbinherit\u00a0\u00bb:true},\u00a0\u00bbcustomFields\u00a0\u00bb:{\u00ab\u00a0device\u00a0\u00bb:\u00a0\u00bball-devices\u00a0\u00bb,\u00a0\u00bbadType\u00a0\u00bb:\u00a0\u00bbbanniere-1&Prime;,\u00a0\u00bbfillBackground\u00a0\u00bb:true,\u00a0\u00bbenableMinHeight\u00a0\u00bb:true},\u00a0\u00bbdisplayProperties\u00a0\u00bb:{},\u00a0\u00bblocalEdits\u00a0\u00bb:{},\u00a0\u00bbvariants\u00a0\u00bb:{}}},{\u00ab\u00a0collection\u00a0\u00bb:\u00a0\u00bbfeatures\u00a0\u00bb,\u00a0\u00bbtype\u00a0\u00bb:\u00a0\u00bbglobal\/GlobalCustomModal\u00a0\u00bb,\u00a0\u00bbprops\u00a0\u00bb:{\u00ab\u00a0collection\u00a0\u00bb:\u00a0\u00bbfeatures\u00a0\u00bb,\u00a0\u00bbtype\u00a0\u00bb:\u00a0\u00bbglobal\/GlobalCustomModal\u00a0\u00bb,\u00a0\u00bbid\u00a0\u00bb:\u00a0\u00bbf0fucmCTBsqo5ke\u00a0\u00bb,\u00a0\u00bbname\u00a0\u00bb:\u00a0\u00bbglobal GlobalCustomModal\u00a0\u00bb,\u00a0\u00bbcontentConfig\u00a0\u00bb:{\u00ab\u00a0contentService\u00a0\u00bb:\u00a0\u00bb\u00a0\u00bb,\u00a0\u00bbcontentConfigValues\u00a0\u00bb:{},\u00a0\u00bbinherit\u00a0\u00bb:true},\u00a0\u00bbcustomFields\u00a0\u00bb:{},\u00a0\u00bbdisplayProperties\u00a0\u00bb:{},\u00a0\u00bblocalEdits\u00a0\u00bb:{},\u00a0\u00bbvariants\u00a0\u00bb:{}}}]},{\u00ab\u00a0collection\u00a0\u00bb:\u00a0\u00bbsections\u00a0\u00bb,\u00a0\u00bbprops\u00a0\u00bb:{\u00ab\u00a0collection\u00a0\u00bb:\u00a0\u00bbsections\u00a0\u00bb,\u00a0\u00bbid\u00a0\u00bb:1},\u00a0\u00bbchildren\u00a0\u00bb:[{\u00ab\u00a0collection\u00a0\u00bb:\u00a0\u00bbfeatures\u00a0\u00bb,\u00a0\u00bbtype\u00a0\u00bb:\u00a0\u00bbArticle\/Breadcrumb\u00a0\u00bb,\u00a0\u00bbprops\u00a0\u00bb:{\u00ab\u00a0collection\u00a0\u00bb:\u00a0\u00bbfeatures\u00a0\u00bb,\u00a0\u00bbtype\u00a0\u00bb:\u00a0\u00bbArticle\/Breadcrumb\u00a0\u00bb,\u00a0\u00bbid\u00a0\u00bb:\u00a0\u00bbf0ff0Vy719g08y2&Prime;,\u00a0\u00bbname\u00a0\u00bb:\u00a0\u00bbArticle Breadcrumb\u00a0\u00bb,\u00a0\u00bbcontentConfig\u00a0\u00bb:{\u00ab\u00a0contentService\u00a0\u00bb:\u00a0\u00bb\u00a0\u00bb,\u00a0\u00bbcontentConfigValues\u00a0\u00bb:{},\u00a0\u00bbinherit\u00a0\u00bb:true},\u00a0\u00bbcustomFields\u00a0\u00bb:{\u00ab\u00a0showProfilTag\u00a0\u00bb:false},\u00a0\u00bbdisplayProperties\u00a0\u00bb:{},\u00a0\u00bblocalEdits\u00a0\u00bb:{},\u00a0\u00bbvariants\u00a0\u00bb:{}}},{\u00ab\u00a0collection\u00a0\u00bb:\u00a0\u00bbfeatures\u00a0\u00bb,\u00a0\u00bbtype\u00a0\u00bb:\u00a0\u00bbArticle\/header\u00a0\u00bb,\u00a0\u00bbprops\u00a0\u00bb:{\u00ab\u00a0collection\u00a0\u00bb:\u00a0\u00bbfeatures\u00a0\u00bb,\u00a0\u00bbtype\u00a0\u00bb:\u00a0\u00bbArticle\/header\u00a0\u00bb,\u00a0\u00bbid\u00a0\u00bb:\u00a0\u00bb0fheITrD8rs\u00a0\u00bb,\u00a0\u00bbcontentConfig\u00a0\u00bb:{\u00ab\u00a0contentService\u00a0\u00bb:\u00a0\u00bb\u00a0\u00bb,\u00a0\u00bbcontentConfigValues\u00a0\u00bb:{},\u00a0\u00bbinherit\u00a0\u00bb:false},\u00a0\u00bbcustomFields\u00a0\u00bb:{},\u00a0\u00bbdisplayProperties\u00a0\u00bb:{},\u00a0\u00bblocalEdits\u00a0\u00bb:{},\u00a0\u00bbvariants\u00a0\u00bb:{}}},{\u00ab\u00a0collection\u00a0\u00bb:\u00a0\u00bbfeatures\u00a0\u00bb,\u00a0\u00bbtype\u00a0\u00bb:\u00a0\u00bbArticle\/PremiumBar\u00a0\u00bb,\u00a0\u00bbprops\u00a0\u00bb:{\u00ab\u00a0collection\u00a0\u00bb:\u00a0\u00bbfeatures\u00a0\u00bb,\u00a0\u00bbtype\u00a0\u00bb:\u00a0\u00bbArticle\/PremiumBar\u00a0\u00bb,\u00a0\u00bbid\u00a0\u00bb:\u00a0\u00bbf0fnt6ZqhlPht8&Prime;,\u00a0\u00bbname\u00a0\u00bb:\u00a0\u00bbArticle PremiumBar\u00a0\u00bb,\u00a0\u00bbcontentConfig\u00a0\u00bb:{\u00ab\u00a0contentService\u00a0\u00bb:\u00a0\u00bb\u00a0\u00bb,\u00a0\u00bbcontentConfigValues\u00a0\u00bb:{},\u00a0\u00bbinherit\u00a0\u00bb:true},\u00a0\u00bbcustomFields\u00a0\u00bb:{\u00ab\u00a0nonSubscriberText\u00a0\u00bb:\u00a0\u00bbCet article est r\u00e9serv\u00e9 aux abonn\u00e9s.\u00a0\u00bb,\u00a0\u00bbsubscriberText\u00a0\u00bb:\u00a0\u00bbVotre abonnement vous permet d\u2019acc\u00e9der \u00e0 cet article.\u00a0\u00bb},\u00a0\u00bbdisplayProperties\u00a0\u00bb:{},\u00a0\u00bblocalEdits\u00a0\u00bb:{},\u00a0\u00bbvariants\u00a0\u00bb:{}}}]},{\u00ab\u00a0collection\u00a0\u00bb:\u00a0\u00bbsections\u00a0\u00bb,\u00a0\u00bbprops\u00a0\u00bb:{\u00ab\u00a0collection\u00a0\u00bb:\u00a0\u00bbsections\u00a0\u00bb,\u00a0\u00bbid\u00a0\u00bb:2},\u00a0\u00bbchildren\u00a0\u00bb:[{\u00ab\u00a0collection\u00a0\u00bb:\u00a0\u00bbfeatures\u00a0\u00bb,\u00a0\u00bbtype\u00a0\u00bb:\u00a0\u00bbArticle\/LeadArt\u00a0\u00bb,\u00a0\u00bbprops\u00a0\u00bb:{\u00ab\u00a0collection\u00a0\u00bb:\u00a0\u00bbfeatures\u00a0\u00bb,\u00a0\u00bbtype\u00a0\u00bb:\u00a0\u00bbArticle\/LeadArt\u00a0\u00bb,\u00a0\u00bbid\u00a0\u00bb:\u00a0\u00bb0fJwZntD8rG\u00a0\u00bb,\u00a0\u00bbcontentConfig\u00a0\u00bb:{\u00ab\u00a0contentService\u00a0\u00bb:\u00a0\u00bb\u00a0\u00bb,\u00a0\u00bbcontentConfigValues\u00a0\u00bb:{},\u00a0\u00bbinherit\u00a0\u00bb:false},\u00a0\u00bbcustomFields\u00a0\u00bb:{},\u00a0\u00bbdisplayProperties\u00a0\u00bb:{},\u00a0\u00bblocalEdits\u00a0\u00bb:{},\u00a0\u00bbvariants\u00a0\u00bb:{}}}]},{\u00ab\u00a0collection\u00a0\u00bb:\u00a0\u00bbsections\u00a0\u00bb,\u00a0\u00bbprops\u00a0\u00bb:{\u00ab\u00a0collection\u00a0\u00bb:\u00a0\u00bbsections\u00a0\u00bb,\u00a0\u00bbid\u00a0\u00bb:3},\u00a0\u00bbchildren\u00a0\u00bb:[{\u00ab\u00a0collection\u00a0\u00bb:\u00a0\u00bbfeatures\u00a0\u00bb,\u00a0\u00bbtype\u00a0\u00bb:\u00a0\u00bbglobal\/GenericAds\u00a0\u00bb,\u00a0\u00bbprops\u00a0\u00bb:{\u00ab\u00a0collection\u00a0\u00bb:\u00a0\u00bbfeatures\u00a0\u00bb,\u00a0\u00bbtype\u00a0\u00bb:\u00a0\u00bbglobal\/GenericAds\u00a0\u00bb,\u00a0\u00bbid\u00a0\u00bb:\u00a0\u00bbf0fFt3yFVmaA1Bj\u00a0\u00bb,\u00a0\u00bbname\u00a0\u00bb:\u00a0\u00bbglobal GenericAds\u00a0\u00bb,\u00a0\u00bbcontentConfig\u00a0\u00bb:{\u00ab\u00a0contentService\u00a0\u00bb:\u00a0\u00bb\u00a0\u00bb,\u00a0\u00bbcontentConfigValues\u00a0\u00bb:{},\u00a0\u00bbinherit\u00a0\u00bb:true},\u00a0\u00bbcustomFields\u00a0\u00bb:{\u00ab\u00a0device\u00a0\u00bb:\u00a0\u00bbdesktop\u00a0\u00bb,\u00a0\u00bbadType\u00a0\u00bb:\u00a0\u00bbpave-1&Prime;,\u00a0\u00bbisSticky\u00a0\u00bb:true},\u00a0\u00bbdisplayProperties\u00a0\u00bb:{},\u00a0\u00bblocalEdits\u00a0\u00bb:{},\u00a0\u00bbvariants\u00a0\u00bb:{}}}]},{\u00ab\u00a0collection\u00a0\u00bb:\u00a0\u00bbsections\u00a0\u00bb,\u00a0\u00bbprops\u00a0\u00bb:{\u00ab\u00a0collection\u00a0\u00bb:\u00a0\u00bbsections\u00a0\u00bb,\u00a0\u00bbid\u00a0\u00bb:4},\u00a0\u00bbchildren\u00a0\u00bb:[{\u00ab\u00a0collection\u00a0\u00bb:\u00a0\u00bbfeatures\u00a0\u00bb,\u00a0\u00bbtype\u00a0\u00bb:\u00a0\u00bbArticle\/ShareTools\u00a0\u00bb,\u00a0\u00bbprops\u00a0\u00bb:{\u00ab\u00a0collection\u00a0\u00bb:\u00a0\u00bbfeatures\u00a0\u00bb,\u00a0\u00bbtype\u00a0\u00bb:\u00a0\u00bbArticle\/ShareTools\u00a0\u00bb,\u00a0\u00bbid\u00a0\u00bb:\u00a0\u00bbf0fitCJAY5tB1aG\u00a0\u00bb,\u00a0\u00bbname\u00a0\u00bb:\u00a0\u00bbArticle ShareTools\u00a0\u00bb,\u00a0\u00bbcontentConfig\u00a0\u00bb:{\u00ab\u00a0contentService\u00a0\u00bb:\u00a0\u00bb\u00a0\u00bb,\u00a0\u00bbcontentConfigValues\u00a0\u00bb:{},\u00a0\u00bbinherit\u00a0\u00bb:true},\u00a0\u00bbcustomFields\u00a0\u00bb:{},\u00a0\u00bbdisplayProperties\u00a0\u00bb:{},\u00a0\u00bblocalEdits\u00a0\u00bb:{},\u00a0\u00bbvariants\u00a0\u00bb:{}}},{\u00ab\u00a0collection\u00a0\u00bb:\u00a0\u00bbfeatures\u00a0\u00bb,\u00a0\u00bbtype\u00a0\u00bb:\u00a0\u00bbArticle\/PlayerEtx\u00a0\u00bb,\u00a0\u00bbprops\u00a0\u00bb:{\u00ab\u00a0collection\u00a0\u00bb:\u00a0\u00bbfeatures\u00a0\u00bb,\u00a0\u00bbtype\u00a0\u00bb:\u00a0\u00bbArticle\/PlayerEtx\u00a0\u00bb,\u00a0\u00bbid\u00a0\u00bb:\u00a0\u00bbf0fBxJJuuuhWoP\u00a0\u00bb,\u00a0\u00bbname\u00a0\u00bb:\u00a0\u00bbArticle PlayerEtx\u00a0\u00bb,\u00a0\u00bbcontentConfig\u00a0\u00bb:{\u00ab\u00a0contentService\u00a0\u00bb:\u00a0\u00bb\u00a0\u00bb,\u00a0\u00bbcontentConfigValues\u00a0\u00bb:{},\u00a0\u00bbinherit\u00a0\u00bb:true},\u00a0\u00bbcustomFields\u00a0\u00bb:{},\u00a0\u00bbdisplayProperties\u00a0\u00bb:{},\u00a0\u00bblocalEdits\u00a0\u00bb:{},\u00a0\u00bbvariants\u00a0\u00bb:{}}},{\u00ab\u00a0collection\u00a0\u00bb:\u00a0\u00bbfeatures\u00a0\u00bb,\u00a0\u00bbtype\u00a0\u00bb:\u00a0\u00bbArticle\/Content\u00a0\u00bb,\u00a0\u00bbprops\u00a0\u00bb:{\u00ab\u00a0collection\u00a0\u00bb:\u00a0\u00bbfeatures\u00a0\u00bb,\u00a0\u00bbtype\u00a0\u00bb:\u00a0\u00bbArticle\/Content\u00a0\u00bb,\u00a0\u00bbid\u00a0\u00bb:\u00a0\u00bbf0f4Goz1n8wq2v7&Prime;,\u00a0\u00bbname\u00a0\u00bb:\u00a0\u00bbArticle Content\u00a0\u00bb,\u00a0\u00bbcontentConfig\u00a0\u00bb:{\u00ab\u00a0contentService\u00a0\u00bb:\u00a0\u00bb\u00a0\u00bb,\u00a0\u00bbcontentConfigValues\u00a0\u00bb:{},\u00a0\u00bbinherit\u00a0\u00bb:true},\u00a0\u00bbcustomFields\u00a0\u00bb:{\u00ab\u00a0restrictSection\u00a0\u00bb:\u00a0\u00bb[{\\\u00a0\u00bburl\\\u00a0\u00bb:\\\u00a0\u00bb\/politique\\\u00a0\u00bb,\\\u00a0\u00bbtitle\\\u00a0\u00bb:\\\u00a0\u00bb\\\u00a0\u00bb},{\\\u00a0\u00bburl\\\u00a0\u00bb:\\\u00a0\u00bb\/elections\/presidentielle\\\u00a0\u00bb,\\\u00a0\u00bbtitle\\\u00a0\u00bb:\\\u00a0\u00bb\\\u00a0\u00bb}]\u00a0\u00bb,\u00a0\u00bbskus\u00a0\u00bb:[\u00ab\u00a0{\\\u00a0\u00bbsku\\\u00a0\u00bb: \\\u00a0\u00bbSWGPD.0782-9649-2957-42734\\\u00a0\u00bb,\\\u00a0\u00bbformula\\\u00a0\u00bb: \\\u00a0\u00bbformule_numerique_adl\\\u00a0\u00bb,\\\u00a0\u00bbnoviusId\\\u00a0\u00bb: 498}\u00a0\u00bb,\u00a0\u00bb{\\\u00a0\u00bbsku\\\u00a0\u00bb: \\\u00a0\u00bbSWGPD.5403-2727-0950-84295\\\u00a0\u00bb,\\\u00a0\u00bbformula\\\u00a0\u00bb: \\\u00a0\u00bbformule_numerique_add\\\u00a0\u00bb,\\\u00a0\u00bbnoviusId\\\u00a0\u00bb: 493}\u00a0\u00bb,\u00a0\u00bb{\\\u00a0\u00bbsku\\\u00a0\u00bb: \\\u00a0\u00bbSWGPD.6330-5660-7304-97284\\\u00a0\u00bb,\\\u00a0\u00bbformula\\\u00a0\u00bb: \\\u00a0\u00bbformule_numerique_1_an_multi_3\\\u00a0\u00bb,\\\u00a0\u00bbtype\\\u00a0\u00bb:\\\u00a0\u00bbmulti\\\u00a0\u00bb,\\\u00a0\u00bbnoviusId\\\u00a0\u00bb: 561}\u00a0\u00bb,\u00a0\u00bb{\\\u00a0\u00bbsku\\\u00a0\u00bb: \\\u00a0\u00bbSWGPD.4532-1255-3472-02333\\\u00a0\u00bb,\\\u00a0\u00bbformula\\\u00a0\u00bb: \\\u00a0\u00bbformule_numerique_adl_multi_3\\\u00a0\u00bb,\\\u00a0\u00bbtype\\\u00a0\u00bb:\\\u00a0\u00bbmulti\\\u00a0\u00bb,\\\u00a0\u00bbnoviusId\\\u00a0\u00bb: 560}\u00a0\u00bb,\u00a0\u00bb{\\\u00a0\u00bbsku\\\u00a0\u00bb: \\\u00a0\u00bbSWGPD.8093-1737-9798-61799\\\u00a0\u00bb,\\\u00a0\u00bbformula\\\u00a0\u00bb: \\\u00a0\u00bbformule_numerique_adl_multi_5\\\u00a0\u00bb,\\\u00a0\u00bbtype\\\u00a0\u00bb:\\\u00a0\u00bbmulti\\\u00a0\u00bb,\\\u00a0\u00bbnoviusId\\\u00a0\u00bb: 564}\u00a0\u00bb,\u00a0\u00bb{\\\u00a0\u00bbsku\\\u00a0\u00bb: \\\u00a0\u00bbSWGPD.2753-0863-3277-88556\\\u00a0\u00bb,\\\u00a0\u00bbformula\\\u00a0\u00bb: \\\u00a0\u00bbformule_numerique_1_an_multi_5\\\u00a0\u00bb,\\\u00a0\u00bbtype\\\u00a0\u00bb:\\\u00a0\u00bbmulti\\\u00a0\u00bb,\\\u00a0\u00bbnoviusId\\\u00a0\u00bb: 565}\u00a0\u00bb],\u00a0\u00bbnewsletterOptin\u00a0\u00bb:\u00a0\u00bboptin_newsletter\u00a0\u00bb,\u00a0\u00bbnewsletterTitle\u00a0\u00bb:\u00a0\u00bbUn tour de l&rsquo;actualit\u00e9 pour commencer la journ\u00e9e\u00a0\u00bb,\u00a0\u00bbnewsletterLabel\u00a0\u00bb:\u00a0\u00bbL&rsquo;essentiel du matin\u00a0\u00bb,\u00a0\u00bbnewsletterImage\u00a0\u00bb:\u00a0\u00bbnewsletter-essentiel-matin-logo.png\u00a0\u00bb,\u00a0\u00bbnewsletterColor\u00a0\u00bb:\u00a0\u00bb#1EA0E6&Prime;},\u00a0\u00bbdisplayProperties\u00a0\u00bb:{},\u00a0\u00bblocalEdits\u00a0\u00bb:{},\u00a0\u00bbvariants\u00a0\u00bb:{}}},{\u00ab\u00a0collection\u00a0\u00bb:\u00a0\u00bbfeatures\u00a0\u00bb,\u00a0\u00bbtype\u00a0\u00bb:\u00a0\u00bbArticle\/Links\u00a0\u00bb,\u00a0\u00bbprops\u00a0\u00bb:{\u00ab\u00a0collection\u00a0\u00bb:\u00a0\u00bbfeatures\u00a0\u00bb,\u00a0\u00bbtype\u00a0\u00bb:\u00a0\u00bbArticle\/Links\u00a0\u00bb,\u00a0\u00bbid\u00a0\u00bb:\u00a0\u00bbf0fKskYRRAXOjK\u00a0\u00bb,\u00a0\u00bbname\u00a0\u00bb:\u00a0\u00bbArticle Links\u00a0\u00bb,\u00a0\u00bbcontentConfig\u00a0\u00bb:{\u00ab\u00a0contentService\u00a0\u00bb:\u00a0\u00bb\u00a0\u00bb,\u00a0\u00bbcontentConfigValues\u00a0\u00bb:{},\u00a0\u00bbinherit\u00a0\u00bb:true},\u00a0\u00bbcustomFields\u00a0\u00bb:{\u00ab\u00a0nbToFetch\u00a0\u00bb:20,\u00a0\u00bbarticleLimit\u00a0\u00bb:3,\u00a0\u00bbaboArticleLimit\u00a0\u00bb:1,\u00a0\u00bbbackgroundColor\u00a0\u00bb:\u00a0\u00bb#F5F7F8&Prime;,\u00a0\u00bbborderColor\u00a0\u00bb:\u00a0\u00bb#1EA0E6&Prime;,\u00a0\u00bbexcludeSections\u00a0\u00bb:[\u00ab\u00a0\/podcasts\/code-source\u00a0\u00bb,\u00a0\u00bb\/politique\/newsletter\u00a0\u00bb,\u00a0\u00bb\/newsletters\u00a0\u00bb],\u00a0\u00bbrecirculationByTag\u00a0\u00bb:true},\u00a0\u00bbdisplayProperties\u00a0\u00bb:{},\u00a0\u00bblocalEdits\u00a0\u00bb:{},\u00a0\u00bbvariants\u00a0\u00bb:{}}}]},{\u00ab\u00a0collection\u00a0\u00bb:\u00a0\u00bbsections\u00a0\u00bb,\u00a0\u00bbprops\u00a0\u00bb:{\u00ab\u00a0collection\u00a0\u00bb:\u00a0\u00bbsections\u00a0\u00bb,\u00a0\u00bbid\u00a0\u00bb:5},\u00a0\u00bbchildren\u00a0\u00bb:[{\u00ab\u00a0collection\u00a0\u00bb:\u00a0\u00bbfeatures\u00a0\u00bb,\u00a0\u00bbtype\u00a0\u00bb:\u00a0\u00bbArticle\/DailyMotionPlaylist\u00a0\u00bb,\u00a0\u00bbprops\u00a0\u00bb:{\u00ab\u00a0collection\u00a0\u00bb:\u00a0\u00bbfeatures\u00a0\u00bb,\u00a0\u00bbtype\u00a0\u00bb:\u00a0\u00bbArticle\/DailyMotionPlaylist\u00a0\u00bb,\u00a0\u00bbid\u00a0\u00bb:\u00a0\u00bbf0fH04CtISAr2oA\u00a0\u00bb,\u00a0\u00bbname\u00a0\u00bb:\u00a0\u00bbArticle DailyMotionPlaylist\u00a0\u00bb,\u00a0\u00bbcontentConfig\u00a0\u00bb:{\u00ab\u00a0contentService\u00a0\u00bb:\u00a0\u00bb\u00a0\u00bb,\u00a0\u00bbcontentConfigValues\u00a0\u00bb:{},\u00a0\u00bbinherit\u00a0\u00bb:true},\u00a0\u00bbcustomFields\u00a0\u00bb:{\u00ab\u00a0playlistId\u00a0\u00bb:\u00a0\u00bbx4xtbj\u00a0\u00bb,\u00a0\u00bbplayerId\u00a0\u00bb:\u00a0\u00bbxc6ct\u00a0\u00bb},\u00a0\u00bbdisplayProperties\u00a0\u00bb:{},\u00a0\u00bblocalEdits\u00a0\u00bb:{},\u00a0\u00bbvariants\u00a0\u00bb:{}}},{\u00ab\u00a0collection\u00a0\u00bb:\u00a0\u00bbfeatures\u00a0\u00bb,\u00a0\u00bbtype\u00a0\u00bb:\u00a0\u00bbArticle\/MostRead\u00a0\u00bb,\u00a0\u00bbprops\u00a0\u00bb:{\u00ab\u00a0collection\u00a0\u00bb:\u00a0\u00bbfeatures\u00a0\u00bb,\u00a0\u00bbtype\u00a0\u00bb:\u00a0\u00bbArticle\/MostRead\u00a0\u00bb,\u00a0\u00bbid\u00a0\u00bb:\u00a0\u00bbf0fC9iWS34Ok8QN\u00a0\u00bb,\u00a0\u00bbname\u00a0\u00bb:\u00a0\u00bbArticle MostRead\u00a0\u00bb,\u00a0\u00bbcontentConfig\u00a0\u00bb:{\u00ab\u00a0contentService\u00a0\u00bb:\u00a0\u00bb\u00a0\u00bb,\u00a0\u00bbcontentConfigValues\u00a0\u00bb:{},\u00a0\u00bbinherit\u00a0\u00bb:true},\u00a0\u00bbcustomFields\u00a0\u00bb:{\u00ab\u00a0type\u00a0\u00bb:\u00a0\u00bball-sections\u00a0\u00bb,\u00a0\u00bbsize\u00a0\u00bb:5,\u00a0\u00bbrightRailPlacement\u00a0\u00bb:true,\u00a0\u00bbmodule title\u00a0\u00bb:\u00a0\u00bbLes plus lus\u00a0\u00bb},\u00a0\u00bbdisplayProperties\u00a0\u00bb:{},\u00a0\u00bblocalEdits\u00a0\u00bb:{},\u00a0\u00bbvariants\u00a0\u00bb:{}}},{\u00ab\u00a0collection\u00a0\u00bb:\u00a0\u00bbfeatures\u00a0\u00bb,\u00a0\u00bbtype\u00a0\u00bb:\u00a0\u00bbglobal\/CardBanner\u00a0\u00bb,\u00a0\u00bbprops\u00a0\u00bb:{\u00ab\u00a0collection\u00a0\u00bb:\u00a0\u00bbfeatures\u00a0\u00bb,\u00a0\u00bbtype\u00a0\u00bb:\u00a0\u00bbglobal\/CardBanner\u00a0\u00bb,\u00a0\u00bbid\u00a0\u00bb:\u00a0\u00bbf0fxFL9AyMd11nI\u00a0\u00bb,\u00a0\u00bbname\u00a0\u00bb:\u00a0\u00bbglobal Banner for unsubscribed\u00a0\u00bb,\u00a0\u00bbcontentConfig\u00a0\u00bb:{\u00ab\u00a0contentService\u00a0\u00bb:\u00a0\u00bb\u00a0\u00bb,\u00a0\u00bbcontentConfigValues\u00a0\u00bb:{},\u00a0\u00bbinherit\u00a0\u00bb:true},\u00a0\u00bbcustomFields\u00a0\u00bb:{\u00ab\u00a0size\u00a0\u00bb:\u00a0\u00bbsmall\u00a0\u00bb,\u00a0\u00bbposition\u00a0\u00bb:\u00a0\u00bbcolumn\u00a0\u00bb,\u00a0\u00bbwithMarginTop\u00a0\u00bb:false,\u00a0\u00bbtitle\u00a0\u00bb:\u00a0\u00bbAnnonces immobili\u00e8res pr\u00e8s de chez vous\u00a0\u00bb,\u00a0\u00bbtext\u00a0\u00bb:\u00a0\u00bbContenu sponsoris\u00e9\u00a0\u00bb,\u00a0\u00bbbtnLabel\u00a0\u00bb:\u00a0\u00bbVoir les annonces\u00a0\u00bb,\u00a0\u00bbbtnHref\u00a0\u00bb:\u00a0\u00bbhttps:\/\/annonces-immo.leparisien.fr\/?xtatc=PUB-[bienici]-[immo_sidebar]-[]-[]-[]-[]-[partenaires]-[]\u00a0\u00bb,\u00a0\u00bbimageUrl\u00a0\u00bb:\u00a0\u00bb\/bien-ici.svg\u00a0\u00bb,\u00a0\u00bbisVisibleOnlyOn\u00a0\u00bb:\u00a0\u00bb\/immobilier\u00a0\u00bb},\u00a0\u00bbdisplayProperties\u00a0\u00bb:{},\u00a0\u00bblocalEdits\u00a0\u00bb:{},\u00a0\u00bbvariants\u00a0\u00bb:{}}},{\u00ab\u00a0collection\u00a0\u00bb:\u00a0\u00bbfeatures\u00a0\u00bb,\u00a0\u00bbtype\u00a0\u00bb:\u00a0\u00bbglobal\/GenericAds\u00a0\u00bb,\u00a0\u00bbprops\u00a0\u00bb:{\u00ab\u00a0collection\u00a0\u00bb:\u00a0\u00bbfeatures\u00a0\u00bb,\u00a0\u00bbtype\u00a0\u00bb:\u00a0\u00bbglobal\/GenericAds\u00a0\u00bb,\u00a0\u00bbid\u00a0\u00bb:\u00a0\u00bbf0fd5povOm5R3Pf\u00a0\u00bb,\u00a0\u00bbname\u00a0\u00bb:\u00a0\u00bbglobal GenericAds\u00a0\u00bb,\u00a0\u00bbcontentConfig\u00a0\u00bb:{\u00ab\u00a0contentService\u00a0\u00bb:\u00a0\u00bb\u00a0\u00bb,\u00a0\u00bbcontentConfigValues\u00a0\u00bb:{},\u00a0\u00bbinherit\u00a0\u00bb:true},\u00a0\u00bbcustomFields\u00a0\u00bb:{\u00ab\u00a0device\u00a0\u00bb:\u00a0\u00bball-devices\u00a0\u00bb,\u00a0\u00bbadType\u00a0\u00bb:\u00a0\u00bbpave-2&Prime;,\u00a0\u00bbisSticky\u00a0\u00bb:true},\u00a0\u00bbdisplayProperties\u00a0\u00bb:{},\u00a0\u00bblocalEdits\u00a0\u00bb:{},\u00a0\u00bbvariants\u00a0\u00bb:{}}},{\u00ab\u00a0collection\u00a0\u00bb:\u00a0\u00bbfeatures\u00a0\u00bb,\u00a0\u00bbtype\u00a0\u00bb:\u00a0\u00bbArticle\/NewspaperThumbnail\u00a0\u00bb,\u00a0\u00bbprops\u00a0\u00bb:{\u00ab\u00a0collection\u00a0\u00bb:\u00a0\u00bbfeatures\u00a0\u00bb,\u00a0\u00bbtype\u00a0\u00bb:\u00a0\u00bbArticle\/NewspaperThumbnail\u00a0\u00bb,\u00a0\u00bbid\u00a0\u00bb:\u00a0\u00bbf0fbwy6gcBQk1R1&Prime;,\u00a0\u00bbname\u00a0\u00bb:\u00a0\u00bbArticle NewspaperThumbnail\u00a0\u00bb,\u00a0\u00bbcontentConfig\u00a0\u00bb:{\u00ab\u00a0contentService\u00a0\u00bb:\u00a0\u00bb\u00a0\u00bb,\u00a0\u00bbcontentConfigValues\u00a0\u00bb:{},\u00a0\u00bbinherit\u00a0\u00bb:true},\u00a0\u00bbcustomFields\u00a0\u00bb:{},\u00a0\u00bbdisplayProperties\u00a0\u00bb:{},\u00a0\u00bblocalEdits\u00a0\u00bb:{},\u00a0\u00bbvariants\u00a0\u00bb:{}}},{\u00ab\u00a0collection\u00a0\u00bb:\u00a0\u00bbfeatures\u00a0\u00bb,\u00a0\u00bbtype\u00a0\u00bb:\u00a0\u00bbglobal\/CardBanner\u00a0\u00bb,\u00a0\u00bbprops\u00a0\u00bb:{\u00ab\u00a0collection\u00a0\u00bb:\u00a0\u00bbfeatures\u00a0\u00bb,\u00a0\u00bbtype\u00a0\u00bb:\u00a0\u00bbglobal\/CardBanner\u00a0\u00bb,\u00a0\u00bbid\u00a0\u00bb:\u00a0\u00bbf0fPAhspkSBgNj\u00a0\u00bb,\u00a0\u00bbname\u00a0\u00bb:\u00a0\u00bbglobal Banner for unsubscribed-1&Prime;,\u00a0\u00bbcontentConfig\u00a0\u00bb:{\u00ab\u00a0contentService\u00a0\u00bb:\u00a0\u00bb\u00a0\u00bb,\u00a0\u00bbcontentConfigValues\u00a0\u00bb:{},\u00a0\u00bbinherit\u00a0\u00bb:true},\u00a0\u00bbcustomFields\u00a0\u00bb:{\u00ab\u00a0size\u00a0\u00bb:\u00a0\u00bbsmall\u00a0\u00bb,\u00a0\u00bbposition\u00a0\u00bb:\u00a0\u00bbcolumn\u00a0\u00bb,\u00a0\u00bbwithMarginTop\u00a0\u00bb:false,\u00a0\u00bbtitle\u00a0\u00bb:\u00a0\u00bbAnnonces immobili\u00e8res pr\u00e8s de chez vous\u00a0\u00bb,\u00a0\u00bbtext\u00a0\u00bb:\u00a0\u00bbContenu sponsoris\u00e9\u00a0\u00bb,\u00a0\u00bbbtnLabel\u00a0\u00bb:\u00a0\u00bbVoir les annonces\u00a0\u00bb,\u00a0\u00bbbtnHref\u00a0\u00bb:\u00a0\u00bbhttps:\/\/annonces-immo.leparisien.fr\/?xtatc=PUB-[bienici]-[immo_sidebar]-[]-[]-[]-[]-[partenaires]-[]\u00a0\u00bb,\u00a0\u00bbimageUrl\u00a0\u00bb:\u00a0\u00bb\/bien-ici.svg\u00a0\u00bb,\u00a0\u00bbisVisibleOnlyOn\u00a0\u00bb:\u00a0\u00bb\/immobilier\u00a0\u00bb,\u00a0\u00bbpbInternal_cloneId\u00a0\u00bb:\u00a0\u00bbf0fPAhspkSBgNj\u00a0\u00bb,\u00a0\u00bbforSubscribersOnly\u00a0\u00bb:true},\u00a0\u00bbdisplayProperties\u00a0\u00bb:{},\u00a0\u00bblocalEdits\u00a0\u00bb:{},\u00a0\u00bbvariants\u00a0\u00bb:{}}}]},{\u00ab\u00a0collection\u00a0\u00bb:\u00a0\u00bbsections\u00a0\u00bb,\u00a0\u00bbprops\u00a0\u00bb:{\u00ab\u00a0collection\u00a0\u00bb:\u00a0\u00bbsections\u00a0\u00bb,\u00a0\u00bbid\u00a0\u00bb:6},\u00a0\u00bbchildren\u00a0\u00bb:[{\u00ab\u00a0collection\u00a0\u00bb:\u00a0\u00bbfeatures\u00a0\u00bb,\u00a0\u00bbtype\u00a0\u00bb:\u00a0\u00bbglobal\/Outbrain\u00a0\u00bb,\u00a0\u00bbprops\u00a0\u00bb:{\u00ab\u00a0collection\u00a0\u00bb:\u00a0\u00bbfeatures\u00a0\u00bb,\u00a0\u00bbtype\u00a0\u00bb:\u00a0\u00bbglobal\/Outbrain\u00a0\u00bb,\u00a0\u00bbid\u00a0\u00bb:\u00a0\u00bb0fxw1JrD8rX\u00a0\u00bb,\u00a0\u00bbcontentConfig\u00a0\u00bb:{\u00ab\u00a0contentService\u00a0\u00bb:\u00a0\u00bb\u00a0\u00bb,\u00a0\u00bbcontentConfigValues\u00a0\u00bb:{},\u00a0\u00bbinherit\u00a0\u00bb:false},\u00a0\u00bbcustomFields\u00a0\u00bb:{\u00ab\u00a0allowDailymotionPip\u00a0\u00bb:true},\u00a0\u00bbdisplayProperties\u00a0\u00bb:{},\u00a0\u00bblocalEdits\u00a0\u00bb:{},\u00a0\u00bbvariants\u00a0\u00bb:{}}},{\u00ab\u00a0collection\u00a0\u00bb:\u00a0\u00bbfeatures\u00a0\u00bb,\u00a0\u00bbtype\u00a0\u00bb:\u00a0\u00bbArticle\/Comments\u00a0\u00bb,\u00a0\u00bbprops\u00a0\u00bb:{\u00ab\u00a0collection\u00a0\u00bb:\u00a0\u00bbfeatures\u00a0\u00bb,\u00a0\u00bbtype\u00a0\u00bb:\u00a0\u00bbArticle\/Comments\u00a0\u00bb,\u00a0\u00bbid\u00a0\u00bb:\u00a0\u00bbf0ft91kZfUAC2Qb\u00a0\u00bb,\u00a0\u00bbname\u00a0\u00bb:\u00a0\u00bbArticle Comments\u00a0\u00bb,\u00a0\u00bbcontentConfig\u00a0\u00bb:{\u00ab\u00a0contentService\u00a0\u00bb:\u00a0\u00bb\u00a0\u00bb,\u00a0\u00bbcontentConfigValues\u00a0\u00bb:{},\u00a0\u00bbinherit\u00a0\u00bb:true},\u00a0\u00bbcustomFields\u00a0\u00bb:{\u00ab\u00a0successText\u00a0\u00bb:\u00a0\u00bbVotre commentaire a bien \u00e9t\u00e9 envoy\u00e9.\u00a0\u00bb,\u00a0\u00bbshowCommentsButtonText\u00a0\u00bb:\u00a0\u00bbVoir tous les commentaires\u00a0\u00bb},\u00a0\u00bbdisplayProperties\u00a0\u00bb:{},\u00a0\u00bblocalEdits\u00a0\u00bb:{},\u00a0\u00bbvariants\u00a0\u00bb:{}}},{\u00ab\u00a0collection\u00a0\u00bb:\u00a0\u00bbfeatures\u00a0\u00bb,\u00a0\u00bbtype\u00a0\u00bb:\u00a0\u00bbArticle\/LinksWithImage\u00a0\u00bb,\u00a0\u00bbprops\u00a0\u00bb:{\u00ab\u00a0collection\u00a0\u00bb:\u00a0\u00bbfeatures\u00a0\u00bb,\u00a0\u00bbtype\u00a0\u00bb:\u00a0\u00bbArticle\/LinksWithImage\u00a0\u00bb,\u00a0\u00bbid\u00a0\u00bb:\u00a0\u00bbf0fEBWPaYFZa611&Prime;,\u00a0\u00bbname\u00a0\u00bb:\u00a0\u00bbArticle LinksWithImage\u00a0\u00bb,\u00a0\u00bbcontentConfig\u00a0\u00bb:{\u00ab\u00a0contentService\u00a0\u00bb:\u00a0\u00bb\u00a0\u00bb,\u00a0\u00bbcontentConfigValues\u00a0\u00bb:{},\u00a0\u00bbinherit\u00a0\u00bb:true},\u00a0\u00bbcustomFields\u00a0\u00bb:{\u00ab\u00a0nbToFetch\u00a0\u00bb:20,\u00a0\u00bbarticleLimit\u00a0\u00bb:3,\u00a0\u00bbaboArticleLimit\u00a0\u00bb:2,\u00a0\u00bbrecirculationByTag\u00a0\u00bb:true},\u00a0\u00bbdisplayProperties\u00a0\u00bb:{},\u00a0\u00bblocalEdits\u00a0\u00bb:{},\u00a0\u00bbvariants\u00a0\u00bb:{}}},{\u00ab\u00a0collection\u00a0\u00bb:\u00a0\u00bbfeatures\u00a0\u00bb,\u00a0\u00bbtype\u00a0\u00bb:\u00a0\u00bbglobal\/MostRecentFeed\u00a0\u00bb,\u00a0\u00bbprops\u00a0\u00bb:{\u00ab\u00a0collection\u00a0\u00bb:\u00a0\u00bbfeatures\u00a0\u00bb,\u00a0\u00bbtype\u00a0\u00bb:\u00a0\u00bbglobal\/MostRecentFeed\u00a0\u00bb,\u00a0\u00bbid\u00a0\u00bb:\u00a0\u00bb0f20QDrD8re\u00a0\u00bb,\u00a0\u00bbname\u00a0\u00bb:\u00a0\u00bbarticlemostrecentfeed\u00a0\u00bb,\u00a0\u00bbcontentConfig\u00a0\u00bb:{\u00ab\u00a0contentService\u00a0\u00bb:\u00a0\u00bb\u00a0\u00bb,\u00a0\u00bbcontentConfigValues\u00a0\u00bb:{},\u00a0\u00bbinherit\u00a0\u00bb:false},\u00a0\u00bbcustomFields\u00a0\u00bb:{\u00ab\u00a0size\u00a0\u00bb:9,\u00a0\u00bbexcludeSections\u00a0\u00bb:[\u00ab\u00a0\/podcasts\u00a0\u00bb]},\u00a0\u00bbdisplayProperties\u00a0\u00bb:{},\u00a0\u00bblocalEdits\u00a0\u00bb:{},\u00a0\u00bbvariants\u00a0\u00bb:{}}},{\u00ab\u00a0collection\u00a0\u00bb:\u00a0\u00bbfeatures\u00a0\u00bb,\u00a0\u00bbtype\u00a0\u00bb:\u00a0\u00bbglobal\/NewMostRecentFeed\u00a0\u00bb,\u00a0\u00bbprops\u00a0\u00bb:{\u00ab\u00a0collection\u00a0\u00bb:\u00a0\u00bbfeatures\u00a0\u00bb,\u00a0\u00bbtype\u00a0\u00bb:\u00a0\u00bbglobal\/NewMostRecentFeed\u00a0\u00bb,\u00a0\u00bbid\u00a0\u00bb:\u00a0\u00bbf0fRUfz7OUBA2fR\u00a0\u00bb,\u00a0\u00bbname\u00a0\u00bb:\u00a0\u00bbNewMostRecentFeed\u00a0\u00bb,\u00a0\u00bbcontentConfig\u00a0\u00bb:{\u00ab\u00a0contentService\u00a0\u00bb:\u00a0\u00bb\u00a0\u00bb,\u00a0\u00bbcontentConfigValues\u00a0\u00bb:{},\u00a0\u00bbinherit\u00a0\u00bb:true},\u00a0\u00bbcustomFields\u00a0\u00bb:{\u00ab\u00a0size\u00a0\u00bb:6,\u00a0\u00bbexcludeSections\u00a0\u00bb:[\u00ab\u00a0\/podcasts\u00a0\u00bb]},\u00a0\u00bbdisplayProperties\u00a0\u00bb:{},\u00a0\u00bblocalEdits\u00a0\u00bb:{},\u00a0\u00bbvariants\u00a0\u00bb:{}}},{\u00ab\u00a0collection\u00a0\u00bb:\u00a0\u00bbchains\u00a0\u00bb,\u00a0\u00bbtype\u00a0\u00bb:\u00a0\u00bbSectionGenericChain\u00a0\u00bb,\u00a0\u00bbprops\u00a0\u00bb:{\u00ab\u00a0collection\u00a0\u00bb:\u00a0\u00bbchains\u00a0\u00bb,\u00a0\u00bbtype\u00a0\u00bb:\u00a0\u00bbSectionGenericChain\u00a0\u00bb,\u00a0\u00bbid\u00a0\u00bb:\u00a0\u00bbc0f2F2rxlUNR5yW\u00a0\u00bb,\u00a0\u00bbname\u00a0\u00bb:\u00a0\u00bbNotre s\u00e9lection\u00a0\u00bb,\u00a0\u00bbcustomFields\u00a0\u00bb:{\u00ab\u00a0showTitle\u00a0\u00bb:true,\u00a0\u00bbtitleVariant\u00a0\u00bb:\u00a0\u00bbdefault\u00a0\u00bb,\u00a0\u00bbtype\u00a0\u00bb:\u00a0\u00bbdefault\u00a0\u00bb,\u00a0\u00bbbackgroundColor\u00a0\u00bb:\u00a0\u00bb#fff\u00a0\u00bb,\u00a0\u00bbtemplate\u00a0\u00bb:\u00a0\u00bbarticles\u00a0\u00bb,\u00a0\u00bbtitle\u00a0\u00bb:\u00a0\u00bbNotre s\u00e9lection\u00a0\u00bb},\u00a0\u00bbdisplayProperties\u00a0\u00bb:{}},\u00a0\u00bbchildren\u00a0\u00bb:[{\u00ab\u00a0collection\u00a0\u00bb:\u00a0\u00bbfeatures\u00a0\u00bb,\u00a0\u00bbtype\u00a0\u00bb:\u00a0\u00bbglobal\/GenericFeed\u00a0\u00bb,\u00a0\u00bbprops\u00a0\u00bb:{\u00ab\u00a0collection\u00a0\u00bb:\u00a0\u00bbfeatures\u00a0\u00bb,\u00a0\u00bbtype\u00a0\u00bb:\u00a0\u00bbglobal\/GenericFeed\u00a0\u00bb,\u00a0\u00bbid\u00a0\u00bb:\u00a0\u00bbf0fB5H7R66Ff1db\u00a0\u00bb,\u00a0\u00bbname\u00a0\u00bb:\u00a0\u00bbActualit\u00e9s\u00a0\u00bb,\u00a0\u00bbcontentConfig\u00a0\u00bb:{\u00ab\u00a0contentService\u00a0\u00bb:\u00a0\u00bb\u00a0\u00bb,\u00a0\u00bbcontentConfigValues\u00a0\u00bb:{},\u00a0\u00bbinherit\u00a0\u00bb:true},\u00a0\u00bbcustomFields\u00a0\u00bb:{\u00ab\u00a0feedConfig\u00a0\u00bb:{\u00ab\u00a0contentService\u00a0\u00bb:\u00a0\u00bbcollection-full-story-feed\u00a0\u00bb,\u00a0\u00bbcontentConfigValues\u00a0\u00bb:{\u00ab\u00a0website\u00a0\u00bb:\u00a0\u00bbleparisien\u00a0\u00bb,\u00a0\u00bbsize\u00a0\u00bb:3,\u00a0\u00bboffset\u00a0\u00bb:0,\u00a0\u00bbid\u00a0\u00bb:\u00a0\u00bbABCYYZKCTJHHJIFMTFMG2X6Q4M\u00a0\u00bb}},\u00a0\u00bbdisplayType\u00a0\u00bb:\u00a0\u00bbcards\u00a0\u00bb,\u00a0\u00bbtitleLevel\u00a0\u00bb:\u00a0\u00bbp\u00a0\u00bb,\u00a0\u00bblazyload\u00a0\u00bb:true,\u00a0\u00bbfetchpriority\u00a0\u00bb:\u00a0\u00bblow\u00a0\u00bb,\u00a0\u00bbsizes\u00a0\u00bb:\u00a0\u00bb\u00a0\u00bb,\u00a0\u00bbcontentSize\u00a0\u00bb:3,\u00a0\u00bbcontentOffset\u00a0\u00bb:0,\u00a0\u00bbblockName\u00a0\u00bb:\u00a0\u00bbArticle_NotreSelection\u00a0\u00bb},\u00a0\u00bbdisplayProperties\u00a0\u00bb:{},\u00a0\u00bblocalEdits\u00a0\u00bb:{},\u00a0\u00bbvariants\u00a0\u00bb:{}}}]},{\u00ab\u00a0collection\u00a0\u00bb:\u00a0\u00bbfeatures\u00a0\u00bb,\u00a0\u00bbtype\u00a0\u00bb:\u00a0\u00bbArticle\/MostReadV2&Prime;,\u00a0\u00bbprops\u00a0\u00bb:{\u00ab\u00a0collection\u00a0\u00bb:\u00a0\u00bbfeatures\u00a0\u00bb,\u00a0\u00bbtype\u00a0\u00bb:\u00a0\u00bbArticle\/MostReadV2&Prime;,\u00a0\u00bbid\u00a0\u00bb:\u00a0\u00bbf0fzx5c23svs2XA\u00a0\u00bb,\u00a0\u00bbname\u00a0\u00bb:\u00a0\u00bbNos abonn\u00e9s ont lu ensuite\u00a0\u00bb,\u00a0\u00bbcontentConfig\u00a0\u00bb:{\u00ab\u00a0contentService\u00a0\u00bb:\u00a0\u00bb\u00a0\u00bb,\u00a0\u00bbcontentConfigValues\u00a0\u00bb:{},\u00a0\u00bbinherit\u00a0\u00bb:true},\u00a0\u00bbcustomFields\u00a0\u00bb:{\u00ab\u00a0lazyload\u00a0\u00bb:true,\u00a0\u00bbtitleLevel\u00a0\u00bb:\u00a0\u00bbp\u00a0\u00bb,\u00a0\u00bbfetchpriority\u00a0\u00bb:\u00a0\u00bblow\u00a0\u00bb,\u00a0\u00bbtitle\u00a0\u00bb:\u00a0\u00bbNos abonn\u00e9s ont lu ensuite\u00a0\u00bb,\u00a0\u00bbcontentSize\u00a0\u00bb:6,\u00a0\u00bbcontentOffset\u00a0\u00bb:0,\u00a0\u00bbidCollection\u00a0\u00bb:\u00a0\u00bbH6677CJES5DA5MJ74Y34GN63KM\u00a0\u00bb,\u00a0\u00bbblockName\u00a0\u00bb:\u00a0\u00bbArticle_LusAbonnes\u00a0\u00bb},\u00a0\u00bbdisplayProperties\u00a0\u00bb:{},\u00a0\u00bblocalEdits\u00a0\u00bb:{},\u00a0\u00bbvariants\u00a0\u00bb:{}}}]},{\u00ab\u00a0collection\u00a0\u00bb:\u00a0\u00bbsections\u00a0\u00bb,\u00a0\u00bbprops\u00a0\u00bb:{\u00ab\u00a0collection\u00a0\u00bb:\u00a0\u00bbsections\u00a0\u00bb,\u00a0\u00bbid\u00a0\u00bb:7},\u00a0\u00bbchildren\u00a0\u00bb:[{\u00ab\u00a0collection\u00a0\u00bb:\u00a0\u00bbchains\u00a0\u00bb,\u00a0\u00bbtype\u00a0\u00bb:\u00a0\u00bbServicesChain\u00a0\u00bb,\u00a0\u00bbprops\u00a0\u00bb:{\u00ab\u00a0collection\u00a0\u00bb:\u00a0\u00bbchains\u00a0\u00bb,\u00a0\u00bbtype\u00a0\u00bb:\u00a0\u00bbServicesChain\u00a0\u00bb,\u00a0\u00bbid\u00a0\u00bb:\u00a0\u00bb0f8j7Fg7LrS\u00a0\u00bb,\u00a0\u00bbcustomFields\u00a0\u00bb:{\u00ab\u00a0backgroundColor\u00a0\u00bb:\u00a0\u00bb#ECEFF1&Prime;},\u00a0\u00bbdisplayProperties\u00a0\u00bb:{\u00ab\u00a0columns\u00a0\u00bb:{}}},\u00a0\u00bbchildren\u00a0\u00bb:[{\u00ab\u00a0collection\u00a0\u00bb:\u00a0\u00bbfeatures\u00a0\u00bb,\u00a0\u00bbtype\u00a0\u00bb:\u00a0\u00bbglobal\/ThirdPartyGuide\u00a0\u00bb,\u00a0\u00bbprops\u00a0\u00bb:{\u00ab\u00a0collection\u00a0\u00bb:\u00a0\u00bbfeatures\u00a0\u00bb,\u00a0\u00bbtype\u00a0\u00bb:\u00a0\u00bbglobal\/ThirdPartyGuide\u00a0\u00bb,\u00a0\u00bbid\u00a0\u00bb:\u00a0\u00bb0fCBIXOUKrf-7-0-0&Prime;,\u00a0\u00bbcontentConfig\u00a0\u00bb:{\u00ab\u00a0contentService\u00a0\u00bb:\u00a0\u00bb\u00a0\u00bb,\u00a0\u00bbcontentConfigValues\u00a0\u00bb:{},\u00a0\u00bbinherit\u00a0\u00bb:false},\u00a0\u00bbcustomFields\u00a0\u00bb:{\u00ab\u00a0title\u00a0\u00bb:\u00a0\u00bbGuide Shopping Le Parisien\u00a0\u00bb,\u00a0\u00bblistBackgroundColor\u00a0\u00bb:\u00a0\u00bb#ffffff\u00a0\u00bb,\u00a0\u00bbbottomLinkText\u00a0\u00bb:\u00a0\u00bbS\u00e9lection shopping\u00a0\u00bb,\u00a0\u00bbbottomLinkHref\u00a0\u00bb:\u00a0\u00bbhttps:\/\/www.leparisien.fr\/guide-shopping\/\u00a0\u00bb,\u00a0\u00bbnumItemsToShow\u00a0\u00bb:5,\u00a0\u00bbsource\u00a0\u00bb:\u00a0\u00bbComposer lp-guide-shopping\u00a0\u00bb},\u00a0\u00bbdisplayProperties\u00a0\u00bb:{},\u00a0\u00bblocalEdits\u00a0\u00bb:{},\u00a0\u00bbvariants\u00a0\u00bb:{}}},{\u00ab\u00a0collection\u00a0\u00bb:\u00a0\u00bbfeatures\u00a0\u00bb,\u00a0\u00bbtype\u00a0\u00bb:\u00a0\u00bbglobal\/SwitchableThirdParty\u00a0\u00bb,\u00a0\u00bbprops\u00a0\u00bb:{\u00ab\u00a0collection\u00a0\u00bb:\u00a0\u00bbfeatures\u00a0\u00bb,\u00a0\u00bbtype\u00a0\u00bb:\u00a0\u00bbglobal\/SwitchableThirdParty\u00a0\u00bb,\u00a0\u00bbid\u00a0\u00bb:\u00a0\u00bb0fq3t7f7Lr9-7-0-1&Prime;,\u00a0\u00bbcontentConfig\u00a0\u00bb:{\u00ab\u00a0contentService\u00a0\u00bb:\u00a0\u00bb\u00a0\u00bb,\u00a0\u00bbcontentConfigValues\u00a0\u00bb:{},\u00a0\u00bbinherit\u00a0\u00bb:false},\u00a0\u00bbcustomFields\u00a0\u00bb:{\u00ab\u00a0secondAlternativeBottomLinkText\u00a0\u00bb:\u00a0\u00bbVoir toutes les annonces\u00a0\u00bb,\u00a0\u00bbfirstAlternativeSections\u00a0\u00bb:\u00a0\u00bb\/economie\/annonces-legales,\/info-paris-ile-de-france-oise,\/paris-75,\/essonne-91,\/hauts-de-seine-92,\/seine-saint-denis-93,\/val-d-oise-95,\/val-de-marne-94,\/seine-et-marne-77,\/yvelines-78,\/oise-60,\/calvados-14,\/seine-maritime-76,\/eure-27,\/loiret-45,\/charente-maritime-17,\/eure-et-loir-28,\/finistere-29,\/haute-garonne-31,\/marne-51,\/martinique-972,\/pyrenees-orientales-66,\/puy-de-dome-63,\/aube-10&Prime;,\u00a0\u00bbsecondAlternativeSections\u00a0\u00bb:\u00a0\u00bb\/automobile,\/sports\u00a0\u00bb,\u00a0\u00bbsecondAlternativeBackgroundColor\u00a0\u00bb:\u00a0\u00bb#ffffff\u00a0\u00bb,\u00a0\u00bbdefaultNumItemsToShow\u00a0\u00bb:5,\u00a0\u00bbdefaultBottomLinkHref\u00a0\u00bb:\u00a0\u00bbhttps:\/\/www.leparisien.fr\/jeux\/\u00a0\u00bb,\u00a0\u00bbfirstAlternativeBackgroundColor\u00a0\u00bb:\u00a0\u00bb#ffffff\u00a0\u00bb,\u00a0\u00bbsecondAlternativeNumItemsToShow\u00a0\u00bb:5,\u00a0\u00bbfirstAlternativeBottomLinkText\u00a0\u00bb:\u00a0\u00bbD\u00e9poser une annonce\u00a0\u00bb,\u00a0\u00bbdefaultBottomLinkText\u00a0\u00bb:\u00a0\u00bbVoir\u00a0\u00bb,\u00a0\u00bbdefaultBottomText\u00a0\u00bb:\u00a0\u00bbUne s\u00e9lection compl\u00e8te de jeux\u00a0\u00bb,\u00a0\u00bbfirstAlternativeBottomLinkHref\u00a0\u00bb:\u00a0\u00bbhttps:\/\/www.annonces-legales.fr\/lp\/leparisien\/choisir-votre-journal\u00a0\u00bb,\u00a0\u00bbfirstAlternativeNumItemsToShow\u00a0\u00bb:5,\u00a0\u00bbsecondAlternativeBottomLinkHref\u00a0\u00bb:\u00a0\u00bbhttps:\/\/www.paruvendu.fr\/voiture-occasion\/?partenaire=leparisien\u00a0\u00bb,\u00a0\u00bbsecondAlternativeTitle\u00a0\u00bb:\u00a0\u00bbAnnonces auto\u00a0\u00bb,\u00a0\u00bbdefaultBackgroundColor\u00a0\u00bb:\u00a0\u00bb#ffffff\u00a0\u00bb,\u00a0\u00bbsecondAlternativeBlock\u00a0\u00bb:\u00a0\u00bbThirdPartyAuto\u00a0\u00bb,\u00a0\u00bblegalAdsFilterByDepartment\u00a0\u00bb:true,\u00a0\u00bbdefaultTitle\u00a0\u00bb:\u00a0\u00bbJeux gratuits\u00a0\u00bb,\u00a0\u00bbfirstAlternativeBlock\u00a0\u00bb:\u00a0\u00bbThirdPartyLegalAds\u00a0\u00bb,\u00a0\u00bbfirstAlternativeTitle\u00a0\u00bb:\u00a0\u00bbAnnonces l\u00e9gales\u00a0\u00bb,\u00a0\u00bbsecondAlternativeBottomText\u00a0\u00bb:\u00a0\u00bbVoir toutes les annonces\u00a0\u00bb,\u00a0\u00bbdefaultBlock\u00a0\u00bb:\u00a0\u00bbThirdPartyGames\u00a0\u00bb,\u00a0\u00bbfirstAlternativeBottomText\u00a0\u00bb:\u00a0\u00bbD\u00e9poser une annonce\u00a0\u00bb,\u00a0\u00bbgames\u00a0\u00bb:\u00a0\u00bb[{\\\u00a0\u00bbtitle\\\u00a0\u00bb:\\\u00a0\u00bbMots fl\u00e9ch\u00e9s\\\u00a0\u00bb,\\\u00a0\u00bbimage\\\u00a0\u00bb:\\\u00a0\u00bbBZKNCAICXRFGNOCFRH4DOEFELE\\\u00a0\u00bb,\\\u00a0\u00bblink_url\\\u00a0\u00bb:\\\u00a0\u00bbhttps:\/\/www.leparisien.fr\/jeux\/mots-fleches\/\\\u00a0\u00bb},{\\\u00a0\u00bbtitle\\\u00a0\u00bb:\\\u00a0\u00bbMots coup\u00e9s\\\u00a0\u00bb,\\\u00a0\u00bbimage\\\u00a0\u00bb:\\\u00a0\u00bbAVGPR2WDX5GGNHLS7BKSHCF5MI\\\u00a0\u00bb,\\\u00a0\u00bblink_url\\\u00a0\u00bb:\\\u00a0\u00bbhttps:\/\/www.leparisien.fr\/jeux\/mots-coupes\/\\\u00a0\u00bb},{\\\u00a0\u00bbtitle\\\u00a0\u00bb:\\\u00a0\u00bbMots crois\u00e9s\\\u00a0\u00bb,\\\u00a0\u00bbimage\\\u00a0\u00bb:\\\u00a0\u00bbRXIMFLPYZZA67OM6E427V5HB6E\\\u00a0\u00bb,\\\u00a0\u00bblink_url\\\u00a0\u00bb:\\\u00a0\u00bbhttps:\/\/www.leparisien.fr\/jeux\/mots-croises\/\\\u00a0\u00bb},{\\\u00a0\u00bbtitle\\\u00a0\u00bb:\\\u00a0\u00bbMots m\u00eal\u00e9s\\\u00a0\u00bb,\\\u00a0\u00bbimage\\\u00a0\u00bb:\\\u00a0\u00bbEMTERX2ITJGVNJ7TR6Y7DOSMYE\\\u00a0\u00bb,\\\u00a0\u00bblink_url\\\u00a0\u00bb:\\\u00a0\u00bbhttps:\/\/www.leparisien.fr\/jeux\/mots-melanges\/\\\u00a0\u00bb},{\\\u00a0\u00bbtitle\\\u00a0\u00bb:\\\u00a0\u00bbKakuro\\\u00a0\u00bb,\\\u00a0\u00bbimage\\\u00a0\u00bb:\\\u00a0\u00bbAH4OYIWTKVFG3NMLXODVQ52BOM\\\u00a0\u00bb,\\\u00a0\u00bblink_url\\\u00a0\u00bb:\\\u00a0\u00bbhttps:\/\/www.leparisien.fr\/jeux\/kakuro\/\\\u00a0\u00bb},{\\\u00a0\u00bbtitle\\\u00a0\u00bb:\\\u00a0\u00bbSudoku\\\u00a0\u00bb,\\\u00a0\u00bbimage\\\u00a0\u00bb:\\\u00a0\u00bbNL33EXRAL5D63ATCW5UOHASETE\\\u00a0\u00bb,\\\u00a0\u00bblink_url\\\u00a0\u00bb:\\\u00a0\u00bbhttps:\/\/www.leparisien.fr\/jeux\/sudoku\/\\\u00a0\u00bb}]\u00a0\u00bb},\u00a0\u00bbdisplayProperties\u00a0\u00bb:{},\u00a0\u00bblocalEdits\u00a0\u00bb:{\u00ab\u00a0items\u00a0\u00bb:{}},\u00a0\u00bbvariants\u00a0\u00bb:{}}},{\u00ab\u00a0collection\u00a0\u00bb:\u00a0\u00bbfeatures\u00a0\u00bb,\u00a0\u00bbtype\u00a0\u00bb:\u00a0\u00bbglobal\/PartnerMenu\u00a0\u00bb,\u00a0\u00bbprops\u00a0\u00bb:{\u00ab\u00a0collection\u00a0\u00bb:\u00a0\u00bbfeatures\u00a0\u00bb,\u00a0\u00bbtype\u00a0\u00bb:\u00a0\u00bbglobal\/PartnerMenu\u00a0\u00bb,\u00a0\u00bbid\u00a0\u00bb:\u00a0\u00bb0fnBIXOUKrB-7-0-2&Prime;,\u00a0\u00bbcontentConfig\u00a0\u00bb:{\u00ab\u00a0contentService\u00a0\u00bb:\u00a0\u00bb\u00a0\u00bb,\u00a0\u00bbcontentConfigValues\u00a0\u00bb:{},\u00a0\u00bbinherit\u00a0\u00bb:false},\u00a0\u00bbcustomFields\u00a0\u00bb:{\u00ab\u00a0bottomText\u00a0\u00bb:\u00a0\u00bb\u00a0\u00bb,\u00a0\u00bbbottomLinkHref\u00a0\u00bb:\u00a0\u00bbhttps:\/\/leparisien.fr\/jardin\/services\/\u00a0\u00bb,\u00a0\u00bblistBackgroundColor\u00a0\u00bb:\u00a0\u00bb#ffffff\u00a0\u00bb,\u00a0\u00bbbottomLinkText\u00a0\u00bb:\u00a0\u00bbVoir\u00a0\u00bb,\u00a0\u00bbsectionHierarchy\u00a0\u00bb:\u00a0\u00bbentretien-exterieurs\u00a0\u00bb,\u00a0\u00bbtitle\u00a0\u00bb:\u00a0\u00bbEntretien d\u2019ext\u00e9rieurs\u00a0\u00bb},\u00a0\u00bbdisplayProperties\u00a0\u00bb:{},\u00a0\u00bblocalEdits\u00a0\u00bb:{\u00ab\u00a0items\u00a0\u00bb:{}},\u00a0\u00bbvariants\u00a0\u00bb:{}}},{\u00ab\u00a0collection\u00a0\u00bb:\u00a0\u00bbfeatures\u00a0\u00bb,\u00a0\u00bbtype\u00a0\u00bb:\u00a0\u00bbglobal\/SwitchableThirdParty\u00a0\u00bb,\u00a0\u00bbprops\u00a0\u00bb:{\u00ab\u00a0collection\u00a0\u00bb:\u00a0\u00bbfeatures\u00a0\u00bb,\u00a0\u00bbtype\u00a0\u00bb:\u00a0\u00bbglobal\/SwitchableThirdParty\u00a0\u00bb,\u00a0\u00bbid\u00a0\u00bb:\u00a0\u00bb0fTBIXOUKr0-7-0-3&Prime;,\u00a0\u00bbname\u00a0\u00bb:\u00a0\u00bbglobal SwitchableThirdParty\u00a0\u00bb,\u00a0\u00bbcontentConfig\u00a0\u00bb:{\u00ab\u00a0contentService\u00a0\u00bb:\u00a0\u00bb\u00a0\u00bb,\u00a0\u00bbcontentConfigValues\u00a0\u00bb:{},\u00a0\u00bbinherit\u00a0\u00bb:false},\u00a0\u00bbcustomFields\u00a0\u00bb:{\u00ab\u00a0secondAlternativeBottomLinkText\u00a0\u00bb:\u00a0\u00bbPlease set text\u00a0\u00bb,\u00a0\u00bbfirstAlternativeSections\u00a0\u00bb:\u00a0\u00bb\/info-paris-ile-de-france-oise,\/paris-75,\/essonne-91,\/hauts-de-seine-92,\/seine-saint-denis-93,\/val-d-oise-95,\/val-de-marne-94,\/seine-et-marne-77,\/yvelines-78,\/oise-60,\/calvados-14,\/seine-maritime-76,\/eure-27,\/loiret-45&Prime;,\u00a0\u00bbsecondAlternativeBackgroundColor\u00a0\u00bb:\u00a0\u00bb#ffffff\u00a0\u00bb,\u00a0\u00bbdefaultNumItemsToShow\u00a0\u00bb:5,\u00a0\u00bbdefaultBottomLinkHref\u00a0\u00bb:\u00a0\u00bbhttps:\/\/www.leparisien.fr\/nos-services\/\u00a0\u00bb,\u00a0\u00bbfirstAlternativeBackgroundColor\u00a0\u00bb:\u00a0\u00bb#ffffff\u00a0\u00bb,\u00a0\u00bbsecondAlternativeNumItemsToShow\u00a0\u00bb:5,\u00a0\u00bbfirstAlternativeBottomLinkText\u00a0\u00bb:\u00a0\u00bbVoir toutes les annonces\u00a0\u00bb,\u00a0\u00bbdefaultBottomLinkText\u00a0\u00bb:\u00a0\u00bbVoir\u00a0\u00bb,\u00a0\u00bbdefaultBottomText\u00a0\u00bb:\u00a0\u00bbTous les services\u00a0\u00bb,\u00a0\u00bbfirstAlternativeBottomLinkHref\u00a0\u00bb:\u00a0\u00bb https:\/\/www.paruvendu.fr\/voiture-occasion\/?partenaire=leparisien\u00a0\u00bb,\u00a0\u00bbfirstAlternativeNumItemsToShow\u00a0\u00bb:5,\u00a0\u00bbsecondAlternativeBottomLinkHref\u00a0\u00bb:\u00a0\u00bb#\u00a0\u00bb,\u00a0\u00bbsecondAlternativeTitle\u00a0\u00bb:\u00a0\u00bbPlease set text\u00a0\u00bb,\u00a0\u00bbdefaultBackgroundColor\u00a0\u00bb:\u00a0\u00bb#ffffff\u00a0\u00bb,\u00a0\u00bblegalAdsFilterByDepartment\u00a0\u00bb:true,\u00a0\u00bbdefaultTitle\u00a0\u00bb:\u00a0\u00bbServices\u00a0\u00bb,\u00a0\u00bbfirstAlternativeBlock\u00a0\u00bb:\u00a0\u00bbThirdPartyAuto\u00a0\u00bb,\u00a0\u00bbfirstAlternativeTitle\u00a0\u00bb:\u00a0\u00bbAnnonces auto\u00a0\u00bb,\u00a0\u00bbsecondAlternativeBottomText\u00a0\u00bb:\u00a0\u00bbPlease set text\u00a0\u00bb,\u00a0\u00bbdefaultBlock\u00a0\u00bb:\u00a0\u00bbThirdPartyServices\u00a0\u00bb,\u00a0\u00bbfirstAlternativeBottomText\u00a0\u00bb:\u00a0\u00bbVoir toutes les annonces\u00a0\u00bb,\u00a0\u00bbservicesSectionHierarchy\u00a0\u00bb:\u00a0\u00bbservices-guide\u00a0\u00bb},\u00a0\u00bbdisplayProperties\u00a0\u00bb:{},\u00a0\u00bblocalEdits\u00a0\u00bb:{\u00ab\u00a0items\u00a0\u00bb:{}},\u00a0\u00bbvariants\u00a0\u00bb:{}}}]},{\u00ab\u00a0collection\u00a0\u00bb:\u00a0\u00bbchains\u00a0\u00bb,\u00a0\u00bbtype\u00a0\u00bb:\u00a0\u00bbFooterSubscribeChain\u00a0\u00bb,\u00a0\u00bbprops\u00a0\u00bb:{\u00ab\u00a0collection\u00a0\u00bb:\u00a0\u00bbchains\u00a0\u00bb,\u00a0\u00bbtype\u00a0\u00bb:\u00a0\u00bbFooterSubscribeChain\u00a0\u00bb,\u00a0\u00bbid\u00a0\u00bb:\u00a0\u00bb0fcvEBwhbrC\u00a0\u00bb,\u00a0\u00bbcustomFields\u00a0\u00bb:{\u00ab\u00a0desktopImageSrc\u00a0\u00bb:\u00a0\u00bb\/pb\/resources\/images\/footer_img_abo_desktop.png\u00a0\u00bb,\u00a0\u00bbtitleText\u00a0\u00bb:\u00a0\u00bbProfitez des avantages de l\u2019offre num\u00e9rique\u00a0\u00bb,\u00a0\u00bbbuttonLinkUrl\u00a0\u00bb:\u00a0\u00bbhttps:\/\/abonnement.leparisien.fr\/?origin=FOOWA717&Prime;,\u00a0\u00bbmobileImageSrc\u00a0\u00bb:\u00a0\u00bb\/pb\/resources\/images\/footer_img_abo_tablet.png\u00a0\u00bb,\u00a0\u00bbbuttonActionSelect\u00a0\u00bb:\u00a0\u00bbOpen URL in same window\u00a0\u00bb,\u00a0\u00bbbuttonLinkText\u00a0\u00bb:\u00a0\u00bbJe m&rsquo;abonne\u00a0\u00bb},\u00a0\u00bbdisplayProperties\u00a0\u00bb:{\u00ab\u00a0columns\u00a0\u00bb:{}}},\u00a0\u00bbchildren\u00a0\u00bb:[{\u00ab\u00a0collection\u00a0\u00bb:\u00a0\u00bbfeatures\u00a0\u00bb,\u00a0\u00bbtype\u00a0\u00bb:\u00a0\u00bbglobal\/BulletPointItem\u00a0\u00bb,\u00a0\u00bbprops\u00a0\u00bb:{\u00ab\u00a0collection\u00a0\u00bb:\u00a0\u00bbfeatures\u00a0\u00bb,\u00a0\u00bbtype\u00a0\u00bb:\u00a0\u00bbglobal\/BulletPointItem\u00a0\u00bb,\u00a0\u00bbid\u00a0\u00bb:\u00a0\u00bb0ffp5Svhbr2-7-1-0&Prime;,\u00a0\u00bbcontentConfig\u00a0\u00bb:{\u00ab\u00a0contentService\u00a0\u00bb:\u00a0\u00bb\u00a0\u00bb,\u00a0\u00bbcontentConfigValues\u00a0\u00bb:{},\u00a0\u00bbinherit\u00a0\u00bb:false},\u00a0\u00bbcustomFields\u00a0\u00bb:{\u00ab\u00a0text\u00a0\u00bb:\u00a0\u00bbL\u2019int\u00e9gralit\u00e9 des articles et vid\u00e9os\u00a0\u00bb},\u00a0\u00bbdisplayProperties\u00a0\u00bb:{},\u00a0\u00bblocalEdits\u00a0\u00bb:{},\u00a0\u00bbvariants\u00a0\u00bb:{}}},{\u00ab\u00a0collection\u00a0\u00bb:\u00a0\u00bbfeatures\u00a0\u00bb,\u00a0\u00bbtype\u00a0\u00bb:\u00a0\u00bbglobal\/BulletPointItem\u00a0\u00bb,\u00a0\u00bbprops\u00a0\u00bb:{\u00ab\u00a0collection\u00a0\u00bb:\u00a0\u00bbfeatures\u00a0\u00bb,\u00a0\u00bbtype\u00a0\u00bb:\u00a0\u00bbglobal\/BulletPointItem\u00a0\u00bb,\u00a0\u00bbid\u00a0\u00bb:\u00a0\u00bb0fPfjUvhbrT-7-1-1&Prime;,\u00a0\u00bbcontentConfig\u00a0\u00bb:{\u00ab\u00a0contentService\u00a0\u00bb:\u00a0\u00bb\u00a0\u00bb,\u00a0\u00bbcontentConfigValues\u00a0\u00bb:{},\u00a0\u00bbinherit\u00a0\u00bb:false},\u00a0\u00bbcustomFields\u00a0\u00bb:{\u00ab\u00a0text\u00a0\u00bb:\u00a0\u00bbL\u2019info locale qui vous concerne\u00a0\u00bb},\u00a0\u00bbdisplayProperties\u00a0\u00bb:{},\u00a0\u00bblocalEdits\u00a0\u00bb:{},\u00a0\u00bbvariants\u00a0\u00bb:{}}},{\u00ab\u00a0collection\u00a0\u00bb:\u00a0\u00bbfeatures\u00a0\u00bb,\u00a0\u00bbtype\u00a0\u00bb:\u00a0\u00bbglobal\/BulletPointItem\u00a0\u00bb,\u00a0\u00bbprops\u00a0\u00bb:{\u00ab\u00a0collection\u00a0\u00bb:\u00a0\u00bbfeatures\u00a0\u00bb,\u00a0\u00bbtype\u00a0\u00bb:\u00a0\u00bbglobal\/BulletPointItem\u00a0\u00bb,\u00a0\u00bbid\u00a0\u00bb:\u00a0\u00bb0f4hYYvhbrM-7-1-2&Prime;,\u00a0\u00bbcontentConfig\u00a0\u00bb:{\u00ab\u00a0contentService\u00a0\u00bb:\u00a0\u00bb\u00a0\u00bb,\u00a0\u00bbcontentConfigValues\u00a0\u00bb:{},\u00a0\u00bbinherit\u00a0\u00bb:false},\u00a0\u00bbcustomFields\u00a0\u00bb:{\u00ab\u00a0text\u00a0\u00bb:\u00a0\u00bbLe journal num\u00e9rique d\u00e8s 22h30 la veille de sa parution\u00a0\u00bb},\u00a0\u00bbdisplayProperties\u00a0\u00bb:{},\u00a0\u00bblocalEdits\u00a0\u00bb:{},\u00a0\u00bbvariants\u00a0\u00bb:{}}},{\u00ab\u00a0collection\u00a0\u00bb:\u00a0\u00bbfeatures\u00a0\u00bb,\u00a0\u00bbtype\u00a0\u00bb:\u00a0\u00bbglobal\/BulletPointItem\u00a0\u00bb,\u00a0\u00bbprops\u00a0\u00bb:{\u00ab\u00a0collection\u00a0\u00bb:\u00a0\u00bbfeatures\u00a0\u00bb,\u00a0\u00bbtype\u00a0\u00bb:\u00a0\u00bbglobal\/BulletPointItem\u00a0\u00bb,\u00a0\u00bbid\u00a0\u00bb:\u00a0\u00bb0f7py0whbrH-7-1-3&Prime;,\u00a0\u00bbcontentConfig\u00a0\u00bb:{\u00ab\u00a0contentService\u00a0\u00bb:\u00a0\u00bb\u00a0\u00bb,\u00a0\u00bbcontentConfigValues\u00a0\u00bb:{},\u00a0\u00bbinherit\u00a0\u00bb:false},\u00a0\u00bbcustomFields\u00a0\u00bb:{\u00ab\u00a0text\u00a0\u00bb:\u00a0\u00bbUne navigation sans publicit\u00e9\u00a0\u00bb},\u00a0\u00bbdisplayProperties\u00a0\u00bb:{},\u00a0\u00bblocalEdits\u00a0\u00bb:{},\u00a0\u00bbvariants\u00a0\u00bb:{}}},{\u00ab\u00a0collection\u00a0\u00bb:\u00a0\u00bbfeatures\u00a0\u00bb,\u00a0\u00bbtype\u00a0\u00bb:\u00a0\u00bbglobal\/BulletPointItem\u00a0\u00bb,\u00a0\u00bbprops\u00a0\u00bb:{\u00ab\u00a0collection\u00a0\u00bb:\u00a0\u00bbfeatures\u00a0\u00bb,\u00a0\u00bbtype\u00a0\u00bb:\u00a0\u00bbglobal\/BulletPointItem\u00a0\u00bb,\u00a0\u00bbid\u00a0\u00bb:\u00a0\u00bb0fs6R4whbrR-7-1-4&Prime;,\u00a0\u00bbcontentConfig\u00a0\u00bb:{\u00ab\u00a0contentService\u00a0\u00bb:\u00a0\u00bb\u00a0\u00bb,\u00a0\u00bbcontentConfigValues\u00a0\u00bb:{},\u00a0\u00bbinherit\u00a0\u00bb:false},\u00a0\u00bbcustomFields\u00a0\u00bb:{\u00ab\u00a0text\u00a0\u00bb:\u00a0\u00bbDes offres privil\u00e8ges avec le Club Le Parisien\u00a0\u00bb},\u00a0\u00bbdisplayProperties\u00a0\u00bb:{},\u00a0\u00bblocalEdits\u00a0\u00bb:{},\u00a0\u00bbvariants\u00a0\u00bb:{}}}]},{\u00ab\u00a0collection\u00a0\u00bb:\u00a0\u00bbfeatures\u00a0\u00bb,\u00a0\u00bbtype\u00a0\u00bb:\u00a0\u00bbglobal\/DynamicSurfooter\u00a0\u00bb,\u00a0\u00bbprops\u00a0\u00bb:{\u00ab\u00a0collection\u00a0\u00bb:\u00a0\u00bbfeatures\u00a0\u00bb,\u00a0\u00bbtype\u00a0\u00bb:\u00a0\u00bbglobal\/DynamicSurfooter\u00a0\u00bb,\u00a0\u00bbid\u00a0\u00bb:\u00a0\u00bbf0fpLDVh19B824B\u00a0\u00bb,\u00a0\u00bbname\u00a0\u00bb:\u00a0\u00bbglobal DynamicSurfooter\u00a0\u00bb,\u00a0\u00bbcontentConfig\u00a0\u00bb:{\u00ab\u00a0contentService\u00a0\u00bb:\u00a0\u00bb\u00a0\u00bb,\u00a0\u00bbcontentConfigValues\u00a0\u00bb:{},\u00a0\u00bbinherit\u00a0\u00bb:true},\u00a0\u00bbcustomFields\u00a0\u00bb:{\u00ab\u00a0pageType\u00a0\u00bb:\u00a0\u00bbarticle\u00a0\u00bb},\u00a0\u00bbdisplayProperties\u00a0\u00bb:{},\u00a0\u00bblocalEdits\u00a0\u00bb:{},\u00a0\u00bbvariants\u00a0\u00bb:{}}},{\u00ab\u00a0collection\u00a0\u00bb:\u00a0\u00bbfeatures\u00a0\u00bb,\u00a0\u00bbtype\u00a0\u00bb:\u00a0\u00bbglobal\/FooterSections\u00a0\u00bb,\u00a0\u00bbprops\u00a0\u00bb:{\u00ab\u00a0collection\u00a0\u00bb:\u00a0\u00bbfeatures\u00a0\u00bb,\u00a0\u00bbtype\u00a0\u00bb:\u00a0\u00bbglobal\/FooterSections\u00a0\u00bb,\u00a0\u00bbid\u00a0\u00bb:\u00a0\u00bb0f0D7trD8rG\u00a0\u00bb,\u00a0\u00bbcontentConfig\u00a0\u00bb:{\u00ab\u00a0contentService\u00a0\u00bb:\u00a0\u00bb\u00a0\u00bb,\u00a0\u00bbcontentConfigValues\u00a0\u00bb:{},\u00a0\u00bbinherit\u00a0\u00bb:false},\u00a0\u00bbcustomFields\u00a0\u00bb:{\u00ab\u00a0footerLinks\u00a0\u00bb:\u00a0\u00bb[{\\\u00a0\u00bburl\\\u00a0\u00bb:\\\u00a0\u00bbhttps:\/\/www.leparisien.fr\/etudiant\/sortir\/paris\/halloween\/\\\u00a0\u00bb,\\\u00a0\u00bbtitle\\\u00a0\u00bb:\\\u00a0\u00bbHalloween 2025\\\u00a0\u00bb},{\\\u00a0\u00bburl\\\u00a0\u00bb:\\\u00a0\u00bbhttps:\/\/www.leparisien.fr\/codes-promo\/marques\/\\\u00a0\u00bb,\\\u00a0\u00bbtitle\\\u00a0\u00bb:\\\u00a0\u00bbCodes de r\u00e9duction\\\u00a0\u00bb},{\\\u00a0\u00bburl\\\u00a0\u00bb:\\\u00a0\u00bb\/resultats-elections\/\\\u00a0\u00bb,\\\u00a0\u00bbtitle\\\u00a0\u00bb:\\\u00a0\u00bbR\u00e9sultats \u00e9lections \\\u00a0\u00bb}]\u00a0\u00bb,\u00a0\u00bbarchivesLastYear\u00a0\u00bb:\u00a0\u00bb2016&Prime;},\u00a0\u00bbdisplayProperties\u00a0\u00bb:{},\u00a0\u00bblocalEdits\u00a0\u00bb:{\u00ab\u00a0items\u00a0\u00bb:{}},\u00a0\u00bbvariants\u00a0\u00bb:{}}},{\u00ab\u00a0collection\u00a0\u00bb:\u00a0\u00bbfeatures\u00a0\u00bb,\u00a0\u00bbtype\u00a0\u00bb:\u00a0\u00bbglobal\/FooterLast\u00a0\u00bb,\u00a0\u00bbprops\u00a0\u00bb:{\u00ab\u00a0collection\u00a0\u00bb:\u00a0\u00bbfeatures\u00a0\u00bb,\u00a0\u00bbtype\u00a0\u00bb:\u00a0\u00bbglobal\/FooterLast\u00a0\u00bb,\u00a0\u00bbid\u00a0\u00bb:\u00a0\u00bb0fvwmwrD8rY\u00a0\u00bb,\u00a0\u00bbcontentConfig\u00a0\u00bb:{\u00ab\u00a0contentService\u00a0\u00bb:\u00a0\u00bb\u00a0\u00bb,\u00a0\u00bbcontentConfigValues\u00a0\u00bb:{},\u00a0\u00bbinherit\u00a0\u00bb:false},\u00a0\u00bbcustomFields\u00a0\u00bb:{},\u00a0\u00bbdisplayProperties\u00a0\u00bb:{},\u00a0\u00bblocalEdits\u00a0\u00bb:{\u00ab\u00a0items\u00a0\u00bb:{}},\u00a0\u00bbvariants\u00a0\u00bb:{}}}]}]};Fusion.spa=false;Fusion.spaEnabled=false;<\/p>\n","protected":false},"excerpt":{"rendered":"Championne de France sur piste et investie dans la promotion du cyclisme f\u00e9minin, Cindy Morvan a \u00e9t\u00e9 tu\u00e9e&hellip;\n","protected":false},"author":2,"featured_media":508569,"comment_status":"","ping_status":"","sticky":false,"template":"","format":"standard","meta":{"footnotes":""},"categories":[4],"tags":[11,459,118,1011,27,12,25],"class_list":{"0":"post-508568","1":"post","2":"type-post","3":"status-publish","4":"format-standard","5":"has-post-thumbnail","7":"category-france","8":"tag-actualites","9":"tag-departements-horsidfo","10":"tag-faits-divers","11":"tag-fr","12":"tag-france","13":"tag-news","14":"tag-republique-francaise"},"share_on_mastodon":{"url":"https:\/\/pubeurope.com\/@fr\/115485058183114958","error":""},"_links":{"self":[{"href":"https:\/\/www.europesays.com\/fr\/wp-json\/wp\/v2\/posts\/508568","targetHints":{"allow":["GET"]}}],"collection":[{"href":"https:\/\/www.europesays.com\/fr\/wp-json\/wp\/v2\/posts"}],"about":[{"href":"https:\/\/www.europesays.com\/fr\/wp-json\/wp\/v2\/types\/post"}],"author":[{"embeddable":true,"href":"https:\/\/www.europesays.com\/fr\/wp-json\/wp\/v2\/users\/2"}],"replies":[{"embeddable":true,"href":"https:\/\/www.europesays.com\/fr\/wp-json\/wp\/v2\/comments?post=508568"}],"version-history":[{"count":0,"href":"https:\/\/www.europesays.com\/fr\/wp-json\/wp\/v2\/posts\/508568\/revisions"}],"wp:featuredmedia":[{"embeddable":true,"href":"https:\/\/www.europesays.com\/fr\/wp-json\/wp\/v2\/media\/508569"}],"wp:attachment":[{"href":"https:\/\/www.europesays.com\/fr\/wp-json\/wp\/v2\/media?parent=508568"}],"wp:term":[{"taxonomy":"category","embeddable":true,"href":"https:\/\/www.europesays.com\/fr\/wp-json\/wp\/v2\/categories?post=508568"},{"taxonomy":"post_tag","embeddable":true,"href":"https:\/\/www.europesays.com\/fr\/wp-json\/wp\/v2\/tags?post=508568"}],"curies":[{"name":"wp","href":"https:\/\/api.w.org\/{rel}","templated":true}]}}