{"id":508570,"date":"2025-11-03T09:28:11","date_gmt":"2025-11-03T09:28:11","guid":{"rendered":"https:\/\/www.europesays.com\/fr\/508570\/"},"modified":"2025-11-03T09:28:11","modified_gmt":"2025-11-03T09:28:11","slug":"budget-de-la-secu-la-cour-des-comptes-alerte-sur-la-perte-de-controle-des-finances-sociales","status":"publish","type":"post","link":"https:\/\/www.europesays.com\/fr\/508570\/","title":{"rendered":"Budget de la S\u00e9cu\u00a0:\u00a0la Cour des comptes alerte sur la \u00ab\u00a0perte de contr\u00f4le\u00a0\u00bb des finances sociales"},"content":{"rendered":"<p>\n    Dans un rapport r\u00e9v\u00e9l\u00e9 ce lundi, la Cour des comptes met en garde sur le \u00ab\u00a0risque \u00e9lev\u00e9\u00a0\u00bb d\u2019une d\u00e9gradation des comptes sociaux en 2026 bien plus importante que pr\u00e9vu, alors que l\u2019examen du budget de la S\u00e9curit\u00e9 sociale commence cette semaine au Parlement.<\/p>\n<p class=\"fig-paragraph\">Les voyants sont toujours au rouge. Alors que le projet de loi de financement de la S\u00e9curit\u00e9 sociale (PLFSS) pour l\u2019ann\u00e9e 2026 est examin\u00e9 cette semaine \u00e0 l\u2019Assembl\u00e9e nationale,\u00a0<a href=\"http:\/\/www.lefigaro.fr\/conjoncture\/budget-2026-la-cour-des-comptes-emet-un-avis-tres-reserve-sur-la-copie-du-gouvernement-20251014\" data-fig-type=\"Article\" data-gtm-custom-categorie=\"navigation\" data-gtm-custom-action=\"crossclick\" data-gtm-custom-label=\"Contextuel\" data-gtm-event=\"customEventSPE\" data-fig-domain=\"LEFIGARO\" rel=\"nofollow noopener\" target=\"_blank\">la Cour des comptes<\/a>\u00a0a remis aux commissions des affaires sociales du Parlement un rapport au vitriol sur les finances des organismes sociaux. Dans ce document annuel, les Sages de la rue Cambon s\u2019inqui\u00e8tent du d\u00e9ficit extr\u00eamement important des comptes sociaux et d\u2019une trajectoire de redressement pour 2026 potentiellement irr\u00e9alisable.<\/p>\n<p class=\"fig-paragraph\"><a href=\"http:\/\/www.lefigaro.fr\/conjoncture\/la-cour-des-comptes-tire-la-sonnette-d-alarme-sur-la-trajectoire-hors-de-controle-du-trou-de-la-secu-20250526\" data-fig-type=\"NewsFlash\" data-gtm-custom-categorie=\"navigation\" data-gtm-custom-action=\"crossclick\" data-gtm-custom-label=\"Contextuel\" data-gtm-event=\"customEventSPE\" data-fig-domain=\"LEFIGARO\" rel=\"nofollow noopener\" target=\"_blank\">Comme de coutume<\/a>, la Cour \u00e9trille des pr\u00e9visions de recettes trop optimistes en 2025, \u00ab\u00a0pour la troisi\u00e8me ann\u00e9e cons\u00e9cutive\u00a0\u00bb. Cette ann\u00e9e, le d\u00e9ficit de la S\u00e9curit\u00e9 sociale est plus important que ce que pr\u00e9voyait le dernier PLFSS et\u00a0<a href=\"http:\/\/www.lefigaro.fr\/conjoncture\/comment-le-gouvernement-compte-reduire-le-deficit-de-la-securite-sociale-a-17-5-milliards-d-euros-20251014\" data-fig-type=\"NewsFlash\" data-gtm-custom-categorie=\"navigation\" data-gtm-custom-action=\"crossclick\" data-gtm-custom-label=\"Contextuel\" data-gtm-event=\"customEventSPE\" data-fig-domain=\"LEFIGARO\" rel=\"nofollow noopener\" target=\"_blank\">s\u2019\u00e9l\u00e8ve \u00e0 23 milliards d\u2019euros<\/a>, soit 7,7 milliards de plus qu\u2019en 2024, ann\u00e9e o\u00f9 il avait d\u00e9j\u00e0 augment\u00e9 de 4,5 milliards.<\/p>\n<p class=\"fig-paragraph\">\u00ab\u00a0En deux ans, il aura plus que doubl\u00e9 et se situe d\u00e9sormais, hors ann\u00e9es exceptionnelles de la crise Covid, au niveau le plus \u00e9lev\u00e9\u2026<\/p>\n<p class=\"fig-premium-paywall__infos\">\n        Cet article est r\u00e9serv\u00e9 aux abonn\u00e9s.        Il vous reste 81% \u00e0 d\u00e9couvrir.\n    <\/p>\n<p>                <img  data- alt=\"Le Figaro\" class=\"fig-img--complete fig-img\"\/><\/p>\n<p class=\"fig-premium-paywall__title\">Vous avez envie de lire la suite ?<\/p>\n<p class=\"fig-premium-paywall__subtitle\">D\u00e9bloquez tous les articles imm\u00e9diatement.<\/p>\n<p class=\"fig-premium-paywall__connect\">\n                D\u00e9j\u00e0 abonn\u00e9\u00a0?                <a class=\"fig-premium-paywall__connect-link\" href=\"https:\/\/connect.lefigaro.fr\/login?client=horizon_web&amp;type=main&amp;redirect_uri=https%3A%2F%2Fwww.lefigaro.fr%2Fconjoncture%2Fbudget-de-la-secu-la-cour-des-comptes-alerte-sur-la-perte-de-controle-des-finances-sociales-20251103\" data-js-gtm=\"{&quot;customCategorie&quot;: &quot;conversion&quot;, &quot;customAction&quot;: &quot;before_Landing_Connexion_paywall_auto&quot;, &quot;customLabel&quot;: &quot;bGVmaWdhcm8uZnJfXzFmMGI3Y2U2LWY3YjctNjIzZS04ZTIwLTFkYTYzY2VkZjA2Yl9fQXJ0aWNsZQ==_Budget de la S\u00e9cu\u00a0:\u00a0la Cour des comptes alerte sur la \u00ab\u00a0perte de contr\u00f4le\u00a0\u00bb des finances sociales_127&quot;, &quot;customIDSPE&quot;: &quot;bGVmaWdhcm8uZnJfXzFmMGI3Y2U2LWY3YjctNjIzZS04ZTIwLTFkYTYzY2VkZjA2Yl9fQXJ0aWNsZQ==&quot;, &quot;event&quot;: &quot;customEventSPE&quot;}\" rel=\"nofollow noopener\" target=\"_blank\"><br \/>\n                    Connectez-vous<br \/>\n                <\/a>\n            <\/p>\n","protected":false},"excerpt":{"rendered":"Dans un rapport r\u00e9v\u00e9l\u00e9 ce lundi, la Cour des comptes met en garde sur le \u00ab\u00a0risque \u00e9lev\u00e9\u00a0\u00bb d\u2019une&hellip;\n","protected":false},"author":2,"featured_media":508571,"comment_status":"","ping_status":"","sticky":false,"template":"","format":"standard","meta":{"footnotes":""},"categories":[2],"tags":[11,15721,10259,1011,27,12,731],"class_list":{"0":"post-508570","1":"post","2":"type-post","3":"status-publish","4":"format-standard","5":"has-post-thumbnail","7":"category-actualites","8":"tag-actualites","9":"tag-cour-des-comptes","10":"tag-deficit","11":"tag-fr","12":"tag-france","13":"tag-news","14":"tag-securite-sociale"},"share_on_mastodon":{"url":"","error":""},"_links":{"self":[{"href":"https:\/\/www.europesays.com\/fr\/wp-json\/wp\/v2\/posts\/508570","targetHints":{"allow":["GET"]}}],"collection":[{"href":"https:\/\/www.europesays.com\/fr\/wp-json\/wp\/v2\/posts"}],"about":[{"href":"https:\/\/www.europesays.com\/fr\/wp-json\/wp\/v2\/types\/post"}],"author":[{"embeddable":true,"href":"https:\/\/www.europesays.com\/fr\/wp-json\/wp\/v2\/users\/2"}],"replies":[{"embeddable":true,"href":"https:\/\/www.europesays.com\/fr\/wp-json\/wp\/v2\/comments?post=508570"}],"version-history":[{"count":0,"href":"https:\/\/www.europesays.com\/fr\/wp-json\/wp\/v2\/posts\/508570\/revisions"}],"wp:featuredmedia":[{"embeddable":true,"href":"https:\/\/www.europesays.com\/fr\/wp-json\/wp\/v2\/media\/508571"}],"wp:attachment":[{"href":"https:\/\/www.europesays.com\/fr\/wp-json\/wp\/v2\/media?parent=508570"}],"wp:term":[{"taxonomy":"category","embeddable":true,"href":"https:\/\/www.europesays.com\/fr\/wp-json\/wp\/v2\/categories?post=508570"},{"taxonomy":"post_tag","embeddable":true,"href":"https:\/\/www.europesays.com\/fr\/wp-json\/wp\/v2\/tags?post=508570"}],"curies":[{"name":"wp","href":"https:\/\/api.w.org\/{rel}","templated":true}]}}