{"id":508577,"date":"2025-11-03T09:41:14","date_gmt":"2025-11-03T09:41:14","guid":{"rendered":"https:\/\/www.europesays.com\/fr\/508577\/"},"modified":"2025-11-03T09:41:14","modified_gmt":"2025-11-03T09:41:14","slug":"cest-une-option-ogara-pret-a-declarer-forfait-a-toulon","status":"publish","type":"post","link":"https:\/\/www.europesays.com\/fr\/508577\/","title":{"rendered":"\u00ab c\u2019est une option \u00bb, O&rsquo;Gara pr\u00eat \u00e0 d\u00e9clarer forfait \u00e0 Toulon"},"content":{"rendered":"<p>\n    Le manager de la Rochelle a assur\u00e9 qu\u2019ils \u00e9taient pr\u00eats \u00e0 d\u00e9clarer forfait contre Toulon. Le match avait \u00e9t\u00e9 report\u00e9 \u00e0 cause des intemp\u00e9ries.<\/p>\n<p class=\"fig-paragraph\"><a href=\"https:\/\/www.lefigaro.fr\/sports\/rugby\/top-14\/top-14-je-suis-fier-d-etre-rochelais-ce-soir-glisse-ronan-o-gara-20251011?msockid=2338e949ff1a6caa28edff13fe766dd0\" target=\"_blank\" data-fig-type=\"NewsFlash\" rel=\"sponsored noopener\" data-gtm-custom-categorie=\"navigation\" data-gtm-custom-action=\"crossclick\" data-gtm-custom-label=\"Contextuel\" data-gtm-event=\"customEventSPE\" data-fig-domain=\"LEFIGARO\">Ronan O&rsquo;Gara<\/a>, manager de\u00a0<a href=\"https:\/\/www.lefigaro.fr\/sports\/rugby\/top-14\/top-14-la-belle-operation-de-la-rochelle-20251025?msockid=2338e949ff1a6caa28edff13fe766dd0\" target=\"_blank\" data-fig-type=\"NewsFlash\" rel=\"sponsored noopener\" data-gtm-custom-categorie=\"navigation\" data-gtm-custom-action=\"crossclick\" data-gtm-custom-label=\"Contextuel\" data-gtm-event=\"customEventSPE\" data-fig-domain=\"LEFIGARO\">La Rochelle<\/a>\u00a0vainqueur dimanche soir du Racing 92 (33-6), a indiqu\u00e9 envisager un forfait de son \u00e9quipe lors du match en retard pr\u00e9vu samedi prochain \u00e0 Toulon, estimant son club puni par ce report.<\/p>\n<p class=\"fig-paragraph\">\u00abJe vais demander au vestiaire si c&rsquo;est mieux de prendre des vacances ou aller \u00e0 Mayol. Peut-\u00eatre que c&rsquo;est mieux de prendre deux semaines de vacances comme les autres \u00e9quipes\u00bb, a d\u00e9clar\u00e9 O&rsquo;Gara.<\/p>\n<p>                                    <a class=\"fig-a11y-skip a11y-hidden\" href=\"#fig-a11y-skip-main-inarticle\"><br \/>\n        Passer la publicit\u00e9<br \/>\n    <\/a><\/p>\n<p class=\"fig-paragraph\">Interrog\u00e9 sur un \u00e9ventuel forfait de son \u00e9quipe, le technicien irlandais a r\u00e9pondu: \u00abc&rsquo;est une option\u00bb.<\/p>\n<p class=\"fig-paragraph\">\u00abC&rsquo;est une catastrophe, a-t-il poursuivi. On doit aller \u00e0 Toulon encore une fois, c&rsquo;est nous qui sommes punis\u00bb.<\/p>\n<p class=\"fig-paragraph\">Et de s&rsquo;interroger: \u00abpourquoi il n&rsquo;y avait pas eu un terrain disponible pour jouer le lendemain\u00a0? Ce n&rsquo;est pas de notre responsabilit\u00e9\u00bb.<\/p>\n<p class=\"fig-paragraph\">\u00abJe vais demander aux joueurs quand je vais rentrer au vestiaire ce que l&rsquo;on va faire. Lyon en a pris 50 (des points \u00e0 Toulon), le Racing 45. Est ce qu&rsquo;on prend nos vacances demain\u00a0? Je vais demander aux vestiaires de r\u00e9pondre. C&rsquo;est un match difficile (qui nous attend), je ne sais pas pourquoi on doit y aller, ce n&rsquo;est pas les m\u00eames r\u00e8gles, on est puni car on a une semaine en moins de vacances. Ce n&rsquo;est pas \u00e9gal. On va voir si on va \u00e0 Toulon\u00bb.<\/p>\n<p class=\"fig-paragraph\">\u00abCe sont les joueurs qui vont d\u00e9cider car tu ne peux pas y aller sans soldat\u00bb, a-t-il conclu, pr\u00e9cisant qu&rsquo;il n&rsquo;avait pas encore \u00e9voqu\u00e9 la question avec ses dirigeants.<\/p>\n<p>                                    <a class=\"fig-a11y-skip a11y-hidden\" href=\"#fig-a11y-skip-main-inarticle_mtf\"><br \/>\n        Passer la publicit\u00e9<br \/>\n    <\/a><\/p>\n<p class=\"fig-paragraph\">Le match Toulon-La Rochelle, pr\u00e9vu initialement le dimanche 21 septembre en soir\u00e9e, avait \u00e9t\u00e9 report\u00e9 en raison des intemp\u00e9ries qui avaient touch\u00e9 le sud-est de la France et inond\u00e9 la ville de Toulon et son stade Mayol.<\/p>\n","protected":false},"excerpt":{"rendered":"Le manager de la Rochelle a assur\u00e9 qu\u2019ils \u00e9taient pr\u00eats \u00e0 d\u00e9clarer forfait contre Toulon. Le match avait&hellip;\n","protected":false},"author":2,"featured_media":508578,"comment_status":"","ping_status":"","sticky":false,"template":"","format":"standard","meta":{"footnotes":""},"categories":[9619],"tags":[1111,11,525,4590,1981,2313,814,1777,674,1011,27,955,12,4589,882,2311,25,1980,479,2259,478,2310,2312],"class_list":{"0":"post-508577","1":"post","2":"type-post","3":"status-publish","4":"format-standard","5":"has-post-thumbnail","7":"category-toulon","8":"tag-actu","9":"tag-actualites","10":"tag-calendrier","11":"tag-championnat-france","12":"tag-classement","13":"tag-clermont","14":"tag-direct","15":"tag-eu","16":"tag-europe","17":"tag-fr","18":"tag-france","19":"tag-match","20":"tag-news","21":"tag-phase-finale","22":"tag-provence-alpes-cote-dazur","23":"tag-racing","24":"tag-republique-francaise","25":"tag-resultats","26":"tag-rugby","27":"tag-score","28":"tag-top-14","29":"tag-toulon","30":"tag-toulouse"},"share_on_mastodon":{"url":"https:\/\/pubeurope.com\/@fr\/115485113283183595","error":""},"_links":{"self":[{"href":"https:\/\/www.europesays.com\/fr\/wp-json\/wp\/v2\/posts\/508577","targetHints":{"allow":["GET"]}}],"collection":[{"href":"https:\/\/www.europesays.com\/fr\/wp-json\/wp\/v2\/posts"}],"about":[{"href":"https:\/\/www.europesays.com\/fr\/wp-json\/wp\/v2\/types\/post"}],"author":[{"embeddable":true,"href":"https:\/\/www.europesays.com\/fr\/wp-json\/wp\/v2\/users\/2"}],"replies":[{"embeddable":true,"href":"https:\/\/www.europesays.com\/fr\/wp-json\/wp\/v2\/comments?post=508577"}],"version-history":[{"count":0,"href":"https:\/\/www.europesays.com\/fr\/wp-json\/wp\/v2\/posts\/508577\/revisions"}],"wp:featuredmedia":[{"embeddable":true,"href":"https:\/\/www.europesays.com\/fr\/wp-json\/wp\/v2\/media\/508578"}],"wp:attachment":[{"href":"https:\/\/www.europesays.com\/fr\/wp-json\/wp\/v2\/media?parent=508577"}],"wp:term":[{"taxonomy":"category","embeddable":true,"href":"https:\/\/www.europesays.com\/fr\/wp-json\/wp\/v2\/categories?post=508577"},{"taxonomy":"post_tag","embeddable":true,"href":"https:\/\/www.europesays.com\/fr\/wp-json\/wp\/v2\/tags?post=508577"}],"curies":[{"name":"wp","href":"https:\/\/api.w.org\/{rel}","templated":true}]}}