{"id":508600,"date":"2025-11-03T10:05:13","date_gmt":"2025-11-03T10:05:13","guid":{"rendered":"https:\/\/www.europesays.com\/fr\/508600\/"},"modified":"2025-11-03T10:05:13","modified_gmt":"2025-11-03T10:05:13","slug":"municipales-2026-a-bordeaux-nordine-raymond-designe-tete-de-liste-lfi-face-au-maire-sortant-ecologiste-pierre-hurmic","status":"publish","type":"post","link":"https:\/\/www.europesays.com\/fr\/508600\/","title":{"rendered":"Municipales 2026 \u00e0 Bordeaux\u00a0: Nordine Raymond d\u00e9sign\u00e9 t\u00eate de liste LFI face au maire sortant \u00e9cologiste Pierre Hurmic"},"content":{"rendered":"<p class=\"paragraph text_align_left lp-f-body-02\">Il y aura donc bien une candidature de la gauche radicale face <a href=\"https:\/\/www.leparisien.fr\/elections\/municipales\/municipales-pierre-hurmic-le-juriste-vert-qui-a-fait-basculer-bordeaux-29-06-2020-8343894.php\" target=\"_blank\" rel=\"noreferrer nofollow noopener\">au maire sortant \u00e9cologiste Pierre Hurmic<\/a>. Nordine Raymond m\u00e8nera la liste de <a href=\"https:\/\/www.leparisien.fr\/politique\/casser-limage-que-lfi-serait-leur-adversaire-les-insoumis-veulent-seduire-les-petits-patrons-31-10-2025-P6IIZR3BZREOJKPU3TIVA2MOFE.php\" target=\"_blank\" rel=\"noreferrer nofollow noopener\">La France Insoumise<\/a> \u00e0 Bordeaux (<a href=\"https:\/\/www.leparisien.fr\/gironde-33\/\" target=\"_blank\" rel=\"noreferrer nofollow noopener\">Gironde<\/a>), comme il l\u2019a officialis\u00e9 sur ses r\u00e9seaux sociaux ce dimanche soir. \u00ab Nous voulons d\u2019un <a href=\"https:\/\/www.leparisien.fr\/immobilier\/prix-de-limmobilier-a-bordeaux-le-top-10-des-rues-les-plus-cheres-19-05-2025-RWS6WTWHMJAY3DACMDEFE5THWI.php\" target=\"_blank\" rel=\"noreferrer nofollow noopener\">Bordeaux<\/a> abordable, o\u00f9 les gens peuvent se loger, se nourrir, avoir des loisirs. Un Bordeaux qui fait la paix avec son pass\u00e9 colonial et lutte contre le fl\u00e9au du racisme qui pollue nos soci\u00e9t\u00e9s \u00bb, affirme-t-il sur son compte X.<\/p>\n<blockquote class=\"twitter-tweet\">\n<p lang=\"fr\" dir=\"ltr\">\ud83d\udfe3 Je suis candidat pour la mairie de <a href=\"https:\/\/twitter.com\/hashtag\/Bordeaux?src=hash&amp;ref_src=twsrc%5Etfw\" rel=\"nofollow noopener\" target=\"_blank\">#Bordeaux<\/a> !<\/p>\n<p>Nous voulons d\u2019un Bordeaux abordable, o\u00f9 les gens peuvent se loger, se nourrir, avoir des loisirs.<\/p>\n<p>Un Bordeaux qui fait la paix avec son pass\u00e9 colonial et lutte contre le fl\u00e9au du racisme qui pollue nos soci\u00e9t\u00e9s. <a href=\"https:\/\/t.co\/hd90wvRNtm\" rel=\"nofollow\">pic.twitter.com\/hd90wvRNtm<\/a><\/p>\n<p>\u2014 Nordine Raymond (@Nordine_r) <a href=\"https:\/\/twitter.com\/Nordine_r\/status\/1985042574282043788?ref_src=twsrc%5Etfw\" rel=\"nofollow noopener\" target=\"_blank\">November 2, 2025<\/a><\/p><\/blockquote>\n<p class=\"paragraph text_align_left lp-f-body-02\">Ce cuisinier de 34 ans, comme le pr\u00e9sente le <a href=\"https:\/\/www.sudouest.fr\/elections\/municipales\/gironde\/bordeaux\/municipales-a-bordeaux-nordine-remond-tete-de-liste-lfi-veut-virer-devant-pierre-hurmic-au-premier-tour-26574119.php\" target=\"_blank\" rel=\"noreferrer nofollow noopener\">journal local Sud Ouest<\/a>, \u00e9tait <a href=\"https:\/\/www.archives-resultats-elections.interieur.gouv.fr\/resultats\/municipales-2020\/033\/C2033063L009.php\" target=\"_blank\" rel=\"noreferrer nofollow noopener\">d\u00e9j\u00e0 pr\u00e9sent en 9e position<\/a> sur la liste \u00ab Bordeaux en Luttes \u00bb de Philippe Poutou en 2020, qui avait obtenu 11,8 % des voix au premier tour et 9,4 % au second. Philippe Poutou pourrait-il par ailleurs figurer sur sa liste ? \u00ab C\u2019est toujours en discussion \u00bb, r\u00e9pond Nordine Raymond \u00e0 Sud Ouest.<\/p>\n<p class=\"paragraph text_align_left lp-f-body-02\">Pr\u00e9sent sur la liste insoumise aux r\u00e9gionales de 2021 puis candidat en son nom aux l\u00e9gislatives de 2024 &#8211; mais battu au second tour &#8211; en Charente-Maritime, Nordine Raymond dit ne pas aborder \u00ab l\u2019\u00e9lection dans la posture de l\u2019homme providentiel \u00bb. \u00ab Je suis le seul candidat qui ne vit pas de la politique. Je suis salari\u00e9, je viens d\u2019un quartier populaire, j\u2019ai \u00e9t\u00e9 un \u00e9tudiant boursier\u2026 \u00bb, d\u00e9clare-t-il \u00e0 Sud Ouest.<\/p>\n<p>\u00ab Une ville populaire, \u00e9cologique et solidaire \u00bb<\/p>\n<p class=\"paragraph text_align_left lp-f-body-02\">Sur <a href=\"https:\/\/www.instagram.com\/nordineraymond\/p\/DQkBVFKjB0I\/\" target=\"_blank\" rel=\"noreferrer nofollow noopener\">son compte Instagram<\/a>, il d\u00e9voile les premiers contours de son programme : \u00ab un Bordeaux qui n\u2019est pas qu\u2019une carte postale, mais un Bordeaux \u00e0 vivre \u00bb. \u00ab Nous voulons rendre Bordeaux \u00e0 celles et ceux qui y vivent, pas \u00e0 ceux qui la vendent. Une ville populaire, \u00e9cologique et solidaire, c\u2019est possible et c\u2019est urgent \u00bb, avance-t-il, avec l\u2019ambition de \u00ab changer Bordeaux \u00bb. Il est oppos\u00e9 \u00e0 l\u2019armement d\u2019une partie de la police municipale, <a href=\"https:\/\/www.leparisien.fr\/gironde-33\/jai-limpression-que-le-monde-sest-aggrave-le-maire-ecologiste-de-bordeaux-va-armer-une-brigade-de-police-municipale-12-11-2024-KCKE3TJP4RDE7LVBH6VGZRN5VA.php\" target=\"_blank\" rel=\"noreferrer nofollow noopener\">d\u00e9cid\u00e9e par Pierre Hurmic en novembre 2024<\/a>.<\/p>\n<p class=\"paragraph text_align_left lp-f-body-02\">Dans un entretien publi\u00e9 \u00e0 la mi-septembre dans <a href=\"https:\/\/www.lefigaro.fr\/bordeaux\/municipales-2026-a-bordeaux-lfi-propose-de-s-allier-avec-le-maire-ecologiste-pierre-hurmic-20250912\" target=\"_blank\" rel=\"noreferrer nofollow noopener\">le Figaro<\/a>, Nordine Raymond et Lucie H\u00e9mond &#8211; sa co-cheffe de file &#8211; avaient appel\u00e9 \u00e0 une alliance de \u00ab l\u2019ensemble des forces du Nouveau Front populaire (NFP) \u00bb. Avec une fin de non-recevoir imm\u00e9diate de la majorit\u00e9 sortante : \u00ab Il n\u2019y a pas d\u2019alliance envisageable avec LFI \u00e0 Bordeaux \u00bb, avait affirm\u00e9 le maire Pierre Hurmic au Figaro. \u00ab LFI s\u2019est situ\u00e9e dans une opposition r\u00e9solue et s\u00e9v\u00e8re durant tout le mandat. Ils doivent en assumer les cons\u00e9quences \u00bb, avait-il justifi\u00e9.<\/p>\n<p class=\"paragraph text_align_left lp-f-body-02\">Comme le rappelle <a href=\"https:\/\/www.sudouest.fr\/elections\/municipales\/gironde\/bordeaux\/municipales-a-bordeaux-la-france-insoumise-se-lance-faute-d-alliance-avec-le-maire-qui-fait-le-choix-d-un-certain-isolement-26231583.php\" target=\"_blank\" rel=\"noreferrer nofollow noopener\">Sud Ouest<\/a>, l\u2019\u00e9dile \u00e9cologiste avait d\u00e9j\u00e0 fait sans les Insoumis en 2020, qui soutenaient la liste de Philippe Poutou. Le parti m\u00e9lenchoniste y ira-t-il donc seul dans la pr\u00e9fecture de Gironde ? \u00ab On aimerait beaucoup faire campagne commune avec le PCF. On le leur a dit en face\u2026 \u00bb, r\u00e9pond Nordine Raymond au journal local. Une alliance n\u00e9cessaire pour \u00eatre \u00ab devant Pierre Hurmic \u00bb au premier tour ?<\/p>\n<p><script async src=\"https:\/\/platform.twitter.com\/widgets.js\" charset=\"utf-8\"><\/script><script async src=\"\/\/www.instagram.com\/embed.js\"><\/script><\/p>\n","protected":false},"excerpt":{"rendered":"Il y aura donc bien une candidature de la gauche radicale face au maire sortant \u00e9cologiste Pierre Hurmic.&hellip;\n","protected":false},"author":2,"featured_media":508601,"comment_status":"","ping_status":"","sticky":false,"template":"","format":"standard","meta":{"footnotes":""},"categories":[2817],"tags":[1111,11,1997,5949,1777,674,1011,27,3554,12,2219,316,25],"class_list":{"0":"post-508600","1":"post","2":"type-post","3":"status-publish","4":"format-standard","5":"has-post-thumbnail","7":"category-bordeaux","8":"tag-actu","9":"tag-actualites","10":"tag-bordeaux","11":"tag-elections","12":"tag-eu","13":"tag-europe","14":"tag-fr","15":"tag-france","16":"tag-municipales","17":"tag-news","18":"tag-nouvelle-aquitaine","19":"tag-politique","20":"tag-republique-francaise"},"share_on_mastodon":{"url":"https:\/\/pubeurope.com\/@fr\/115485207747270422","error":""},"_links":{"self":[{"href":"https:\/\/www.europesays.com\/fr\/wp-json\/wp\/v2\/posts\/508600","targetHints":{"allow":["GET"]}}],"collection":[{"href":"https:\/\/www.europesays.com\/fr\/wp-json\/wp\/v2\/posts"}],"about":[{"href":"https:\/\/www.europesays.com\/fr\/wp-json\/wp\/v2\/types\/post"}],"author":[{"embeddable":true,"href":"https:\/\/www.europesays.com\/fr\/wp-json\/wp\/v2\/users\/2"}],"replies":[{"embeddable":true,"href":"https:\/\/www.europesays.com\/fr\/wp-json\/wp\/v2\/comments?post=508600"}],"version-history":[{"count":0,"href":"https:\/\/www.europesays.com\/fr\/wp-json\/wp\/v2\/posts\/508600\/revisions"}],"wp:featuredmedia":[{"embeddable":true,"href":"https:\/\/www.europesays.com\/fr\/wp-json\/wp\/v2\/media\/508601"}],"wp:attachment":[{"href":"https:\/\/www.europesays.com\/fr\/wp-json\/wp\/v2\/media?parent=508600"}],"wp:term":[{"taxonomy":"category","embeddable":true,"href":"https:\/\/www.europesays.com\/fr\/wp-json\/wp\/v2\/categories?post=508600"},{"taxonomy":"post_tag","embeddable":true,"href":"https:\/\/www.europesays.com\/fr\/wp-json\/wp\/v2\/tags?post=508600"}],"curies":[{"name":"wp","href":"https:\/\/api.w.org\/{rel}","templated":true}]}}