{"id":508614,"date":"2025-11-03T10:14:13","date_gmt":"2025-11-03T10:14:13","guid":{"rendered":"https:\/\/www.europesays.com\/fr\/508614\/"},"modified":"2025-11-03T10:14:13","modified_gmt":"2025-11-03T10:14:13","slug":"lyon-gregory-doucet-et-sandrine-runel-taclent-jean-michel-aulas-cest-populiste","status":"publish","type":"post","link":"https:\/\/www.europesays.com\/fr\/508614\/","title":{"rendered":"Lyon. Gr\u00e9gory Doucet et Sandrine Runel taclent Jean-Michel Aulas : \u00ab\u00a0C\u2019est populiste\u00a0\u00bb"},"content":{"rendered":"<p>            Par<br \/>\n        <strong><br \/>\n            <a href=\"https:\/\/actu.fr\/auteur\/anthony-soudani\" title=\"Consulter tous les articles de Anthony Soudani\" rel=\"nofollow noopener\" target=\"_blank\">Anthony Soudani<\/a><br \/>\n        <\/strong><\/p>\n<p>        Publi\u00e9 le<\/p>\n<p>            3 nov. 2025 \u00e0 10h37        <\/p>\n<p>Si Gr\u00e9gory Doucet, maire de Lyon, pr\u00e9f\u00e8re attendre encore plusieurs semaines avant de se lancer officiellement en campagne pour les municipales, cela ne l\u2019emp\u00eache de <strong>glisser des tacles \u00e0 son adversaire principal<\/strong>, <a href=\"https:\/\/actu.fr\/auvergne-rhone-alpes\/lyon_69123\/lyon-jean-michel-aulas-veut-remettre-les-bus-rue-de-la-republique-retour-au-bon-sens_63360199.html\" rel=\"nofollow noopener\" target=\"_blank\">Jean-Michel Aulas<\/a>, dans les m\u00e9dias.<\/p>\n<p>Gr\u00e9gory Doucet et Sandrine Runel chargent Jean-Michel Aulas<\/p>\n<p class=\" wall-content\">Comme l\u2019\u00e9lu \u00e9cologiste l\u2019a r\u00e9cemment fait sur <a href=\"https:\/\/actu.fr\/auvergne-rhone-alpes\/lyon_69123\/municipales-2026-gregory-doucet-charge-jean-michel-aulas-il-insulte-les-lyonnais_63271850.html\" rel=\"nofollow noopener\" target=\"_blank\">actu Lyon<\/a>, il a pris la parole dans <a href=\"https:\/\/c.leprogres.fr\/elections\/2025\/11\/02\/c-est-l-offensive-des-droites-dures-le-binome-doucet-runel-fustige-jean-michel-aulas\" rel=\"nofollow noopener\" target=\"_blank\">Le Progr\u00e8s<\/a> dans une interview crois\u00e9e avec la d\u00e9put\u00e9e sociale et ancienne adjointe PS \u00e0 la Ville, Sandrine Runel. Tous deux s\u2019attaquent \u00e0 Jean-Michel Aulas dans cet entretien du dimanche 2 novembre, alors que l\u2019ex-pr\u00e9sident de l\u2019OL <a href=\"https:\/\/actu.fr\/auvergne-rhone-alpes\/lyon_69123\/lyon-municipales-2026-jean-michel-aulas-ecrase-gregory-doucet-selon-un-sondage-inedit_63361550.html\" rel=\"nofollow noopener\" target=\"_blank\">caracole largement en t\u00eate dans les sondages<\/a>.<\/p>\n<p class=\" wall-content\">Pour Gr\u00e9gory Doucet, Jean-Michel Aulas \u00ab\u00a0essaye de nous refaire le m\u00eame sc\u00e9nario ni de droite ni de gauche que Macron\u00a0\u00bb. Il fustige \u00ab\u00a0l\u2019alliance soud\u00e9e avec Laurent Wauquiez (LR)\u00a0\u00bb qui \u00ab\u00a0ne trompe personne\u00a0\u00bb. Le candidat-maire l\u2019affirme : \u00ab\u00a0C\u2019est<strong> l\u2019offensive des droites les plus dures<\/strong> qui cherchent \u00e0 se ripoliner avec un candidat dont la notori\u00e9t\u00e9 les arrange, des droites qui se complaisent dans le creusement des in\u00e9galit\u00e9s.\u00a0\u00bb<\/p>\n<p>\u00ab\u00a0C\u2019est populiste de se lancer dans ce cr\u00e9neau social\u00a0\u00bb<\/p>\n<p class=\" wall-content\">Dans son d\u00e9but de programme \u00e9lectoral, \u00ab\u00a0JMA\u00a0\u00bb promet des aides sociales pour les personnes isol\u00e9es et les familles monoparentales.<\/p>\n<p class=\" wall-content\">Sandrine Runel, ancienne adjointe aux affaires sociales \u00e0 la mairie, l\u2019accuse vertement : \u00ab\u00a0C\u2019est populiste de se lancer dans ce cr\u00e9neau social. Pour essayer de <strong>casser cette image de l\u2019affairiste qui a de l\u2019argent<\/strong> et se commande des sondages, il balance des aides pour les familles monoparentales. C\u2019est s\u00e9duisant. Mais dr\u00f4le. Je l\u2019invite \u00e0 venir au CCAS de Lyon car tout \u00e7a existe d\u00e9j\u00e0. On ne l\u2019a pas attendu.\u00a0\u00bb<\/p>\n<p class=\" wall-content\">Si le maire, Gr\u00e9gory Doucet, assure que \u00ab\u00a0ce n\u2019est pas le temps de la campagne\u00a0\u00bb, comme il l\u2019a r\u00e9p\u00e9t\u00e9 aupr\u00e8s d\u2019actu Lyon, ces attaques conjointes avec Sandrine Runel (PS) montrent l\u2019alliance \u00e9cologiste-socialiste pour rebondir face aux mauvais sondages. <a href=\"https:\/\/actu.fr\/auvergne-rhone-alpes\/lyon_69123\/lyon-un-electrochoc-gregory-doucet-secoue-apres-son-terrible-sondage-face-a-jean-michel-aulas_63317761.html\" rel=\"nofollow noopener\" target=\"_blank\">Le dernier cr\u00e9ditant Gr\u00e9gory Doucet de seulement 24%<\/a> des intentions de vote, contre 47% pour le chef d\u2019entreprise.<\/p>\n<p class=\" wall-content\">Personnalisez votre actualit\u00e9 en ajoutant vos villes et m\u00e9dias en favori avec <a href=\"https:\/\/moncompte.actu.fr\" title=\"D\u00e9couvez Mon Actu\" rel=\"nofollow noopener\" data-trk=\"{&quot;cta&quot;:{&quot;action&quot;:&quot;https:\\\/\\\/moncompte.actu.fr&quot;,&quot;category&quot;:&quot;mon compte&quot;,&quot;from&quot;:&quot;article footer&quot;,&quot;name&quot;:&quot;Mon actu&quot;,&quot;type&quot;:&quot;cta&quot;}}\" target=\"_blank\">Mon Actu<\/a>.<\/p>\n","protected":false},"excerpt":{"rendered":"Par Anthony Soudani Publi\u00e9 le 3 nov. 2025 \u00e0 10h37 Si Gr\u00e9gory Doucet, maire de Lyon, pr\u00e9f\u00e8re attendre&hellip;\n","protected":false},"author":2,"featured_media":508615,"comment_status":"","ping_status":"","sticky":false,"template":"","format":"standard","meta":{"footnotes":""},"categories":[1889],"tags":[1111,11,2430,4188,1777,674,1011,27,5226,5227,2428,3434,12,316,25],"class_list":{"0":"post-508614","1":"post","2":"type-post","3":"status-publish","4":"format-standard","5":"has-post-thumbnail","7":"category-lyon","8":"tag-actu","9":"tag-actualites","10":"tag-auvergne-rhone-alpes","11":"tag-elections-municipales","12":"tag-eu","13":"tag-europe","14":"tag-fr","15":"tag-france","16":"tag-gregory-doucet","17":"tag-jean-michel-aulas","18":"tag-lyon","19":"tag-municipales-2026","20":"tag-news","21":"tag-politique","22":"tag-republique-francaise"},"share_on_mastodon":{"url":"https:\/\/pubeurope.com\/@fr\/115485243020321465","error":""},"_links":{"self":[{"href":"https:\/\/www.europesays.com\/fr\/wp-json\/wp\/v2\/posts\/508614","targetHints":{"allow":["GET"]}}],"collection":[{"href":"https:\/\/www.europesays.com\/fr\/wp-json\/wp\/v2\/posts"}],"about":[{"href":"https:\/\/www.europesays.com\/fr\/wp-json\/wp\/v2\/types\/post"}],"author":[{"embeddable":true,"href":"https:\/\/www.europesays.com\/fr\/wp-json\/wp\/v2\/users\/2"}],"replies":[{"embeddable":true,"href":"https:\/\/www.europesays.com\/fr\/wp-json\/wp\/v2\/comments?post=508614"}],"version-history":[{"count":0,"href":"https:\/\/www.europesays.com\/fr\/wp-json\/wp\/v2\/posts\/508614\/revisions"}],"wp:featuredmedia":[{"embeddable":true,"href":"https:\/\/www.europesays.com\/fr\/wp-json\/wp\/v2\/media\/508615"}],"wp:attachment":[{"href":"https:\/\/www.europesays.com\/fr\/wp-json\/wp\/v2\/media?parent=508614"}],"wp:term":[{"taxonomy":"category","embeddable":true,"href":"https:\/\/www.europesays.com\/fr\/wp-json\/wp\/v2\/categories?post=508614"},{"taxonomy":"post_tag","embeddable":true,"href":"https:\/\/www.europesays.com\/fr\/wp-json\/wp\/v2\/tags?post=508614"}],"curies":[{"name":"wp","href":"https:\/\/api.w.org\/{rel}","templated":true}]}}