{"id":508620,"date":"2025-11-03T10:18:13","date_gmt":"2025-11-03T10:18:13","guid":{"rendered":"https:\/\/www.europesays.com\/fr\/508620\/"},"modified":"2025-11-03T10:18:13","modified_gmt":"2025-11-03T10:18:13","slug":"escapades-feeriques-tout-lhiver-dont-1-classe-unesco","status":"publish","type":"post","link":"https:\/\/www.europesays.com\/fr\/508620\/","title":{"rendered":"escapades f\u00e9eriques tout l\u2019hiver, dont 1 class\u00e9 UNESCO"},"content":{"rendered":"<p>Lepointdujour.fr &#8211; Villages de No\u00ebl pr\u00e8s de Paris: escapades f\u00e9eriques tout l\u2019hiver, dont 1 class\u00e9 UNESCO &#8211; Cr\u00e9dit photo \u00a9 Paris Select Book<\/p>\n<p>\u00c0 Paris, l\u2019hiver rallume les places, les guirlandes et les chalets. Les villages de No\u00ebl r\u00e9unissent artisans, <a href=\"https:\/\/www.parisselectbook.com\/2025\/11\/02\/buffets-a-volonte-paris-nos-meilleures-adresses-pour-se-regaler-a-prix-fixe\/\" target=\"_blank\" rel=\"noopener\">mets r\u00e9confortants<\/a> et balades lumineuses. Ainsi, voici un guide pratique pour vivre ces moments sans stress.<\/p>\n<p>Calendrier, acc\u00e8s et infos cl\u00e9s<\/p>\n<p>La saison s\u2019\u00e9tale, g\u00e9n\u00e9ralement, de <strong><a href=\"https:\/\/www.parisselectbook.com\/2025\/11\/02\/expositions-a-paris-10-incontournables-a-voir-en-novembre-2025\/\" target=\"_blank\" rel=\"noopener\">fin novembre<\/a> \u00e0 d\u00e9but janvier<\/strong>. Ainsi, la plupart des sites ouvrent chaque jour avec des horaires \u00e9largis. L\u2019acc\u00e8s est souvent libre, et l\u2019ambiance reste familiale. Par cons\u00e9quent, pour les villages les plus pris\u00e9s, privil\u00e9giez les d\u00e9buts d\u2019apr\u00e8s-midi en semaine.<\/p>\n<p>Les stations de <strong>RER et m\u00e9tro<\/strong> desservent la majorit\u00e9 des lieux et villages. De plus, plusieurs arr\u00eats de bus d\u00e9posent au pied des chalets. Pr\u00e9voyez un manteau chaud, car le vent se glisse entre les stands. En revanche, pensez au <strong><a href=\"https:\/\/www.parisselectbook.com\/2025\/11\/01\/samsung-trifold-premier-smartphone-qui-se-plie-en-3-format-tablette-dans-la-poche\/\" target=\"_blank\" rel=\"noopener\">paiement sans contact<\/a><\/strong>, d\u00e9sormais tr\u00e8s r\u00e9pandu.<\/p>\n<p>Les grands rendez-vous de 2024<\/p>\n<p>Selon le programme annonc\u00e9, plusieurs spots majeurs jalonnent la capitale. Aux Tuileries, \u00e0 La D\u00e9fense ou pr\u00e8s de Saint\u2011Germain, l\u2019esprit festif change de d\u00e9cor. Ainsi, on passe d\u2019un parc central \u00e0 un parvis moderne, puis \u00e0 des rues historiques. Chaque arr\u00eat propose des villages avec chalets, gourmandises et <a href=\"https:\/\/www.parisselectbook.com\/2025\/11\/02\/soeur-la-marque-parisienne-gagne-des-fans-depuis-2008-sans-suivre-les-tendances\/\" target=\"_blank\" rel=\"noopener\">id\u00e9es cadeaux<\/a>.<\/p>\n<blockquote>\n<p>\u00ab On vient pour la lumi\u00e8re, on reste pour la chaleur. \u00bb<\/p>\n<\/blockquote>\n<p>L\u2019atmosph\u00e8re varie selon les arrondissements, et c\u2019est une force. Aussi, les artisans locaux y trouvent une place de choix. Vous voulez du calme, ou plut\u00f4t de l\u2019animation? Ces villages offrent des ambiances \u00e0 choisir selon votre humeur.<\/p>\n<p>C\u00f4t\u00e9 saveurs, vin chaud, chocolat, pains d\u2019\u00e9pices et fromages r\u00e9chauffent. De plus, on croise des cr\u00e9ateurs responsables, avec des mati\u00e8res durables. Certains villages mettent l\u2019accent sur l\u2019artisanat, d\u2019autres sur les animations. Par cons\u00e9quent, une pr\u00e9paration l\u00e9g\u00e8re \u00e9vite les achats impulsifs.<\/p>\n<ul>\n<li>Choisir le d\u00e9but d\u2019apr\u00e8s-midi en semaine pour \u00e9viter la foule<\/li>\n<li>Pr\u00e9voir un budget plafond et du liquide de secours<\/li>\n<li>Rep\u00e9rer les acc\u00e8s transports et un trajet retour simple<\/li>\n<li>Identifier un <strong>point de ralliement<\/strong> pour les familles<\/li>\n<li>Photographier t\u00f4t, puis \u00e0 la nuit tomb\u00e9e pour les lumi\u00e8res<\/li>\n<\/ul>\n<p>Familles, budget et bons r\u00e9flexes<\/p>\n<p>Avec des enfants, ciblez les heures calmes et les espaces d\u00e9gag\u00e9s. Ainsi, la poussette circule mieux, et les stands sont accessibles. Pr\u00e8s des patinoires temporaires, la foule se densifie vite. Dans ces villages, fixez un <strong>point de ralliement<\/strong> simple.<\/p>\n<p>C\u00f4t\u00e9 prix, tout varie selon le quartier et l\u2019offre. Aussi, comparez avant d\u2019acheter, puis discutez avec les artisans. Un budget plafond aide, car la tentation reste forte. Ces villages proposent pourtant des id\u00e9es cadeaux \u00e0 petit prix.<\/p>\n<p>Pr\u00e9voyez une gourde et un tote bag r\u00e9utilisable. Ainsi, vous r\u00e9duisez les d\u00e9chets et gagnez en confort. Les toilettes publiques et les points d\u2019eau sont signal\u00e9s sur place. Dans les villages bond\u00e9s, avancez par petites zones, puis soufflez.<\/p>\n<p>S\u00e9curit\u00e9, accessibilit\u00e9 et m\u00e9t\u00e9o<\/p>\n<p>Les soir\u00e9es attirent du monde, surtout les vendredis. D\u2019ailleurs, un sac port\u00e9 devant d\u00e9courage bien des <strong>pickpockets<\/strong>. En cas de pluie, privil\u00e9giez un parcours court et abrit\u00e9. Pour des villages sereins, choisissez les matin\u00e9es claires.<\/p>\n<p>C\u00f4t\u00e9 accessibilit\u00e9, de nombreux stands sont de plain-pied. Aussi, les \u00e9quipes d\u2019accueil orientent vers les zones adapt\u00e9es. Renseignez-vous sur l\u2019audiodescription ou les cheminements tactiles, si besoin. Ces villages gagnent en confort gr\u00e2ce \u00e0 ces dispositifs.<\/p>\n<p>Tendances 2024 et id\u00e9es de parcours<\/p>\n<p>La demande pour le local et le r\u00e9emploi progresse vite. Ainsi, plusieurs organisateurs misent sur les circuits courts et la r\u00e9parabilit\u00e9. Dans ces villages, un badge signale parfois l\u2019origine des produits. Cherchez les labels et posez des questions concr\u00e8tes aux vendeurs.<\/p>\n<p>Pour une balade photo, partez avant le coucher du soleil. Puis, laissez la nuit allumer guirlandes et vitrines, sans flash. Un tr\u00e9pied compact reste bienvenu, si la foule le permet. En revanche, respectez les visages et demandez l\u2019autorisation.<\/p>\n<p>Envie d\u2019un parcours th\u00e9matique par quartier ou par style? Ainsi, alternez un site central, puis un lieu de voisinage. Vous \u00e9talez les flux, et vous soutenez des artisans vari\u00e9s. Par cons\u00e9quent, la promenade gagne en fluidit\u00e9 et en sens.<\/p>\n","protected":false},"excerpt":{"rendered":"Lepointdujour.fr &#8211; Villages de No\u00ebl pr\u00e8s de Paris: escapades f\u00e9eriques tout l\u2019hiver, dont 1 class\u00e9 UNESCO &#8211; Cr\u00e9dit&hellip;\n","protected":false},"author":2,"featured_media":508621,"comment_status":"","ping_status":"","sticky":false,"template":"","format":"standard","meta":{"footnotes":""},"categories":[1888],"tags":[1111,1928,11,1927,1777,674,1011,27,12,1926,626,1925,25,6317],"class_list":{"0":"post-508620","1":"post","2":"type-post","3":"status-publish","4":"format-standard","5":"has-post-thumbnail","7":"category-paris","8":"tag-actu","9":"tag-actu-paris","10":"tag-actualites","11":"tag-actualites-paris","12":"tag-eu","13":"tag-europe","14":"tag-fr","15":"tag-france","16":"tag-news","17":"tag-news-paris","18":"tag-paris","19":"tag-paris-news","20":"tag-republique-francaise","21":"tag-villages"},"share_on_mastodon":{"url":"https:\/\/pubeurope.com\/@fr\/115485258852330721","error":""},"_links":{"self":[{"href":"https:\/\/www.europesays.com\/fr\/wp-json\/wp\/v2\/posts\/508620","targetHints":{"allow":["GET"]}}],"collection":[{"href":"https:\/\/www.europesays.com\/fr\/wp-json\/wp\/v2\/posts"}],"about":[{"href":"https:\/\/www.europesays.com\/fr\/wp-json\/wp\/v2\/types\/post"}],"author":[{"embeddable":true,"href":"https:\/\/www.europesays.com\/fr\/wp-json\/wp\/v2\/users\/2"}],"replies":[{"embeddable":true,"href":"https:\/\/www.europesays.com\/fr\/wp-json\/wp\/v2\/comments?post=508620"}],"version-history":[{"count":0,"href":"https:\/\/www.europesays.com\/fr\/wp-json\/wp\/v2\/posts\/508620\/revisions"}],"wp:featuredmedia":[{"embeddable":true,"href":"https:\/\/www.europesays.com\/fr\/wp-json\/wp\/v2\/media\/508621"}],"wp:attachment":[{"href":"https:\/\/www.europesays.com\/fr\/wp-json\/wp\/v2\/media?parent=508620"}],"wp:term":[{"taxonomy":"category","embeddable":true,"href":"https:\/\/www.europesays.com\/fr\/wp-json\/wp\/v2\/categories?post=508620"},{"taxonomy":"post_tag","embeddable":true,"href":"https:\/\/www.europesays.com\/fr\/wp-json\/wp\/v2\/tags?post=508620"}],"curies":[{"name":"wp","href":"https:\/\/api.w.org\/{rel}","templated":true}]}}