{"id":508624,"date":"2025-11-03T10:20:18","date_gmt":"2025-11-03T10:20:18","guid":{"rendered":"https:\/\/www.europesays.com\/fr\/508624\/"},"modified":"2025-11-03T10:20:18","modified_gmt":"2025-11-03T10:20:18","slug":"en-voiture-ou-en-transport-ou-vivre-quand-on-travaille-a-paris","status":"publish","type":"post","link":"https:\/\/www.europesays.com\/fr\/508624\/","title":{"rendered":"En voiture ou en transport, o\u00f9 vivre quand on travaille \u00e0 Paris ?"},"content":{"rendered":"<p>\n    <strong>MOTEUR DE RECHERCHE <\/strong>&#8211; Arrondissement par arrondissement, Le Figaro a d\u00e9cortiqu\u00e9 les donn\u00e9es sur la mobilit\u00e9 professionnelle pour d\u00e9terminer les communes les plus pl\u00e9biscit\u00e9es par les actifs de la capitale.<\/p>\n<p class=\"fig-paragraph\">Pr\u00e8s de deux millions de personnes travaillent quotidiennement \u00e0 Paris. Parmi elles, une majorit\u00e9 r\u00e9side pourtant en dehors de la capitale. Un choix souvent dict\u00e9 par le co\u00fbt d\u2019un logement dans la capitale et par une qualit\u00e9 de vie de plus en plus d\u00e9grad\u00e9e, notamment pour les familles. S\u2019ils sont plus de 800 000 \u00e0 emprunter le vaste r\u00e9seau de transport en commun qui irrigue la capitale, plus de 300 000 pr\u00e9f\u00e8rent la route, en voiture, \u00e0 moto ou \u00e0 v\u00e9lo.<\/p>\n<p class=\"fig-paragraph\">Quelle que soit la strat\u00e9gie de transport adopt\u00e9e, les gal\u00e8res sont nombreuses\u00a0: embouteillages et incivilit\u00e9s sur les routes, pannes et salet\u00e9 dans des transports en commun souvent bond\u00e9s. Avec \u00e0 la cl\u00e9 des trajets souvent longs, parfois \u00e9prouvants, qui font de la distance entre le domicile et le lieu de travail un enjeu central du quotidien des Franciliens. Pour mieux comprendre o\u00f9 vivent ceux qui font \u00abtourner\u00bb la capitale, Le Figaro a analys\u00e9 les donn\u00e9es de l\u2019Insee sur la mobilit\u00e9 professionnelle. Arrondissement par arrondissement et selon le mode de transport, d\u00e9couvrez les communes les plus pris\u00e9es des travailleurs parisiens.<\/p>\n<p>Les arrondissements de l\u2019int\u00e9rieur inaccessibles en voiture<\/p>\n<p class=\"fig-paragraph\">Anne Hidalgo n\u2019y est sans doute pas \u00e9trang\u00e8re\u2026<\/p>\n<p class=\"fig-premium-paywall__infos\">\n        Cet article est r\u00e9serv\u00e9 aux abonn\u00e9s.        Il vous reste 69% \u00e0 d\u00e9couvrir.\n    <\/p>\n<p>                <img  data- alt=\"Le Figaro\" class=\"fig-img--complete fig-img\"\/><\/p>\n<p class=\"fig-premium-paywall__title\">Vous avez envie de lire la suite ?<\/p>\n<p class=\"fig-premium-paywall__subtitle\">D\u00e9bloquez tous les articles imm\u00e9diatement.<\/p>\n<p class=\"fig-premium-paywall__connect\">\n                D\u00e9j\u00e0 abonn\u00e9\u00a0?                <a class=\"fig-premium-paywall__connect-link\" href=\"https:\/\/connect.lefigaro.fr\/login?client=horizon_web&amp;type=main&amp;redirect_uri=https%3A%2F%2Fwww.lefigaro.fr%2Fconjoncture%2Fen-voiture-ou-en-transport-ou-vivre-quand-on-travaille-a-paris-20251103\" data-js-gtm=\"{&quot;customCategorie&quot;: &quot;conversion&quot;, &quot;customAction&quot;: &quot;before_Landing_Connexion_paywall_manuel&quot;, &quot;customLabel&quot;: &quot;bGVmaWdhcm8uZnJfXzFmMGE5YTIxLWQyNGQtNjgzNC1hOWZmLTU1OGYxYzNhMmZkMF9fQXJ0aWNsZQ==_En voiture ou en transport, o\u00f9 vivre quand on travaille \u00e0 Paris\u00a0?_46&quot;, &quot;customIDSPE&quot;: &quot;bGVmaWdhcm8uZnJfXzFmMGE5YTIxLWQyNGQtNjgzNC1hOWZmLTU1OGYxYzNhMmZkMF9fQXJ0aWNsZQ==&quot;, &quot;event&quot;: &quot;customEventSPE&quot;}\" target=\"_blank\" rel=\"noopener\"><br \/>\n                    Connectez-vous<br \/>\n                <\/a>\n            <\/p>\n","protected":false},"excerpt":{"rendered":"MOTEUR DE RECHERCHE &#8211; Arrondissement par arrondissement, Le Figaro a d\u00e9cortiqu\u00e9 les donn\u00e9es sur la mobilit\u00e9 professionnelle pour&hellip;\n","protected":false},"author":2,"featured_media":508625,"comment_status":"","ping_status":"","sticky":false,"template":"","format":"standard","meta":{"footnotes":""},"categories":[1888],"tags":[11,341,1777,674,1011,27,4047,12,626,25],"class_list":{"0":"post-508624","1":"post","2":"type-post","3":"status-publish","4":"format-standard","5":"has-post-thumbnail","7":"category-paris","8":"tag-actualites","9":"tag-emploi","10":"tag-eu","11":"tag-europe","12":"tag-fr","13":"tag-france","14":"tag-metro","15":"tag-news","16":"tag-paris","17":"tag-republique-francaise"},"share_on_mastodon":{"url":"https:\/\/pubeurope.com\/@fr\/115485266685561280","error":""},"_links":{"self":[{"href":"https:\/\/www.europesays.com\/fr\/wp-json\/wp\/v2\/posts\/508624","targetHints":{"allow":["GET"]}}],"collection":[{"href":"https:\/\/www.europesays.com\/fr\/wp-json\/wp\/v2\/posts"}],"about":[{"href":"https:\/\/www.europesays.com\/fr\/wp-json\/wp\/v2\/types\/post"}],"author":[{"embeddable":true,"href":"https:\/\/www.europesays.com\/fr\/wp-json\/wp\/v2\/users\/2"}],"replies":[{"embeddable":true,"href":"https:\/\/www.europesays.com\/fr\/wp-json\/wp\/v2\/comments?post=508624"}],"version-history":[{"count":0,"href":"https:\/\/www.europesays.com\/fr\/wp-json\/wp\/v2\/posts\/508624\/revisions"}],"wp:featuredmedia":[{"embeddable":true,"href":"https:\/\/www.europesays.com\/fr\/wp-json\/wp\/v2\/media\/508625"}],"wp:attachment":[{"href":"https:\/\/www.europesays.com\/fr\/wp-json\/wp\/v2\/media?parent=508624"}],"wp:term":[{"taxonomy":"category","embeddable":true,"href":"https:\/\/www.europesays.com\/fr\/wp-json\/wp\/v2\/categories?post=508624"},{"taxonomy":"post_tag","embeddable":true,"href":"https:\/\/www.europesays.com\/fr\/wp-json\/wp\/v2\/tags?post=508624"}],"curies":[{"name":"wp","href":"https:\/\/api.w.org\/{rel}","templated":true}]}}