{"id":508630,"date":"2025-11-03T10:23:13","date_gmt":"2025-11-03T10:23:13","guid":{"rendered":"https:\/\/www.europesays.com\/fr\/508630\/"},"modified":"2025-11-03T10:23:13","modified_gmt":"2025-11-03T10:23:13","slug":"usa-les-valeurs-a-suivre-a-wall-street-03-11-2025-a-1114","status":"publish","type":"post","link":"https:\/\/www.europesays.com\/fr\/508630\/","title":{"rendered":"USA-Les valeurs \u00e0 suivre \u00e0 Wall Street &#8211; 03\/11\/2025 \u00e0 11:14"},"content":{"rendered":"<p>\n Principales valeurs \u00e0 suivre<br \/>\nlundi \u00e0 Wall Street, o\u00f9 les contrats \u00e0 terme sur les principaux<br \/>\nindices sugg\u00e8rent une ouverture en hausse de 0,17% pour le Dow<br \/>\nJones<br \/>\n <a href=\"https:\/\/www.boursorama.com\/cours\/%24INDU\/\" target=\"_blank\" rel=\"noopener\"><br \/>\n  .DJI<br \/>\n <\/a><br \/>\n , de 0,33% pour le Standard &amp; Poor&rsquo;s 500<br \/>\n <a href=\"https:\/\/www.boursorama.com\/cours\/%24INX\/\" target=\"_blank\" rel=\"noopener\"><br \/>\n  .SPX<br \/>\n <\/a><br \/>\n et<br \/>\nde 0,5% pour le Nasdaq<br \/>\n <a href=\"https:\/\/www.boursorama.com\/cours\/%24COMPX\/\" target=\"_blank\" rel=\"noopener\"><br \/>\n  .IXIC<br \/>\n <\/a><br \/>\n :\n<\/p>\n<p>\n * EXXONMOBIL<br \/>\n <a href=\"https:\/\/www.boursorama.com\/cours\/XOM\/\" target=\"_blank\" rel=\"noopener\"><br \/>\n  XOM.N<br \/>\n <\/a><br \/>\n ne pourra plus exercer ses activit\u00e9s<br \/>\ndans l&rsquo;Union europ\u00e9enne (UE) si celle-ci n&rsquo;assouplit pas<br \/>\nconsid\u00e9rablement une loi sur la soutenabilit\u00e9 qui pourrait lui<br \/>\ninfliger des amendes \u00e9quivalentes \u00e0 5% de son chiffre d&rsquo;affaires<br \/>\nmondial, a d\u00e9clar\u00e9 lundi son PDG, Darren Woods.\n<\/p>\n<p>\n * NVIDIA<br \/>\n <a href=\"https:\/\/www.boursorama.com\/cours\/NVDA\/\" target=\"_blank\" rel=\"noopener\"><br \/>\n  NVDA.O<br \/>\n <\/a><br \/>\n &#8211; Les puces les plus avanc\u00e9es du groupe<br \/>\nseront r\u00e9serv\u00e9es aux entreprises am\u00e9ricaines et ne seront pas<br \/>\ncommercialis\u00e9es en Chine et dans d&rsquo;autres pays, a d\u00e9clar\u00e9 le<br \/>\npr\u00e9sident am\u00e9ricain Donald Trump.\n<\/p>\n<p>\n * BERKSHIRE HATHAWAY<br \/>\n <a href=\"https:\/\/www.boursorama.com\/cours\/BRK.A\/\" target=\"_blank\" rel=\"noopener\"><br \/>\n  BRKa.N<br \/>\n <\/a><br \/>\n a indiqu\u00e9 samedi qu&rsquo;elle<br \/>\nrestait prudente vis-\u00e0-vis des march\u00e9s, laissant ses liquidit\u00e9s<br \/>\natteindre un niveau record de 381,7 milliards de dollars malgr\u00e9<br \/>\nune hausse de son b\u00e9n\u00e9fice, dans son dernier rapport financier<br \/>\navant le d\u00e9part de Warren Buffett de son poste de directeur<br \/>\ng\u00e9n\u00e9ral.\n<\/p>\n<p>\n * PFIZER<br \/>\n <a href=\"https:\/\/www.boursorama.com\/cours\/PFE\/\" target=\"_blank\" rel=\"noopener\"><br \/>\n  PFE.N<br \/>\n <\/a><br \/>\n a intent\u00e9 vendredi une action en justice<br \/>\ncontre  et NOVO NORDISK<br \/>\n <a href=\"https:\/\/www.boursorama.com\/cours\/1uNVOB.L\/\" target=\"_blank\" rel=\"noopener\"><br \/>\n  NOVOb.CO<br \/>\n <\/a><br \/>\n , affirmant<br \/>\nque Metsera avait manqu\u00e9 \u00e0 ses obligations au titre de l&rsquo;accord<br \/>\nde fusion en d\u00e9clarant que l&rsquo;offre de 8,5 milliards de dollars<br \/>\ndu fabricant de m\u00e9dicaments danois pour le d\u00e9veloppeur am\u00e9ricain<br \/>\nde m\u00e9dicaments contre l&rsquo;ob\u00e9sit\u00e9 \u00e9tait une offre sup\u00e9rieure.\n<\/p>\n<p>\n (R\u00e9dig\u00e9 par Mara V\u00eelcu, \u00e9dit\u00e9 par Augustin Turpin)<\/p>\n","protected":false},"excerpt":{"rendered":"Principales valeurs \u00e0 suivre lundi \u00e0 Wall Street, o\u00f9 les contrats \u00e0 terme sur les principaux indices sugg\u00e8rent&hellip;\n","protected":false},"author":2,"featured_media":486724,"comment_status":"","ping_status":"","sticky":false,"template":"","format":"standard","meta":{"footnotes":""},"categories":[1589],"tags":[400,11,398,408,405,73,1866,403,402,399,404,12,401,406,1864,1865,1863,308,407],"class_list":{"0":"post-508630","1":"post","2":"type-post","3":"status-publish","4":"format-standard","5":"has-post-thumbnail","7":"category-etats-unis","8":"tag-action-cac-40","9":"tag-actualites","10":"tag-bourse-de-paris","11":"tag-boursorama","12":"tag-cotations","13":"tag-etats-unis","14":"tag-etats-unis-damerique","15":"tag-indices-devises","16":"tag-investir","17":"tag-investissement","18":"tag-marche-boursier","19":"tag-news","20":"tag-sicav","21":"tag-trackers","22":"tag-united-states","23":"tag-united-states-of-america","24":"tag-us","25":"tag-usa","26":"tag-warrants"},"share_on_mastodon":{"url":"https:\/\/pubeurope.com\/@fr\/115485278520464923","error":""},"_links":{"self":[{"href":"https:\/\/www.europesays.com\/fr\/wp-json\/wp\/v2\/posts\/508630","targetHints":{"allow":["GET"]}}],"collection":[{"href":"https:\/\/www.europesays.com\/fr\/wp-json\/wp\/v2\/posts"}],"about":[{"href":"https:\/\/www.europesays.com\/fr\/wp-json\/wp\/v2\/types\/post"}],"author":[{"embeddable":true,"href":"https:\/\/www.europesays.com\/fr\/wp-json\/wp\/v2\/users\/2"}],"replies":[{"embeddable":true,"href":"https:\/\/www.europesays.com\/fr\/wp-json\/wp\/v2\/comments?post=508630"}],"version-history":[{"count":0,"href":"https:\/\/www.europesays.com\/fr\/wp-json\/wp\/v2\/posts\/508630\/revisions"}],"wp:featuredmedia":[{"embeddable":true,"href":"https:\/\/www.europesays.com\/fr\/wp-json\/wp\/v2\/media\/486724"}],"wp:attachment":[{"href":"https:\/\/www.europesays.com\/fr\/wp-json\/wp\/v2\/media?parent=508630"}],"wp:term":[{"taxonomy":"category","embeddable":true,"href":"https:\/\/www.europesays.com\/fr\/wp-json\/wp\/v2\/categories?post=508630"},{"taxonomy":"post_tag","embeddable":true,"href":"https:\/\/www.europesays.com\/fr\/wp-json\/wp\/v2\/tags?post=508630"}],"curies":[{"name":"wp","href":"https:\/\/api.w.org\/{rel}","templated":true}]}}