{"id":508633,"date":"2025-11-03T10:25:11","date_gmt":"2025-11-03T10:25:11","guid":{"rendered":"https:\/\/www.europesays.com\/fr\/508633\/"},"modified":"2025-11-03T10:25:11","modified_gmt":"2025-11-03T10:25:11","slug":"3-en-france-12-en-allemagne-41-au-royaume-uni-apres-une-annee-2023-record-le-nombre-dimmigres-permanents-vers-les-pays-developpes-a-diminue-en-2024","status":"publish","type":"post","link":"https:\/\/www.europesays.com\/fr\/508633\/","title":{"rendered":"-3% en France, -12% en Allemagne, -41% au Royaume-Uni&#8230; Apr\u00e8s une ann\u00e9e 2023 record, le nombre d&rsquo;immigr\u00e9s \u00ab\u00a0permanents\u00a0\u00bb vers les pays d\u00e9velopp\u00e9s a diminu\u00e9 en 2024"},"content":{"rendered":"<p>Les 38 pays membres de l&rsquo;OCDE ont enregistr\u00e9 6,2 millions de nouveaux immigr\u00e9s \u00ab\u00a0permanents\u00a0\u00bb l&rsquo;an pass\u00e9, contre 6,5 millions en 2023.<\/p>\n<p>Les <a href=\"https:\/\/www.bfmtv.com\/economie\/economie-social\/les-migrations-ont-elles-un-impact-positif-sur-l-economie_AV-201806270170.html\" title=\"Les migrations ont-elles un impact positif sur l&#039;\u00e9conomie?\" class=\"internal_link\" target=\"_blank\" rel=\"noopener\">flux migratoires<\/a> vers les pays d\u00e9velopp\u00e9s ont l\u00e9g\u00e8rement baiss\u00e9 (-4%) en 2024, mais restent \u00e0 un niveau \u00e9lev\u00e9, selon un rapport de l&rsquo;OCDE publi\u00e9 ce lundi qui rel\u00e8ve des situations contrast\u00e9es suivant les pays. En 2024, les 38 pays de l&rsquo;OCDE (Organisation de coop\u00e9ration et de d\u00e9veloppement \u00e9conomiques) ont enregistr\u00e9 6,2 millions de nouveaux immigr\u00e9s \u00ab\u00a0permanents\u00a0\u00bb (comprenant les personnes dot\u00e9es d&rsquo;un titre de s\u00e9jour et ressortissants europ\u00e9ens). Ils avaient \u00e9t\u00e9 6,5 millions en 2023, ann\u00e9e record.<\/p>\n<p>En d\u00e9pit de cette premi\u00e8re baisse apr\u00e8s trois ann\u00e9es cons\u00e9cutives de hausse, les d\u00e9placements de populations demeurent \u00e0 un niveau \u00ab\u00a0historiquement \u00e9lev\u00e9\u00a0\u00bb (15% au-dessus des niveaux de 2019 avant la crise du Covid), note l&rsquo;organisation. La migration familiale est rest\u00e9e le principal motif de migration permanente vers les pays de l&rsquo;OCDE, alors que celle li\u00e9e au travail a fortement diminu\u00e9 (-21 %), apr\u00e8s une hausse \u00ab\u00a0soutenue\u00a0\u00bb depuis 2020. En moyenne, pr\u00e8s de 77% des immigr\u00e9s \u00e9taient actifs sur le march\u00e9 du travail et moins de 10% au ch\u00f4mage en 2024. La moiti\u00e9 de la migration vers les pays de l&rsquo;OCDE est concentr\u00e9e dans cinq pays.<\/p>\n<p>Des flux qui baissent surtout en Europe<\/p>\n<p>En 2024, les \u00c9tats-Unis ont accueilli \u00e0 eux seuls 1,42 million de nouveaux immigr\u00e9s permanents. Tandis que l&rsquo;Allemagne (586.000 nouveaux immigr\u00e9s), le Canada (484.000 nouveaux immigr\u00e9s), le Royaume-Uni (436.000 nouveaux immigr\u00e9s) et l&rsquo;Espagne (368.000 nouveaux immigr\u00e9s) ont accueilli entre 7% et 11% du total chacun. Le l\u00e9ger d\u00e9clin des flux migratoires vers les pays de l&rsquo;OCDE concerne en particulier les pays de l&rsquo;Union europ\u00e9enne: -3% en France comme en Autriche (qui comptaient chacun 298.000 et 103.000 nouveaux immigr\u00e9s en 2024), -12% en Allemagne, -13% en Su\u00e8de (76.000 nouveaux immigr\u00e9s), -29% en Slov\u00e9nie (27.000 nouveaux immigr\u00e9s) et de mani\u00e8re plus importante le Royaume-Uni (-41%).<\/p>\n<p>Au Royaume-Uni, ce sont les visas d\u00e9livr\u00e9s aux familles des travailleurs dans les m\u00e9tiers de la sant\u00e9 &#8211; ils repr\u00e9sentaient en 2023 la moiti\u00e9 des regroupements familiaux &#8211; qui ont drastiquement baiss\u00e9 (-31%) en raison d&rsquo;un changement de politique. L&rsquo;immigration l\u00e9gale atteint toutefois en 2024 le plus haut niveau jamais atteint ces 20 derni\u00e8res ann\u00e9es en excluant les pics des ann\u00e9es 2022-2023 qui ont suivi le Brexit.<\/p>\n<p>\u00c0 l&rsquo;inverse, <a href=\"https:\/\/www.bfmtv.com\/economie\/international\/climat-immigration-plan-de-relance-joe-biden-a-signe-ses-premiers-decrets-presidentiels_VN-202101210053.html\" title=\"Climat, immigration, plan de relance \u2026 Joe Biden a sign\u00e9 ses premiers d\u00e9crets pr\u00e9sidentiels\" class=\"internal_link\" target=\"_blank\" rel=\"noopener\">l&rsquo;immigration \u00ab\u00a0permanente\u00a0\u00bb aux \u00c9tats-Unis a continu\u00e9 de grimper en 2024 (+20%) sous l&rsquo;administration du pr\u00e9sident d\u00e9mocrate Joe Biden<\/a>, port\u00e9e par l&rsquo;immigration pour \u00ab\u00a0motif humanitaire\u00a0\u00bb. Enfin, le nombre de franchissements irr\u00e9guliers des fronti\u00e8res de l&rsquo;UE d\u00e9tect\u00e9s a fortement baiss\u00e9 en 2024 (-37 % pour s&rsquo;\u00e9tablir \u00e0 240.000), de m\u00eame que celui des interceptions par la Patrouille frontali\u00e8re des \u00c9tats-Unis (-48 % pour s&rsquo;\u00e9tablir \u00e0 1,1 million).<\/p>\n","protected":false},"excerpt":{"rendered":"Les 38 pays membres de l&rsquo;OCDE ont enregistr\u00e9 6,2 millions de nouveaux immigr\u00e9s \u00ab\u00a0permanents\u00a0\u00bb l&rsquo;an pass\u00e9, contre 6,5&hellip;\n","protected":false},"author":2,"featured_media":508634,"comment_status":"","ping_status":"","sticky":false,"template":"","format":"standard","meta":{"footnotes":""},"categories":[1587],"tags":[11,672,1804,1805,1803,1777,674,1801,12,1802],"class_list":{"0":"post-508633","1":"post","2":"type-post","3":"status-publish","4":"format-standard","5":"has-post-thumbnail","7":"category-allemagne","8":"tag-actualites","9":"tag-allemagne","10":"tag-bundesrepublik-deutschland","11":"tag-de","12":"tag-deutschland","13":"tag-eu","14":"tag-europe","15":"tag-germany","16":"tag-news","17":"tag-republique-federale-dallemagne"},"share_on_mastodon":{"url":"https:\/\/pubeurope.com\/@fr\/115485286330064453","error":""},"_links":{"self":[{"href":"https:\/\/www.europesays.com\/fr\/wp-json\/wp\/v2\/posts\/508633","targetHints":{"allow":["GET"]}}],"collection":[{"href":"https:\/\/www.europesays.com\/fr\/wp-json\/wp\/v2\/posts"}],"about":[{"href":"https:\/\/www.europesays.com\/fr\/wp-json\/wp\/v2\/types\/post"}],"author":[{"embeddable":true,"href":"https:\/\/www.europesays.com\/fr\/wp-json\/wp\/v2\/users\/2"}],"replies":[{"embeddable":true,"href":"https:\/\/www.europesays.com\/fr\/wp-json\/wp\/v2\/comments?post=508633"}],"version-history":[{"count":0,"href":"https:\/\/www.europesays.com\/fr\/wp-json\/wp\/v2\/posts\/508633\/revisions"}],"wp:featuredmedia":[{"embeddable":true,"href":"https:\/\/www.europesays.com\/fr\/wp-json\/wp\/v2\/media\/508634"}],"wp:attachment":[{"href":"https:\/\/www.europesays.com\/fr\/wp-json\/wp\/v2\/media?parent=508633"}],"wp:term":[{"taxonomy":"category","embeddable":true,"href":"https:\/\/www.europesays.com\/fr\/wp-json\/wp\/v2\/categories?post=508633"},{"taxonomy":"post_tag","embeddable":true,"href":"https:\/\/www.europesays.com\/fr\/wp-json\/wp\/v2\/tags?post=508633"}],"curies":[{"name":"wp","href":"https:\/\/api.w.org\/{rel}","templated":true}]}}