{"id":508660,"date":"2025-11-03T10:44:13","date_gmt":"2025-11-03T10:44:13","guid":{"rendered":"https:\/\/www.europesays.com\/fr\/508660\/"},"modified":"2025-11-03T10:44:13","modified_gmt":"2025-11-03T10:44:13","slug":"britney-spears-apres-la-polemique-autour-de-son-ex-kevin-federline-elle-prend-une-decision-radicale","status":"publish","type":"post","link":"https:\/\/www.europesays.com\/fr\/508660\/","title":{"rendered":"Britney Spears : apr\u00e8s la pol\u00e9mique autour de son ex Kevin Federline, elle prend une d\u00e9cision radicale"},"content":{"rendered":"<p>Britney Spears fait de nouveau parler d\u2019elle. L\u2019ancienne<br \/>\nchanteuse se retrouve sur le devant de la sc\u00e8ne mais pour<br \/>\n<strong>une \u00e9ni\u00e8me pol\u00e9mique.<\/strong> En effet, elle a de nouveau<br \/>\ndisparu des r\u00e9seaux sociaux. L\u2019artiste a choisi de supprimer son<br \/>\ncompte Instagram, o\u00f9 elle \u00e9tait pourtant tr\u00e8s active, apr\u00e8s<br \/>\nplusieurs jours de vives pol\u00e9miques li\u00e9es \u00e0 <a href=\"https:\/\/www.closermag.fr\/people\/britney-spears-son-message-coup-de-poing-a-son-ex-apres-ses-attaques-jai-du-supplier-3588024\" target=\"_blank\" rel=\"noopener\"><br \/>\nson ex-mari, Kevin Federline,<\/a> et \u00e0 une s\u00e9rie de publications<br \/>\njug\u00e9es inqui\u00e9tantes par ses fans.<\/p>\n<p>Ce dimanche 2 novembre 2025, son profil n\u2019\u00e9tait plus accessible<br \/>\n: un message indiquait simplement que le compte <strong>\u201cavait<br \/>\npeut-\u00eatre \u00e9t\u00e9 supprim\u00e9\u201d<\/strong>. Une disparition soudaine,<br \/>\nqui survient apr\u00e8s plusieurs messages cryptiques et vid\u00e9os post\u00e9s<br \/>\nces derni\u00e8res semaines, dans lesquels la popstar semblait \u00e9voquer \u00e0<br \/>\ndemi-mot sa relation avec <a href=\"https:\/\/www.closermag.fr\/people\/britney-spears-au-plus-mal-terrifies-ses-enfants-ne-veulent-plus-la-voir-3589327\" target=\"_blank\" rel=\"noopener\"><br \/>\nses fils, Jayden James et Sean Preston<\/a>, ainsi que sa difficile<br \/>\np\u00e9riode sous tutelle.<\/p>\n<p>Mais o\u00f9 est pass\u00e9e Britney Spears ?<\/p>\n<p>Dans une vid\u00e9o partag\u00e9e le 7 octobre dernier, Britney Spears,<br \/>\nqui <a href=\"https:\/\/www.closermag.fr\/people\/britney-spears-boire-et-allaiter-en-meme-temps-son-ex-deballe-des-details-sordides-de-sa-maternite-3587202\" target=\"_blank\" rel=\"noopener\"><br \/>\ns\u00a0\u00bbest retrouv\u00e9e face aux r\u00e9v\u00e9lations de son ex<\/a>, apparaissait<br \/>\ndansant seule dans son salon, les bras couverts d\u2019ecchymoses et les<br \/>\nmains band\u00e9es. En l\u00e9gende, elle expliquait avoir fait une chute<br \/>\ndans les escaliers et pr\u00e9cisait que ses fils, install\u00e9s \u00e0 Hawa\u00ef<br \/>\navec Kevin Federline, venaient de repartir : \u201cMes gar\u00e7ons ont<br \/>\nd\u00fb retourner \u00e0 Maui\u2026 C\u2019est ma mani\u00e8re de m\u2019exprimer et de prier \u00e0<br \/>\ntravers la danse. Je ne cherche ni compassion ni piti\u00e9, je veux<br \/>\njuste devenir une meilleure personne\u201d.<\/p>\n<p>Malgr\u00e9 ce ton apais\u00e9, ces publications ont d\u00e9clench\u00e9 une vague<br \/>\nd\u2019inqui\u00e9tude parmi ses admirateurs, d\u2019autant plus que la star a<br \/>\nd\u00e9sactiv\u00e9 les commentaires, coupant court \u00e0 toute interaction. La<br \/>\nsemaine suivante, elle partageait <strong>une photo d\u2019elle \u00e0<br \/>\ncheval,<\/strong> assortie d\u2019une l\u00e9gende aussi po\u00e9tique<br \/>\nqu\u2019\u00e9nigmatique, \u00e9voquant le film Mal\u00e9fique et la perte<br \/>\nd\u2019ailes symboliques.<\/p>\n<p>La chanteuse se retrouve dans une vive<br \/>\npol\u00e9mique avec son ex Kevin Federline<\/p>\n<p>Dans un autre message, Britney Spears revenait sur son<br \/>\ninternement <strong>en cure de d\u00e9sintoxication en 2018<\/strong>,<br \/>\np\u00e9riode durant laquelle elle affirme avoir subi une \u00e9preuve<br \/>\npsychologique extr\u00eame : \u201cJ\u2019ai v\u00e9cu quatre mois sans ma porte<br \/>\npriv\u00e9e. On m\u2019interdisait d\u2019utiliser mes pieds ou mon corps pour<br \/>\naller o\u00f9 je voulais\u201d. Depuis, l\u2019interpr\u00e8te de Toxic<br \/>\nsemblait de plus en plus instable en ligne, m\u00ealant pri\u00e8res,<br \/>\nm\u00e9taphores spirituelles et souvenirs douloureux.<\/p>\n<p>Face \u00e0 la temp\u00eate m\u00e9diatique d\u00e9clench\u00e9e par <strong>les m\u00e9moires<br \/>\nde Kevin Federline,<\/strong> qui a r\u00e9cemment \u00e9voqu\u00e9 leurs ann\u00e9es de<br \/>\nvie commune, la chanteuse aurait pr\u00e9f\u00e9r\u00e9 se retirer totalement<br \/>\nd\u2019Instagram. Une d\u00e9cision radicale, mais peut-\u00eatre salutaire, pour<br \/>\nune artiste qui a souvent dit vouloir retrouver la paix loin du<br \/>\nvacarme num\u00e9rique.<\/p>\n","protected":false},"excerpt":{"rendered":"Britney Spears fait de nouveau parler d\u2019elle. L\u2019ancienne chanteuse se retrouve sur le devant de la sc\u00e8ne mais&hellip;\n","protected":false},"author":2,"featured_media":508661,"comment_status":"","ping_status":"","sticky":false,"template":"","format":"standard","meta":{"footnotes":""},"categories":[1355],"tags":[8719,58,59,1011,27,63026,1361,873],"class_list":{"0":"post-508660","1":"post","2":"type-post","3":"status-publish","4":"format-standard","5":"has-post-thumbnail","7":"category-musique","8":"tag-britney-spears","9":"tag-divertissement","10":"tag-entertainment","11":"tag-fr","12":"tag-france","13":"tag-kevin-federline","14":"tag-music","15":"tag-musique"},"share_on_mastodon":{"url":"https:\/\/pubeurope.com\/@fr\/115485361089071169","error":""},"_links":{"self":[{"href":"https:\/\/www.europesays.com\/fr\/wp-json\/wp\/v2\/posts\/508660","targetHints":{"allow":["GET"]}}],"collection":[{"href":"https:\/\/www.europesays.com\/fr\/wp-json\/wp\/v2\/posts"}],"about":[{"href":"https:\/\/www.europesays.com\/fr\/wp-json\/wp\/v2\/types\/post"}],"author":[{"embeddable":true,"href":"https:\/\/www.europesays.com\/fr\/wp-json\/wp\/v2\/users\/2"}],"replies":[{"embeddable":true,"href":"https:\/\/www.europesays.com\/fr\/wp-json\/wp\/v2\/comments?post=508660"}],"version-history":[{"count":0,"href":"https:\/\/www.europesays.com\/fr\/wp-json\/wp\/v2\/posts\/508660\/revisions"}],"wp:featuredmedia":[{"embeddable":true,"href":"https:\/\/www.europesays.com\/fr\/wp-json\/wp\/v2\/media\/508661"}],"wp:attachment":[{"href":"https:\/\/www.europesays.com\/fr\/wp-json\/wp\/v2\/media?parent=508660"}],"wp:term":[{"taxonomy":"category","embeddable":true,"href":"https:\/\/www.europesays.com\/fr\/wp-json\/wp\/v2\/categories?post=508660"},{"taxonomy":"post_tag","embeddable":true,"href":"https:\/\/www.europesays.com\/fr\/wp-json\/wp\/v2\/tags?post=508660"}],"curies":[{"name":"wp","href":"https:\/\/api.w.org\/{rel}","templated":true}]}}