{"id":508670,"date":"2025-11-03T10:49:48","date_gmt":"2025-11-03T10:49:48","guid":{"rendered":"https:\/\/www.europesays.com\/fr\/508670\/"},"modified":"2025-11-03T10:49:48","modified_gmt":"2025-11-03T10:49:48","slug":"le-black-friday-commence-tot-les-meilleurs-deals-en-avant-premiere-sur-fnac-boulanger-cdiscount","status":"publish","type":"post","link":"https:\/\/www.europesays.com\/fr\/508670\/","title":{"rendered":"Le Black Friday commence t\u00f4t : les meilleurs deals en avant-premi\u00e8re sur Fnac, Boulanger, Cdiscount&#8230;"},"content":{"rendered":"<p>Le <strong>Black Friday 2025<\/strong>, ou devrions-nous dire le <strong>Black November<\/strong>, est bel et bien lanc\u00e9. Boulanger a tir\u00e9 le premier, vite rejoint par Cdiscount, Fnac et Darty. Les offres en avant-premi\u00e8re s\u2019encha\u00eenent, mais comme toujours, tout n\u2019est pas bon \u00e0 prendre. On fait le tri en direct, en regroupant les promos qui m\u00e9ritent vraiment votre argent.<\/p>\n<p>Depuis plusieurs ann\u00e9es, les e-commer\u00e7ants et les marques n\u2019attendent plus le vendredi qui suit Thanksgiving pour barrer les prix. D\u00e8s le d\u00e9but du mois de novembre (et m\u00eame un peu avant cette ann\u00e9e), les enseignes capitalisent sur l\u2019\u00e9v\u00e9nement dans la dur\u00e9e. Le calendrier est difficile \u00e0 d\u00e9crypter et varie selon les enseignes et les marques.<\/p>\n<p>Quoi qu\u2019il en soit, les offres sont d\u00e9j\u00e0 l\u00e0 chez plusieurs enseignes (Boulanger, Fnac, Darty, Cdiscount\u2026) et certaines valent le coup. Par cons\u00e9quent, il n\u2019est pas forc\u00e9ment pertinent d\u2019attendre le 28 novembre pour r\u00e9aliser des \u00e9conomies sur des produits que vous avez rep\u00e9r\u00e9s. Chez Numerama, on fouille aussi et on r\u00e9pertorie ici toutes les meilleures promotions Black Friday en ligne.<\/p>\n<p>Les meilleures promos avant-premi\u00e8re du Black Friday<\/p>\n<p>Les offres du Black Friday \u00e9voluent en permanence, alors nous mettons cet article \u00e0 jour d\u00e8s qu\u2019un bon plan vaut le d\u00e9tour. Certaines promotions sont victimes de leur succ\u00e8s en quelques heures, quand d\u2019autres expirent sans pr\u00e9venir. Alors pensez \u00e0 ajouter cette page \u00e0 vos favoris pour y revenir facilement et ne rien manquer durant toute la p\u00e9riode du Black November.<\/p>\n<p>            mises \u00e0 jour disponibles<\/p>\n<p><a href=\"https:\/\/www.numerama.com\/wp-content\/uploads\/2025\/11\/airpods-4-black-friday.jpg\" rel=\"nofollow noopener\" target=\"_blank\"><img decoding=\"async\" width=\"1024\" height=\"576\" loading=\"lazy\" alt=\"Airpods 4 Black Friday\" title=\"Airpods 4 Black Friday\" class=\"wp-image-2108613 placeholder-default wp-image\" src=\"https:\/\/www.europesays.com\/fr\/wp-content\/uploads\/2025\/11\/airpods-4-black-friday-1024x576.jpg\" \/><\/a><\/p>\n<p>Pour le Black November, les nouveaux <a href=\"https:\/\/www.numerama.com\/ecouteurs\/airpods-4\/\" rel=\"nofollow noopener\" target=\"_blank\">AirPods 4<\/a> sans r\u00e9duction de bruit tombent \u00e0 <a href=\"https:\/\/shop.numerama.com\/i33yphdz\" target=\"_blank\" rel=\"noreferrer noopener sponsored nofollow\" data-gtm=\"{&quot;event&quot;:&quot;afficlic&quot;,&quot;nom_marchand&quot;:&quot;cdiscount&quot;,&quot;nom_produit&quot;:&quot;inconnu&quot;,&quot;categorie_produit&quot;:&quot;inconnu&quot;,&quot;module_produit&quot;:&quot;editolink&quot;,&quot;position_marchand&quot;:0,&quot;texte&quot;:&quot;119-e-au-lieu-de-149-e&quot;,&quot;offer_url&quot;:&quot;https:\/\/shop.numerama.com\/i33yphdz&quot;,&quot;zone&quot;:&quot;contenu-page&quot;}\">119 \u20ac au lieu de 149 \u20ac<\/a> sur Cdiscount. La version avec ANC est quant \u00e0 elle disponible \u00e0 <a href=\"https:\/\/shop.numerama.com\/pekwcma7\" target=\"_blank\" rel=\"noreferrer noopener sponsored nofollow\" data-gtm=\"{&quot;event&quot;:&quot;afficlic&quot;,&quot;nom_marchand&quot;:&quot;cdiscount&quot;,&quot;nom_produit&quot;:&quot;inconnu&quot;,&quot;categorie_produit&quot;:&quot;inconnu&quot;,&quot;module_produit&quot;:&quot;editolink&quot;,&quot;position_marchand&quot;:0,&quot;texte&quot;:&quot;179-e-au-lieu-de-199-e&quot;,&quot;offer_url&quot;:&quot;https:\/\/shop.numerama.com\/pekwcma7&quot;,&quot;zone&quot;:&quot;contenu-page&quot;}\">179 \u20ac au lieu de 199 \u20ac<\/a>.<\/p>\n<p>Ces offres sont particuli\u00e8rement int\u00e9ressantes pour celles et ceux qui supportent mal <a href=\"https:\/\/www.numerama.com\/tech\/2074001-on-a-teste-les-airpods-pro-3-dapple-du-mieux-a-tous-les-niveaux.html\" rel=\"nofollow noopener\" target=\"_blank\">le format intra-auriculaire des AirPods Pro 3<\/a>. Ici, vous avez une version plus abordable qui reprend le design embl\u00e9matique des AirPods, avec des tiges tactiles tr\u00e8s pratiques pour g\u00e9rer la musique, le volume ou les appels. Le confort est toujours au rendez-vous, avec un bon maintien et une l\u00e9g\u00e8ret\u00e9 qui permet de les porter plusieurs heures sans g\u00eane. Ils r\u00e9sistent aussi \u00e0 la poussi\u00e8re et \u00e0 la transpiration (certification IP54), <a href=\"https:\/\/www.numerama.com\/tech\/1811168-test-des-apple-airpods-4-les-ecouteurs-presque-pro.html\" rel=\"nofollow noopener\" target=\"_blank\">ce qui les rend parfaits pour un usage quotidien<\/a>, y compris lors d\u2019une s\u00e9ance de sport l\u00e9ger.<\/p>\n<p><a href=\"https:\/\/www.numerama.com\/wp-content\/uploads\/2025\/10\/packdampoules-connectees-philips-hue-black-friday.jpg\" rel=\"nofollow noopener\" target=\"_blank\"><img decoding=\"async\" width=\"1024\" height=\"576\" loading=\"lazy\" alt=\"Pack\u00a0d'ampoules connect\u00e9es Philips HUE\" title=\"Pack\u00a0d'ampoules connect\u00e9es Philips HUE\" class=\"wp-image-2106183 placeholder-default wp-image\" src=\"https:\/\/www.europesays.com\/fr\/wp-content\/uploads\/2025\/11\/1762166959_710_packdampoules-connectees-philips-hue-black-friday-1024x576.jpg\" \/><\/a>Pack\u00a0d\u2019ampoules connect\u00e9es Philips HUE \/\/ Source : Numerama<\/p>\n<p>Le pack d\u2019ampoules connect\u00e9es Philips HUE <a href=\"https:\/\/shop.numerama.com\/nrzpurkl\" target=\"_blank\" rel=\"noreferrer noopener sponsored nofollow\" data-gtm=\"{&quot;event&quot;:&quot;afficlic&quot;,&quot;nom_marchand&quot;:&quot;boulanger&quot;,&quot;nom_produit&quot;:&quot;inconnu&quot;,&quot;categorie_produit&quot;:&quot;inconnu&quot;,&quot;module_produit&quot;:&quot;editolink&quot;,&quot;position_marchand&quot;:0,&quot;texte&quot;:&quot;perd-55-sur-boulanger&quot;,&quot;offer_url&quot;:&quot;https:\/\/shop.numerama.com\/nrzpurkl&quot;,&quot;zone&quot;:&quot;contenu-page&quot;}\">perd 55% sur Boulanger<\/a> pendant les avant-premi\u00e8res Black Friday. Une bonne offre pour des produits relativement couteux en temps normal. Le pack contient, comme son nom l\u2019indique, tout ce qu\u2019il faut pour commencer, \u00e0 savoir :<\/p>\n<ul class=\"wp-block-list\">\n<li>deux ampoules E27 \u00e0 visser ;<\/li>\n<li>un pont Hue Bridge pour contr\u00f4ler en simultan\u00e9 les ampoules ;<\/li>\n<li>une t\u00e9l\u00e9commande pour choisir l\u2019intensit\u00e9 et modifier la couleur.<\/li>\n<\/ul>\n<p><a href=\"https:\/\/www.numerama.com\/wp-content\/uploads\/2025\/11\/telescope-odyssey-et-odyssey-pro-black-friday.jpg\" rel=\"nofollow noopener\" target=\"_blank\"><img decoding=\"async\" width=\"1024\" height=\"576\" loading=\"lazy\" alt=\"T\u00e9lescopes Odyssey et Odyssey Pro\" title=\"T\u00e9lescopes Odyssey et Odyssey Pro\" class=\"wp-image-2108535 placeholder-default wp-image\" src=\"https:\/\/www.europesays.com\/fr\/wp-content\/uploads\/2025\/11\/telescope-odyssey-et-odyssey-pro-black-friday-1024x576.jpg\" \/><\/a>T\u00e9lescopes Odyssey et Odyssey Pro \/\/ Source : Numerama<\/p>\n<p>Alors que <a href=\"https:\/\/www.numerama.com\/sciences\/2108093-le-sursaut-lumineux-de-la-comete-interstellaire-atlas-laisse-ces-scientifiques-perplexes.html\" rel=\"nofollow noopener\" target=\"_blank\">la com\u00e8te interstellaire 3\/I Atlas nous rend actuellement visite et ravive notre curiosit\u00e9 pour le ciel<\/a>, vous avez peut-\u00eatre envie, vous aussi, d\u2019observer les \u00e9toiles autrement qu\u2019avec le zoom de votre iPhone. Bonne nouvelle : Unistellar lance son Black Friday avec des remises sur ses t\u00e9lescopes connect\u00e9s Odyssey et Odyssey Pro, deux r\u00e9f\u00e9rences made in France. Le mod\u00e8le Odyssey passe \u00e0 <a href=\"https:\/\/shop.numerama.com\/gyyb0egv\" target=\"_blank\" rel=\"noreferrer noopener sponsored nofollow\" data-gtm=\"{&quot;event&quot;:&quot;afficlic&quot;,&quot;nom_marchand&quot;:&quot;unistellar&quot;,&quot;nom_produit&quot;:&quot;inconnu&quot;,&quot;categorie_produit&quot;:&quot;inconnu&quot;,&quot;module_produit&quot;:&quot;editolink&quot;,&quot;position_marchand&quot;:0,&quot;texte&quot;:&quot;1-839-e-au-lieu-de-2-299-e&quot;,&quot;offer_url&quot;:&quot;https:\/\/shop.numerama.com\/gyyb0egv&quot;,&quot;zone&quot;:&quot;contenu-page&quot;}\">1 839 \u20ac au lieu de 2 299 \u20ac<\/a>, tandis que le Odyssey Pro tombe \u00e0 <a href=\"https:\/\/shop.numerama.com\/w3ua2dmo\" target=\"_blank\" rel=\"noreferrer noopener sponsored nofollow\" data-gtm=\"{&quot;event&quot;:&quot;afficlic&quot;,&quot;nom_marchand&quot;:&quot;unistellar&quot;,&quot;nom_produit&quot;:&quot;inconnu&quot;,&quot;categorie_produit&quot;:&quot;inconnu&quot;,&quot;module_produit&quot;:&quot;editolink&quot;,&quot;position_marchand&quot;:0,&quot;texte&quot;:&quot;3-199-e-au-lieu-de-3-999-e&quot;,&quot;offer_url&quot;:&quot;https:\/\/shop.numerama.com\/w3ua2dmo&quot;,&quot;zone&quot;:&quot;contenu-page&quot;}\">3 199 \u20ac au lieu de 3 999 \u20ac<\/a> sur le site officiel d\u2019Unistellar. <\/p>\n<p>Ces t\u00e9lescopes compacts s\u2019installent en quelques secondes et fonctionnent sans r\u00e9glages manuels : tout est automatis\u00e9 via une application mobile qui reconna\u00eet le ciel, ajuste la mise au point et affiche en direct galaxies, n\u00e9buleuses ou plan\u00e8tes. Les deux mod\u00e8les partagent la m\u00eame base optique : miroir de 85 mm, capteur Sony et technologies comme Stellar Autofocus et Deep Dark Technology pour compenser la pollution lumineuse. L\u2019Odyssey Pro ajoute un oculaire \u00e9lectronique Nikon micro-OLED, offrant une observation encore plus belle et d\u00e9taill\u00e9e.<\/p>\n<p><a href=\"https:\/\/www.numerama.com\/wp-content\/uploads\/2025\/10\/casque-jbl-live-775-nc-black-friday.jpg\" rel=\"nofollow noopener\" target=\"_blank\"><img decoding=\"async\" width=\"1024\" height=\"576\" loading=\"lazy\" alt=\"Casque JBL Live 775 NC\" title=\"Casque JBL Live 775 NC\" class=\"wp-image-2106149 placeholder-default wp-image\" src=\"https:\/\/www.europesays.com\/fr\/wp-content\/uploads\/2025\/11\/1762166961_927_casque-jbl-live-775-nc-black-friday-1024x576.jpg\" \/><\/a>Casque JBL Live 775 NC \/\/ Source : Numerama<\/p>\n<p>Habituellement vendu autour de 179,99 \u20ac, le casque JBL Live 775 tombe <a href=\"https:\/\/shop.numerama.com\/tgts8id7\" target=\"_blank\" rel=\"noreferrer noopener sponsored nofollow\" data-gtm=\"{&quot;event&quot;:&quot;afficlic&quot;,&quot;nom_marchand&quot;:&quot;boulanger&quot;,&quot;nom_produit&quot;:&quot;inconnu&quot;,&quot;categorie_produit&quot;:&quot;inconnu&quot;,&quot;module_produit&quot;:&quot;editolink&quot;,&quot;position_marchand&quot;:0,&quot;texte&quot;:&quot;sous-la-barre-des-100-e&quot;,&quot;offer_url&quot;:&quot;https:\/\/shop.numerama.com\/tgts8id7&quot;,&quot;zone&quot;:&quot;contenu-page&quot;}\">sous la barre des 100 \u20ac<\/a> pendant les avant-premi\u00e8res Black Friday de Boulanger. Ce mod\u00e8le restitue une bonne qualit\u00e9 sonore avec des basses bien pr\u00e9sentes \u2014 la marque de fabrique JBL. Mais l\u00e0 o\u00f9 il excelle, c\u2019est dans l\u2019autonomie avec pas moins de 65 heures en r\u00e9serve ou 50 avec la r\u00e9duction de bruit active. <\/p>\n<p><a href=\"https:\/\/www.numerama.com\/wp-content\/uploads\/2025\/11\/fnac-black-friday.jpg\" rel=\"nofollow noopener\" target=\"_blank\"><img decoding=\"async\" width=\"1024\" height=\"576\" loading=\"lazy\" alt=\"La carte Fnac+\" title=\"La carte Fnac+\" class=\"wp-image-2108359 placeholder-default wp-image\" src=\"https:\/\/www.europesays.com\/fr\/wp-content\/uploads\/2025\/11\/fnac-black-friday-1024x576.jpg\" \/><\/a>La carte Fnac+ \/\/ Source : Numerama<\/p>\n<p>Pour ce d\u00e9but de novembre, la carte Fnac+ perd 10 \u20ac : elle passe de <a href=\"https:\/\/shop.numerama.com\/3wiwog05\" target=\"_blank\" rel=\"noreferrer noopener sponsored nofollow\">14,99 \u20ac par an \u00e0 4,99 \u20ac<\/a>. Une bonne affaire si vous avez pr\u00e9vu des achats pour cette fin d\u2019ann\u00e9e chez l\u2019enseigne. \u00c0 noter que cette carte est \u00e9galement valable chez Darty.<\/p>\n<p>La carte Fnac+ donne acc\u00e8s \u00e0 des avantages exclusifs toute l\u2019ann\u00e9e, en ligne comme en magasin : livraison gratuite et illimit\u00e9e en un jour ouvr\u00e9 sur Fnac et Darty, 5 % de remise sur de nombreuses cat\u00e9gories (livres, high-tech, etc.) et, via le Pass Partenaires, des r\u00e9ductions multi-enseignes aupr\u00e8s de nombreuses marques.<\/p>\n<p><a href=\"https:\/\/www.numerama.com\/wp-content\/uploads\/2025\/10\/pack-google-pixel-9a-jbl-go-black-friday.jpg\" rel=\"nofollow noopener\" target=\"_blank\"><img decoding=\"async\" width=\"1024\" height=\"576\" loading=\"lazy\" alt=\"Pack Google Pixel 9A + JBL GO\" title=\"Pack Google Pixel 9A + JBL GO\" class=\"wp-image-2106227 placeholder-default wp-image\" src=\"https:\/\/www.europesays.com\/fr\/wp-content\/uploads\/2025\/11\/1762166964_765_pack-google-pixel-9a-jbl-go-black-friday-1024x576.jpg\" \/><\/a>Pack Google Pixel 9A + JBL GO \/\/ Source : Numerama<\/p>\n<p>Le <a href=\"https:\/\/www.numerama.com\/smartphones\/pixel-9a\/\" rel=\"nofollow noopener\" target=\"_blank\">Pixel 9a<\/a> fait partie des derniers survivants de la gamme 9, remplac\u00e9e en \u00e9t\u00e9 dernier par la s\u00e9rie de Pixel 10. Pour autant <a href=\"https:\/\/www.numerama.com\/tech\/1978209-test-du-google-pixel-9a-on-vous-recommande-vraiment-ce-smartphone.html\" rel=\"nofollow noopener\" target=\"_blank\">le smartphone reste encore l\u2019un des meilleurs rapports qualit\u00e9-prix<\/a> dans la mesure o\u00f9 il est encore seul sur ce segment chez Google, son successeur le Pixel 10a \u00e9tant pr\u00e9vu pour l\u2019ann\u00e9e prochaine.<\/p>\n<p>Ici pour <a href=\"https:\/\/shop.numerama.com\/5ygqm8lp\" target=\"_blank\" rel=\"noreferrer noopener sponsored nofollow\">un peu moins de 430 \u20ac<\/a> (ou 329 \u20ac gr\u00e2ce \u00e0 l\u2019offre de reprise) vous avez un t\u00e9l\u00e9phone fiable, \u00e9quilibr\u00e9 avec un bel \u00e9cran 120 Hz de 6,3 pouces. Son excellente autonomie permet de pousser jusqu\u2019\u00e0 presque deux jours et il a surtout un tr\u00e8s bon appareil photo pour ce prix. En prime, on n\u2019oublie pas la petite enceinte nomade JBL GO 3 inclus dans le pack qui permet d\u2019\u00e9conomiser tout de m\u00eame une trentaine d\u2019euros.<\/p>\n<p><a href=\"https:\/\/www.numerama.com\/wp-content\/uploads\/2025\/11\/rog-xbox-aally-black-friday.jpg\" rel=\"nofollow noopener\" target=\"_blank\"><img decoding=\"async\" width=\"1024\" height=\"576\" loading=\"lazy\" alt=\"Asus ROG Xbox Ally\" title=\"Asus ROG Xbox Ally\" class=\"wp-image-2108273 placeholder-default wp-image\" src=\"https:\/\/www.europesays.com\/fr\/wp-content\/uploads\/2025\/11\/rog-xbox-aally-black-friday-1024x576.jpg\" \/><\/a>Asus ROG Xbox Ally \/\/ Source : Numerama<\/p>\n<p>Les deux nouvelles ROG Xbox Ally profitent d\u2019une petite remise \u00e0 l\u2019occasion des avant-premi\u00e8res du Black Friday. Gr\u00e2ce au code <strong>BLACK20<\/strong>, elles passent \u00e0 <a href=\"https:\/\/shop.numerama.com\/b9063joz\" target=\"_blank\" rel=\"noreferrer noopener sponsored nofollow\" data-gtm=\"{&quot;event&quot;:&quot;afficlic&quot;,&quot;nom_marchand&quot;:&quot;rakuten&quot;,&quot;nom_produit&quot;:&quot;inconnu&quot;,&quot;categorie_produit&quot;:&quot;inconnu&quot;,&quot;module_produit&quot;:&quot;editolink&quot;,&quot;position_marchand&quot;:0,&quot;texte&quot;:&quot;574-99-e-au-lieu-de-599-e&quot;,&quot;offer_url&quot;:&quot;https:\/\/shop.numerama.com\/b9063joz&quot;,&quot;zone&quot;:&quot;contenu-page&quot;}\">579 \u20ac au lieu de 599 \u20ac<\/a> pour la ROG Xbox Ally (Z2 A) et \u00e0 <a href=\"https:\/\/shop.numerama.com\/p4slobkh\" target=\"_blank\" rel=\"noreferrer noopener sponsored nofollow\" data-gtm=\"{&quot;event&quot;:&quot;afficlic&quot;,&quot;nom_marchand&quot;:&quot;rakuten&quot;,&quot;nom_produit&quot;:&quot;inconnu&quot;,&quot;categorie_produit&quot;:&quot;inconnu&quot;,&quot;module_produit&quot;:&quot;editolink&quot;,&quot;position_marchand&quot;:0,&quot;texte&quot;:&quot;879-e-au-lieu-de-899-e&quot;,&quot;offer_url&quot;:&quot;https:\/\/shop.numerama.com\/p4slobkh&quot;,&quot;zone&quot;:&quot;contenu-page&quot;}\">879 \u20ac au lieu de 899 \u20ac<\/a> pour la <a href=\"https:\/\/www.numerama.com\/consoles\/rog-xbox-ally-x-z2-extreme\/\" rel=\"nofollow noopener\" target=\"_blank\">ROG Xbox Ally X (Z2 Extreme)<\/a>, chez Boulanger via Rakuten.<\/p>\n<p>Fruit d\u2019une collaboration entre Asus et Microsoft, ces premi\u00e8res consoles portables Xbox fonctionnent en fait sous Windows 11 et reprennent l\u2019\u00e9cosyst\u00e8me Xbox (Game Pass, Cloud, Steam, Epic, etc.). Elle propose aujourd\u2019hui la meilleure exp\u00e9rience de jeu pour une console PC de ce type. <a href=\"https:\/\/www.numerama.com\/tech\/2094259-test-du-rog-xbox-ally-x-presque-xbox-portable.html\" rel=\"nofollow noopener\" target=\"_blank\">Nous avons pu tester la ROG Xbox Ally X<\/a>, le mod\u00e8le le plus puissant et le plus abouti des deux. Avec son processeur AMD Ryzen Z2 Extreme, ses 24 Go de RAM et son SSD de 1 To, elle offre une exp\u00e9rience de jeu PC portable haut de gamme, capable de faire tourner sans probl\u00e8me des titres exigeants comme <a href=\"https:\/\/www.numerama.com\/jeux-video\/elden-ring\/\" rel=\"nofollow noopener\" target=\"_blank\">Elden Ring<\/a>. <\/p>\n<p>Le mod\u00e8le d\u2019entr\u00e9e de gamme, la <a href=\"https:\/\/www.numerama.com\/consoles\/rog-xbox-ally-z2-a\/\" rel=\"nofollow noopener\" target=\"_blank\">ROG Xbox Ally (Z2 A)<\/a>, reste une option correcte pour le cloud gaming ou les petits jeux, mais ses performances limit\u00e9es la rendent moins int\u00e9ressante au regard de son prix<\/p>\n<p><a href=\"https:\/\/www.numerama.com\/wp-content\/uploads\/2025\/11\/lg-oled77c5.jpg\" rel=\"nofollow noopener\" target=\"_blank\"><img decoding=\"async\" width=\"1024\" height=\"576\" loading=\"lazy\" alt=\"LG OLED77C5\" title=\"LG OLED77C5\" class=\"wp-image-2108217 placeholder-default wp-image\" src=\"https:\/\/www.europesays.com\/fr\/wp-content\/uploads\/2025\/11\/lg-oled77c5-1024x576.jpg\" \/><\/a>LG OLED77C5 \/\/ Source : Numerama<\/p>\n<p>Le LG OLED77C5 s\u2019affiche \u00e0 <a href=\"https:\/\/shop.numerama.com\/pou0gud2\" data-type=\"link\" data-id=\"https:\/\/www.ubaldi.com\/tv\/televiseur-lcd\/lg\/tv-oled-4k-195-cm-lg--oled77c54-evo-oled-c5-2025--70738963.php\" target=\"_blank\" rel=\"noreferrer noopener sponsored nofollow\" data-gtm=\"{&quot;event&quot;:&quot;afficlic&quot;,&quot;nom_marchand&quot;:&quot;ubaldi&quot;,&quot;nom_produit&quot;:&quot;inconnu&quot;,&quot;categorie_produit&quot;:&quot;inconnu&quot;,&quot;module_produit&quot;:&quot;editolink&quot;,&quot;position_marchand&quot;:0,&quot;texte&quot;:&quot;1-590-e-au-lieu-de-2-590-e&quot;,&quot;offer_url&quot;:&quot;https:\/\/shop.numerama.com\/pou0gud2&quot;,&quot;zone&quot;:&quot;contenu-page&quot;}\">1 590 \u20ac au lieu de 2 590 \u20ac<\/a> chez Ubaldi avec le code <strong>1000HAL425 <\/strong>\u2014 une r\u00e9duction de 1000 \u20ac pour un t\u00e9l\u00e9viseur immense. Attention toutefois : la livraison devrait prendre environ deux semaines, Ubaldi indiquant un retour en stock d\u2019ici 12 jours.<\/p>\n<p>Dans cette version 77 pouces, le <a href=\"https:\/\/www.frandroid.com\/marques\/lg\/2563163_test-du-tv-lg-oled65c5-un-milieu-de-gamme-dans-la-continuite#conclusion\" target=\"_blank\" rel=\"noreferrer noopener nofollow\">C5 transforme litt\u00e9ralement votre salon en salle de cin\u00e9ma.<\/a> Cette nouvelle g\u00e9n\u00e9ration conserve tout ce qui faisait la force du C4 : une image pr\u00e9cise, un contraste profond et une colorim\u00e9trie juste. Le mode Filmmaker et la compatibilit\u00e9 Dolby Vision \/ HDR10 assurent une restitution fid\u00e8le des contenus 4K. Les 4 ports HDMI 2.1, la fluidit\u00e9 \u00e0 120 Hz et la r\u00e9activit\u00e9 exemplaire en font aussi un excellent choix pour les joueurs.<\/p>\n<p>Si vous cherchez un plus petit format, les autres mod\u00e8les sont aussi en promo :<\/p>\n<p><a href=\"https:\/\/www.numerama.com\/wp-content\/uploads\/2025\/11\/ps5-pro-black-friday.jpg\" rel=\"nofollow noopener\" target=\"_blank\"><img decoding=\"async\" width=\"1024\" height=\"576\" loading=\"lazy\" alt=\"PS5 Pro Black Friday\" title=\"PS5 Pro Black Friday\" class=\"wp-image-2108259 placeholder-default wp-image\" src=\"https:\/\/www.europesays.com\/fr\/wp-content\/uploads\/2025\/11\/ps5-pro-black-friday-1024x576.jpg\" \/><\/a><\/p>\n<p>Malgr\u00e9 son prix in\u00e9dit pour une console de salon, la derni\u00e8re PS5 de Sony est rarement sold\u00e9e. Pour ces avant-premi\u00e8res du Black Friday, le pack avec <a href=\"https:\/\/www.numerama.com\/jeux-video\/ea-sports-fc-26\/\" rel=\"nofollow noopener\" target=\"_blank\">EA Sports FC 26<\/a> perd 20 \u20ac sur Rakuten (vendeur Carrefour) et <a href=\"https:\/\/shop.numerama.com\/r8hgcb7q\" target=\"_blank\" rel=\"noreferrer noopener sponsored nofollow\" data-gtm=\"{&quot;event&quot;:&quot;afficlic&quot;,&quot;nom_marchand&quot;:&quot;rakuten&quot;,&quot;nom_produit&quot;:&quot;inconnu&quot;,&quot;categorie_produit&quot;:&quot;inconnu&quot;,&quot;module_produit&quot;:&quot;editolink&quot;,&quot;position_marchand&quot;:0,&quot;texte&quot;:&quot;tombe-a-779-e&quot;,&quot;offer_url&quot;:&quot;https:\/\/shop.numerama.com\/r8hgcb7q&quot;,&quot;zone&quot;:&quot;contenu-page&quot;}\">tombe \u00e0 779 \u20ac<\/a> \u2013une belle offre donc, m\u00eame s\u2019il est possible que d\u2019autres baisses apparaissent d\u2019ici la fin novembre (rien n\u2019est garanti).<\/p>\n<p>C\u2019est en tout cas un bon moment pour s\u2019\u00e9quiper en amont des gros titres AAA \u00e0 venir comme <a href=\"https:\/\/www.numerama.com\/jeux-video\/gta-6\/\" rel=\"nofollow noopener\" target=\"_blank\">GTA 6<\/a>, qui <a href=\"https:\/\/www.numerama.com\/pop-culture\/1965715-precommande-gta-6.html\" rel=\"nofollow noopener\" target=\"_blank\">sera exclusif aux consoles et s\u2019annonce graphique\u00adment monstrueux.<\/a> Avec cette PS5 Pro, vous pourrez pleinement en profiter : elle embarque <a href=\"https:\/\/www.numerama.com\/tech\/1822552-ps5-pro-ou-ps5-slim-quelle-console-sony-est-faite-pour-vous.html\" rel=\"nofollow noopener\" target=\"_blank\">une configuration graphique nettement am\u00e9lior\u00e9e par rapport \u00e0 la version Slim<\/a>, ainsi qu\u2019un stockage doubl\u00e9e de 2 To. Attention toutefois : ce mod\u00e8le ne dispose pas de lecteur de disque. Si vous n\u2019\u00eates pas encore totalement pass\u00e9 au d\u00e9mat\u00e9rialis\u00e9, il est possible d\u2019acheter le lecteur Blu-Ray officiel s\u00e9par\u00e9ment.<\/p>\n<p><a href=\"https:\/\/www.numerama.com\/wp-content\/uploads\/2025\/11\/iphone-16e-black-friday.jpg\" rel=\"nofollow noopener\" target=\"_blank\"><img decoding=\"async\" width=\"1024\" height=\"576\" loading=\"lazy\" alt=\"iPhone 16e\" title=\"iPhone 16e\" class=\"wp-image-2108255 placeholder-default wp-image\" src=\"https:\/\/www.europesays.com\/fr\/wp-content\/uploads\/2025\/11\/iphone-16e-black-friday-1024x576.jpg\" \/><\/a>iPhone 16e \/\/ Source : Numerama<\/p>\n<p>Il aura finalement fallu attendre le Black Friday pour voir l\u2019<a href=\"https:\/\/www.numerama.com\/smartphones\/iphone-16e\/\" rel=\"nofollow noopener\" target=\"_blank\">iPhone 16e<\/a> passer <a href=\"https:\/\/shop.numerama.com\/rlqya5fi\" data-type=\"link\" data-id=\"https:\/\/fr.shopping.rakuten.com\/mfp\/13245005\/apple-iphone-16e?pid=13317400900\" target=\"_blank\" rel=\"noreferrer noopener sponsored nofollow\" data-gtm=\"{&quot;event&quot;:&quot;afficlic&quot;,&quot;nom_marchand&quot;:&quot;rakuten&quot;,&quot;nom_produit&quot;:&quot;inconnu&quot;,&quot;categorie_produit&quot;:&quot;inconnu&quot;,&quot;module_produit&quot;:&quot;editolink&quot;,&quot;position_marchand&quot;:0,&quot;texte&quot;:&quot;sous-la-barre-des-500-e&quot;,&quot;offer_url&quot;:&quot;https:\/\/shop.numerama.com\/rlqya5fi&quot;,&quot;zone&quot;:&quot;contenu-page&quot;}\">sous la barre des 500 \u20ac<\/a>. C\u2019est sur Rakuten que cela se passe, gr\u00e2ce au code <strong>BLACK20<\/strong>, il tombe \u00e0 son meilleur prix depuis sa sortie en f\u00e9vrier dernier \u2014 une belle affaire quand on se souvient qu\u2019il \u00e9tait lanc\u00e9 \u00e0 719 \u20ac.<br \/>Pour ce prix, vous avez le<a href=\"https:\/\/www.numerama.com\/tech\/1912357-test-de-liphone-16e-la-bonne-surprise-de-2025-est-signee-apple.html\" rel=\"nofollow noopener\" target=\"_blank\"> digne successeur de l\u2019iPhone SE \u2014 mais en mieux<\/a>. Il reprend en r\u00e9alit\u00e9 la base technique de l\u2019iPhone 16, avec la puce A18 capable de faire tourner Apple Intelligence, ainsi <a href=\"https:\/\/www.numerama.com\/tech\/1914113-que-vaut-lapple-c1-on-a-teste-le-modem-inedit-de-liphone-16e.html\" rel=\"nofollow noopener\" target=\"_blank\">qu\u2019un modem C1 optimis\u00e9 pour l\u2019autonomie.<\/a> Sa seule v\u00e9ritable concession se trouve du c\u00f4t\u00e9 de la photo : un unique capteur de 48 Mpx, qui parvient malgr\u00e9 tout \u00e0 sortir de tr\u00e8s beaux clich\u00e9s.<\/p>\n<p><a href=\"https:\/\/www.numerama.com\/wp-content\/uploads\/2025\/10\/dyson-wash-g1-black-friday.jpg\" rel=\"nofollow noopener\" target=\"_blank\"><img decoding=\"async\" width=\"1024\" height=\"576\" loading=\"lazy\" alt=\"Dyson Wash G1\" title=\"Dyson Wash G1\" class=\"wp-image-2107349 placeholder-default wp-image\" src=\"https:\/\/www.europesays.com\/fr\/wp-content\/uploads\/2025\/11\/1762166969_848_dyson-wash-g1-black-friday-1024x576.jpg\" \/><\/a>Dyson Wash G1 \/\/ Source : Numerama<\/p>\n<p>L\u2019heure est aujourd\u2019hui aux aspirateurs balais qui lavent et aspirent en m\u00eame temps. Le <a href=\"https:\/\/www.numerama.com\/autres\/dyson-wash-g1\/\" rel=\"nofollow noopener\" target=\"_blank\">Wash G1<\/a>, lui, s\u2019attaque \u00e0 une seule t\u00e2che : le lavage. Sorti au prix de 699 \u20ac, il \u00e9tait difficile de le recommander \u00e0 son plein tarif, mais pendant le Black Friday, <a href=\"https:\/\/shop.numerama.com\/g1i2ww5m\" target=\"_blank\" rel=\"noreferrer noopener sponsored nofollow\" data-gtm=\"{&quot;event&quot;:&quot;afficlic&quot;,&quot;nom_marchand&quot;:&quot;boulanger&quot;,&quot;nom_produit&quot;:&quot;inconnu&quot;,&quot;categorie_produit&quot;:&quot;inconnu&quot;,&quot;module_produit&quot;:&quot;editolink&quot;,&quot;position_marchand&quot;:0,&quot;texte&quot;:&quot;il-tombe-a-50&quot;,&quot;offer_url&quot;:&quot;https:\/\/shop.numerama.com\/g1i2ww5m&quot;,&quot;zone&quot;:&quot;contenu-page&quot;}\">il tombe \u00e0 -50 %<\/a>, ce qui peut \u00eatre particuli\u00e8rement int\u00e9ressant si vous avez d\u00e9j\u00e0 un aspirateur-balai. Pour vous faire un avis sur l\u2019efficacit\u00e9 de ce dernier, vous pouvez  <a href=\"https:\/\/www.numerama.com\/tech\/1904749-on-a-teste-le-wash-g1-de-dyson-loutil-de-menage-qui-vous-prouve-que-votre-sol-est-sale.html\" rel=\"nofollow noopener\" target=\"_blank\">consulter notre test<\/a>.<\/p>\n<p><a href=\"https:\/\/www.numerama.com\/wp-content\/uploads\/2025\/10\/nintendo-switch-2-black-friday.jpg\" rel=\"nofollow noopener\" target=\"_blank\"><img decoding=\"async\" width=\"1024\" height=\"576\" loading=\"lazy\" alt=\"Nintendo Switch 2 + Mario Kart World\" title=\"Nintendo Switch 2 + Mario Kart World\" class=\"wp-image-2108167 placeholder-default wp-image\" src=\"https:\/\/www.europesays.com\/fr\/wp-content\/uploads\/2025\/11\/nintendo-switch-2-black-friday-1024x576.jpg\" \/><\/a>Nintendo Switch 2 + Mario Kart World \/\/ Source : Numerama<\/p>\n<p>En r\u00e9ponse aux premi\u00e8res offres du Black Friday, AliExpress d\u00e9ploie une grande vague de promotions baptis\u00e9e Mega Choice Day, juste avant son Single Day. Parmi les offres les plus marquantes, on retrouve un pack <a href=\"https:\/\/www.numerama.com\/consoles\/switch-2\/\" rel=\"nofollow noopener\" target=\"_blank\">Nintendo Switch 2<\/a> avec <a href=\"https:\/\/www.numerama.com\/pop-culture\/1991761-test-de-mario-kart-world-le-mode-survie-change-absolument-tout.html\" rel=\"nofollow noopener\" target=\"_blank\">Mario Kart World<\/a> \u00e0 un prix tout simplement imbattable : gr\u00e2ce au code <strong>FRCD45<\/strong>, la console passe <a href=\"https:\/\/shop.numerama.com\/se2ihg87\" target=\"_blank\" rel=\"noreferrer noopener sponsored nofollow\" data-gtm=\"{&quot;event&quot;:&quot;afficlic&quot;,&quot;nom_marchand&quot;:&quot;aliexpress&quot;,&quot;nom_produit&quot;:&quot;inconnu&quot;,&quot;categorie_produit&quot;:&quot;inconnu&quot;,&quot;module_produit&quot;:&quot;editolink&quot;,&quot;position_marchand&quot;:0,&quot;texte&quot;:&quot;sous-la-barre-des-400-e&quot;,&quot;offer_url&quot;:&quot;https:\/\/shop.numerama.com\/se2ihg87&quot;,&quot;zone&quot;:&quot;contenu-page&quot;}\">sous la barre des 400 \u20ac<\/a>.<\/p>\n<p>Il s\u2019agit d\u2019une version hongkongaise : elle fonctionne comme une version europ\u00e9enne. La seule diff\u00e9rence concerne l\u2019activation de Mario Kart World, fourni en version num\u00e9rique. Pour en profiter, il suffit de basculer temporairement l\u2019eShop sur la r\u00e9gion Hong Kong, d\u2019entrer le code de t\u00e9l\u00e9chargement, puis de revenir \u00e0 votre r\u00e9gion d\u2019origine une fois le jeu activ\u00e9.<\/p>\n<p><a href=\"https:\/\/www.numerama.com\/wp-content\/uploads\/2025\/10\/apple-wathc-ultra-2-black-friday.jpg\" rel=\"nofollow noopener\" target=\"_blank\"><img decoding=\"async\" width=\"1024\" height=\"576\" loading=\"lazy\" alt=\"Apple Watch Ultra 2\" title=\"Apple Watch Ultra 2\" class=\"wp-image-2107269 placeholder-default wp-image\" src=\"https:\/\/www.europesays.com\/fr\/wp-content\/uploads\/2025\/11\/1762166971_986_apple-wathc-ultra-2-black-friday-1024x576.jpg\" \/><\/a>Apple Watch Ultra 2 \/\/ Source : Numerama<\/p>\n<p>Apple a sorti \u00e0 la rentr\u00e9e une nouvelle version de son mod\u00e8le haut de gamme : l\u2019<a href=\"https:\/\/www.numerama.com\/montres-connectes\/watch-ultra-3\/\" rel=\"nofollow noopener\" target=\"_blank\">Apple Watch Ultra 3<\/a>. Elle gagne largement en autonomie, profite d\u2019un \u00e9cran plus lumineux et quelques optimisations logicielles li\u00e9es \u00e0 watchOS 11, mais dans l\u2019ensemble, les \u00e9volutions restent mineures. Pour <a href=\"https:\/\/shop.numerama.com\/7o50ekkr\" target=\"_blank\" rel=\"noreferrer noopener sponsored nofollow\">699 \u20ac au lieu de 899 \u20ac,<\/a> la g\u00e9n\u00e9ration pr\u00e9c\u00e9dente, l\u2019Apple Watch Ultra 2, reste une option tout \u00e0 fait pertinente.<\/p>\n<p>Toujours aussi robuste avec son bo\u00eetier en titane, son \u00e9cran plat ultra-lumineux et son autonomie d\u2019environ deux jours, l\u2019<a href=\"https:\/\/www.numerama.com\/montres-connectes\/watch-ultra-2\/\" rel=\"nofollow noopener\" target=\"_blank\">Ultra 2<\/a> reste une montre taill\u00e9e pour l\u2019aventure et le sport. Elle embarque tous les capteurs de sant\u00e9 d\u2019Apple, un GPS bi-fr\u00e9quence d\u2019une grande pr\u00e9cision, une \u00e9tanch\u00e9it\u00e9 jusqu\u2019\u00e0 100 m\u00e8tres, et une compatibilit\u00e9 avec watchOS 11.<\/p>\n<p><a href=\"https:\/\/www.numerama.com\/wp-content\/uploads\/2025\/10\/ecran-pc-gamer-asus-xg27ucdmg-4k-black-friday.jpg\" rel=\"nofollow noopener\" target=\"_blank\"><img decoding=\"async\" width=\"1024\" height=\"576\" loading=\"lazy\" alt=\"Moniteur PC gamer Asus\u00a04K (240Hz)\" title=\"Moniteur PC gamer Asus\u00a04K (240Hz)\" class=\"wp-image-2107829 placeholder-default wp-image\" src=\"https:\/\/www.europesays.com\/fr\/wp-content\/uploads\/2025\/11\/1762166972_913_ecran-pc-gamer-asus-xg27ucdmg-4k-black-friday-1024x576.jpg\" \/><\/a>Moniteur PC gamer Asus\u00a04K (240Hz) \/\/ Source : Numerama<\/p>\n<p>Si vous cherchez parmi ce qui se fait de mieux en termes d\u2019\u00e9cran gaming (et que <a href=\"https:\/\/www.numerama.com\/tech\/1778030-quel-est-le-meilleur-pc-gamer-nos-3-configs-de-pc-fixe-pour-tous-les-budgets.html\" rel=\"nofollow noopener\" target=\"_blank\">votre configuration le permet<\/a>), cette r\u00e9f\u00e9rence Asus <a href=\"https:\/\/shop.numerama.com\/zzt1dq2k\" target=\"_blank\" rel=\"noreferrer noopener sponsored nofollow\">perd 100 \u20ac sur Boulanger<\/a>.<\/p>\n<p>Il s\u2019agit d\u2019un \u00e9cran 27 pouces avec une r\u00e9solution 4K reposant sur une dalle OLED pour appr\u00e9cier tous les moindres d\u00e9tails des derniers AAA. Il n\u2019en reste pas moins performant pour celles et ceux qui appr\u00e9cient les jeux nerveux avec un taux de rafraichissement allant jusqu\u2019\u00e0 240Hz. <\/p>\n<p><a href=\"https:\/\/www.numerama.com\/wp-content\/uploads\/2025\/10\/copie-de-preblackfriday-numerama-solo-4.jpg\" rel=\"nofollow noopener\" target=\"_blank\"><img decoding=\"async\" width=\"1024\" height=\"576\" loading=\"lazy\" alt=\"Bar de son Sony Bravia Theatre Bar 8\" title=\"Bar de son Sony Bravia Theatre Bar 8\" class=\"wp-image-2107743 placeholder-default wp-image\" src=\"https:\/\/www.europesays.com\/fr\/wp-content\/uploads\/2025\/11\/1762166973_740_copie-de-preblackfriday-numerama-solo-4-1024x576.jpg\" \/><\/a>Bar de son Sony Bravia Theatre Bar 8 \/\/ Source : Numerama<\/p>\n<p>Les TV, m\u00eame les mod\u00e8les haut de gamme, peinent \u00e0 sortir un son convaincant si vous voulez une immersion totale comme au cin\u00e9ma. Pour les avant-premi\u00e8res, on trouve la barre de son Sony Bravia Theatre Bar 8\u00a0 \u00e0 <a href=\"https:\/\/shop.numerama.com\/weybwd6e\" target=\"_blank\" rel=\"noreferrer noopener sponsored nofollow\" data-gtm=\"{&quot;event&quot;:&quot;afficlic&quot;,&quot;nom_marchand&quot;:&quot;boulanger&quot;,&quot;nom_produit&quot;:&quot;inconnu&quot;,&quot;categorie_produit&quot;:&quot;inconnu&quot;,&quot;module_produit&quot;:&quot;editolink&quot;,&quot;position_marchand&quot;:0,&quot;texte&quot;:&quot;649-e-au-lieu-de-990-e&quot;,&quot;offer_url&quot;:&quot;https:\/\/shop.numerama.com\/weybwd6e&quot;,&quot;zone&quot;:&quot;contenu-page&quot;}\">649 \u20ac au lieu de 990 \u20ac<\/a>. Avec ses 11 haut-parleurs int\u00e9gr\u00e9s, elle est compatible Dolby Atmos, DTS:X, Hi-Res Audio et restitue une spatialisation sonore agr\u00e9able pour profiter au mieux des films et des s\u00e9ries.<\/p>\n<p><a href=\"https:\/\/www.numerama.com\/wp-content\/uploads\/2025\/10\/xiaomi-redmi-note-14-black-friday.jpg\" rel=\"nofollow noopener\" target=\"_blank\"><img decoding=\"async\" width=\"1024\" height=\"576\" loading=\"lazy\" alt=\"Xiaomi Redmi Note 14\" title=\"Xiaomi Redmi Note 14\" class=\"wp-image-2106777 placeholder-default wp-image\" src=\"https:\/\/www.europesays.com\/fr\/wp-content\/uploads\/2025\/11\/1762166974_287_xiaomi-redmi-note-14-black-friday-1024x576.jpg\" \/><\/a>Xiaomi Redmi Note 14 \/\/ Source : Numerama<\/p>\n<p>Le <a href=\"https:\/\/www.numerama.com\/smartphones\/redmi-note-14\/\" rel=\"nofollow noopener\" target=\"_blank\">Xiaomi Redmi Note 14<\/a> passe \u00e0 <a href=\"https:\/\/shop.numerama.com\/f8t0zgdu\" target=\"_blank\" rel=\"noreferrer noopener sponsored nofollow\">169,99 \u20ac au lieu de 249,99 \u20ac<\/a> pendant les avant-premi\u00e8res Black Friday de Boulanger. \u00c0 ce prix, <a href=\"https:\/\/www.numerama.com\/tech\/1209008-un-bon-smartphone-pas-cher-cest-possible-notre-selection-a-moins-de-300-euros.html\" rel=\"nofollow noopener\" target=\"_blank\">c\u2019est clairement l\u2019un des meilleurs rapports qualit\u00e9-prix<\/a>. Attention toutefois : il ne prend pas en charge la 5G \u2014 un point \u00e0 garder en t\u00eate si votre forfait est compatible.<\/p>\n<p>Malgr\u00e9 un design sans grande \u00e9volution par rapport au pr\u00e9c\u00e9dent mod\u00e8le, le Redmi Note 14 reste bien construit et agr\u00e9able en main. Son \u00e9cran AMOLED est une belle surprise \u00e0 ce niveau de prix : bien calibr\u00e9, fluide et pr\u00e9cis, il rend l\u2019exp\u00e9rience de navigation ou de streaming tr\u00e8s plaisante. L\u2019autonomie reste convenable avec plus d\u2019une journ\u00e9e compl\u00e8te.<\/p>\n<p><a href=\"https:\/\/www.numerama.com\/wp-content\/uploads\/2025\/10\/galaxy-s25fe-black-friday.jpg\" rel=\"nofollow noopener\" target=\"_blank\"><img decoding=\"async\" width=\"1024\" height=\"576\" loading=\"lazy\" alt=\"Samsung Galaxy S25FE\" title=\"Samsung Galaxy S25FE\" class=\"wp-image-2106813 placeholder-default wp-image\" src=\"https:\/\/www.europesays.com\/fr\/wp-content\/uploads\/2025\/11\/1762166975_217_galaxy-s25fe-black-friday-1024x576.jpg\" \/><\/a>Samsung Galaxy S25FE \/\/ Source : Numerama<\/p>\n<p>Le <a href=\"https:\/\/www.numerama.com\/smartphones\/galaxy-s25-fe\/\" rel=\"nofollow noopener\" target=\"_blank\">Samsung Galaxy S25 FE<\/a> se trouve \u00e0 <a href=\"https:\/\/shop.numerama.com\/bv0gwpv3\" target=\"_blank\" rel=\"noreferrer noopener sponsored nofollow\">599 \u20ac au lieu de 749,99 \u20ac<\/a> sur Boulanger. Il s\u2019agit ici du mod\u00e8le Entreprise \u00e9dition avec des options de s\u00e9curit\u00e9 et un support logiciel avanc\u00e9s.<\/p>\n<p>Ce smartphone reprend presque tout du <a href=\"https:\/\/www.numerama.com\/smartphones\/galaxy-s25-2\/\" rel=\"nofollow noopener\" target=\"_blank\">Galaxy S25+<\/a> pour un tarif bien plus abordable. Il arbore un design quasiment similaire : verre, aluminium, \u00e9tanch\u00e9it\u00e9 IP68, finitions impeccables. Son \u00e9cran OLED 120 Hz n\u2019est pas LTPO et se limite au Full HD+, mais reste lumineux, pr\u00e9cis et agr\u00e9able au quotidien. C\u00f4t\u00e9 performances, la puce Exynos 2400 assure une excellente fluidit\u00e9 et il tourne sur Android 16 avec One UI 8 et Galaxy AI.<\/p>\n<p><a href=\"https:\/\/www.numerama.com\/wp-content\/uploads\/2025\/10\/black-friday.jpg\" rel=\"nofollow noopener\" target=\"_blank\"><img decoding=\"async\" width=\"1024\" height=\"576\" loading=\"lazy\" alt=\"Proton VPN Black Friday\" title=\"Proton VPN Black Friday\" class=\"wp-image-2106115 placeholder-default wp-image\" src=\"https:\/\/www.europesays.com\/fr\/wp-content\/uploads\/2025\/11\/1762166977_347_black-friday-1024x576.jpg\" \/><\/a>Proton VPN Black Friday \/\/ Source : Numerama<\/p>\n<p>Si vous cherchez un VPN en promo pour le Black Friday, il y a Proton VPN, <a href=\"https:\/\/www.numerama.com\/cyberguerre\/1546558-proton-vpn-notre-avis-sur-le-couteau-suisse-du-vpn.html\" rel=\"nofollow noopener\" target=\"_blank\">l\u2019un des meilleurs sur le march\u00e9<\/a>. Son interface est fluide et parfaitement intuitive. Il permet de se connecter \u00e0 plus de 15\u00a0000\u00a0serveurs r\u00e9partis dans 126 pays sans pour autant brider votre  connexion avec des serveurs <a href=\"https:\/\/www.numerama.com\/tech\/1790500-box-internet-10-gb-s-comment-profiter-de-la-derniere-generation-de-fibre-optique.html\" rel=\"nofollow noopener\" target=\"_blank\">allant jusqu\u2019\u00e0 10 Gbit\/s<\/a>.<\/p>\n<p>Deux promotions sont propos\u00e9es\u00a0:<\/p>\n<ul class=\"wp-block-list\">\n<li>L\u2019offre VPN\u00a0Plus \u00e0 2,49 \u20ac par mois  au lieu de 2,99 \u20ac (engagement de 24 mois) : elle permet d\u2019acc\u00e9der au VPN et \u00e0 ses nombreuses fonctionnalit\u00e9s de s\u00e9curit\u00e9 avanc\u00e9es comme le <a href=\"https:\/\/www.numerama.com\/cyberguerre\/1123678-quest-ce-quun-kill-switch.html\" data-popover-target=\"definition\" data-tag=\"Qu\u2019est-ce qu\u2019un kill switch\u00a0?\" data-chapo=\"Le kill switch est un bouton d\u2019arr\u00eat d\u2019urgence. Dans les VPN, la fonction kill switch sert \u00e0 ajouter une deuxi\u00e8me couche de protection de l\u2019utilisateur, assurant que son adresse IP ne soit jamais visible, m\u00eame si la connexion du VPN venait \u00e0 faillir.\" data-image=\"https:\/\/c0.lestechnophiles.com\/www.numerama.com\/wp-content\/uploads\/2022\/09\/def-cyberguerre-killswitch-1024x576.jpg?key=780c335b\" rel=\"nofollow noopener\" target=\"_blank\">kill switch<\/a>, Tor over VPN ou le bloqueur de publicit\u00e9s.<\/li>\n<li>L\u2019offe Proton Mail \u00e0 1,99 \u20ac par mois (engagement de 12 mois) : un abonnement qui donne acc\u00e8s \u00e0 un compte mail s\u00e9curis\u00e9 avec un chiffrement de bout en bout et plusieurs options avanc\u00e9es de s\u00e9curit\u00e9.<\/li>\n<\/ul>\n<p><a href=\"https:\/\/www.numerama.com\/wp-content\/uploads\/2025\/10\/tv-mini-ledlg65qned86a-black-friday.jpg\" rel=\"nofollow noopener\" target=\"_blank\"><img decoding=\"async\" width=\"1024\" height=\"576\" loading=\"lazy\" alt=\"TV Mini Led\u00a0LG\u00a065QNED86A\" title=\"TV Mini Led\u00a0LG\u00a065QNED86A\" class=\"wp-image-2107179 placeholder-default wp-image\" src=\"https:\/\/www.europesays.com\/fr\/wp-content\/uploads\/2025\/11\/1762166978_440_tv-mini-ledlg65qned86a-black-friday-1024x576.jpg\" \/><\/a>TV Mini Led\u00a0LG\u00a065QNED86A \/\/ Source : Numerama<\/p>\n<p>Le LG 65QNED86A profite d\u2019une belle remise \u00e0 l\u2019occasion des avant-premi\u00e8res Black Friday de Boulanger : <a href=\"https:\/\/shop.numerama.com\/qvhnzn4k\" target=\"_blank\" rel=\"noreferrer noopener sponsored nofollow\">749 \u20ac au lieu de 899 \u20ac<\/a>. Ce t\u00e9l\u00e9viseur Mini LED 4K de 65 pouces se positionne comme un excellent compromis entre les mod\u00e8les LCD classiques et les tr\u00e8s co\u00fbteux \u00e9crans OLED.<\/p>\n<p>Sa technologie QNED, qui combine Mini LED, Quantum Dots et NanoCell ce qui permet d\u2019obtenir des couleurs \u00e9clatantes et un contraste bien plus profond qu\u2019un LCD standard \u2014 tout en gardant une tr\u00e8s bonne luminosit\u00e9. Le rafra\u00eechissement peut pousser jusqu\u2019\u00e0  144 Hz de quoi jouer dans de bonnes conditions.<\/p>\n<p><a href=\"https:\/\/www.numerama.com\/wp-content\/uploads\/2025\/10\/samsung-the-premiere-7-black-friday.jpg\" rel=\"nofollow noopener\" target=\"_blank\"><img decoding=\"async\" width=\"1024\" height=\"576\" loading=\"lazy\" alt=\"Vid\u00e9oprojecteur Samsung The premiere 7\" title=\"Vid\u00e9oprojecteur Samsung The premiere 7\" class=\"wp-image-2107161 placeholder-default wp-image\" src=\"https:\/\/www.europesays.com\/fr\/wp-content\/uploads\/2025\/11\/1762166979_879_samsung-the-premiere-7-black-friday-1024x576.jpg\" \/><\/a>Vid\u00e9oprojecteur Samsung The premiere 7 \/\/ Source : Numerama<\/p>\n<p>Le vid\u00e9oprojecteur Samsung The Premiere 7 (petit fr\u00e8re du <a target=\"_blank\" href=\"https:\/\/www.frandroid.com\/marques\/samsung\/2451610_test-du-samsung-the-premiere-9-sp-lpu9d-un-bon-videoprojecteur-ultra-courte-focale-mais-qui-a-un-certain-prix\" rel=\"nofollow noopener\">The Premiere 9<\/a>) passe \u00e0 <a href=\"https:\/\/shop.numerama.com\/akiqs85i\" target=\"_blank\" rel=\"noreferrer noopener sponsored nofollow\" data-gtm=\"{&quot;event&quot;:&quot;afficlic&quot;,&quot;nom_marchand&quot;:&quot;boulanger&quot;,&quot;nom_produit&quot;:&quot;inconnu&quot;,&quot;categorie_produit&quot;:&quot;inconnu&quot;,&quot;module_produit&quot;:&quot;editolink&quot;,&quot;position_marchand&quot;:0,&quot;texte&quot;:&quot;1-499-e-au-lieu-de-1-999-e&quot;,&quot;offer_url&quot;:&quot;https:\/\/shop.numerama.com\/akiqs85i&quot;,&quot;zone&quot;:&quot;contenu-page&quot;}\">1 499 \u20ac au lieu de 1 999 \u20ac<\/a> pendant les avant-premi\u00e8res Black Friday de Boulanger. Ce vid\u00e9oprojecteur 4K \u00e0 ultra-courte focale peut \u00eatre plac\u00e9 \u00e0 seulement quelques centim\u00e8tres du mur tout en projetant une image allant jusqu\u2019\u00e0 120 pouces ce qui le rend parfaitement adapt\u00e9 aux petits espaces.<\/p>\n<p>Gr\u00e2ce \u00e0 sa technologie laser et sa luminosit\u00e9 de 2 400 lumens, il offre des couleurs vives et un contraste convaincant, m\u00eame dans une pi\u00e8ce l\u00e9g\u00e8rement \u00e9clair\u00e9e. Son processeur Quantum 4K dop\u00e9 \u00e0 l\u2019IA optimise chaque sc\u00e8ne en temps r\u00e9el, ajustant contraste et luminosit\u00e9 selon l\u2019environnement. Les formats HDR10+ et HLG sont bien s\u00fbr de la partie, et le son n\u2019est pas en reste avec un syst\u00e8me 2.2 canaux Dolby Atmos.<\/p>\n<p><a href=\"https:\/\/www.numerama.com\/wp-content\/uploads\/2025\/10\/tv-sony-bravia-8.jpg\" rel=\"nofollow noopener\" target=\"_blank\"><img decoding=\"async\" width=\"1024\" height=\"576\" loading=\"lazy\" alt=\"TV Sony Bravia 8\" title=\"TV Sony Bravia 8\" class=\"wp-image-2106169 placeholder-default wp-image\" src=\"https:\/\/www.europesays.com\/fr\/wp-content\/uploads\/2025\/11\/1762166980_67_tv-sony-bravia-8-1024x576.jpg\" \/><\/a>TV Sony Bravia 8 \/\/ Source : Numerama<\/p>\n<p>Avec sa s\u00e9rie Bravia 8, Sony propose des t\u00e9l\u00e9viseurs avec une qualit\u00e9 d\u2019image qui fait partie du haut du panier face aux mod\u00e8les de LG ou de Samsung. Le mod\u00e8le 55\u2033 est encore plus int\u00e9ressant pendant le Black Friday avec un prix de <a href=\"https:\/\/shop.numerama.com\/ghyev45c\" target=\"_blank\" rel=\"noreferrer noopener sponsored nofollow\" data-gtm=\"{&quot;event&quot;:&quot;afficlic&quot;,&quot;nom_marchand&quot;:&quot;boulanger&quot;,&quot;nom_produit&quot;:&quot;inconnu&quot;,&quot;categorie_produit&quot;:&quot;inconnu&quot;,&quot;module_produit&quot;:&quot;editolink&quot;,&quot;position_marchand&quot;:0,&quot;texte&quot;:&quot;1-799-e-au-lieu-de-2-199-e&quot;,&quot;offer_url&quot;:&quot;https:\/\/shop.numerama.com\/ghyev45c&quot;,&quot;zone&quot;:&quot;contenu-page&quot;}\">1 799 \u20ac au lieu de 2 199 \u20ac<\/a>. Si vous souhaitez plus grand, il est aussi disponible en 65\u2033 \u00e0 2 299 \u20ac au lieu de  2 699\u20ac.<\/p>\n<p>Sa dalle QD-OLED offre un contraste g\u00e9n\u00e9reux et surtout une gamme de couleurs qui surpasse les dalles OLED standard du march\u00e9. La luminosit\u00e9 n\u2019est pas son point fort mais il permet tout de m\u00eame des pics autour de 1680 cd\/m\u00b2, ce qui reste bien pour un TV Oled.<\/p>\n<p><a href=\"https:\/\/www.numerama.com\/wp-content\/uploads\/2025\/10\/pc-gamer-lenovo-black-friday.jpg\" rel=\"nofollow noopener\" target=\"_blank\"><img decoding=\"async\" width=\"1024\" height=\"576\" loading=\"lazy\" alt=\"Lenovo\u00a0LOQ 15IRX10 (RTX 5070)\" title=\"Lenovo\u00a0LOQ 15IRX10 (RTX 5070)\" class=\"wp-image-2106907 placeholder-default wp-image\" src=\"https:\/\/www.europesays.com\/fr\/wp-content\/uploads\/2025\/11\/1762166981_569_pc-gamer-lenovo-black-friday-1024x576.jpg\" \/><\/a>Lenovo\u00a0LOQ 15IRX10 (RTX 5070) \/\/ Source : Numerama<\/p>\n<p>Si vous cherchez un PC portable avec une configuration \u00e9quilibr\u00e9e et un prix int\u00e9ressant, on a trouv\u00e9 ce Lenovo\u00a0LOQ 15IRX10 \u00e0 <a href=\"https:\/\/shop.numerama.com\/wr6g1k54\" target=\"_blank\" rel=\"noreferrer noopener sponsored nofollow\">1 199 \u20ac au lieu de 1 599 \u20ac<\/a> avec le code <strong>GAMER100<\/strong>.<\/p>\n<p><a href=\"https:\/\/www.numerama.com\/autres\/geforce-rtx-5070\/\" rel=\"nofollow noopener\" target=\"_blank\">RTX 5070<\/a>, processeur, i7 de 13\u1d49 g\u00e9n\u00e9ration et \u00e9cran 144Hz : il embarque tout ce qu\u2019il faut pour jouer dans de bonnes conditions aux titres r\u00e9cents comme <a href=\"https:\/\/www.numerama.com\/pop-culture\/2090193-test-de-battlefield-6-sur-pc.html\" rel=\"nofollow noopener\" target=\"_blank\">Battlefield 6<\/a> ou <a href=\"https:\/\/www.numerama.com\/pop-culture\/2104497-redsec-tout-ce-quil-faut-savoir-sur-le-nouveau-battle-royale-gratuit-de-battlefield.html\" rel=\"nofollow noopener\" target=\"_blank\">son nouveau mode Battle Royale gratuit.<\/a><\/p>\n<p><a href=\"https:\/\/www.numerama.com\/wp-content\/uploads\/2025\/10\/nordvpn-black-friday.jpg\" rel=\"nofollow noopener\" target=\"_blank\"><img decoding=\"async\" width=\"1024\" height=\"576\" loading=\"lazy\" alt=\"NordVPN\" title=\"NordVPN\" class=\"wp-image-2106865 placeholder-default wp-image\" src=\"https:\/\/www.europesays.com\/fr\/wp-content\/uploads\/2025\/11\/1762166982_778_nordvpn-black-friday-1024x576.jpg\" \/><\/a>NordVPN \/\/ Source : Numerama<\/p>\n<p>NordVPN a \u00e9t\u00e9 l\u2019un des premiers \u00e0 inaugurer le Black Friday cette ann\u00e9e. <a href=\"https:\/\/www.numerama.com\/cyberguerre\/2097147-nordvpn-nattend-personne-pour-le-black-friday-et-propose-deja-ses-abonnements-en-promo.html\" rel=\"nofollow noopener\" target=\"_blank\">Depuis la mi-octobre<\/a>, le fournisseur affiche d\u00e9j\u00e0 des r\u00e9ductions allant jusqu\u2019\u00e0 68 % sur l\u2019ensemble de ses abonnements, avec 3 mois offerts pour toute nouvelle souscription. On retrouve :<\/p>\n<ul class=\"wp-block-list\">\n<li><strong>L\u2019abonnement Basique<\/strong>\u00a0de deux ans est propos\u00e9\u00a0<a href=\"https:\/\/shop.numerama.com\/xpt7w7q6\" target=\"_blank\" rel=\"noreferrer noopener nofollow\">au prix de 2,99 \u20ac par mois<\/a>, ou 80,76 \u20ac pour 27 mois, au lieu de 312,93 \u20ac.<\/li>\n<li><strong>L\u2019abonnement Plus<\/strong>, le plus populaire chez le fournisseur, est\u00a0<a href=\"https:\/\/shop.numerama.com\/xpt7w7q6\" target=\"_blank\" rel=\"noreferrer noopener nofollow\">au prix de 3,89 \u20ac par mois<\/a>, ou 105,03 \u20ac pour 27 mois, au lieu de 404,73 \u20ac.<\/li>\n<li>Enfin,\u00a0<strong>l\u2019abonnement Ultime<\/strong>, le plus complet, qui comprend les utilitaires NordPass et NordLocker, est en ce moment\u00a0<a href=\"https:\/\/shop.numerama.com\/xpt7w7q6\" target=\"_blank\" rel=\"noreferrer noopener nofollow\">au prix de 6,39 \u20ac par mois<\/a>, ou 172,53 \u20ac pour 27 mois, au lieu de 672,03 \u20ac habituellement.<\/li>\n<\/ul>\n<p>Avec plus de 7 400 serveurs r\u00e9partis dans 118 pays annonc\u00e9s, NordVPN reste une r\u00e9f\u00e9rence du march\u00e9. Son protocole maison NordLynx garantit d\u2019excellents d\u00e9bits et une vrai stabilit\u00e9, m\u00eame en streaming ou en t\u00e9l\u00e9chargement. L\u2019interface est claire, la configuration rapide, et les options de s\u00e9curit\u00e9 comme le kill switch ou Meshnet renforcent votre confidentialit\u00e9 en ligne.<\/p>\n<p><a href=\"https:\/\/www.numerama.com\/wp-content\/uploads\/2025\/10\/powerbank-belkin-black-friday.jpg\" rel=\"nofollow noopener\" target=\"_blank\"><img decoding=\"async\" width=\"1024\" height=\"576\" loading=\"lazy\" alt=\"Batterie externe Belkin 10 000 mAh\" title=\"Batterie externe Belkin 10 000 mAh\" class=\"wp-image-2106791 placeholder-default wp-image\" src=\"https:\/\/www.europesays.com\/fr\/wp-content\/uploads\/2025\/11\/1762166983_198_powerbank-belkin-black-friday-1024x576.jpg\" \/><\/a>Batterie externe Belkin 10 000 mAh \/\/ Source : Numerama<\/p>\n<p>La batterie externe Belkin 10 000 mAh tombe <a href=\"https:\/\/shop.numerama.com\/o3ks3lc4\" target=\"_blank\" rel=\"noreferrer noopener sponsored nofollow\">\u00e0 moiti\u00e9 prix<\/a> pendant les avant-premi\u00e8res Black Friday de Boulanger. Une bonne occasion de s\u2019\u00e9quiper d\u2019une batterie externe fiable sans se ruiner, surtout si vous cherchez un mod\u00e8le compact. Avec sa capacit\u00e9 de 10 000 mAh, elle permet de recharger un smartphone jusqu\u2019\u00e0 deux fois selon le mod\u00e8le. Elle int\u00e8gre deux ports USB-A et un port USB-C pour brancher plusieurs appareils \u00e0 la fois.<\/p>\n<p><a href=\"https:\/\/www.numerama.com\/wp-content\/uploads\/2025\/10\/tv-tcl-98c79k.jpg\" rel=\"nofollow noopener\" target=\"_blank\"><img decoding=\"async\" width=\"1024\" height=\"576\" loading=\"lazy\" alt=\"TV TCL 98C79K\" title=\"TV TCL 98C79K\" class=\"wp-image-2106101 placeholder-default wp-image\" src=\"https:\/\/www.europesays.com\/fr\/wp-content\/uploads\/2025\/11\/1762166985_166_tv-tcl-98c79k-1024x576.jpg\" \/><\/a>TV TCL 98C79K \/\/ Source : Numerama<\/p>\n<p>Si vous voulez ce qu\u2019il se fait de plus grand sur <a href=\"https:\/\/www.numerama.com\/tech\/1762432-quelle-tv-4k-choisir.html\" rel=\"nofollow noopener\" target=\"_blank\">le march\u00e9 TV,<\/a> en cherchez pas plus longtemps. Ce t\u00e9l\u00e9viseur 98 pouces, soit 248 centim\u00e8tres de diagonale, <a href=\"https:\/\/shop.numerama.com\/06g8rsp5\" target=\"_blank\" rel=\"noreferrer noopener sponsored nofollow\">perd 300 \u20ac<\/a> sur Boulanger. Un prix assez rare pour un \u00e9cran de ce gabarit.<\/p>\n<p>Le mod\u00e8le ne mise pour autant pas tout sur sa taille. Ce TV TCL embarque une dalle Mini-LED bien plus lumineuse qu\u2019une dalle LCD classique. Le taux de rafraichissement du mod\u00e8le monte jusqu\u2019\u00e0 144 Hz ce qui le rend, malgr\u00e9 sa taille gigantesque, aussi efficace pour y brancher une console et jouer dans des conditions fluides.<\/p>\n<p><a href=\"https:\/\/www.numerama.com\/wp-content\/uploads\/2025\/10\/aspirateur-balai-jet-85-pro.jpg\" rel=\"nofollow noopener\" target=\"_blank\"><img decoding=\"async\" width=\"1024\" height=\"576\" loading=\"lazy\" alt=\"Aspirateur balai Jet 85 Pro\" title=\"Aspirateur balai Jet 85 Pro\" class=\"wp-image-2106235 placeholder-default wp-image\" src=\"https:\/\/www.europesays.com\/fr\/wp-content\/uploads\/2025\/11\/1762166986_546_aspirateur-balai-jet-85-pro-1024x576.jpg\" \/><\/a>Aspirateur balai Jet 85 Pro \/\/ Source : Numerama<\/p>\n<p>Samsung n\u2019est pas forc\u00e9ment reconnu pour ses aspirateurs balais mais le constructeur propose de solides r\u00e9f\u00e9rences. Si le Jet 85 Pro n\u2019est pas forc\u00e9ment le mod\u00e8le le plus recommandable \u00e0 699 \u20ac (face \u00e0 un Dyson par exemple), pour <a href=\"https:\/\/shop.numerama.com\/p2irp419\" data-type=\"link\" data-id=\"https:\/\/shop.numerama.com\/p2irp419\" target=\"_blank\" rel=\"noreferrer noopener sponsored nofollow\">300 \u20ac de moins<\/a> : il est vraiment int\u00e9ressant.<\/p>\n<p>Avec son gabarit l\u00e9ger de 2,63 kg, il poss\u00e8de une brosse par\u00e9e pour les poils d\u2019animaux et affiche une puissance de 580 W. Son autonomie peut grimper jusqu\u2019\u00e0 soixante minutes mais est r\u00e9duite de moiti\u00e9 en utilisation standard. Seul hic, un mode turbo qui permet seulement trois petites minutes d\u2019aspiration.<\/p>\n<p>Nos autres bons plans et s\u00e9lections du Black Friday<\/p>\n<p><a href=\"https:\/\/www.numerama.com\/tech\/2106091-boulanger-degaine-son-black-friday-en-avance-voici-les-meilleures-promos.html\" rel=\"nofollow noopener\" target=\"_blank\">\u27a1\ufe0f Boulanger d\u00e9gaine son Black Friday en avance\u00a0: voici les meilleures promos<\/a><br \/><a href=\"https:\/\/www.numerama.com\/tech\/2106755-boulanger-profite-du-black-friday-pour-baisser-le-prix-du-google-pixel-10.html\" rel=\"nofollow noopener\" target=\"_blank\">\u27a1\ufe0f Le Google Pixel 10 est moins cher sur Boulanger<\/a><\/p>\n<p><a href=\"https:\/\/www.numerama.com\/tech\/2107317-si-vous-avez-de-la-place-ce-televiseur-geant-98-de-tcl-est-a-un-tres-bon-prix-pour-black-friday.html\" rel=\"nofollow noopener\" target=\"_blank\">\u27a1\ufe0f Ce t\u00e9l\u00e9viseur g\u00e9ant 98\u2033 de TCL est \u00e0 un tr\u00e8s bon prix pour le Black Friday<\/a><\/p>\n<p>Black Friday 2025 : tout ce qu\u2019il faut savoir<\/p>\n<p>Depuis une dizaine d\u2019ann\u00e9es, le <a href=\"https:\/\/www.numerama.com\/tag\/black-friday\/\" rel=\"nofollow noopener\" target=\"_blank\">Black Friday<\/a> s\u2019est infiltr\u00e9 dans le calendrier commercial des grandes marques et enseignes fran\u00e7aises. Avec l\u2019exp\u00e9rience, on peut vous dire que cet \u00e9v\u00e8nement fait partie des meilleurs moments pour faire de bonnes affaires.<\/p>\n<p>Les dates du Black Friday<\/p>\n<p>Bien qu\u2019il porte encore le nom du vendredi noir, le Black Friday s\u2019\u00e9tend d\u00e9sormais sur un mois chez la plupart des revendeurs. Un format moins typique qui lui retire un peu son petit c\u00f4t\u00e9 FOMO. On dirait presque les soldes, finalement. Mais c\u2019est aussi moins le rush, ce qui est finalement une bonne chose pour ceux qui veulent faire des achats plus raisonn\u00e9s. Globalement, on peut r\u00e9sumer ce Black Friday en quatre temps forts :<\/p>\n<ul class=\"wp-block-list\">\n<li>D\u00e9but novembre\u00a0: les avant-premi\u00e8res Black Friday<\/li>\n<li>21\u00a0novembre\u00a0: la Black Week qui commence 1 semaine avant le jour J<\/li>\n<li>28 au 30 novembre : le Black Friday<\/li>\n<li>1\u1d49\u02b3\u00a0d\u00e9cembre\u00a0: le Cyber Monday<\/li>\n<\/ul>\n<p>Quels sites participent au Black Friday ?<\/p>\n<p>Dans les cat\u00e9gories qui nous int\u00e9ressent sur Numerama, on peut lister les r\u00e9ductions des enseignes suivantes :<\/p>\n<p>Que faut-il acheter pendant le Black Friday ?<\/p>\n<p>Bonne question. Globalement tous les rayons profitent des remises, mais il ne faut pour autant pas se jeter sur les premiers prix brad\u00e9s. N\u2019oubliez pas que <a href=\"https:\/\/www.numerama.com\/tech\/1834992-balck-friday-2025-dates-offres-et-sites.html\" rel=\"nofollow noopener\" target=\"_blank\">pour les enseignes ce moment est aussi l\u2019occasion de d\u00e9stocker de vieux produits<\/a>, dont les plus remis\u00e9s fr\u00f4lent parfois l\u2019obsolescence.<\/p>\n<p>Qu\u2019il s\u2019agisse d\u2019un t\u00e9l\u00e9viseur, d\u2019un smartphone, d\u2019un casque sans-fil, d\u2019un aspirateur balai, on ne peut que vous conseiller de suivre <a href=\"https:\/\/www.numerama.com\/tag\/guide-dachat\/\" rel=\"nofollow noopener\" target=\"_blank\">nos guides d\u2019achats<\/a> d\u00e9di\u00e9s pour savoir quels mod\u00e8les valent le coup en 2025.<\/p>\n<p>Pour les produits phares comme des AirPods, des PS5, un iPhone, un Galaxy S25, la question se pose moins, mais sachez que <a href=\"https:\/\/www.numerama.com\/tag\/test\/\" rel=\"nofollow noopener\" target=\"_blank\">nos tests<\/a> sont l\u00e0 pour vous aider \u00e0 savoir s\u2019ils m\u00e9ritent votre argent.<\/p>\n<p>Quoi qu\u2019il en soit chez Numerama nous faisons d\u00e9j\u00e0 le tri \u00e0 votre place en relayant uniquement <a href=\"https:\/\/www.numerama.com\/tag\/bons-plans\/\" rel=\"nofollow noopener\" target=\"_blank\">des bons plans<\/a> pertinents : des offres sur des produits \u00e0 la fois int\u00e9ressant et dont le prix est le meilleur observ\u00e9 en ligne.<\/p>\n<p>            <img decoding=\"async\" src=\"https:\/\/www.europesays.com\/fr\/wp-content\/uploads\/2025\/04\/iPhone-16-pro.png\" alt=\"Toute l'actu tech en un clien d'oeil\"\/><\/p>\n<p class=\"card-install-pwa__title\">Toute l&rsquo;actu tech en un clin d&rsquo;\u0153il<\/p>\n<p class=\"card-install-pwa__description\">Ajoutez Numerama \u00e0 votre \u00e9cran d&rsquo;accueil et restez connect\u00e9s au futur !<\/p>\n<p>            <img decoding=\"async\" src=\"https:\/\/www.numerama.com\/wp-content\/themes\/numerama-next\/assets\/images\/premium\/logo-card-pwa-coupe.svg\" alt=\"Logo PWA\"\/><\/p>\n<p>       Installer Numerama<\/p>\n","protected":false},"excerpt":{"rendered":"Le Black Friday 2025, ou devrions-nous dire le Black November, est bel et bien lanc\u00e9. Boulanger a tir\u00e9&hellip;\n","protected":false},"author":2,"featured_media":508671,"comment_status":"","ping_status":"","sticky":false,"template":"","format":"standard","meta":{"footnotes":""},"categories":[7],"tags":[4239,62374,677,2938,15124,16677,34481,6247,4304,16678,16679,13553,1011,27,43,40,41,39,42,44],"class_list":{"0":"post-508670","1":"post","2":"type-post","3":"status-publish","4":"format-standard","5":"has-post-thumbnail","7":"category-sciences-et-technologies","8":"tag-amazon","9":"tag-black-friday-2025","10":"tag-bons-plans","11":"tag-bons-plans-gaming","12":"tag-bons-plans-smartphones","13":"tag-bons-plans-tv","14":"tag-bons-plans-velos-electriques","15":"tag-boulanger","16":"tag-carrefour","17":"tag-cdiscount","18":"tag-darty","19":"tag-fnac","20":"tag-fr","21":"tag-france","22":"tag-science","23":"tag-science-and-technology","24":"tag-sciences","25":"tag-sciences-et-technologies","26":"tag-technologies","27":"tag-technology"},"share_on_mastodon":{"url":"https:\/\/pubeurope.com\/@fr\/115485388541106222","error":""},"_links":{"self":[{"href":"https:\/\/www.europesays.com\/fr\/wp-json\/wp\/v2\/posts\/508670","targetHints":{"allow":["GET"]}}],"collection":[{"href":"https:\/\/www.europesays.com\/fr\/wp-json\/wp\/v2\/posts"}],"about":[{"href":"https:\/\/www.europesays.com\/fr\/wp-json\/wp\/v2\/types\/post"}],"author":[{"embeddable":true,"href":"https:\/\/www.europesays.com\/fr\/wp-json\/wp\/v2\/users\/2"}],"replies":[{"embeddable":true,"href":"https:\/\/www.europesays.com\/fr\/wp-json\/wp\/v2\/comments?post=508670"}],"version-history":[{"count":0,"href":"https:\/\/www.europesays.com\/fr\/wp-json\/wp\/v2\/posts\/508670\/revisions"}],"wp:featuredmedia":[{"embeddable":true,"href":"https:\/\/www.europesays.com\/fr\/wp-json\/wp\/v2\/media\/508671"}],"wp:attachment":[{"href":"https:\/\/www.europesays.com\/fr\/wp-json\/wp\/v2\/media?parent=508670"}],"wp:term":[{"taxonomy":"category","embeddable":true,"href":"https:\/\/www.europesays.com\/fr\/wp-json\/wp\/v2\/categories?post=508670"},{"taxonomy":"post_tag","embeddable":true,"href":"https:\/\/www.europesays.com\/fr\/wp-json\/wp\/v2\/tags?post=508670"}],"curies":[{"name":"wp","href":"https:\/\/api.w.org\/{rel}","templated":true}]}}