{"id":508680,"date":"2025-11-03T10:56:12","date_gmt":"2025-11-03T10:56:12","guid":{"rendered":"https:\/\/www.europesays.com\/fr\/508680\/"},"modified":"2025-11-03T10:56:12","modified_gmt":"2025-11-03T10:56:12","slug":"loire-des-debordements-dans-ces-villes-lors-du-week-end-dhalloween-ce-quil-sest-passe","status":"publish","type":"post","link":"https:\/\/www.europesays.com\/fr\/508680\/","title":{"rendered":"Loire. Des d\u00e9bordements dans ces villes lors du week-end d&rsquo;Halloween : ce qu&rsquo;il s&rsquo;est pass\u00e9"},"content":{"rendered":"<p>            Par<br \/>\n        <strong><br \/>\n            <a href=\"https:\/\/actu.fr\/auteur\/mathias-souteyrat\" title=\"Consulter tous les articles de Mathias Souteyrat\" target=\"_blank\" rel=\"noopener\">Mathias Souteyrat<\/a><br \/>\n        <\/strong><\/p>\n<p>        Publi\u00e9 le<\/p>\n<p>            3 nov. 2025 \u00e0 11h20        <\/p>\n<p>Malgr\u00e9 l\u2019arr\u00eat\u00e9 pr\u00e9fectoral pris par Muriel Nguyen, la pr\u00e9f\u00e8te de la <a href=\"https:\/\/actu.fr\/auvergne-rhone-alpes\/loire_42\" target=\"_blank\" rel=\"noopener\">Loire<\/a>, avec deux arr\u00eat\u00e9s \u00ab\u2009afin d\u2019assurer le bon d\u00e9roulement et la s\u00e9curit\u00e9 des festivit\u00e9s d\u2019Halloween\u2009\u00bb, des d\u00e9bordements se sont produits.<\/p>\n<p class=\" wall-content\"><a href=\"https:\/\/actu.fr\/auvergne-rhone-alpes\/saint-etienne_42218\" target=\"_blank\" rel=\"noopener\">Saint-Etienne<\/a>, Andr\u00e9zieux-Bouth\u00e9on, La Grand-Croix\u2026 Ces villes de la Loire ont \u00e9t\u00e9 cibl\u00e9es par des tirs de mortier d\u2019artifice ce week-end.<\/p>\n<p>Un appartement en feu vendredi soir \u00e0 Saint-Etienne<\/p>\n<p class=\" wall-content\">Le vendredi 31 octobre, le balcon d\u2019un appartement du premier \u00e9tage dans le quartier de Centre Deux a pris feu. Les sapeurs-pompiers sont intervenus. La cage d\u2019escalier a \u00e9t\u00e9 compl\u00e8tement enfum\u00e9e.<\/p>\n<p class=\" wall-content\">D\u2019apr\u00e8s <a href=\"https:\/\/www.leprogres.fr\/faits-divers-justice\/2025\/11\/01\/incendie-a-saint-etienne-7-victimes-transportees-par-les-pompiers\" target=\"_blank\" rel=\"noopener\">Le Progr\u00e8s<\/a>, plusieurs dizaines de personnes ont d\u00fb \u00eatre \u00e9vacu\u00e9es. Sept personnes, ayant notamment inhal\u00e9 des fum\u00e9es, ont \u00e9t\u00e9 prises en charge par les secours.<\/p>\n<p>Un adolescent en garde \u00e0 vue<\/p>\n<p class=\" wall-content\">Un adolescent de moins de 15\u00a0ans a \u00e9t\u00e9 plac\u00e9 en garde \u00e0 vue, selon <a href=\"https:\/\/www.francebleu.fr\/infos\/faits-divers-justice\/un-adolescent-en-garde-a-vue-pour-avoir-mis-le-feu-a-un-immeuble-a-saint-etienne-4867030\" target=\"_blank\" rel=\"noopener\">Ici Saint-Etienne<\/a>. Information que nous confirme la police lig\u00e9rienne. Il a reconnu \u00eatre \u00e0 l\u2019origine du feu.<\/p>\n<p class=\" wall-content\">Le jeune homme s\u2019amusait le soir du vendredi 31 octobre, avec d\u2019autres adolescents, a lanc\u00e9 un mortier sur le balcon d\u2019un immeuble. Du mat\u00e9riel pos\u00e9 sur le balcon s\u2019est embras\u00e9.<\/p>\n<p>Feux de poubelles \u00e0 Andr\u00e9zieux-Bouth\u00e9on<\/p>\n<p class=\" wall-content\">Dans le m\u00eame temps, des \u00e9chauffour\u00e9es ont eu lieu dans le quartier de la Chapelle \u00e0 Andr\u00e9zieux-Bouth\u00e9on. Les gendarmes sont intervenus pour des tirs de mortiers qui ont d\u00e9clench\u00e9 plusieurs feux de poubelles et un abribus.<\/p>\n<p>Votre r\u00e9gion, votre actu !<\/p>\n<p>Recevez chaque jour les infos qui comptent pour vous.<\/p>\n<p>\t<a href=\"https:\/\/actu.fr\/newsletter\" class=\"ac-btn ac-btn--corner ac-btn--medium ac-btn--blue800\" target=\"_blank\" rel=\"noopener\">S&rsquo;incrire<\/a><\/p>\n<p class=\" wall-content\">De nouveaux d\u00e9bordements ont eu lieu samedi soir.<\/p>\n<p>Tirs de mortier \u00e0 La Grand-Croix et Montreynaud<\/p>\n<p class=\" wall-content\">Le quartier du Dorlay \u00e0 La Grand-Croix a \u00e9t\u00e9 le th\u00e9\u00e2tre de violences urbaines avec des tirs de mortier d\u2019artifice et un feu de voiture ainsi que l\u2019incendie de deux conteneurs \u00e0 poubelle.<\/p>\n<p class=\" wall-content\">Dans le quartier de Montreynaud \u00e0 Saint-Etienne, des mortiers d\u2019artifice ont \u00e9t\u00e9 tir\u00e9s, nous rapporte la police. <strong>Un tas de d\u00e9tritus a \u00e9t\u00e9 incendi\u00e9<\/strong>, fr\u00f4lant la fa\u00e7ade du centre de loisirs jeunesse de la police nationale de Saint-Etienne (CLJ 42).<\/p>\n<p class=\" wall-content\">Personnalisez votre actualit\u00e9 en ajoutant vos villes et m\u00e9dias en favori avec <a href=\"https:\/\/moncompte.actu.fr\" title=\"D\u00e9couvez Mon Actu\" rel=\"nofollow noopener\" data-trk=\"{&quot;cta&quot;:{&quot;action&quot;:&quot;https:\\\/\\\/moncompte.actu.fr&quot;,&quot;category&quot;:&quot;mon compte&quot;,&quot;from&quot;:&quot;article footer&quot;,&quot;name&quot;:&quot;Mon actu&quot;,&quot;type&quot;:&quot;cta&quot;}}\" target=\"_blank\">Mon Actu<\/a>.<\/p>\n","protected":false},"excerpt":{"rendered":"Par Mathias Souteyrat Publi\u00e9 le 3 nov. 2025 \u00e0 11h20 Malgr\u00e9 l\u2019arr\u00eat\u00e9 pr\u00e9fectoral pris par Muriel Nguyen, la&hellip;\n","protected":false},"author":2,"featured_media":508681,"comment_status":"","ping_status":"","sticky":false,"template":"","format":"standard","meta":{"footnotes":""},"categories":[9653],"tags":[1111,11,2430,1777,674,118,1011,27,3381,20815,12,1072,25,4001],"class_list":{"0":"post-508680","1":"post","2":"type-post","3":"status-publish","4":"format-standard","5":"has-post-thumbnail","7":"category-saint-etienne","8":"tag-actu","9":"tag-actualites","10":"tag-auvergne-rhone-alpes","11":"tag-eu","12":"tag-europe","13":"tag-faits-divers","14":"tag-fr","15":"tag-france","16":"tag-gendarmerie","17":"tag-halloween","18":"tag-news","19":"tag-police","20":"tag-republique-francaise","21":"tag-saint-etienne"},"share_on_mastodon":{"url":"https:\/\/pubeurope.com\/@fr\/115485408223154844","error":""},"_links":{"self":[{"href":"https:\/\/www.europesays.com\/fr\/wp-json\/wp\/v2\/posts\/508680","targetHints":{"allow":["GET"]}}],"collection":[{"href":"https:\/\/www.europesays.com\/fr\/wp-json\/wp\/v2\/posts"}],"about":[{"href":"https:\/\/www.europesays.com\/fr\/wp-json\/wp\/v2\/types\/post"}],"author":[{"embeddable":true,"href":"https:\/\/www.europesays.com\/fr\/wp-json\/wp\/v2\/users\/2"}],"replies":[{"embeddable":true,"href":"https:\/\/www.europesays.com\/fr\/wp-json\/wp\/v2\/comments?post=508680"}],"version-history":[{"count":0,"href":"https:\/\/www.europesays.com\/fr\/wp-json\/wp\/v2\/posts\/508680\/revisions"}],"wp:featuredmedia":[{"embeddable":true,"href":"https:\/\/www.europesays.com\/fr\/wp-json\/wp\/v2\/media\/508681"}],"wp:attachment":[{"href":"https:\/\/www.europesays.com\/fr\/wp-json\/wp\/v2\/media?parent=508680"}],"wp:term":[{"taxonomy":"category","embeddable":true,"href":"https:\/\/www.europesays.com\/fr\/wp-json\/wp\/v2\/categories?post=508680"},{"taxonomy":"post_tag","embeddable":true,"href":"https:\/\/www.europesays.com\/fr\/wp-json\/wp\/v2\/tags?post=508680"}],"curies":[{"name":"wp","href":"https:\/\/api.w.org\/{rel}","templated":true}]}}