{"id":508701,"date":"2025-11-03T11:12:13","date_gmt":"2025-11-03T11:12:13","guid":{"rendered":"https:\/\/www.europesays.com\/fr\/508701\/"},"modified":"2025-11-03T11:12:13","modified_gmt":"2025-11-03T11:12:13","slug":"strasbourg-un-nouveau-roman-et-une-piece-de-theatre-comique-pour-lautrice-joan-ott","status":"publish","type":"post","link":"https:\/\/www.europesays.com\/fr\/508701\/","title":{"rendered":"Strasbourg. Un nouveau roman et une pi\u00e8ce de th\u00e9\u00e2tre comique pour l\u2019autrice Joan Ott"},"content":{"rendered":"<p>Elle est toujours entre deux projets, encore un pied dans l\u2019\u00e9criture et d\u00e9j\u00e0 un orteil sur sc\u00e8ne\u2026 Romanci\u00e8re, dramaturge, metteuse en sc\u00e8ne, com\u00e9dienne et chanteuse, Joan Ott n\u2019est pas loin de concurrencer <a href=\"https:\/\/www.dna.fr\/culture-loisirs\/2024\/09\/26\/d-amelie-nothomb-a-ryoko-sekiguchi-les-bibliotheques-ideales-voyagent-au-japon\" target=\"_blank\" rel=\"noopener\">Am\u00e9lie Nothomb<\/a> , en termes de rythme de parutions\u00a0!<\/p>\n<p>Pour Memoria , son nouveau roman aux \u00e9ditions Cockritures, elle est partie d\u2019un souci de sant\u00e9 auquel elle a \u00e9t\u00e9 confront\u00e9e. \u00ab\u00a0C\u2019\u00e9tait avant le Covid. D\u2019un coup, j\u2019ai \u00e9t\u00e9 prise d\u2019un mal de gorge tenace, qui a dur\u00e9 plusieurs mois. IRM, scan, biopsie\u2026 Le m\u00e9decin me disait que quelque chose n\u2019allait pas, mais ne trouvait pas quoi. Puis un jour, cette l\u00e9sion derri\u00e8re l\u2019amygdale gauche est repartie comme elle \u00e9tait venue\u2026\u00a0\u00bb Il n\u2019en fallait pas plus pour que naisse une id\u00e9e de livre allant fureter du c\u00f4t\u00e9 des non-dits et de la psychog\u00e9n\u00e9alogie. \u00ab\u00a0Des maux de&#8230;<\/p>\n","protected":false},"excerpt":{"rendered":"Elle est toujours entre deux projets, encore un pied dans l\u2019\u00e9criture et d\u00e9j\u00e0 un orteil sur sc\u00e8ne\u2026 Romanci\u00e8re,&hellip;\n","protected":false},"author":2,"featured_media":508702,"comment_status":"","ping_status":"","sticky":false,"template":"","format":"standard","meta":{"footnotes":""},"categories":[2820],"tags":[1111,11,1687,2880,1777,674,107,1011,27,775,2410,12,25,640,2879],"class_list":{"0":"post-508701","1":"post","2":"type-post","3":"status-publish","4":"format-standard","5":"has-post-thumbnail","7":"category-strasbourg","8":"tag-actu","9":"tag-actualites","10":"tag-culture-loisirs","11":"tag-edition-strasbourg","12":"tag-eu","13":"tag-europe","14":"tag-fil-info","15":"tag-fr","16":"tag-france","17":"tag-grand-est","18":"tag-livres-bd","19":"tag-news","20":"tag-republique-francaise","21":"tag-strasbourg","22":"tag-strasbourg-ville"},"share_on_mastodon":{"url":"https:\/\/pubeurope.com\/@fr\/115485471162549832","error":""},"_links":{"self":[{"href":"https:\/\/www.europesays.com\/fr\/wp-json\/wp\/v2\/posts\/508701","targetHints":{"allow":["GET"]}}],"collection":[{"href":"https:\/\/www.europesays.com\/fr\/wp-json\/wp\/v2\/posts"}],"about":[{"href":"https:\/\/www.europesays.com\/fr\/wp-json\/wp\/v2\/types\/post"}],"author":[{"embeddable":true,"href":"https:\/\/www.europesays.com\/fr\/wp-json\/wp\/v2\/users\/2"}],"replies":[{"embeddable":true,"href":"https:\/\/www.europesays.com\/fr\/wp-json\/wp\/v2\/comments?post=508701"}],"version-history":[{"count":0,"href":"https:\/\/www.europesays.com\/fr\/wp-json\/wp\/v2\/posts\/508701\/revisions"}],"wp:featuredmedia":[{"embeddable":true,"href":"https:\/\/www.europesays.com\/fr\/wp-json\/wp\/v2\/media\/508702"}],"wp:attachment":[{"href":"https:\/\/www.europesays.com\/fr\/wp-json\/wp\/v2\/media?parent=508701"}],"wp:term":[{"taxonomy":"category","embeddable":true,"href":"https:\/\/www.europesays.com\/fr\/wp-json\/wp\/v2\/categories?post=508701"},{"taxonomy":"post_tag","embeddable":true,"href":"https:\/\/www.europesays.com\/fr\/wp-json\/wp\/v2\/tags?post=508701"}],"curies":[{"name":"wp","href":"https:\/\/api.w.org\/{rel}","templated":true}]}}