{"id":508711,"date":"2025-11-03T11:17:14","date_gmt":"2025-11-03T11:17:14","guid":{"rendered":"https:\/\/www.europesays.com\/fr\/508711\/"},"modified":"2025-11-03T11:17:14","modified_gmt":"2025-11-03T11:17:14","slug":"trois-militants-du-rn-blesses-par-des-antifas-en-marge-dune-reunion-pres-de-nantes","status":"publish","type":"post","link":"https:\/\/www.europesays.com\/fr\/508711\/","title":{"rendered":"Trois militants du RN bless\u00e9s par des antifas en marge d\u2019une r\u00e9union pr\u00e8s de Nantes"},"content":{"rendered":"<p>\n    Des plaintes ont \u00e9t\u00e9 d\u00e9pos\u00e9es dimanche, apr\u00e8s les \u00e9chauffour\u00e9es survenues en marge d\u2019un meeting du Rassemblement national \u00e0 Vigneux-de-Bretagne. Un gendarme a \u00e9galement \u00e9t\u00e9 pris \u00e0 partie.<\/p>\n<p class=\"fig-paragraph\">Une trentaine de militants anti-<a href=\"http:\/\/www.lefigaro.fr\/politique\/a-l-assemblee-le-rn-vote-34-milliards-de-hausses-d-impots-en-24-heures-le-parti-de-marine-le-pen-dans-la-tourmente-budgetaire-20251102\" target=\"_blank\" data-fig-type=\"Article\" rel=\"noopener\" data-gtm-custom-categorie=\"navigation\" data-gtm-custom-action=\"crossclick\" data-gtm-custom-label=\"Contextuel\" data-gtm-event=\"customEventSPE\" data-fig-domain=\"LEFIGARO\">Rassemblement national<\/a>\u00a0(RN) ont cherch\u00e9 \u00e0 perturber une r\u00e9union publique du parti organis\u00e9e dimanche 2 novembre, \u00e0 Vigneux-de-Bretagne, \u00e0 dix kilom\u00e8tres au nord\u00a0<a href=\"https:\/\/www.lefigaro.fr\/nantes\" target=\"_blank\" data-fig-type=\"Section\" rel=\"sponsored noopener\" data-gtm-custom-categorie=\"navigation\" data-gtm-custom-action=\"crossclick\" data-gtm-custom-label=\"Contextuel\" data-gtm-event=\"customEventSPE\" data-fig-domain=\"LEFIGARO\">de Nantes<\/a>\u00a0(Loire-Atlantique). Les tensions se sont accrues aux alentours de 15 heures, devant l\u2019h\u00f4tel o\u00f9 se tenait le meeting, lorsqu\u2019une partie des manifestants ont cherch\u00e9 \u00e0 p\u00e9n\u00e9trer \u00e0 l\u2019int\u00e9rieur du b\u00e2timent. Trois militants du RN ont \u00e9t\u00e9 l\u00e9g\u00e8rement bless\u00e9s pendant les \u00e9chauffour\u00e9es. Un gendarme mobilis\u00e9 pour encadrer l\u2019\u00e9v\u00e9nement et pr\u00e9venir les troubles \u00e0 l\u2019ordre public a \u00e9galement \u00e9t\u00e9 pris \u00e0 partie au cours de l\u2019altercation.<\/p>\n<p class=\"fig-paragraph\">Les trois militants bless\u00e9s ont d\u00e9pos\u00e9 plainte quelques heures plus tard au commissariat de Sautron. \u00abVoil\u00e0 le vrai visage de l\u2019extr\u00eame gauche, ennemie de la d\u00e9mocratie. La terreur et la violence sont de leur c\u00f4t\u00e9. Soutien total \u00e0 nos forces de l\u2019ordre qui ont assur\u00e9 la s\u00e9curit\u00e9 avec courage\u00bb, a r\u00e9agi dimanche Jocelyn Gillet, responsable RN de la 3e circonscription de Loire-Atlantique. Personne n\u2019a \u00e9t\u00e9 interpell\u00e9e \u00e0 l\u2019issue des altercations et la r\u00e9union publique a pu se d\u00e9rouler sans autre incident.<\/p>\n<p>                                    <a class=\"fig-a11y-skip a11y-hidden\" href=\"#fig-a11y-skip-main-inarticle\"><br \/>\n        Passer la publicit\u00e9<br \/>\n    <\/a><\/p>\n<p>Intimidations croissantes<\/p>\n<p class=\"fig-paragraph\">L\u2019altercation de Vigneux-de-Bretagne s\u2019est d\u00e9roul\u00e9e une semaine apr\u00e8s un pr\u00e9c\u00e9dent meeting perturb\u00e9 du Rassemblement national. Organis\u00e9 le 25 octobre \u00e0\u00a0<a href=\"http:\/\/www.lefigaro.fr\/nantes\/saint-nazaire-mordu-de-rodeos-sauvages-une-petite-main-du-narcotrafic-arretee-jugee-et-relachee-avec-sursis-20251029\" target=\"_blank\" data-fig-type=\"NewsFlash\" rel=\"noopener\" data-gtm-custom-categorie=\"navigation\" data-gtm-custom-action=\"crossclick\" data-gtm-custom-label=\"Contextuel\" data-gtm-event=\"customEventSPE\" data-fig-domain=\"LEFIGARO\">Saint-Nazaire<\/a>, l\u2019avant-derni\u00e8re r\u00e9union publique du parti \u00e0 la flamme avait \u00e9t\u00e9 accueillie dans un grand chahut organis\u00e9 par quelques dizaines de militants. Face aux risques d\u2019infiltrations et de perturbations, la rencontre avait d\u00fb se tenir \u00e0 huis clos.<\/p>\n<p class=\"fig-paragraph\">Quelques jours plus tard, Bryan Pecqueur, un responsable d\u00e9partemental du RN, annon\u00e7ait d\u00e9poser plainte pour menaces de mort, apr\u00e8s avoir \u00e9t\u00e9 destinataire de plusieurs messages jug\u00e9s p\u00e9nalement r\u00e9pr\u00e9hensibles sur les r\u00e9seaux sociaux. Une forme d\u2019<a href=\"http:\/\/www.lefigaro.fr\/nantes\/meetings-mouvementes-et-menaces-de-mort-le-rn-sous-pression-a-nantes-et-saint-nazaire-20251027\" target=\"_blank\" data-fig-type=\"NewsFlash\" rel=\"noopener\" data-gtm-custom-categorie=\"navigation\" data-gtm-custom-action=\"crossclick\" data-gtm-custom-label=\"Contextuel\" data-gtm-event=\"customEventSPE\" data-fig-domain=\"LEFIGARO\">intimidation de plus en plus manifeste<\/a>, selon l\u2019int\u00e9ress\u00e9. \u00abCes menaces ont augment\u00e9 ces derni\u00e8res semaines dans leur fr\u00e9quence et dans leur virulence\u00bb, a-t-il d\u00e9nonc\u00e9 dans un communiqu\u00e9 diffus\u00e9 le 28 octobre.<\/p>\n","protected":false},"excerpt":{"rendered":"Des plaintes ont \u00e9t\u00e9 d\u00e9pos\u00e9es dimanche, apr\u00e8s les \u00e9chauffour\u00e9es survenues en marge d\u2019un meeting du Rassemblement national \u00e0&hellip;\n","protected":false},"author":2,"featured_media":508712,"comment_status":"","ping_status":"","sticky":false,"template":"","format":"standard","meta":{"footnotes":""},"categories":[2818],"tags":[1111,11,1777,674,1011,27,766,12,2636,25,2848,2949],"class_list":{"0":"post-508711","1":"post","2":"type-post","3":"status-publish","4":"format-standard","5":"has-post-thumbnail","7":"category-nantes","8":"tag-actu","9":"tag-actualites","10":"tag-eu","11":"tag-europe","12":"tag-fr","13":"tag-france","14":"tag-nantes","15":"tag-news","16":"tag-pays-de-la-loire","17":"tag-republique-francaise","18":"tag-rn","19":"tag-violences"},"share_on_mastodon":{"url":"https:\/\/pubeurope.com\/@fr\/115485490789671138","error":""},"_links":{"self":[{"href":"https:\/\/www.europesays.com\/fr\/wp-json\/wp\/v2\/posts\/508711","targetHints":{"allow":["GET"]}}],"collection":[{"href":"https:\/\/www.europesays.com\/fr\/wp-json\/wp\/v2\/posts"}],"about":[{"href":"https:\/\/www.europesays.com\/fr\/wp-json\/wp\/v2\/types\/post"}],"author":[{"embeddable":true,"href":"https:\/\/www.europesays.com\/fr\/wp-json\/wp\/v2\/users\/2"}],"replies":[{"embeddable":true,"href":"https:\/\/www.europesays.com\/fr\/wp-json\/wp\/v2\/comments?post=508711"}],"version-history":[{"count":0,"href":"https:\/\/www.europesays.com\/fr\/wp-json\/wp\/v2\/posts\/508711\/revisions"}],"wp:featuredmedia":[{"embeddable":true,"href":"https:\/\/www.europesays.com\/fr\/wp-json\/wp\/v2\/media\/508712"}],"wp:attachment":[{"href":"https:\/\/www.europesays.com\/fr\/wp-json\/wp\/v2\/media?parent=508711"}],"wp:term":[{"taxonomy":"category","embeddable":true,"href":"https:\/\/www.europesays.com\/fr\/wp-json\/wp\/v2\/categories?post=508711"},{"taxonomy":"post_tag","embeddable":true,"href":"https:\/\/www.europesays.com\/fr\/wp-json\/wp\/v2\/tags?post=508711"}],"curies":[{"name":"wp","href":"https:\/\/api.w.org\/{rel}","templated":true}]}}