{"id":508717,"date":"2025-11-03T11:20:14","date_gmt":"2025-11-03T11:20:14","guid":{"rendered":"https:\/\/www.europesays.com\/fr\/508717\/"},"modified":"2025-11-03T11:20:14","modified_gmt":"2025-11-03T11:20:14","slug":"je-me-prepare-au-salon-emploi-handicap-de-saint-orens-de-gameville","status":"publish","type":"post","link":"https:\/\/www.europesays.com\/fr\/508717\/","title":{"rendered":"Je me pr\u00e9pare au Salon Emploi Handicap de Saint-Orens-de-Gameville"},"content":{"rendered":"<p>En amont du Salon Emploi Handicap, qui se d\u00e9roulera le 13\u00a0novembre \u00e0 Saint-Orens-de-Gameville, France Travail et Cap Emploi organisent une journ\u00e9e de pr\u00e9paration destin\u00e9e aux candidats en situation de handicap ayant un ou deux m\u00e9tiers identifi\u00e9s. Elle aura lieu ce jeudi 6\u00a0novembre, de 9h \u00e0 16h30, \u00e0 Saint-Orens.<\/p>\n<p>Objectif\u00a0: se pr\u00e9parer efficacement \u00e0 la rencontre avec les recruteurs en travaillant sur la pr\u00e9sentation de son parcours, la mani\u00e8re d\u2019aborder son handicap en entretien et la construction d\u2019un pitch adapt\u00e9 au format forum.<br class=\"autobr\"\/><br \/>\nLa journ\u00e9e alternera ateliers collectifs, mises en situation et simulations encadr\u00e9es par des conseillers et recruteurs partenaires.<\/p>\n<p><strong>Sur inscription <a href=\"https:\/\/mesevenementsemploi.francetravail.fr\/mes-evenements-emploi\/evenement\/523666\/atelier-de-preparation-au-salon-emploi-handicap-de-saint-orens-saint-orens-de-gameville\" class=\"spip_out\" rel=\"external noopener\" target=\"_blank\">ici<\/a><\/strong><\/p>\n","protected":false},"excerpt":{"rendered":"En amont du Salon Emploi Handicap, qui se d\u00e9roulera le 13\u00a0novembre \u00e0 Saint-Orens-de-Gameville, France Travail et Cap Emploi&hellip;\n","protected":false},"author":2,"featured_media":24040,"comment_status":"","ping_status":"","sticky":false,"template":"","format":"standard","meta":{"footnotes":""},"categories":[2816],"tags":[1111,11,20702,341,1777,674,1011,27,1943,12,2680,25,2312],"class_list":{"0":"post-508717","1":"post","2":"type-post","3":"status-publish","4":"format-standard","5":"has-post-thumbnail","7":"category-toulouse","8":"tag-actu","9":"tag-actualites","10":"tag-demandeur-demploi","11":"tag-emploi","12":"tag-eu","13":"tag-europe","14":"tag-fr","15":"tag-france","16":"tag-handicap","17":"tag-news","18":"tag-occitanie","19":"tag-republique-francaise","20":"tag-toulouse"},"share_on_mastodon":{"url":"https:\/\/pubeurope.com\/@fr\/115485502691459795","error":""},"_links":{"self":[{"href":"https:\/\/www.europesays.com\/fr\/wp-json\/wp\/v2\/posts\/508717","targetHints":{"allow":["GET"]}}],"collection":[{"href":"https:\/\/www.europesays.com\/fr\/wp-json\/wp\/v2\/posts"}],"about":[{"href":"https:\/\/www.europesays.com\/fr\/wp-json\/wp\/v2\/types\/post"}],"author":[{"embeddable":true,"href":"https:\/\/www.europesays.com\/fr\/wp-json\/wp\/v2\/users\/2"}],"replies":[{"embeddable":true,"href":"https:\/\/www.europesays.com\/fr\/wp-json\/wp\/v2\/comments?post=508717"}],"version-history":[{"count":0,"href":"https:\/\/www.europesays.com\/fr\/wp-json\/wp\/v2\/posts\/508717\/revisions"}],"wp:featuredmedia":[{"embeddable":true,"href":"https:\/\/www.europesays.com\/fr\/wp-json\/wp\/v2\/media\/24040"}],"wp:attachment":[{"href":"https:\/\/www.europesays.com\/fr\/wp-json\/wp\/v2\/media?parent=508717"}],"wp:term":[{"taxonomy":"category","embeddable":true,"href":"https:\/\/www.europesays.com\/fr\/wp-json\/wp\/v2\/categories?post=508717"},{"taxonomy":"post_tag","embeddable":true,"href":"https:\/\/www.europesays.com\/fr\/wp-json\/wp\/v2\/tags?post=508717"}],"curies":[{"name":"wp","href":"https:\/\/api.w.org\/{rel}","templated":true}]}}