{"id":508720,"date":"2025-11-03T11:22:17","date_gmt":"2025-11-03T11:22:17","guid":{"rendered":"https:\/\/www.europesays.com\/fr\/508720\/"},"modified":"2025-11-03T11:22:17","modified_gmt":"2025-11-03T11:22:17","slug":"art-deco-et-feminisme-lexposition-odette-pauvert-a-roubaix","status":"publish","type":"post","link":"https:\/\/www.europesays.com\/fr\/508720\/","title":{"rendered":"Art d\u00e9co et f\u00e9minisme : l\u2019exposition Odette Pauvert \u00e0 Roubaix"},"content":{"rendered":"<p class=\"introduction\">Du 11 octobre 2025 au 11 janvier 2026, La Piscine \u2013 Mus\u00e9e d\u2019art et d\u2019industrie Andr\u00e9 Diligent met \u00e0 l\u2019honneur une figure embl\u00e9matique et trop m\u00e9connue de la peinture fran\u00e7aise : Odette Pauvert (1903-1966). L\u2019exposition s\u2019inscrit dans le cadre de Fiesta, 7\u1d49 \u00e9dition de lille3000, et c\u00e9l\u00e8bre \u00e0 la fois l\u2019anniversaire de l\u2019Art d\u00e9co et le centenaire du premier Grand Prix de Rome d\u00e9cern\u00e9 \u00e0 une femme peintre.<\/p>\n<p>Une pionni\u00e8re de l\u2019art acad\u00e9mique<\/p>\n<p data-start=\"1178\" data-end=\"1624\">Fille et s\u0153ur d\u2019artistes, Odette Pauvert semble tout naturellement destin\u00e9e \u00e0 la cr\u00e9ation. Apr\u00e8s ses \u00e9tudes \u00e0 l\u2019\u00c9cole des Beaux-Arts de Paris, elle devient en 1925 <strong data-start=\"1342\" data-end=\"1415\">la premi\u00e8re femme peintre \u00e0 obtenir le prestigieux Grand Prix de Rome<\/strong>, qui lui ouvre pour trois ans les portes de la Villa M\u00e9dicis \u00e0 Rome. L\u00e0, elle donne toute la mesure de son talent dans des \u0153uvres o\u00f9 se lit une profonde admiration pour les ma\u00eetres italiens du Quattrocento.<\/p>\n<p data-start=\"1626\" data-end=\"1932\">De retour \u00e0 Paris, Odette Pauvert affiche une ambition r\u00e9solument classique et d\u00e9corative, \u00e0 contre-courant des avant-gardes qui triomphent dans les ann\u00e9es 1950. Son parcours, marqu\u00e9 par le mariage et la Seconde Guerre mondiale, n\u2019en reste pas moins exceptionnel, et son \u0153uvre m\u00e9rite d\u2019\u00eatre red\u00e9couverte.<\/p>\n<p>Une exposition pour revisiter l\u2019histoire<\/p>\n<p data-start=\"1981\" data-end=\"2524\">Organis\u00e9e sous le <strong data-start=\"1999\" data-end=\"2034\">commissariat d\u2019Ad\u00e8le Taillefait<\/strong>, conservatrice des collections Beaux-Arts, et avec <strong data-start=\"2086\" data-end=\"2137\">Thibaut Gemignani comme conseiller scientifique<\/strong>, l\u2019exposition explore la place des femmes dans le cursus acad\u00e9mique des Beaux-Arts de l\u2019entre-deux-guerres et met en lumi\u00e8re la carri\u00e8re de cette artiste \u00e0 la fois ambitieuse et originale. La sc\u00e9nographie a \u00e9t\u00e9 r\u00e9alis\u00e9e gr\u00e2ce au g\u00e9n\u00e9reux concours des peintures Tollens, et des pr\u00eats exceptionnels proviennent des Beaux-Arts de Paris, de la Villa M\u00e9dicis et de la famille de l\u2019artiste.<\/p>\n<p data-start=\"2526\" data-end=\"2741\">Les visiteurs pourront admirer notamment l\u2019<strong data-start=\"2569\" data-end=\"2609\">Autoportrait au foulard rouge (1926)<\/strong>, pastel sur papier gris, et d\u00e9couvrir un ensemble d\u2019\u0153uvres r\u00e9v\u00e9lant la finesse et l\u2019\u00e9l\u00e9gance du style classique d\u2019Odette Pauvert.<\/p>\n<p>D\u00e9couvrez l\u2019album photos de notre photographe Ana\u00efs Gadeau pour un avant-go\u00fbt de cette immersion dans l\u2019univers d\u2019Odette Pauvert.<\/p>\n<p data-start=\"2599\" data-end=\"2961\">Cr\u00e9dits photos : Ana\u00efs Gadeau, service communication Ville de Roubaix<\/p>\n<p>Autour de l\u2019exposition : animations et visites guid\u00e9es<\/p>\n<ul data-start=\"2804\" data-end=\"3405\">\n<li data-start=\"2948\" data-end=\"3048\">\n<p data-start=\"2950\" data-end=\"3048\"><strong data-start=\"2950\" data-end=\"2971\">Week-end Splash !<\/strong> en famille : samedi 22 et dimanche 23 novembre, animations de 14h \u00e0 17h30.<\/p>\n<\/li>\n<li data-start=\"3049\" data-end=\"3153\">\n<p data-start=\"3051\" data-end=\"3153\"><strong data-start=\"3051\" data-end=\"3072\">Visites guid\u00e9es :<\/strong> chaque samedi de 16h15 \u00e0 17h15 et pour groupes ou enseignants sur r\u00e9servation.<\/p>\n<\/li>\n<li data-start=\"3154\" data-end=\"3279\">\n<p data-start=\"3156\" data-end=\"3279\"><strong data-start=\"3156\" data-end=\"3185\">Ateliers jeunes publics :<\/strong> mercredi, vacances scolaires et animations accompagn\u00e9es par les \u0153uvres, pour tous les \u00e2ges.<\/p>\n<\/li>\n<li data-start=\"3280\" data-end=\"3405\">\n<p data-start=\"3282\" data-end=\"3405\"><strong data-start=\"3282\" data-end=\"3318\">Parcours coll\u00e9giens et lyc\u00e9ens :<\/strong> formule interactive avec carnet de visite et expression par le dessin et l\u2019\u00e9criture.<\/p>\n<\/li>\n<\/ul>\n<p data-start=\"3407\" data-end=\"3640\">L\u2019exposition Odette Pauvert est <strong data-start=\"3439\" data-end=\"3562\">l\u2019occasion de red\u00e9couvrir une figure f\u00e9minine majeure de l\u2019Art d\u00e9co et de c\u00e9l\u00e9brer la peinture acad\u00e9mique du XX\u1d49 si\u00e8cle<\/strong>, tout en profitant d\u2019un riche programme de m\u00e9diation pour petits et grands.<\/p>\n","protected":false},"excerpt":{"rendered":"Du 11 octobre 2025 au 11 janvier 2026, La Piscine \u2013 Mus\u00e9e d\u2019art et d\u2019industrie Andr\u00e9 Diligent met&hellip;\n","protected":false},"author":2,"featured_media":508721,"comment_status":"","ping_status":"","sticky":false,"template":"","format":"standard","meta":{"footnotes":""},"categories":[2815],"tags":[1111,11,251,1777,674,3293,1011,27,811,1307,14387,12,63028,25],"class_list":{"0":"post-508720","1":"post","2":"type-post","3":"status-publish","4":"format-standard","5":"has-post-thumbnail","7":"category-lille","8":"tag-actu","9":"tag-actualites","10":"tag-culture","11":"tag-eu","12":"tag-europe","13":"tag-exposition","14":"tag-fr","15":"tag-france","16":"tag-hauts-de-france","17":"tag-lille","18":"tag-musee-la-piscine","19":"tag-news","20":"tag-odette-pauvert","21":"tag-republique-francaise"},"share_on_mastodon":{"url":"https:\/\/pubeurope.com\/@fr\/115485510516299933","error":""},"_links":{"self":[{"href":"https:\/\/www.europesays.com\/fr\/wp-json\/wp\/v2\/posts\/508720","targetHints":{"allow":["GET"]}}],"collection":[{"href":"https:\/\/www.europesays.com\/fr\/wp-json\/wp\/v2\/posts"}],"about":[{"href":"https:\/\/www.europesays.com\/fr\/wp-json\/wp\/v2\/types\/post"}],"author":[{"embeddable":true,"href":"https:\/\/www.europesays.com\/fr\/wp-json\/wp\/v2\/users\/2"}],"replies":[{"embeddable":true,"href":"https:\/\/www.europesays.com\/fr\/wp-json\/wp\/v2\/comments?post=508720"}],"version-history":[{"count":0,"href":"https:\/\/www.europesays.com\/fr\/wp-json\/wp\/v2\/posts\/508720\/revisions"}],"wp:featuredmedia":[{"embeddable":true,"href":"https:\/\/www.europesays.com\/fr\/wp-json\/wp\/v2\/media\/508721"}],"wp:attachment":[{"href":"https:\/\/www.europesays.com\/fr\/wp-json\/wp\/v2\/media?parent=508720"}],"wp:term":[{"taxonomy":"category","embeddable":true,"href":"https:\/\/www.europesays.com\/fr\/wp-json\/wp\/v2\/categories?post=508720"},{"taxonomy":"post_tag","embeddable":true,"href":"https:\/\/www.europesays.com\/fr\/wp-json\/wp\/v2\/tags?post=508720"}],"curies":[{"name":"wp","href":"https:\/\/api.w.org\/{rel}","templated":true}]}}