{"id":508726,"date":"2025-11-03T11:25:15","date_gmt":"2025-11-03T11:25:15","guid":{"rendered":"https:\/\/www.europesays.com\/fr\/508726\/"},"modified":"2025-11-03T11:25:15","modified_gmt":"2025-11-03T11:25:15","slug":"jul-en-concert-en-2026-des-dates-au-stade-de-france-et-a-marseille","status":"publish","type":"post","link":"https:\/\/www.europesays.com\/fr\/508726\/","title":{"rendered":"Jul en concert en 2026 : des dates au Stade de France et \u00e0 Marseille"},"content":{"rendered":"<p><img loading=\"lazy\" decoding=\"async\" alt=\"Shutterstock - Le rappeur marseillais qui a port\u00e9 la flamme olympique en 2024 a annonc\u00e9 de nouvelles dates de concerts en 2026.\" data-zoom-src=\"https:\/\/www.europesays.com\/fr\/wp-content\/uploads\/2025\/11\/initial-jul-concert-stade-de-france-velodrome.jpg\" data-zoomable=\"\" height=\"702\" src=\"https:\/\/www.europesays.com\/fr\/wp-content\/uploads\/2025\/11\/initial-jul-concert-stade-de-france-velodrome.jpg\" width=\"1248\"\/>  <\/p>\n<p class=\"article-desc\">Shutterstock &#8211; Le rappeur marseillais qui a port\u00e9 la flamme olympique en 2024 a annonc\u00e9 de nouvelles dates de concerts en 2026. <\/p>\n<p>Apr\u00e8s une ann\u00e9e 2025 marqu\u00e9e par le succ\u00e8s, Jul vient d\u2019annoncer qu&rsquo;il se produira \u00e0 Paris au Stade de France et chez lui, \u00e0 Marseille en mai 2026. L&rsquo;ouverture de la billetterie est pr\u00e9vue cette semaine.\u00a0 <\/p>\n<p> Les dates des concerts exceptionnels de Jul en 2026 au Stade de France et \u00e0 Marseille <\/p>\n<blockquote class=\"instagram-media\" data-instgrm-captioned=\"\" data-instgrm-permalink=\"https:\/\/www.instagram.com\/reel\/DQj4agPjDwa\/?utm_source=ig_embed&amp;utm_campaign=loading\" data-instgrm-version=\"14\" data-uniformized=\"true\" style=\"background:#fff;border:0;border-radius:3px;box-shadow:0 0 1px 0 rgba(0,0,0,.5),0 1px 10px 0 rgba(0,0,0,.15);margin:1px;max-width:540px;min-width:326px;padding:0;width:calc(100% - 2px)\"><\/blockquote>\n<p>Jul a cr\u00e9\u00e9 la surprise en d\u00e9voilant quatre concerts exceptionnels pour 2026.<\/p>\n<p>La capitale accueillera l\u2019artiste au<strong> Stade de France<\/strong> les <strong>vendredi 15 et samedi 16 mai 2026,<\/strong> promettant un spectacle grand format dans l&rsquo;enceinte mythique. Le rappeur marseillais investira ensuite l<strong>\u2019Orange V\u00e9lodrome,<\/strong> les <strong>vendredi 29 et samedi 30 mai 2026<\/strong>, pour deux shows au c\u0153ur de sa ville d\u2019origine.\u200b <\/p>\n<p>Billetterie : comment et o\u00f9 acheter vos places pour les concerts de Jul 2026 ? <\/p>\n<p>L\u2019ouverture de la<strong> billetterie officielle <\/strong>est fix\u00e9e :\u00a0<\/p>\n<ul>\n<li>au<strong> vendredi 7 novembre 2025 \u00e0 10 h ; <\/strong> <\/li>\n<li>pr\u00e9c\u00e9d\u00e9e d\u2019une <strong>pr\u00e9vente exclusive mercredi 5 novembre \u00e0 12 h<\/strong> (incluant \u00e9galement une formule avec l\u2019album \u00ab\u00a0TP sur TP\u00a0\u00bb).<\/li>\n<\/ul>\n<p>Les places seront disponibles sur les plateformes reconnues : Fnac Spectacles, Ticketmaster, SeeTickets, mais aussi sur les sites officiels du Stade de France et de l\u2019Orange V\u00e9lodrome.\u200b <\/p>\n<p>Attention \u00e0 la forte demande : <strong>lors des pr\u00e9c\u00e9dentes tourn\u00e9es de Jul, les places se sont \u00e9coul\u00e9es en quelques heures<\/strong>. Il est conseill\u00e9 de pr\u00e9parer \u00e0 l\u2019avance votre compte sur votre plateforme favorite, de surveiller les horaires d\u2019ouverture, et de privil\u00e9gier les canaux officiels pour \u00e9viter toute fraude.\u200b.\u200b<\/p>\n<p><script async src=\"\/\/www.instagram.com\/embed.js\"><\/script><\/p>\n","protected":false},"excerpt":{"rendered":"Shutterstock &#8211; Le rappeur marseillais qui a port\u00e9 la flamme olympique en 2024 a annonc\u00e9 de nouvelles dates&hellip;\n","protected":false},"author":2,"featured_media":508727,"comment_status":"","ping_status":"","sticky":false,"template":"","format":"standard","meta":{"footnotes":""},"categories":[2814],"tags":[1111,11,4156,1777,674,1011,27,1279,884,12,63029,882,3616,25,14478],"class_list":{"0":"post-508726","1":"post","2":"type-post","3":"status-publish","4":"format-standard","5":"has-post-thumbnail","7":"category-marseille","8":"tag-actu","9":"tag-actualites","10":"tag-concerts","11":"tag-eu","12":"tag-europe","13":"tag-fr","14":"tag-france","15":"tag-jul","16":"tag-marseille","17":"tag-news","18":"tag-orange-vu00e9lodrome","19":"tag-provence-alpes-cote-dazur","20":"tag-rap","21":"tag-republique-francaise","22":"tag-stade-de-france"},"share_on_mastodon":{"url":"https:\/\/pubeurope.com\/@fr\/115485523002320065","error":""},"_links":{"self":[{"href":"https:\/\/www.europesays.com\/fr\/wp-json\/wp\/v2\/posts\/508726","targetHints":{"allow":["GET"]}}],"collection":[{"href":"https:\/\/www.europesays.com\/fr\/wp-json\/wp\/v2\/posts"}],"about":[{"href":"https:\/\/www.europesays.com\/fr\/wp-json\/wp\/v2\/types\/post"}],"author":[{"embeddable":true,"href":"https:\/\/www.europesays.com\/fr\/wp-json\/wp\/v2\/users\/2"}],"replies":[{"embeddable":true,"href":"https:\/\/www.europesays.com\/fr\/wp-json\/wp\/v2\/comments?post=508726"}],"version-history":[{"count":0,"href":"https:\/\/www.europesays.com\/fr\/wp-json\/wp\/v2\/posts\/508726\/revisions"}],"wp:featuredmedia":[{"embeddable":true,"href":"https:\/\/www.europesays.com\/fr\/wp-json\/wp\/v2\/media\/508727"}],"wp:attachment":[{"href":"https:\/\/www.europesays.com\/fr\/wp-json\/wp\/v2\/media?parent=508726"}],"wp:term":[{"taxonomy":"category","embeddable":true,"href":"https:\/\/www.europesays.com\/fr\/wp-json\/wp\/v2\/categories?post=508726"},{"taxonomy":"post_tag","embeddable":true,"href":"https:\/\/www.europesays.com\/fr\/wp-json\/wp\/v2\/tags?post=508726"}],"curies":[{"name":"wp","href":"https:\/\/api.w.org\/{rel}","templated":true}]}}