{"id":508728,"date":"2025-11-03T11:26:10","date_gmt":"2025-11-03T11:26:10","guid":{"rendered":"https:\/\/www.europesays.com\/fr\/508728\/"},"modified":"2025-11-03T11:26:10","modified_gmt":"2025-11-03T11:26:10","slug":"ce-nest-pas-le-temps-de-la-campagne-la-priorite-ce-sont-les-chantiers","status":"publish","type":"post","link":"https:\/\/www.europesays.com\/fr\/508728\/","title":{"rendered":"Ce n&rsquo;est pas le temps de la campagne. La priorit\u00e9, ce sont les chantiers"},"content":{"rendered":"<p>Cr\u00e9dit\u00e9 de 24% d&rsquo;intentions de vote dans <a href=\"https:\/\/www.lyonmag.com\/article\/147789\/sondages-exclusifs-municipales-a-lyon-et-metropole-gregory-doucet-et-bruno-bernard-sur-la-sellette\" target=\"_blank\" rel=\"noopener\">le premier sondage OpinionWay de LyonMag et Radio Espace<\/a>, <a href=\"https:\/\/www.lyonmag.com\/profil-personnalite-lyonnaise\/504\/gregory-doucet\" target=\"_blank\" rel=\"noopener\">Gr\u00e9gory Doucet<\/a> va tenter de rattraper son retard sur l&rsquo;ancien pr\u00e9sident de l&rsquo;OL, qui \u00e9marge \u00e0 47% en vue des municipales lyonnaises.<\/p>\n<p>Elargir sa base \u00e9lectorale et surtout le faire savoir, c&rsquo;est la premi\u00e8re \u00e9tape. Ce lundi dans <a href=\"https:\/\/c.leprogres.fr\/elections\/2025\/11\/02\/c-est-l-offensive-des-droites-dures-le-binome-doucet-runel-fustige-jean-michel-aulas\" target=\"_blank\" rel=\"noopener\">le Progr\u00e8s<\/a>, le maire \u00e9cologiste r\u00e9alise une interview crois\u00e9e avec la d\u00e9put\u00e9e PS <a href=\"https:\/\/www.lyonmag.com\/profil-personnalite-lyonnaise\/462\/sandrine-runel\" target=\"_blank\" rel=\"noopener\">Sandrine Runel<\/a>. Selon nos informations, leur alliance sera officialis\u00e9e mardi.<\/p>\n<p>Moins d&rsquo;\u00e9cologie, plus de social ? \u00ab\u00a0Il ne s\u2019agit pas de rosir le bilan. Il est riche en mati\u00e8re de politique sociale avec un renforcement des budgets de fonctionnement \u00e0 destination de tous les acteurs. Est-ce qu\u2019il faut aller plus loin ? Oui. Je pense \u00e0 la question du logement. Cela va \u00eatre une de nos priorit\u00e9s\u00a0\u00bb, d\u00e9clare Gr\u00e9gory Doucet au quotidien lyonnais.<\/p>\n<p>Mais l&rsquo;\u00e9dile ne veut pas non plus occuper l&rsquo;espace m\u00e9diatique, qu&rsquo;il avait initialement pr\u00e9vu de d\u00e9clencher en janvier : \u00ab\u00a0Ce n\u2019est pas le temps de la campagne. La priorit\u00e9, ce sont les chantiers en train d\u2019aboutir et notre bilan\u00a0\u00bb.<\/p>\n<p>Quant aux sondages, c&rsquo;est Sandrine Runel qui en parle le plus longuement. L&rsquo;ancienne adjointe de Gr\u00e9gory Doucet devenue parlementaire \u00e0 l&rsquo;\u00e9t\u00e9 2024 reconnait que \u00ab\u00a0ce 47% (de Jean-Michel Aulas) peut faire peur. La candidature d\u2019Aulas a fait une d\u00e9flagration parce qu\u2019il y a sa personnalit\u00e9, que c\u2019est quelqu\u2019un de populaire, qu\u2019il repr\u00e9sente l\u2019OL\u2026 Je ne vais pas m\u2019emballer \u00e0 six mois du scrutin. En 2019 \u00e0 Paris, tout le monde donnait Anne Hidalgo (PS) perdante. Elle a \u00e9t\u00e9 r\u00e9\u00e9lue par ceux qui vivent \u00e0 Paris et profitent de la politique men\u00e9e\u00a0\u00bb.<\/p>\n<p>Comment va-t-elle r\u00e9agir en apprenant que les 47% d&rsquo;intentions de vote des sondages Verian et OpinionWay proviennent bien d&rsquo;un panel d&rsquo;\u00e9lecteurs lyonnais ?<\/p>\n","protected":false},"excerpt":{"rendered":"Cr\u00e9dit\u00e9 de 24% d&rsquo;intentions de vote dans le premier sondage OpinionWay de LyonMag et Radio Espace, Gr\u00e9gory Doucet&hellip;\n","protected":false},"author":2,"featured_media":508729,"comment_status":"","ping_status":"","sticky":false,"template":"","format":"standard","meta":{"footnotes":""},"categories":[1889],"tags":[1111,11,2813,2190,2430,1109,251,1112,2811,1777,674,118,1011,27,1922,1110,1114,2428,2810,12,241,316,25,2812,517,800],"class_list":{"0":"post-508728","1":"post","2":"type-post","3":"status-publish","4":"format-standard","5":"has-post-thumbnail","7":"category-lyon","8":"tag-actu","9":"tag-actualites","10":"tag-article","11":"tag-asvel","12":"tag-auvergne-rhone-alpes","13":"tag-breves","14":"tag-culture","15":"tag-depeches","16":"tag-economique","17":"tag-eu","18":"tag-europe","19":"tag-faits-divers","20":"tag-fr","21":"tag-france","22":"tag-info","23":"tag-informations","24":"tag-infos","25":"tag-lyon","26":"tag-lyonmag","27":"tag-news","28":"tag-ol","29":"tag-politique","30":"tag-republique-francaise","31":"tag-sociale","32":"tag-sport","33":"tag-transports"},"share_on_mastodon":{"url":"https:\/\/pubeurope.com\/@fr\/115485526269431824","error":""},"_links":{"self":[{"href":"https:\/\/www.europesays.com\/fr\/wp-json\/wp\/v2\/posts\/508728","targetHints":{"allow":["GET"]}}],"collection":[{"href":"https:\/\/www.europesays.com\/fr\/wp-json\/wp\/v2\/posts"}],"about":[{"href":"https:\/\/www.europesays.com\/fr\/wp-json\/wp\/v2\/types\/post"}],"author":[{"embeddable":true,"href":"https:\/\/www.europesays.com\/fr\/wp-json\/wp\/v2\/users\/2"}],"replies":[{"embeddable":true,"href":"https:\/\/www.europesays.com\/fr\/wp-json\/wp\/v2\/comments?post=508728"}],"version-history":[{"count":0,"href":"https:\/\/www.europesays.com\/fr\/wp-json\/wp\/v2\/posts\/508728\/revisions"}],"wp:featuredmedia":[{"embeddable":true,"href":"https:\/\/www.europesays.com\/fr\/wp-json\/wp\/v2\/media\/508729"}],"wp:attachment":[{"href":"https:\/\/www.europesays.com\/fr\/wp-json\/wp\/v2\/media?parent=508728"}],"wp:term":[{"taxonomy":"category","embeddable":true,"href":"https:\/\/www.europesays.com\/fr\/wp-json\/wp\/v2\/categories?post=508728"},{"taxonomy":"post_tag","embeddable":true,"href":"https:\/\/www.europesays.com\/fr\/wp-json\/wp\/v2\/tags?post=508728"}],"curies":[{"name":"wp","href":"https:\/\/api.w.org\/{rel}","templated":true}]}}