{"id":508730,"date":"2025-11-03T11:27:11","date_gmt":"2025-11-03T11:27:11","guid":{"rendered":"https:\/\/www.europesays.com\/fr\/508730\/"},"modified":"2025-11-03T11:27:11","modified_gmt":"2025-11-03T11:27:11","slug":"un-etudiant-de-lem-lyon-porte-disparu-depuis-une-soiree-dhalloween-a-la-confluence","status":"publish","type":"post","link":"https:\/\/www.europesays.com\/fr\/508730\/","title":{"rendered":"Un \u00e9tudiant de l\u2019EM Lyon port\u00e9 disparu depuis une soir\u00e9e d\u2019Halloween \u00e0 la Confluence"},"content":{"rendered":"<p>\n    \u00c2g\u00e9 de 19 ans, Flynn Ganneval n\u2019a pas \u00e9t\u00e9 revu depuis mercredi soir, alors qu\u2019il se trouvait \u00e0 proximit\u00e9 des bo\u00eetes de nuit Le Sucre et Le Azar.<\/p>\n<p class=\"fig-paragraph\">Ses amis ont perdu sa trace autour de 00h40 mercredi 29 octobre. \u00c2g\u00e9 de 19 ans, Flynn Ganneval n\u2019a pas \u00e9t\u00e9 revu depuis, alors qu\u2019il venait de s\u2019\u00e9loigner de son groupe de copains dans le 2e arrondissement de Lyon. Ses proches ont diffus\u00e9 un\u00a0<a href=\"https:\/\/www.lefigaro.fr\/tag\/disparition\" target=\"_blank\" rel=\"sponsored noopener\" data-gtm-custom-categorie=\"navigation\" data-gtm-custom-action=\"crossclick\" data-gtm-custom-label=\"Contextuel\" data-gtm-event=\"customEventSPE\">appel \u00e0 t\u00e9moin en ligne<\/a>\u00a0et une enqu\u00eate a \u00e9t\u00e9 ouverte par la police.<\/p>\n<p class=\"fig-paragraph\">\u00abOn a fait le d\u00e9but de soir\u00e9e chez moi avant de se rendre en bo\u00eete de nuit au Azar, explique une amie proche du disparu au Figaro. Pendant que l\u2019on faisait la queue, il s\u2019est \u00e9loign\u00e9 pour aller uriner. Je lui ai propos\u00e9 de l\u2019accompagner mais il a refus\u00e9\u00bb.<\/p>\n<p>                                    <a class=\"fig-a11y-skip a11y-hidden\" href=\"#fig-a11y-skip-main-inarticle\"><br \/>\n        Passer la publicit\u00e9<br \/>\n    <\/a><\/p>\n<p>\u00abRobuste\u00bb et \u00absportif\u00bb<\/p>\n<p class=\"fig-paragraph\">Le jeune homme ne se trouvait alors pas \u00e0 proximit\u00e9 de la\u00a0<a href=\"https:\/\/www.lefigaro.fr\/tag\/saone\" target=\"_blank\" rel=\"sponsored noopener\" data-gtm-custom-categorie=\"navigation\" data-gtm-custom-action=\"crossclick\" data-gtm-custom-label=\"Contextuel\" data-gtm-event=\"customEventSPE\">Sa\u00f4ne<\/a>, assure son amie, mais il prenait la direction du nord, vers le Sucre, un autre club du quartier de la Confluence.<\/p>\n<p class=\"fig-paragraph\">Flynn Ganneval est \u00e9tudiant en premi\u00e8re ann\u00e9e \u00e0 l\u2019\u00e9cole de commerce EM Lyon. D\u2019origine autrichienne, il mesure 1,75 m\u00e8tre et est d\u00e9crit comme \u00abrobuste\u00bb et \u00absportif\u00bb.<\/p>\n<p class=\"fig-paragraph\">Au moment de sa disparition, il portait une veste marron clair, un jean et une casquette orange.<\/p>\n","protected":false},"excerpt":{"rendered":"\u00c2g\u00e9 de 19 ans, Flynn Ganneval n\u2019a pas \u00e9t\u00e9 revu depuis mercredi soir, alors qu\u2019il se trouvait \u00e0&hellip;\n","protected":false},"author":2,"featured_media":508731,"comment_status":"","ping_status":"","sticky":false,"template":"","format":"standard","meta":{"footnotes":""},"categories":[1889],"tags":[1111,11,2430,2715,1777,674,1011,27,2428,12,25],"class_list":{"0":"post-508730","1":"post","2":"type-post","3":"status-publish","4":"format-standard","5":"has-post-thumbnail","7":"category-lyon","8":"tag-actu","9":"tag-actualites","10":"tag-auvergne-rhone-alpes","11":"tag-disparition","12":"tag-eu","13":"tag-europe","14":"tag-fr","15":"tag-france","16":"tag-lyon","17":"tag-news","18":"tag-republique-francaise"},"share_on_mastodon":{"url":"https:\/\/pubeurope.com\/@fr\/115485530063461536","error":""},"_links":{"self":[{"href":"https:\/\/www.europesays.com\/fr\/wp-json\/wp\/v2\/posts\/508730","targetHints":{"allow":["GET"]}}],"collection":[{"href":"https:\/\/www.europesays.com\/fr\/wp-json\/wp\/v2\/posts"}],"about":[{"href":"https:\/\/www.europesays.com\/fr\/wp-json\/wp\/v2\/types\/post"}],"author":[{"embeddable":true,"href":"https:\/\/www.europesays.com\/fr\/wp-json\/wp\/v2\/users\/2"}],"replies":[{"embeddable":true,"href":"https:\/\/www.europesays.com\/fr\/wp-json\/wp\/v2\/comments?post=508730"}],"version-history":[{"count":0,"href":"https:\/\/www.europesays.com\/fr\/wp-json\/wp\/v2\/posts\/508730\/revisions"}],"wp:featuredmedia":[{"embeddable":true,"href":"https:\/\/www.europesays.com\/fr\/wp-json\/wp\/v2\/media\/508731"}],"wp:attachment":[{"href":"https:\/\/www.europesays.com\/fr\/wp-json\/wp\/v2\/media?parent=508730"}],"wp:term":[{"taxonomy":"category","embeddable":true,"href":"https:\/\/www.europesays.com\/fr\/wp-json\/wp\/v2\/categories?post=508730"},{"taxonomy":"post_tag","embeddable":true,"href":"https:\/\/www.europesays.com\/fr\/wp-json\/wp\/v2\/tags?post=508730"}],"curies":[{"name":"wp","href":"https:\/\/api.w.org\/{rel}","templated":true}]}}