{"id":508732,"date":"2025-11-03T11:29:16","date_gmt":"2025-11-03T11:29:16","guid":{"rendered":"https:\/\/www.europesays.com\/fr\/508732\/"},"modified":"2025-11-03T11:29:16","modified_gmt":"2025-11-03T11:29:16","slug":"la-region-ile-de-france-affiche-la-plus-forte-baisse-demissions-de-gaz-a-effet-de-serre-du-pays","status":"publish","type":"post","link":"https:\/\/www.europesays.com\/fr\/508732\/","title":{"rendered":"La R\u00e9gion \u00cele-de-France affiche la plus forte baisse d\u2019\u00e9missions de gaz \u00e0 effet de serre du pays"},"content":{"rendered":"\n<p style=\"margin-bottom: 0cm;\">C&rsquo;est ce que d\u00e9taille une \u00e9tude d\u2019Atmo France qui vient d&rsquo;\u00eatre publi\u00e9e. Entre 2010 et 2022, le trafic routier y a recul\u00e9 de 13 %, entra\u00eenant une chute de 22 % des \u00e9missions li\u00e9es \u00e0 la route et une baisse globale de 25 % des gaz \u00e0 effet de serre, contre 21 % en moyenne nationale. Pour Val\u00e9rie P\u00e9cresse, pr\u00e9sidente du conseil r\u00e9gional, \u00ab\u00a0ces chiffres prouvent que la R\u00e9gion \u00cele-de-France a pris une longueur d\u2019avance dans la lutte contre le changement climatique\u00a0\u00bb.<\/p>\n<p style=\"margin-bottom: 0cm;\">\u00a0<\/p>\n<p lang=\"fr-FR\" style=\"margin-bottom: 0cm; font-weight: normal;\">Nicolas Chacun <\/p>\n<p>!function(f,b,e,v,n,t,s){if(f.fbq)return;n=f.fbq=function(){n.callMethod?<br \/>\nn.callMethod.apply(n,arguments):n.queue.push(arguments)};if(!f._fbq)f._fbq=n;<br \/>\nn.push=n;n.loaded=!0;n.version=&rsquo;2.0&prime;;n.queue=[];t=b.createElement(e);t.async=!0;<br \/>\nt.src=v;s=b.getElementsByTagName(e)[0];s.parentNode.insertBefore(t,s)}(window,<br \/>\ndocument,&rsquo;script&rsquo;,&rsquo;https:\/\/connect.facebook.net\/en_US\/fbevents.js&rsquo;);<br \/>\nfbq(&lsquo;init&rsquo;, &lsquo;278974969201861&rsquo;); \/\/ Insert your pixel ID here.<br \/>\nfbq(&lsquo;track&rsquo;, &lsquo;PageView&rsquo;);<\/p>\n","protected":false},"excerpt":{"rendered":"C&rsquo;est ce que d\u00e9taille une \u00e9tude d\u2019Atmo France qui vient d&rsquo;\u00eatre publi\u00e9e. Entre 2010 et 2022, le trafic&hellip;\n","protected":false},"author":2,"featured_media":508733,"comment_status":"","ping_status":"","sticky":false,"template":"","format":"standard","meta":{"footnotes":""},"categories":[1592],"tags":[1111,11,1933,1936,1777,1939,674,1011,27,662,1934,12,1940,626,1935,25,1937,1941,1938],"class_list":{"0":"post-508732","1":"post","2":"type-post","3":"status-publish","4":"format-standard","5":"has-post-thumbnail","7":"category-ile-de-france","8":"tag-actu","9":"tag-actualites","10":"tag-actualites-locales","11":"tag-essonne","12":"tag-eu","13":"tag-eure-et-loir","14":"tag-europe","15":"tag-fr","16":"tag-france","17":"tag-ile-de-france","18":"tag-infos-locales","19":"tag-news","20":"tag-oise","21":"tag-paris","22":"tag-pres-de-chez-vous","23":"tag-republique-francaise","24":"tag-seine-et-marne","25":"tag-somme","26":"tag-yvelines"},"share_on_mastodon":{"url":"https:\/\/pubeurope.com\/@fr\/115485538049399207","error":""},"_links":{"self":[{"href":"https:\/\/www.europesays.com\/fr\/wp-json\/wp\/v2\/posts\/508732","targetHints":{"allow":["GET"]}}],"collection":[{"href":"https:\/\/www.europesays.com\/fr\/wp-json\/wp\/v2\/posts"}],"about":[{"href":"https:\/\/www.europesays.com\/fr\/wp-json\/wp\/v2\/types\/post"}],"author":[{"embeddable":true,"href":"https:\/\/www.europesays.com\/fr\/wp-json\/wp\/v2\/users\/2"}],"replies":[{"embeddable":true,"href":"https:\/\/www.europesays.com\/fr\/wp-json\/wp\/v2\/comments?post=508732"}],"version-history":[{"count":0,"href":"https:\/\/www.europesays.com\/fr\/wp-json\/wp\/v2\/posts\/508732\/revisions"}],"wp:featuredmedia":[{"embeddable":true,"href":"https:\/\/www.europesays.com\/fr\/wp-json\/wp\/v2\/media\/508733"}],"wp:attachment":[{"href":"https:\/\/www.europesays.com\/fr\/wp-json\/wp\/v2\/media?parent=508732"}],"wp:term":[{"taxonomy":"category","embeddable":true,"href":"https:\/\/www.europesays.com\/fr\/wp-json\/wp\/v2\/categories?post=508732"},{"taxonomy":"post_tag","embeddable":true,"href":"https:\/\/www.europesays.com\/fr\/wp-json\/wp\/v2\/tags?post=508732"}],"curies":[{"name":"wp","href":"https:\/\/api.w.org\/{rel}","templated":true}]}}