{"id":508738,"date":"2025-11-03T11:33:11","date_gmt":"2025-11-03T11:33:11","guid":{"rendered":"https:\/\/www.europesays.com\/fr\/508738\/"},"modified":"2025-11-03T11:33:11","modified_gmt":"2025-11-03T11:33:11","slug":"la-securite-dans-les-musees-territoriaux-devient-un-sujet-ultra-sensible","status":"publish","type":"post","link":"https:\/\/www.europesays.com\/fr\/508738\/","title":{"rendered":"La s\u00e9curit\u00e9 dans les mus\u00e9es territoriaux devient un sujet ultra sensible"},"content":{"rendered":"<p>Questionner les dirigeants des mus\u00e9es sur la s\u00e9curit\u00e9 et ne pas obtenir de r\u00e9ponse est d\u00e9j\u00e0 une information. Le sujet est si sensible qu\u2019il semble relever d\u00e9sormais du secret d\u00e9fense. Car le vol survenu au mus\u00e9e du Louvre, le 19 octobre dernier, a sem\u00e9 un trouble qui conduit \u00e0 l\u2019omerta, sans doute par crainte de r\u00e9v\u00e9ler une information sur le dispositif en place ou de constater son inad\u00e9quation.<\/p>\n<p>Cambriolages en s\u00e9rie<\/p>\n<p>Sur ce sujet class\u00e9 hautement sensible, d\u00e9put\u00e9s et s\u00e9nateurs m\u00e8nent, toutefois, un cycle de travaux. \u00ab\u00a0Car le cas du Louvre n\u2019est pas isol\u00e9\u00a0\u00bb, a confi\u00e9 Laurent Lafon (Val d\u2019Oise, UDI, ) lors d\u2019une audition de la commission de la culture, de l\u2019\u00e9ducation, de la communication, du sport du S\u00e9nat, mercredi 29 octobre.<\/p>\n<p>Ces derni\u00e8res semaines, en effet, le Mus\u00e9um d\u2019histoire naturelle &#8230;<\/p>\n<p class=\"blocCut__title\">\n\t\t\t\t\t\t\t\t\t[90% reste \u00e0 lire]\n\t\t\t\t\t\t\t<\/p>\n<p class=\"blocCut__title--type2\">Article r\u00e9serv\u00e9 aux abonn\u00e9s<\/p>\n<p class=\"blocCut__title--type3\">Gazette des Communes<\/p>\n<p class=\"blocCut__title--type2\">VOUS N&rsquo;\u00eaTES PAS ABONN\u00e9 ?<\/p>\n<p class=\"blocCut__title--type4\">D\u00e9couvrez nos formules et acc\u00e9dez aux articles en illimit\u00e9<\/p>\n<p>\t\t\t\t\t\t\t\t<a href=\"https:\/\/www.abonnement.infopro-digital.com\/la-gazette-des-communes\/formule\/1111\/CTA-P\" target=\"_blank\" class=\"btn__full buttonTypeA buttonTypeA--1\" rel=\"noopener\">Je m\u2019abonne<\/a><\/p>\n","protected":false},"excerpt":{"rendered":"Questionner les dirigeants des mus\u00e9es sur la s\u00e9curit\u00e9 et ne pas obtenir de r\u00e9ponse est d\u00e9j\u00e0 une information.&hellip;\n","protected":false},"author":2,"featured_media":508739,"comment_status":"","ping_status":"","sticky":false,"template":"","format":"standard","meta":{"footnotes":""},"categories":[1888],"tags":[47,3824,11,2349,63030,1777,674,1011,27,12,23704,626,27842,63031,25],"class_list":{"0":"post-508738","1":"post","2":"type-post","3":"status-publish","4":"format-standard","5":"has-post-thumbnail","7":"category-paris","8":"tag-actualite","9":"tag-actualite-culture","10":"tag-actualites","11":"tag-articles-reserves","12":"tag-conservation-du-patrimoine","13":"tag-eu","14":"tag-europe","15":"tag-fr","16":"tag-france","17":"tag-news","18":"tag-non-classe","19":"tag-paris","20":"tag-pascaletessier","21":"tag-politiques-culturelles","22":"tag-republique-francaise"},"share_on_mastodon":{"url":"https:\/\/pubeurope.com\/@fr\/115485553798766546","error":""},"_links":{"self":[{"href":"https:\/\/www.europesays.com\/fr\/wp-json\/wp\/v2\/posts\/508738","targetHints":{"allow":["GET"]}}],"collection":[{"href":"https:\/\/www.europesays.com\/fr\/wp-json\/wp\/v2\/posts"}],"about":[{"href":"https:\/\/www.europesays.com\/fr\/wp-json\/wp\/v2\/types\/post"}],"author":[{"embeddable":true,"href":"https:\/\/www.europesays.com\/fr\/wp-json\/wp\/v2\/users\/2"}],"replies":[{"embeddable":true,"href":"https:\/\/www.europesays.com\/fr\/wp-json\/wp\/v2\/comments?post=508738"}],"version-history":[{"count":0,"href":"https:\/\/www.europesays.com\/fr\/wp-json\/wp\/v2\/posts\/508738\/revisions"}],"wp:featuredmedia":[{"embeddable":true,"href":"https:\/\/www.europesays.com\/fr\/wp-json\/wp\/v2\/media\/508739"}],"wp:attachment":[{"href":"https:\/\/www.europesays.com\/fr\/wp-json\/wp\/v2\/media?parent=508738"}],"wp:term":[{"taxonomy":"category","embeddable":true,"href":"https:\/\/www.europesays.com\/fr\/wp-json\/wp\/v2\/categories?post=508738"},{"taxonomy":"post_tag","embeddable":true,"href":"https:\/\/www.europesays.com\/fr\/wp-json\/wp\/v2\/tags?post=508738"}],"curies":[{"name":"wp","href":"https:\/\/api.w.org\/{rel}","templated":true}]}}