{"id":508748,"date":"2025-11-03T11:38:15","date_gmt":"2025-11-03T11:38:15","guid":{"rendered":"https:\/\/www.europesays.com\/fr\/508748\/"},"modified":"2025-11-03T11:38:15","modified_gmt":"2025-11-03T11:38:15","slug":"arcapita-va-investir-plus-dun-milliard-de-dollars-aux-etats-unis-et-au-royaume-uni-dans-les-infrastructures-industrielles-et-logistiques","status":"publish","type":"post","link":"https:\/\/www.europesays.com\/fr\/508748\/","title":{"rendered":"Arcapita va investir plus d&rsquo;un milliard de dollars aux \u00c9tats-Unis et au Royaume-Uni dans les infrastructures industrielles et logistiques"},"content":{"rendered":"<p class=\"txt-s3 my-0\"><b>Le plan se d\u00e9roule sans accrocs <\/b><\/p>\n<p class=\" mt-10 mb-0 txt-overflow-4\">\n                            La derni\u00e8re vague de r\u00e9sultats trimestriels d&rsquo;entreprises n&rsquo;a pas fait d\u00e9railler le sc\u00e9nario favori des investisseurs, qui font le pari que l&rsquo;intelligence artificielle cr\u00e9e un super-cycle haussier. Un sentiment renforc\u00e9 par le fait que toutes les calamit\u00e9s promises aux actionnaires depuis le d\u00e9but du printemps se sont \u00e9vapor\u00e9es, un peu comme si le plan de Trump se d\u00e9roulait plus ou moins sans accroc, pour reprendre une expression ch\u00e8re \u00e0 la g\u00e9n\u00e9ration X. On en parle un peu plus loin, apr\u00e8s un passage d&rsquo;auto-complainte sur l&rsquo;anxi\u00e9t\u00e9 du chroniqueur solitaire au lever du jour \u00e0 l&rsquo;automne.\n                    <\/p>\n","protected":false},"excerpt":{"rendered":"Le plan se d\u00e9roule sans accrocs La derni\u00e8re vague de r\u00e9sultats trimestriels d&rsquo;entreprises n&rsquo;a pas fait d\u00e9railler le&hellip;\n","protected":false},"author":2,"featured_media":2490,"comment_status":"","ping_status":"","sticky":false,"template":"","format":"standard","meta":{"footnotes":""},"categories":[1588],"tags":[11,340,1777,674,12,473,1853,1851,1850,1852],"class_list":{"0":"post-508748","1":"post","2":"type-post","3":"status-publish","4":"format-standard","5":"has-post-thumbnail","7":"category-royaume-uni","8":"tag-actualites","9":"tag-bourse","10":"tag-eu","11":"tag-europe","12":"tag-news","13":"tag-royaume-uni","14":"tag-royaume-uni-de-grande-bretagne-et-dirlande-du-nord","15":"tag-uk","16":"tag-united-kingdom","17":"tag-united-kingdom-of-great-britain-and-northern-ireland"},"share_on_mastodon":{"url":"https:\/\/pubeurope.com\/@fr\/115485573408025232","error":""},"_links":{"self":[{"href":"https:\/\/www.europesays.com\/fr\/wp-json\/wp\/v2\/posts\/508748","targetHints":{"allow":["GET"]}}],"collection":[{"href":"https:\/\/www.europesays.com\/fr\/wp-json\/wp\/v2\/posts"}],"about":[{"href":"https:\/\/www.europesays.com\/fr\/wp-json\/wp\/v2\/types\/post"}],"author":[{"embeddable":true,"href":"https:\/\/www.europesays.com\/fr\/wp-json\/wp\/v2\/users\/2"}],"replies":[{"embeddable":true,"href":"https:\/\/www.europesays.com\/fr\/wp-json\/wp\/v2\/comments?post=508748"}],"version-history":[{"count":0,"href":"https:\/\/www.europesays.com\/fr\/wp-json\/wp\/v2\/posts\/508748\/revisions"}],"wp:featuredmedia":[{"embeddable":true,"href":"https:\/\/www.europesays.com\/fr\/wp-json\/wp\/v2\/media\/2490"}],"wp:attachment":[{"href":"https:\/\/www.europesays.com\/fr\/wp-json\/wp\/v2\/media?parent=508748"}],"wp:term":[{"taxonomy":"category","embeddable":true,"href":"https:\/\/www.europesays.com\/fr\/wp-json\/wp\/v2\/categories?post=508748"},{"taxonomy":"post_tag","embeddable":true,"href":"https:\/\/www.europesays.com\/fr\/wp-json\/wp\/v2\/tags?post=508748"}],"curies":[{"name":"wp","href":"https:\/\/api.w.org\/{rel}","templated":true}]}}