{"id":508749,"date":"2025-11-03T11:39:26","date_gmt":"2025-11-03T11:39:26","guid":{"rendered":"https:\/\/www.europesays.com\/fr\/508749\/"},"modified":"2025-11-03T11:39:26","modified_gmt":"2025-11-03T11:39:26","slug":"en-allemagne-des-fans-de-taylor-swift-chantent-devant-un-tableau-cense-lavoir-inspiree-pour-sa-chanson-the-fate-of-ophelia","status":"publish","type":"post","link":"https:\/\/www.europesays.com\/fr\/508749\/","title":{"rendered":"En Allemagne, des fans de Taylor Swift chantent devant un tableau cens\u00e9 l&rsquo;avoir inspir\u00e9e pour sa chanson \u00ab\u00a0The Fate of Ophelia\u00a0\u00bb"},"content":{"rendered":"\n<p class=\"c-chapo \">\n  La chanson fait partie du douzi\u00e8me album de la m\u00e9gastar am\u00e9ricaine qui a battu des records de streaming d\u00e8s le lendemain de sa sortie d\u00e9but octobre.\n<\/p>\n<p>      lire plus tard<\/p>\n<p id=\"dialog__title\" class=\"dialog__title\">Pour sauvegarder cet article, connectez-vous ou cr\u00e9ez un compte franceinfo<\/p>\n<p class=\"dialog__description\">Sans paiement. Sans abonnement.<\/p>\n<p>        Fermer la fen\u00eatre d\u2019activation des notifications France Info<\/p>\n<p>      cr\u00e9er votre compte<\/p>\n<p>      se connecter<\/p>\n<p>        Fermer la fen\u00eatre de pr\u00e9sentation<\/p>\n<p>    <img loading=\"lazy\" decoding=\"async\" class=\"signature__image lazyload\" width=\"100\" height=\"100\" data- alt=\"\" src=\"https:\/\/www.europesays.com\/fr\/wp-content\/uploads\/2025\/05\/64abd44855ee1_placeholder-36b69ec8.png\"\/><\/p>\n<p>          France T\u00e9l\u00e9visions &#8211; R\u00e9daction Culture<\/p>\n<p>    Publi\u00e9 le 03\/11\/2025 10:55<\/p>\n<p>        Temps de lecture : 3min<\/p>\n<p>    <img decoding=\"async\"  alt=\"Les fans de la chanteuse et compositrice am\u00e9ricaine Taylor Swift assistent \u00e0 une conf\u00e9rence sur le tableau &quot;Ophelia&quot; de l'artiste allemand Friedrich Heyser lors d'une visite guid\u00e9e au mus\u00e9e de Wiesbaden, en Allemagne, le 2 novembre 2025. (KIRILL KUDRYAVTSEV \/ AFP)\" width=\"432\" height=\"243\" src=\"https:\/\/www.europesays.com\/fr\/wp-content\/uploads\/2025\/11\/000-82rk283-690866a712a93299440863.jpg\" fetchpriority=\"high\"\/><\/p>\n<p>      Les fans de la chanteuse et compositrice am\u00e9ricaine Taylor Swift assistent \u00e0 une conf\u00e9rence sur le tableau \u00ab\u00a0Ophelia\u00a0\u00bb de l&rsquo;artiste allemand Friedrich Heyser lors d&rsquo;une visite guid\u00e9e au mus\u00e9e de Wiesbaden, en Allemagne, le 2 novembre 2025. (KIRILL KUDRYAVTSEV \/ AFP)<\/p>\n<p>Des fans de<a href=\"https:\/\/www.franceinfo.fr\/culture\/musique\/pop\/la-showgirl-taylor-swift-revient-a-la-pop-et-solde-quelques-comptes-sur-son-nouvel-album-the-life-of-a-showgirl_7529152.html\" target=\"_blank\" rel=\"noopener\"> Taylor Swift <\/a>ont chant\u00e9 et dans\u00e9 dimanche 2 novembre en Allemagne sur son tube The Fate of Ophelia devant un tableau expos\u00e9 au mus\u00e9e de Wiesbaden (ouest), cens\u00e9 avoir inspir\u00e9 la star am\u00e9ricaine. Ils \u00e9taient environ 200 \u00e0 participer \u00e0 l&rsquo;\u00e9v\u00e9nement organis\u00e9 par le mus\u00e9e autour du tableau, r\u00e9alis\u00e9 vers 1900, du peintre allemand Friedrich Heyser.<\/p>\n<p>Il repr\u00e9sente Oph\u00e9lie, personnage de la pi\u00e8ce Hamlet de Shakespeare, v\u00eatue d&rsquo;une robe blanche, flottant \u00e0 moiti\u00e9 dans l&rsquo;eau, \u00e0 moiti\u00e9 sur la berge, entour\u00e9e de fleurs et de feuilles, peu avant sa noyade. Dans le clip de The Fate of Ophelia (le destin d&rsquo;Oph\u00e9lie), Taylor Swift incarne d\u00e8s les premi\u00e8res secondes l&rsquo;h\u00e9ro\u00efne tragique, \u00e9voquant directement cette peinture, avant que l&rsquo;image ne prenne vie.<\/p>\n<\/p>\n<p>Certains fans pr\u00e9sents \u00e0 Wiesbaden \u00e9taient d\u00e9guis\u00e9s en Oph\u00e9lie, couronne de fleurs dans les cheveux, d&rsquo;autres arboraient des tenues scintillantes inspir\u00e9es de celles de la chanteuse.<\/p>\n<p>Corinna Greiner, 47 ans, employ\u00e9e de bureau, est venue avec sa fille. \u00ab\u00a0C&rsquo;est incroyable que ce tableau, qui a inspir\u00e9 Taylor Swift, soit accroch\u00e9 ici \u00e0 Wiesbaden\u00a0\u00bb, dit-elle \u00e0 l&rsquo;AFP. \u00ab\u00a0J&rsquo;aime beaucoup l&rsquo;art et j&rsquo;ai toujours voulu voir en vrai le lien entre le tableau d&rsquo;Oph\u00e9lie et Taylor Swift\u00a0\u00bb, raconte \u00e0 l&rsquo;AFP Isabelle Bastian, 26 ans, venue de Darmstadt (ouest). \u00ab\u00a0L&rsquo;ambiance est incroyable, c&rsquo;est comme un mini-concert !\u00a0\u00bb, s&rsquo;amuse-t-elle.<\/p>\n<p>The Fate of Ophelia est la chanson d&rsquo;ouverture et le premier single du <a href=\"https:\/\/www.franceinfo.fr\/culture\/musique\/the-life-of-a-showgirl-taylor-swift-sort-son-tres-attendu-12e-album-accompagne-d-un-documentaire-qui-en-devoile-les-coulisses_7523353.html\" target=\"_blank\" rel=\"noopener\">dernier album de la m\u00e9gastar am\u00e9ricaine, <\/a><a href=\"https:\/\/www.franceinfo.fr\/culture\/musique\/the-life-of-a-showgirl-taylor-swift-sort-son-tres-attendu-12e-album-accompagne-d-un-documentaire-qui-en-devoile-les-coulisses_7523353.html\" target=\"_blank\" rel=\"noopener\">The Life of a Showgirl<\/a>, sorti le 3 octobre 2025. D\u00e8s le lendemain, <a href=\"https:\/\/www.franceinfo.fr\/culture\/musique\/pop\/le-nouvel-album-de-taylor-swift-bat-deja-des-records-et-devient-en-un-seul-jour-le-plus-ecoute-de-l-annee-2025_7531387.html\" target=\"_blank\" rel=\"noopener\">l&rsquo;album avait d\u00e9j\u00e0 battu des records de streaming,<\/a> selon les plateformes d\u00e9di\u00e9es.<\/p>\n<p>Les billets de l&rsquo;\u00e9v\u00e8nement se sont arrach\u00e9s en quelques heures. Apr\u00e8s une pr\u00e9sentation de l&rsquo;\u0153uvre par un expert du mus\u00e9e, les fans se sont tr\u00e9mouss\u00e9s au son de la chanson diffus\u00e9e sur haut-parleurs, avant une longue s\u00e9ance de selfies devant le tableau.<\/p>\n<p>Le mus\u00e9e, situ\u00e9 pr\u00e8s de Francfort, n&rsquo;avait pas imagin\u00e9 que ce tableau, expos\u00e9 depuis 2019, inspirerait un clip de la star jusqu&rsquo;\u00e0 ce que ses r\u00e9seaux sociaux s&rsquo;animent apr\u00e8s la sortie de la chanson. \u00ab\u00a0Nous avons \u00e9t\u00e9 tr\u00e8s surpris\u00a0\u00bb, a d\u00e9clar\u00e9 \u00e0 l&rsquo;AFP le directeur du mus\u00e9e, Andreas Henning, qui n&rsquo;en revient pas de \u00ab\u00a0l&rsquo;afflux massif de visiteurs\u00a0\u00bb qui en a r\u00e9sult\u00e9. Ces visiteurs viennent par centaines de toute l&rsquo;Allemagne, de France et d&rsquo;Angleterre mais aussi des \u00c9tats-Unis et d&rsquo;Am\u00e9rique du Sud.<\/p>\n<p>Le mus\u00e9e n&rsquo;a pas eu de contact avec Taylor Swift ou son \u00e9quipe \u00e0 propos du lien entre son tube &#8211; le premier single de l&rsquo;album The Life of a Showgirl &#8211; et le tableau de Heyser. Les fans ont, quant \u00e0 eux, scand\u00e9 \u00e0 l&rsquo;unisson dimanche : \u00ab\u00a0Taylor, viens \u00e0 Wiesbaden !\u00a0\u00bb.<\/p>\n","protected":false},"excerpt":{"rendered":"La chanson fait partie du douzi\u00e8me album de la m\u00e9gastar am\u00e9ricaine qui a battu des records de streaming&hellip;\n","protected":false},"author":2,"featured_media":508750,"comment_status":"","ping_status":"","sticky":false,"template":"","format":"standard","meta":{"footnotes":""},"categories":[1587],"tags":[11,672,1804,1805,1803,1777,674,1801,12,1802],"class_list":{"0":"post-508749","1":"post","2":"type-post","3":"status-publish","4":"format-standard","5":"has-post-thumbnail","7":"category-allemagne","8":"tag-actualites","9":"tag-allemagne","10":"tag-bundesrepublik-deutschland","11":"tag-de","12":"tag-deutschland","13":"tag-eu","14":"tag-europe","15":"tag-germany","16":"tag-news","17":"tag-republique-federale-dallemagne"},"share_on_mastodon":{"url":"https:\/\/pubeurope.com\/@fr\/115485578370598266","error":""},"_links":{"self":[{"href":"https:\/\/www.europesays.com\/fr\/wp-json\/wp\/v2\/posts\/508749","targetHints":{"allow":["GET"]}}],"collection":[{"href":"https:\/\/www.europesays.com\/fr\/wp-json\/wp\/v2\/posts"}],"about":[{"href":"https:\/\/www.europesays.com\/fr\/wp-json\/wp\/v2\/types\/post"}],"author":[{"embeddable":true,"href":"https:\/\/www.europesays.com\/fr\/wp-json\/wp\/v2\/users\/2"}],"replies":[{"embeddable":true,"href":"https:\/\/www.europesays.com\/fr\/wp-json\/wp\/v2\/comments?post=508749"}],"version-history":[{"count":0,"href":"https:\/\/www.europesays.com\/fr\/wp-json\/wp\/v2\/posts\/508749\/revisions"}],"wp:featuredmedia":[{"embeddable":true,"href":"https:\/\/www.europesays.com\/fr\/wp-json\/wp\/v2\/media\/508750"}],"wp:attachment":[{"href":"https:\/\/www.europesays.com\/fr\/wp-json\/wp\/v2\/media?parent=508749"}],"wp:term":[{"taxonomy":"category","embeddable":true,"href":"https:\/\/www.europesays.com\/fr\/wp-json\/wp\/v2\/categories?post=508749"},{"taxonomy":"post_tag","embeddable":true,"href":"https:\/\/www.europesays.com\/fr\/wp-json\/wp\/v2\/tags?post=508749"}],"curies":[{"name":"wp","href":"https:\/\/api.w.org\/{rel}","templated":true}]}}