{"id":508769,"date":"2025-11-03T11:54:14","date_gmt":"2025-11-03T11:54:14","guid":{"rendered":"https:\/\/www.europesays.com\/fr\/508769\/"},"modified":"2025-11-03T11:54:14","modified_gmt":"2025-11-03T11:54:14","slug":"cetait-une-erreur-george-clooney-regrette-le-choix-de-kamala-harris-pour-remplacer-joe-biden","status":"publish","type":"post","link":"https:\/\/www.europesays.com\/fr\/508769\/","title":{"rendered":"\u00ab\u00a0C&rsquo;\u00e9tait une erreur\u00a0\u00bb : George Clooney regrette le choix de Kamala Harris pour remplacer Joe Biden"},"content":{"rendered":"<ul class=\"jsx-862013697 ArticleChapo__List\">\n<li class=\"jsx-862013697 ArticleChapo__List_Item flex\">L&rsquo;acteur, qui avait r\u00e9clam\u00e9 le retrait de Joe Biden \u00e0 l&rsquo;\u00e9t\u00e9 2024, regrette que le parti d\u00e9mocrate ait fait l&rsquo;impasse sur une primaire pour le remplacer.<\/li>\n<li class=\"jsx-862013697 ArticleChapo__List_Item flex\">Il estime en effet que Kamala Harris a d\u00fb faire campagne contre son propre bilan de vice-pr\u00e9sidente.<\/li>\n<\/ul>\n<p><a href=\"https:\/\/www.tf1info.fr\/actualite\/joe-biden-elu-president-des-etats-unis-kamala-harris-premiere-femme-vice-presidente-en-amerique-12555\/\" rel=\"noopener\" class=\"jsx-484472199 Link jsx-1428418400 jsx-554215408\" target=\"_blank\"><\/p>\n<p style=\"font-weight:400\" class=\"jsx-1837267516\">Suivez la couverture compl\u00e8te<\/p>\n<p style=\"font-weight:800\" class=\"jsx-1837267516\">Biden et Harris \u00e0 la Maison Blanche<\/p>\n<p><\/a><\/p>\n<p data-module=\"article-paragraph\" class=\"jsx-3046738180 Paragraph Paragraph__End\">\u00c0 l&rsquo;\u00e9t\u00e9 2024, George Clooney faisait sensation en r\u00e9clamant le retrait de Joe Biden, <a href=\"https:\/\/www.nytimes.com\/2024\/07\/10\/opinion\/joe-biden-democratic-nominee.html\" target=\"_blank\" rel=\"noopener\">dans une tribune publi\u00e9e par le New York Times<\/a>. Quelques semaines plus tard, le pr\u00e9sident am\u00e9ricain abandonnait la course \u00e0 la Maison-Blanche et c\u00e9dait sa place \u00e0 Kamala Harris\u2026 avant le r\u00e9sultat que tout le monde conna\u00eet d\u00e9sormais. L&rsquo;acteur a-t-il des regrets ? \u00ab\u00a0Comme je l&rsquo;ai \u00e9crit \u00e0 l&rsquo;\u00e9poque, je souhaitais une primaire\u00a0\u00bb, a estim\u00e9 dimanche l&rsquo;acteur dans un entretien \u00e0 la cha\u00eene CBS.\u00a0<\/p>\n<p data-module=\"article-paragraph\" class=\"jsx-3046738180 Paragraph Paragraph__End\">\u00c0 l&rsquo;\u00e9poque, le Parti d\u00e9mocrate avait pr\u00e9f\u00e9r\u00e9 faire l&rsquo;impasse sur une primaire faute de temps. \u00ab\u00a0Je pense que l&rsquo;erreur qui a \u00e9t\u00e9 commise en choisissant Kamala, c&rsquo;est qu&rsquo;elle a d\u00fb se battre contre son propre bilan (en tant que vice-pr\u00e9sidente \u2013 ndlr), d\u00e9plore l&rsquo;acteur. \u00ab\u00a0Je pense que c&rsquo;est tr\u00e8s dur de se pr\u00e9senter en disant : &lsquo;Je ne suis pas cette personne&rsquo; (\u2026) Je pense que c&rsquo;\u00e9tait une erreur, honn\u00eatement. Mais nous sommes ce que nous sommes.\u00a0\u00bb<\/p>\n<blockquote class=\"jsx-2786790838 Quote__Text\"><p>Ne rien faire, \u00e7a revenait \u00e0 ne pas dire la v\u00e9rit\u00e9<\/p><\/blockquote>\n<p>George Clooney sur CBS<\/p>\n<p data-module=\"article-paragraph\" class=\"jsx-3046738180 Paragraph Paragraph__End\">George Clooney rappelle que les sondages et de nombreuses personnalit\u00e9s du parti d\u00e9mocrate estimaient en off que le maintien de Joe Biden allait faire leur faire perdre l&rsquo;\u00e9lection pr\u00e9sidentielle, mais aussi de nombreux si\u00e8ges au Congr\u00e8s. \u00ab\u00a0Ne rien faire, \u00e7a revenait \u00e0 ne pas dire la v\u00e9rit\u00e9\u00a0\u00bb, estime aujourd&rsquo;hui l&rsquo;acteur qui s&rsquo;\u00e9tait \u00e9mu de l&rsquo;\u00e9tat de sant\u00e9 inqui\u00e9tant du pr\u00e9sident sortant lors d&rsquo;un meeting pour r\u00e9colter des fonds.<\/p>\n<p><a href=\"https:\/\/www.tf1info.fr\/election-presidentielle-americaine\/etats-unis-presidentielle-nous-n-allons-pas-gagner-avec-ce-president-george-clooney-demande-a-joe-biden-de-se-retirer-2308068.html\" rel=\"noopener\" class=\"jsx-3308031228 Link flex\" target=\"_blank\"><img decoding=\"async\" src=\"https:\/\/www.europesays.com\/fr\/wp-content\/uploads\/2025\/11\/george-clooney-1218-7a5506-0@1x.jpeg\" alt=\"AFP\" loading=\"lazy\" importance=\"low\" fetchpriority=\"low\" class=\"\" aria-hidden=\"true\"\/><\/p>\n<p class=\"jsx-3657663356 ReadMoreArticle__Title\">Lire aussi<\/p>\n<p class=\"jsx-3657663356\">\u00ab\u00a0Nous n\u2019allons pas gagner avec ce pr\u00e9sident\u00a0\u00bb : George Clooney demande \u00e0 Joe Biden de se retirer<\/p>\n<p><\/a><\/p>\n<p data-module=\"article-paragraph\" class=\"jsx-3046738180 Paragraph Paragraph__End\">\u00ab\u00a0Je le consid\u00e8re comme un ami et je crois en lui. Je crois en son caract\u00e8re. Je crois en sa morale. Au cours des quatre derni\u00e8res ann\u00e9es, il a remport\u00e9 bon nombre des batailles auxquelles il a \u00e9t\u00e9 confront\u00e9\u00a0\u00bb, avait \u00e9crit l&rsquo;acteur dans sa tribune intitul\u00e9e \u00ab\u00a0J&rsquo;aime Joe Biden, mais il nous faut un autre candidat\u00a0\u00bb. \u00ab\u00a0La seule bataille qu&rsquo;il ne peut pas gagner, c&rsquo;est la lutte contre le temps. Aucun d&rsquo;entre nous ne le peut\u00a0\u00bb, avait-il plaid\u00e9.<\/p>\n<p data-module=\"article-paragraph\" class=\"jsx-3046738180 Paragraph Paragraph__End\">\u00ab\u00a0C&rsquo;est d\u00e9vastateur de le dire, mais le Joe Biden avec qui j&rsquo;\u00e9tais il y a trois semaines \u00e0 la collecte de fonds n&rsquo;\u00e9tait pas le Joe Biden de 2010. Ou m\u00eame de 2020. C&rsquo;\u00e9tait le m\u00eame homme que nous avons tous vu au d\u00e9bat\u00a0\u00bb, avait-il soulign\u00e9 \u00e0 propos de son face-\u00e0-face t\u00e9l\u00e9vis\u00e9 d\u00e9sastreux avec Donald Trump, fin juin 2024. Sa campagne ne s&rsquo;en \u00e9tait jamais remise.<\/p>\n<p>J\u00e9r\u00f4me VERMELIN<\/p>\n","protected":false},"excerpt":{"rendered":"L&rsquo;acteur, qui avait r\u00e9clam\u00e9 le retrait de Joe Biden \u00e0 l&rsquo;\u00e9t\u00e9 2024, regrette que le parti d\u00e9mocrate ait&hellip;\n","protected":false},"author":2,"featured_media":508770,"comment_status":"","ping_status":"","sticky":false,"template":"","format":"standard","meta":{"footnotes":""},"categories":[1359],"tags":[1111,11,1921,63032,58,75,59,73,1011,27,6054,1922,457,458,2041,973,133,2040],"class_list":{"0":"post-508769","1":"post","2":"type-post","3":"status-publish","4":"format-standard","5":"has-post-thumbnail","7":"category-people","8":"tag-actu","9":"tag-actualites","10":"tag-article-video","11":"tag-biden-et-harris-a-la-maison-blanche","12":"tag-divertissement","13":"tag-donald-trump","14":"tag-entertainment","15":"tag-etats-unis","16":"tag-fr","17":"tag-france","18":"tag-george-clooney","19":"tag-info","20":"tag-joe-biden","21":"tag-kamala-harris","22":"tag-medias-et-divertissement","23":"tag-people","24":"tag-video","25":"tag-video-culture"},"share_on_mastodon":{"url":"https:\/\/pubeurope.com\/@fr\/115485637124504342","error":""},"_links":{"self":[{"href":"https:\/\/www.europesays.com\/fr\/wp-json\/wp\/v2\/posts\/508769","targetHints":{"allow":["GET"]}}],"collection":[{"href":"https:\/\/www.europesays.com\/fr\/wp-json\/wp\/v2\/posts"}],"about":[{"href":"https:\/\/www.europesays.com\/fr\/wp-json\/wp\/v2\/types\/post"}],"author":[{"embeddable":true,"href":"https:\/\/www.europesays.com\/fr\/wp-json\/wp\/v2\/users\/2"}],"replies":[{"embeddable":true,"href":"https:\/\/www.europesays.com\/fr\/wp-json\/wp\/v2\/comments?post=508769"}],"version-history":[{"count":0,"href":"https:\/\/www.europesays.com\/fr\/wp-json\/wp\/v2\/posts\/508769\/revisions"}],"wp:featuredmedia":[{"embeddable":true,"href":"https:\/\/www.europesays.com\/fr\/wp-json\/wp\/v2\/media\/508770"}],"wp:attachment":[{"href":"https:\/\/www.europesays.com\/fr\/wp-json\/wp\/v2\/media?parent=508769"}],"wp:term":[{"taxonomy":"category","embeddable":true,"href":"https:\/\/www.europesays.com\/fr\/wp-json\/wp\/v2\/categories?post=508769"},{"taxonomy":"post_tag","embeddable":true,"href":"https:\/\/www.europesays.com\/fr\/wp-json\/wp\/v2\/tags?post=508769"}],"curies":[{"name":"wp","href":"https:\/\/api.w.org\/{rel}","templated":true}]}}