{"id":508775,"date":"2025-11-03T11:58:13","date_gmt":"2025-11-03T11:58:13","guid":{"rendered":"https:\/\/www.europesays.com\/fr\/508775\/"},"modified":"2025-11-03T11:58:13","modified_gmt":"2025-11-03T11:58:13","slug":"pourquoi-le-compte-instagram-de-la-star-de-la-pop-a-t-il-ete-supprime","status":"publish","type":"post","link":"https:\/\/www.europesays.com\/fr\/508775\/","title":{"rendered":"Pourquoi le compte Instagram de la star de la pop a-t-il \u00e9t\u00e9 supprim\u00e9\u00a0?"},"content":{"rendered":"<p>Pour vivre heureux, vivons cach\u00e9s\u2026 <a href=\"https:\/\/www.20minutes.fr\/arts-stars\/people\/britney_spears\/\" class=\"c-link c-link--is-underlined\" rel=\"nofollow noopener\" target=\"_blank\">Britney Spears<\/a> semble avoir fait sienne cette maxime en supprimant, dimanche 2\u00a0novembre 2025, <a href=\"https:\/\/www.instagram.com\/britneyspears\/\" rel=\"nofollow noopener\" target=\"_blank\" class=\"c-link c-link--is-underlined\">son compte Instagram<\/a> \u2013 pourtant suivi par des millions de <a href=\"https:\/\/www.20minutes.fr\/dossier\/fans\" class=\"c-link c-link--is-underlined\" rel=\"nofollow noopener\" target=\"_blank\">fans<\/a>. Il semble que le r\u00e9cent \u00ab\u00a0conflit\u00a0\u00bb avec son ex-mari ait motiv\u00e9 cette d\u00e9marche, rapporte <a href=\"https:\/\/www.cnews.fr\/people\/2025-11-03\/britney-spears-le-compte-instagram-de-la-chanteuse-ete-supprime-1764065\" rel=\"nofollow noopener\" target=\"_blank\" class=\"c-link c-link--is-underlined\">CNews<\/a>.<\/p>\n<\/p>\n<p>L\u2019affaire \u00ab\u00a0Britney &amp; sons\u00a0\u00bb<\/p>\n<p>Ces derni\u00e8res semaines, la <a href=\"https:\/\/www.20minutes.fr\/dossier\/chanteuse\" class=\"c-link c-link--is-underlined\" rel=\"nofollow noopener\" target=\"_blank\">chanteuse <\/a>avait en effet multipli\u00e9 les posts visant \u00e0 se d\u00e9fendre contre les accusations que <a href=\"https:\/\/www.20minutes.fr\/arts-stars\/people\/4180069-20251017-britney-spears-denonce-haine-kevin-federline-cardi-b-defend-droit-allaiter\" class=\"c-link c-link--is-underlined\" rel=\"nofollow noopener\" target=\"_blank\">Kevin Federline<\/a> \u2013 qu\u2019elle avait \u00e9pous\u00e9 en\u00a02004 avant de divorcer, trois ans plus tard \u2013 avait prof\u00e9r\u00e9es \u00e0 son encontre dans <a href=\"https:\/\/www.20minutes.fr\/arts-stars\/people\/4167103-20250807-ex-britney-spears-kevin-federline-promet-revelations-tres-personnelles-autobiographie\" class=\"c-link c-link--is-underlined\" rel=\"nofollow noopener\" target=\"_blank\">son autobiographie You thought you knew <\/a>(Vous pensiez savoir).<\/p>\n<p>L\u2019ancien <a href=\"https:\/\/www.20minutes.fr\/dossier\/danse\" class=\"c-link c-link--is-underlined\" rel=\"nofollow noopener\" target=\"_blank\">danseur <\/a>y questionnait la relation que Britney Spears avait entretenue avec leurs deux fils, aujourd\u2019hui \u00e2g\u00e9s de 19 et 20 ans, affirmant qu\u2019<a href=\"https:\/\/www.20minutes.fr\/arts-stars\/people\/3347695-20220910-voila-faut-retenir-interview-trash-kevin-federline-britney-spears\" class=\"c-link c-link--is-underlined\" rel=\"nofollow noopener\" target=\"_blank\">elle les aurait physiquement menac\u00e9s<\/a> et qu\u2019ils refuseraient d\u00e9sormais de la revoir. Il lui reprochait \u00e9galement d\u2019avoir \u00e9t\u00e9 infid\u00e8le et de s\u2019\u00eatre <a href=\"https:\/\/www.20minutes.fr\/dossier\/drogue\" class=\"c-link c-link--is-underlined\" rel=\"nofollow noopener\" target=\"_blank\">drogu\u00e9e <\/a>alors qu\u2019elle allaitait\u2026<\/p>\n<p>Un diff\u00e9rend difficile \u00e0 g\u00e9rer<\/p>\n<p>Britney Spears s\u2019en \u00e9tait alors plusieurs fois d\u00e9fendue sur les <a href=\"https:\/\/www.20minutes.fr\/dossier\/reseaux_sociaux\" class=\"c-link c-link--is-underlined\" rel=\"nofollow noopener\" target=\"_blank\">r\u00e9seaux sociaux<\/a>, affirmant que les all\u00e9gations de Kevin Federline n\u2019\u00e9taient que mensonges\u00a0: \u00ab\u00a0Les manipulations constantes de mon ex-mari sont extr\u00eamement blessantes et \u00e9puisantes [\u2026] J\u2019ai toujours suppli\u00e9 et insist\u00e9 pour pouvoir vivre avec mes fils\u00a0\u00bb, avait-elle, par exemple, \u00e9crit sur <a href=\"https:\/\/www.20minutes.fr\/high-tech\/instagram\/\" class=\"c-link c-link--is-underlined\" rel=\"nofollow noopener\" target=\"_blank\">Instagram<\/a>.<\/p>\n<p><a href=\"https:\/\/www.20minutes.fr\/arts-stars\/people\/britney_spears\/\" class=\"c-link c-btn c-btn--primary\" rel=\"nofollow noopener\" target=\"_blank\">Notre dossier \u00ab Britney Spears \u00bb<\/a><\/p>\n<p>La \u00ab\u00a0princesse de la <a href=\"https:\/\/www.20minutes.fr\/dossier\/pop\" class=\"c-link c-link--is-underlined\" rel=\"nofollow noopener\" target=\"_blank\">pop\u00a0<\/a>\u00bb avait, par le pass\u00e9, plusieurs fois <a href=\"https:\/\/www.20minutes.fr\/arts-stars\/people\/4046679-20230724-britney-spears-efface-encore-compte-instagram-billie-eilish-deuil\" class=\"c-link c-link--is-underlined\" rel=\"nofollow noopener\" target=\"_blank\">d\u00e9sactiv\u00e9 son compte<\/a> alors qu\u2019elle connaissait des troubles de <a href=\"https:\/\/www.20minutes.fr\/sante\/sante-mentale\/\" class=\"c-link c-link--is-underlined\" rel=\"nofollow noopener\" target=\"_blank\">sant\u00e9 mentale<\/a>. <a href=\"https:\/\/www.dailymail.co.uk\/tvshowbiz\/article-15251705\/Britney-Spears-deletes-Instagram-Kevin-Federline.html\" rel=\"nofollow noopener\" target=\"_blank\" class=\"c-link c-link--is-underlined\">Le Daily Mail signale<\/a> d\u2019ailleurs que l\u2019Am\u00e9ricaine de 43 ans avait r\u00e9cemment inqui\u00e9t\u00e9 ses followers en postant des contenus troublants, dont une <a href=\"https:\/\/www.20minutes.fr\/dossier\/video\" class=\"c-link c-link--is-underlined\" rel=\"nofollow noopener\" target=\"_blank\">vid\u00e9o<\/a> dans laquelle elle apparaissait particuli\u00e8rement d\u00e9sorient\u00e9e.<\/p>\n<p><script async src=\"\/\/www.instagram.com\/embed.js\"><\/script><\/p>\n","protected":false},"excerpt":{"rendered":"Pour vivre heureux, vivons cach\u00e9s\u2026 Britney Spears semble avoir fait sienne cette maxime en supprimant, dimanche 2\u00a0novembre 2025,&hellip;\n","protected":false},"author":2,"featured_media":508776,"comment_status":"","ping_status":"","sticky":false,"template":"","format":"standard","meta":{"footnotes":""},"categories":[1355],"tags":[8719,1695,2704,9722,58,7681,847,59,1011,27,2440,1930,1361,873,973,10044,938,2072,3287,133],"class_list":{"0":"post-508775","1":"post","2":"type-post","3":"status-publish","4":"format-standard","5":"has-post-thumbnail","7":"category-musique","8":"tag-britney-spears","9":"tag-chanson","10":"tag-chanteuse","11":"tag-cnews","12":"tag-divertissement","13":"tag-divorce","14":"tag-enfant","15":"tag-entertainment","16":"tag-fr","17":"tag-france","18":"tag-instagram","19":"tag-mariage","20":"tag-music","21":"tag-musique","22":"tag-people","23":"tag-pop","24":"tag-reseaux-sociaux","25":"tag-sante-mentale","26":"tag-stars","27":"tag-video"},"share_on_mastodon":{"url":"https:\/\/pubeurope.com\/@fr\/115485652175608070","error":""},"_links":{"self":[{"href":"https:\/\/www.europesays.com\/fr\/wp-json\/wp\/v2\/posts\/508775","targetHints":{"allow":["GET"]}}],"collection":[{"href":"https:\/\/www.europesays.com\/fr\/wp-json\/wp\/v2\/posts"}],"about":[{"href":"https:\/\/www.europesays.com\/fr\/wp-json\/wp\/v2\/types\/post"}],"author":[{"embeddable":true,"href":"https:\/\/www.europesays.com\/fr\/wp-json\/wp\/v2\/users\/2"}],"replies":[{"embeddable":true,"href":"https:\/\/www.europesays.com\/fr\/wp-json\/wp\/v2\/comments?post=508775"}],"version-history":[{"count":0,"href":"https:\/\/www.europesays.com\/fr\/wp-json\/wp\/v2\/posts\/508775\/revisions"}],"wp:featuredmedia":[{"embeddable":true,"href":"https:\/\/www.europesays.com\/fr\/wp-json\/wp\/v2\/media\/508776"}],"wp:attachment":[{"href":"https:\/\/www.europesays.com\/fr\/wp-json\/wp\/v2\/media?parent=508775"}],"wp:term":[{"taxonomy":"category","embeddable":true,"href":"https:\/\/www.europesays.com\/fr\/wp-json\/wp\/v2\/categories?post=508775"},{"taxonomy":"post_tag","embeddable":true,"href":"https:\/\/www.europesays.com\/fr\/wp-json\/wp\/v2\/tags?post=508775"}],"curies":[{"name":"wp","href":"https:\/\/api.w.org\/{rel}","templated":true}]}}