{"id":508810,"date":"2025-11-03T12:18:12","date_gmt":"2025-11-03T12:18:12","guid":{"rendered":"https:\/\/www.europesays.com\/fr\/508810\/"},"modified":"2025-11-03T12:18:12","modified_gmt":"2025-11-03T12:18:12","slug":"municipales-2026-a-echirolles-les-insoumis-unitaires-soutiennent-amandine-demore","status":"publish","type":"post","link":"https:\/\/www.europesays.com\/fr\/508810\/","title":{"rendered":"Municipales 2026. A Echirolles, \u201cles Insoumis unitaires\u201d soutiennent Amandine Demore"},"content":{"rendered":"<p>Le groupe des \u201cInsoumis unitaires\u201d, qui fait partie de la majorit\u00e9 \u00e9chirolloise, compte quatre \u00e9lus. Son pr\u00e9sident, Za\u00efm Bouhafs, vient d\u2019apporter par communiqu\u00e9 de presse, son soutien \u00e0 <a href=\"https:\/\/www.ledauphine.com\/p\/amandine-demore\" target=\"_blank\" rel=\"noopener\">Amandine Demore<\/a>, maire, pour les prochaines municipales et l\u2019appelle \u00ab\u00a0\u00e0 conduire une liste de rassemblement pour cette \u00e9ch\u00e9ance majeure\u00a0\u00bb. Pour lui, \u00ab\u00a0la volont\u00e9\u00a0\u00bb de la maire \u00ab\u00a0et sa capacit\u00e9 de rassemblement des forces de gauche et citoyennes font qu\u2019elle incarne un rempart contre l\u2019extr\u00eame droite, toujours en embuscade dans les villes populaires comme la n\u00f4tre\u00a0\u00bb.<\/p>\n<p>Sauf que le rassemblement de toute la gauche, on le sait d\u00e9j\u00e0 compris dans la commune, puisqu\u2019<a href=\"https:\/\/www.ledauphine.com\/elections\/2025\/09\/29\/ouvrir-une-nouvelle-page-le-parti-echirolles-a-venir-rassemble-des-elus-de-gauche-et-les-ecologistes\" target=\"_blank\" rel=\"noopener\">un autre candidat<\/a>\u00a0s\u2019est d\u00e9clar\u00e9\u00a0: Antar Labiod, investi pour ce scrutin par La France insoumise, m\u00e8ne la liste \u00c9chirolles A\u2019venir, compos\u00e9e d\u2019Insoumis donc, mais aussi de membres d\u2019Europe \u00c9cologie les Verts et de G\u00e9n\u00e9ration.S.<\/p>\n<p>Quant au groupe des sociaux-d\u00e9mocrates \u00e9chirollois (Parti socialiste, Place publique), pr\u00e9sid\u00e9 par La\u00ebtitia Rabih, il ne s\u2019est pas encore positionn\u00e9 officiellement dans cette campagne.<\/p>\n","protected":false},"excerpt":{"rendered":"Le groupe des \u201cInsoumis unitaires\u201d, qui fait partie de la majorit\u00e9 \u00e9chirolloise, compte quatre \u00e9lus. Son pr\u00e9sident, Za\u00efm&hellip;\n","protected":false},"author":2,"featured_media":508811,"comment_status":"","ping_status":"","sticky":false,"template":"","format":"standard","meta":{"footnotes":""},"categories":[9566],"tags":[1111,11,2430,9852,9853,112,4188,1777,674,1011,27,2731,108,12,316,25],"class_list":{"0":"post-508810","1":"post","2":"type-post","3":"status-publish","4":"format-standard","5":"has-post-thumbnail","7":"category-grenoble","8":"tag-actu","9":"tag-actualites","10":"tag-auvergne-rhone-alpes","11":"tag-echirolles","12":"tag-echirolles-bassin","13":"tag-edition-grenoble-agglomeration","14":"tag-elections-municipales","15":"tag-eu","16":"tag-europe","17":"tag-fr","18":"tag-france","19":"tag-grenoble","20":"tag-isere","21":"tag-news","22":"tag-politique","23":"tag-republique-francaise"},"share_on_mastodon":{"url":"https:\/\/pubeurope.com\/@fr\/115485730767461919","error":""},"_links":{"self":[{"href":"https:\/\/www.europesays.com\/fr\/wp-json\/wp\/v2\/posts\/508810","targetHints":{"allow":["GET"]}}],"collection":[{"href":"https:\/\/www.europesays.com\/fr\/wp-json\/wp\/v2\/posts"}],"about":[{"href":"https:\/\/www.europesays.com\/fr\/wp-json\/wp\/v2\/types\/post"}],"author":[{"embeddable":true,"href":"https:\/\/www.europesays.com\/fr\/wp-json\/wp\/v2\/users\/2"}],"replies":[{"embeddable":true,"href":"https:\/\/www.europesays.com\/fr\/wp-json\/wp\/v2\/comments?post=508810"}],"version-history":[{"count":0,"href":"https:\/\/www.europesays.com\/fr\/wp-json\/wp\/v2\/posts\/508810\/revisions"}],"wp:featuredmedia":[{"embeddable":true,"href":"https:\/\/www.europesays.com\/fr\/wp-json\/wp\/v2\/media\/508811"}],"wp:attachment":[{"href":"https:\/\/www.europesays.com\/fr\/wp-json\/wp\/v2\/media?parent=508810"}],"wp:term":[{"taxonomy":"category","embeddable":true,"href":"https:\/\/www.europesays.com\/fr\/wp-json\/wp\/v2\/categories?post=508810"},{"taxonomy":"post_tag","embeddable":true,"href":"https:\/\/www.europesays.com\/fr\/wp-json\/wp\/v2\/tags?post=508810"}],"curies":[{"name":"wp","href":"https:\/\/api.w.org\/{rel}","templated":true}]}}