{"id":508812,"date":"2025-11-03T12:19:10","date_gmt":"2025-11-03T12:19:10","guid":{"rendered":"https:\/\/www.europesays.com\/fr\/508812\/"},"modified":"2025-11-03T12:19:10","modified_gmt":"2025-11-03T12:19:10","slug":"fbbp-feminin-regional-1-vs-grenoble-foot-38","status":"publish","type":"post","link":"https:\/\/www.europesays.com\/fr\/508812\/","title":{"rendered":"FBBP F\u00e9minin R\u00e9gional 1 vs Grenoble Foot 38"},"content":{"rendered":"<p>Rendez-vous samedi 8 novembre 2025 \u00e0 17h, au stade municipal \u00e0 P\u00e9ronnas.<\/p>\n<p>Le FBBP 01 F\u00e9minin affrontera Grenoble pour la 6\u00e8me journ\u00e9e de F\u00e9minin R\u00e9gional 1.<\/p>\n<p>Supporter, famille, amis et partenaires du FBBP 01 F\u00e9minin, vous \u00eates tous attendus pour venir encourager l&rsquo;\u00e9quipe !<\/p>\n<p>Rendez-vous samedi 8 novembre 2025 \u00e0 17h, au stade municipal \u00e0 P\u00e9ronnas<\/p>\n<p>Infos pratiques : <br \/>&#8211; Adresse : Stade Municipal 145 rue des Granges Bonnet, 01960 P\u00e9ronnas <\/p>\n<p>Plus d&rsquo;infos sur la page Facebook <a class=\"url\" href=\"https:\/\/www.facebook.com\/profile.php?id=100057288108062\" target=\"_blank\" rel=\"noopener\">FBBP 01 F\u00e9minin<\/a> et le site <a class=\"url\" href=\"https:\/\/www.fbbp01.fr\/\" target=\"_blank\" rel=\"noopener\">fbbp01.fr<\/a><\/p>\n<p>Radio SCOOP 1er supporter du FBBP 01 F\u00e9minin<\/p>\n<p><\/p>\n","protected":false},"excerpt":{"rendered":"Rendez-vous samedi 8 novembre 2025 \u00e0 17h, au stade municipal \u00e0 P\u00e9ronnas. Le FBBP 01 F\u00e9minin affrontera Grenoble&hellip;\n","protected":false},"author":2,"featured_media":508813,"comment_status":"","ping_status":"","sticky":false,"template":"","format":"standard","meta":{"footnotes":""},"categories":[9566],"tags":[1111,11,2430,6749,1777,674,63041,2257,63,63043,1011,27,2731,955,12,25,517,63042],"class_list":{"0":"post-508812","1":"post","2":"type-post","3":"status-publish","4":"format-standard","5":"has-post-thumbnail","7":"category-grenoble","8":"tag-actu","9":"tag-actualites","10":"tag-auvergne-rhone-alpes","11":"tag-bourg-en-bresse","12":"tag-eu","13":"tag-europe","14":"tag-fbbp","15":"tag-foot","16":"tag-football","17":"tag-football-bourg-en-bresse-pronnas-01","18":"tag-fr","19":"tag-france","20":"tag-grenoble","21":"tag-match","22":"tag-news","23":"tag-republique-francaise","24":"tag-sport","25":"tag-stade-marcel-verchre"},"share_on_mastodon":{"url":"https:\/\/pubeurope.com\/@fr\/115485734809137996","error":""},"_links":{"self":[{"href":"https:\/\/www.europesays.com\/fr\/wp-json\/wp\/v2\/posts\/508812","targetHints":{"allow":["GET"]}}],"collection":[{"href":"https:\/\/www.europesays.com\/fr\/wp-json\/wp\/v2\/posts"}],"about":[{"href":"https:\/\/www.europesays.com\/fr\/wp-json\/wp\/v2\/types\/post"}],"author":[{"embeddable":true,"href":"https:\/\/www.europesays.com\/fr\/wp-json\/wp\/v2\/users\/2"}],"replies":[{"embeddable":true,"href":"https:\/\/www.europesays.com\/fr\/wp-json\/wp\/v2\/comments?post=508812"}],"version-history":[{"count":0,"href":"https:\/\/www.europesays.com\/fr\/wp-json\/wp\/v2\/posts\/508812\/revisions"}],"wp:featuredmedia":[{"embeddable":true,"href":"https:\/\/www.europesays.com\/fr\/wp-json\/wp\/v2\/media\/508813"}],"wp:attachment":[{"href":"https:\/\/www.europesays.com\/fr\/wp-json\/wp\/v2\/media?parent=508812"}],"wp:term":[{"taxonomy":"category","embeddable":true,"href":"https:\/\/www.europesays.com\/fr\/wp-json\/wp\/v2\/categories?post=508812"},{"taxonomy":"post_tag","embeddable":true,"href":"https:\/\/www.europesays.com\/fr\/wp-json\/wp\/v2\/tags?post=508812"}],"curies":[{"name":"wp","href":"https:\/\/api.w.org\/{rel}","templated":true}]}}