{"id":508814,"date":"2025-11-03T12:20:17","date_gmt":"2025-11-03T12:20:17","guid":{"rendered":"https:\/\/www.europesays.com\/fr\/508814\/"},"modified":"2025-11-03T12:20:17","modified_gmt":"2025-11-03T12:20:17","slug":"meurtre-a-rennes-incertitudes-sur-le-budget-menace-dinterdiction-de-shein-en-france-le-point-a-la-mi-journee","status":"publish","type":"post","link":"https:\/\/www.europesays.com\/fr\/508814\/","title":{"rendered":"Meurtre \u00e0 Rennes, incertitudes sur le budget, menace d\u2019interdiction de Shein en France\u00a0: le point \u00e0 la mi-journ\u00e9e"},"content":{"rendered":"<p><strong>Budget : incertitude totale sur les d\u00e9lais comme sur les votes<\/strong><\/p>\n<p>Les d\u00e9put\u00e9s bouclent huit jours de d\u00e9bats sur la partie \u00ab recettes \u00bb du budget de l\u2019\u00c9tat, sans espoir de voter sur ce premier volet mardi comme initialement pr\u00e9vu. Il semble peu probable que le texte puisse trouver une majorit\u00e9 dans l\u2019h\u00e9micycle, m\u00eame si le gouvernement et le Parti socialiste affirment y croire. Au menu lundi \u00e0 l\u2019Assembl\u00e9e,<a href=\"https:\/\/www.letelegramme.fr\/economie\/budget-quelles-sont-les-principales-mesures-de-la-partie-recette-deja-adoptees-6920842.php\" target=\"_blank\" rel=\"noopener\"> la poursuite des discussions sur la justice fiscale<\/a>, avec notamment des amendements sur la taxation des plus-values immobili\u00e8res, ou les droits de succession. L\u2019ensemble des groupes politiques de l\u2019Assembl\u00e9e sont convi\u00e9s \u00e0 la mi-journ\u00e9e au minist\u00e8re des Relations avec le Parlement, autour des ministres concern\u00e9s par le budget. La gauche a d&rsquo;ores et d\u00e9j\u00e0 annonc\u00e9 qu&rsquo;elle ne s&rsquo;y rendrait pas.<\/p>\n<p><strong>Angleterre : le suspect de l\u2019attaque au couteau dans un train inculp\u00e9 de tentatives de meurtre<\/strong><\/p>\n<p>Ce suspect a \u00e9t\u00e9 <a href=\"https:\/\/www.letelegramme.fr\/faits-divers\/attaque-au-couteau-dans-un-train-en-angleterre-le-suspect-inculpe-de-tentatives-de-meurtre-6921537.php\" target=\"_blank\" rel=\"noopener\">inculp\u00e9 de tentatives de meurtre contre dix personnes<\/a> comme indiqu\u00e9 par la police britannique des transports dans un communiqu\u00e9. Anthony Williams, un Britannique de 32 ans, devait compara\u00eetre ce lundi matin devant un tribunal de Peterborough (est de l\u2019Angleterre), la ville o\u00f9 il r\u00e9side. La ministre des Transports, Heidi Alexander, pr\u00e9cis\u00e9 que \u00ab le suspect n\u2019\u00e9tait pas connu des services de police antiterroriste, des services de s\u00e9curit\u00e9 \u00bb ou du programme britannique de pr\u00e9vention de la radicalisation.<\/p>\n<p><strong>Proc\u00e8s Le Scouarnec : une audience pour l\u2019indemnisation des victimes a d\u00e9marr\u00e9 ce lundi<\/strong><\/p>\n<p>La cour criminelle du Morbihan analyse lundi l\u2019impact des violences sexuelles pour les centaines de victimes de l\u2019ex-chirurgien p\u00e9docriminel Jo\u00ebl Le Scouarnec et pour leurs proches afin de les indemniser. <a href=\"https:\/\/www.letelegramme.fr\/morbihan\/vannes-56000\/affaire-le-scouarnec-lindemnisation-des-victimes-au-coeur-dun-nouveau-volet-judiciaire-qui-souvre-ce-lundi-6920652.php\" target=\"_blank\" rel=\"noopener\">Les sommes cumul\u00e9es de ces dommages et int\u00e9r\u00eats<\/a> devraient atteindre plusieurs centaines de milliers d\u2019euros. L\u2019audience d\u00e9bute \u00e0 14 h \u00e0 Vannes, a pr\u00e9cis\u00e9 Marie-Line Pichon, secr\u00e9taire g\u00e9n\u00e9rale de la premi\u00e8re pr\u00e9sidence de la cour d\u2019appel de Rennes. Une cinquantaine de dossiers devraient \u00eatre examin\u00e9s mais une nouvelle audience doit se tenir le 4 d\u00e9cembre et d\u2019autres suivront, en raison du nombre important de victimes directes ou indirectes de Jo\u00ebl Le Scouarnec.<\/p>\n<p><strong>Poup\u00e9es \u00e0 caract\u00e8re p\u00e9docriminel : en cas de r\u00e9cidive, le ministre de l\u2019\u00c9conomie menace d\u2019interdire Shein en France<\/strong><\/p>\n<p>Roland Lescure a indiqu\u00e9 qu\u2019il demanderait l\u2019interdiction d\u2019acc\u00e8s de Shein en France s\u2019il vendait \u00e0 nouveau des poup\u00e9es sexuelles \u00e0 caract\u00e8re p\u00e9dopornographique, que le g\u00e9ant asiatique de l\u2019e-commerce a assur\u00e9 avoir retir\u00e9es de sa plateforme de vente. Shein a \u00e9t\u00e9, pour rappel, signal\u00e9 \u00e0 la justice fran\u00e7aise apr\u00e8s la commercialisation de \u00ab poup\u00e9es sexuelles d\u2019apparence enfantine \u00bb.<a href=\"https:\/\/www.letelegramme.fr\/france\/shein-signale-a-la-justice-francaise-pour-la-vente-de-poupees-a-caractere-pedopornographique-6920297.php\" target=\"_blank\" rel=\"noopener\"> Il assure depuis avoir retir\u00e9 ces produits de sa plateforme<\/a>.<\/p>\n<blockquote class=\"twitter-tweet\">\n<p lang=\"fr\" dir=\"ltr\">\u00ab\u00a0Si ces comportements sont r\u00e9p\u00e9t\u00e9s, je demanderais qu&rsquo;on interdise l&rsquo;acc\u00e8s de la plateforme Shein au march\u00e9 fran\u00e7ais\u00a0\u00bb<\/p>\n<p>Roland Lescure, ministre de l\u2019\u00c9conomie, adresse le cas de la vente de poup\u00e9es sexuelles \u00e0 l&rsquo;effigie d&rsquo;enfants sur la plateforme chinoise <a href=\"https:\/\/t.co\/SMQ9LxLY2T\">pic.twitter.com\/SMQ9LxLY2T<\/a><\/p>\n<p>\u2014 BFMTV (@BFMTV) <a href=\"https:\/\/twitter.com\/BFMTV\/status\/1985252544671588480?ref_src=twsrc%5Etfw\" target=\"_blank\" rel=\"noopener\">November 3, 2025<\/a><\/p><\/blockquote>\n<p><strong>Elle avait \u00e9t\u00e9 tu\u00e9e dans son appartement \u00e0 Rennes : un homme interpell\u00e9 apr\u00e8s la mort d\u2019\u00c9milie<\/strong><\/p>\n<p><a href=\"https:\/\/www.letelegramme.fr\/ille-et-vilaine\/rennes-35000\/elle-avait-ete-tuee-dans-son-appartement-a-rennes-un-homme-interpelle-apres-la-mort-demilie-6921480.php\" target=\"_blank\" rel=\"noopener\">Selon les informations du T\u00e9l\u00e9gramme<\/a>, un homme a \u00e9t\u00e9 arr\u00eat\u00e9 vendredi soir en Bretagne et plac\u00e9 en garde \u00e0 vue cinq jours apr\u00e8s la d\u00e9couverte du corps d\u2019\u00c9milie, 36 ans, \u00e0 Rennes. Ce sont deux infirmi\u00e8res &#8211; qui suivaient r\u00e9guli\u00e8rement cette femme psychologiquement fragile &#8211; qui avaient <a href=\"https:\/\/www.letelegramme.fr\/ille-et-vilaine\/rennes-35000\/une-femme-de-36-ans-a-ete-retrouvee-morte-a-rennes-une-enquete-pour-meurtre-ouverte-6917992.php\" target=\"_blank\" rel=\"noopener\">fait la macabre d\u00e9couverte<\/a>.<\/p>\n<p><script async src=\"https:\/\/platform.twitter.com\/widgets.js\" charset=\"utf-8\"><\/script><\/p>\n","protected":false},"excerpt":{"rendered":"Budget : incertitude totale sur les d\u00e9lais comme sur les votes Les d\u00e9put\u00e9s bouclent huit jours de d\u00e9bats&hellip;\n","protected":false},"author":2,"featured_media":508815,"comment_status":"","ping_status":"","sticky":false,"template":"","format":"standard","meta":{"footnotes":""},"categories":[2821],"tags":[1111,11,829,765,1777,674,1011,27,74,12,584,25],"class_list":{"0":"post-508814","1":"post","2":"type-post","3":"status-publish","4":"format-standard","5":"has-post-thumbnail","7":"category-rennes","8":"tag-actu","9":"tag-actualites","10":"tag-bretagne","11":"tag-en-continu","12":"tag-eu","13":"tag-europe","14":"tag-fr","15":"tag-france","16":"tag-monde","17":"tag-news","18":"tag-rennes","19":"tag-republique-francaise"},"share_on_mastodon":{"url":"https:\/\/pubeurope.com\/@fr\/115485738656465179","error":""},"_links":{"self":[{"href":"https:\/\/www.europesays.com\/fr\/wp-json\/wp\/v2\/posts\/508814","targetHints":{"allow":["GET"]}}],"collection":[{"href":"https:\/\/www.europesays.com\/fr\/wp-json\/wp\/v2\/posts"}],"about":[{"href":"https:\/\/www.europesays.com\/fr\/wp-json\/wp\/v2\/types\/post"}],"author":[{"embeddable":true,"href":"https:\/\/www.europesays.com\/fr\/wp-json\/wp\/v2\/users\/2"}],"replies":[{"embeddable":true,"href":"https:\/\/www.europesays.com\/fr\/wp-json\/wp\/v2\/comments?post=508814"}],"version-history":[{"count":0,"href":"https:\/\/www.europesays.com\/fr\/wp-json\/wp\/v2\/posts\/508814\/revisions"}],"wp:featuredmedia":[{"embeddable":true,"href":"https:\/\/www.europesays.com\/fr\/wp-json\/wp\/v2\/media\/508815"}],"wp:attachment":[{"href":"https:\/\/www.europesays.com\/fr\/wp-json\/wp\/v2\/media?parent=508814"}],"wp:term":[{"taxonomy":"category","embeddable":true,"href":"https:\/\/www.europesays.com\/fr\/wp-json\/wp\/v2\/categories?post=508814"},{"taxonomy":"post_tag","embeddable":true,"href":"https:\/\/www.europesays.com\/fr\/wp-json\/wp\/v2\/tags?post=508814"}],"curies":[{"name":"wp","href":"https:\/\/api.w.org\/{rel}","templated":true}]}}