{"id":508816,"date":"2025-11-03T12:21:17","date_gmt":"2025-11-03T12:21:17","guid":{"rendered":"https:\/\/www.europesays.com\/fr\/508816\/"},"modified":"2025-11-03T12:21:17","modified_gmt":"2025-11-03T12:21:17","slug":"elle-avait-ete-tuee-dans-son-appartement-a-rennes-un-homme-interpelle-apres-la-mort-demilie","status":"publish","type":"post","link":"https:\/\/www.europesays.com\/fr\/508816\/","title":{"rendered":"Elle avait \u00e9t\u00e9 tu\u00e9e dans son appartement \u00e0 Rennes\u00a0: un homme interpell\u00e9 apr\u00e8s la mort d\u2019\u00c9milie"},"content":{"rendered":"<p>Apr\u00e8s cinq jours d\u2019enqu\u00eate, un homme a \u00e9t\u00e9 interpell\u00e9 vendredi soir en Bretagne et plac\u00e9 en garde \u00e0 vue apr\u00e8s la mort d\u2019\u00c9milie, 36 ans, \u00e0 Rennes. Le corps de la jeune femme, psychologiquement fragile, avait \u00e9t\u00e9 d\u00e9couvert, lundi 27 octobre par deux infirmi\u00e8res qui la suivaient r\u00e9guli\u00e8rement.<\/p>\n<p>La victime, qui demeurait dans un logement social dans le quartier de la Bellangerais, portait des traces de coups de couteau et des marques de strangulation. Le parquet de Rennes avait alors ouvert une enqu\u00eate pour meurtre sur personne vuln\u00e9rable, dont les investigations avaient \u00e9t\u00e9 confi\u00e9es \u00e0 la Division de la criminalit\u00e9 organis\u00e9e et sp\u00e9cialis\u00e9e (DCOS). Si deux personnes \u00e9taient recherch\u00e9s au d\u00e9part, le travail des enqu\u00eateurs a permis l\u2019arrestation du principal suspect, \u00e2g\u00e9 d\u2019une trentaine d\u2019ann\u00e9es, et connu des services de police. Contact\u00e9, le parquet de Rennes n\u2019a pas r\u00e9pondu \u00e0 nos sollicitations.<\/p>\n<p>Il avait v\u00e9cu chez la voisine d\u2019\u00c9milie<\/p>\n<p>L\u2019homme interpell\u00e9 vendredi avait v\u00e9cu durant un an chez la voisine de palier d\u2019\u00c9milie. Apr\u00e8s avoir \u00e9t\u00e9 mis \u00e0 la porte par sa compagne, il avait finalement \u00e9lu domicile \u00e0 la mi-septembre dans le logement voisin.<\/p>\n<p>Vendredi 24 octobre, \u00c9milie avait fait appel \u00e0 police secours apr\u00e8s avoir \u00e9t\u00e9 mise hors de son propre logement par le squatteur. Arriv\u00e9s sur les lieux, les policiers avaient alors d\u00fb forcer la porte de l\u2019appartement o\u00f9 l\u2019individu s\u2019\u00e9tait retranch\u00e9 en bloquant l\u2019entr\u00e9e avec des meubles. \u00c9milie avait alors pu regagner son appartement.<\/p>\n<p>Mais dans la nuit du vendredi 24 au samedi 25 octobre, elle aurait \u00e9t\u00e9 frapp\u00e9e par le suspect qui serait revenu chez elle. D\u2019apr\u00e8s nos informations, son d\u00e9c\u00e8s serait intervenu au cours de la nuit suivante. Son corps avait \u00e9t\u00e9 retrouv\u00e9 par les infirmi\u00e8res le lundi 27 octobre.<\/p>\n<p>Contact\u00e9s par Le T\u00e9l\u00e9gramme, les voisins de la victime se disent soulag\u00e9s \u00e0 l\u2019annonce de l\u2019arrestation de l\u2019homme recherch\u00e9 dans le cadre de cette enqu\u00eate. Ces derniers avaient \u00e9t\u00e9 profond\u00e9ment choqu\u00e9s par la mort violente de leur voisine qu\u2019ils d\u00e9crivent comme une fille \u00ab simple et gentille \u00bb.<\/p>\n","protected":false},"excerpt":{"rendered":"Apr\u00e8s cinq jours d\u2019enqu\u00eate, un homme a \u00e9t\u00e9 interpell\u00e9 vendredi soir en Bretagne et plac\u00e9 en garde \u00e0&hellip;\n","protected":false},"author":2,"featured_media":508817,"comment_status":"","ping_status":"","sticky":false,"template":"","format":"standard","meta":{"footnotes":""},"categories":[2821],"tags":[1111,11,829,1777,674,1011,27,848,4555,12,584,25],"class_list":{"0":"post-508816","1":"post","2":"type-post","3":"status-publish","4":"format-standard","5":"has-post-thumbnail","7":"category-rennes","8":"tag-actu","9":"tag-actualites","10":"tag-bretagne","11":"tag-eu","12":"tag-europe","13":"tag-fr","14":"tag-france","15":"tag-ille-et-vilaine","16":"tag-local","17":"tag-news","18":"tag-rennes","19":"tag-republique-francaise"},"share_on_mastodon":{"url":"https:\/\/pubeurope.com\/@fr\/115485742609564810","error":""},"_links":{"self":[{"href":"https:\/\/www.europesays.com\/fr\/wp-json\/wp\/v2\/posts\/508816","targetHints":{"allow":["GET"]}}],"collection":[{"href":"https:\/\/www.europesays.com\/fr\/wp-json\/wp\/v2\/posts"}],"about":[{"href":"https:\/\/www.europesays.com\/fr\/wp-json\/wp\/v2\/types\/post"}],"author":[{"embeddable":true,"href":"https:\/\/www.europesays.com\/fr\/wp-json\/wp\/v2\/users\/2"}],"replies":[{"embeddable":true,"href":"https:\/\/www.europesays.com\/fr\/wp-json\/wp\/v2\/comments?post=508816"}],"version-history":[{"count":0,"href":"https:\/\/www.europesays.com\/fr\/wp-json\/wp\/v2\/posts\/508816\/revisions"}],"wp:featuredmedia":[{"embeddable":true,"href":"https:\/\/www.europesays.com\/fr\/wp-json\/wp\/v2\/media\/508817"}],"wp:attachment":[{"href":"https:\/\/www.europesays.com\/fr\/wp-json\/wp\/v2\/media?parent=508816"}],"wp:term":[{"taxonomy":"category","embeddable":true,"href":"https:\/\/www.europesays.com\/fr\/wp-json\/wp\/v2\/categories?post=508816"},{"taxonomy":"post_tag","embeddable":true,"href":"https:\/\/www.europesays.com\/fr\/wp-json\/wp\/v2\/tags?post=508816"}],"curies":[{"name":"wp","href":"https:\/\/api.w.org\/{rel}","templated":true}]}}