{"id":508818,"date":"2025-11-03T12:22:18","date_gmt":"2025-11-03T12:22:18","guid":{"rendered":"https:\/\/www.europesays.com\/fr\/508818\/"},"modified":"2025-11-03T12:22:18","modified_gmt":"2025-11-03T12:22:18","slug":"un-debat-et-un-atelier-en-avant-premiere-a-la-mediatheque-frida-kahlo","status":"publish","type":"post","link":"https:\/\/www.europesays.com\/fr\/508818\/","title":{"rendered":"un d\u00e9bat et un atelier en avant-premi\u00e8re \u00e0 la m\u00e9diath\u00e8que Frida-Kahlo"},"content":{"rendered":"<p>La treizi\u00e8me \u00e9dition du salon de l\u2019illustration et de la lecture jeunesse <a href=\"https:\/\/www.dna.fr\/culture-loisirs\/2025\/10\/02\/ateliers-focus-sur-l-adolescence-la-nouvelle-edition-de-schilik-on-carnet-se-precise\" target=\"_blank\" rel=\"noopener\">Schilik on carnet<\/a> aura lieu du vendredi\u00a014 au dimanche 16\u00a0novembre \u00e0 Schiltigheim. <a href=\"https:\/\/www.dna.fr\/culture-loisirs\/2025\/02\/14\/la-mediatheque-frida-kahlo-apaisee-un-an-apres-son-ouverture\" target=\"_blank\" rel=\"noopener\">La m\u00e9diath\u00e8que Frida-Kahlo<\/a> propose deux rendez-vous, mardi\u00a04 et mercredi 5\u00a0novembre, une semaine avant l\u2019\u00e9v\u00e9nement.<\/p>\n<p>Le premier s\u2019adresse aux professionnels de la lecture publique. <strong>Mardi 4<\/strong> <strong>novembre<\/strong> de 9\u00a0h \u00e0 17\u00a0h, ils sont invit\u00e9s \u00e0 participer \u00e0 un d\u00e9bat sur le th\u00e8me \u201cAdolescence et lecture\u00a0: pratiques, m\u00e9diations et espaces d\u00e9di\u00e9s\u201d. Qu\u2019entend-on par \u201cadolescence\u201d\u00a0? Comment lit-on et que lit-on aujourd\u2019hui quand on a 13, 15 ou 17 ans\u00a0? Entre bouleversements des pratiques culturelles et mutations de la litt\u00e9rature jeunesse, ces 15 derni\u00e8res ann\u00e9es ont profond\u00e9ment transform\u00e9 les fa\u00e7ons d\u2019appr\u00e9hender la lecture et l\u2019\u00e9criture pour les adolescents.<\/p>\n<p>Ce contenu est bloqu\u00e9 car vous n&rsquo;avez pas accept\u00e9 les cookies et autres traceurs.<\/p>\n<p>En cliquant sur \u00ab J\u2019accepte \u00bb, les cookies et autres traceurs seront d\u00e9pos\u00e9s et vous pourrez visualiser les contenus  (<a href=\"\" class=\"consentModule_policy\" target=\"_blank\" title=\"Consulter la politique de protection des donn\u00e9es du fournisseur\">plus d&rsquo;informations<\/a>).<\/p>\n<p>En cliquant sur \u00ab J\u2019accepte tous les cookies \u00bb, vous autorisez des d\u00e9p\u00f4ts de cookies et autres traceurs pour le stockage de vos donn\u00e9es sur nos sites et applications \u00e0 des fins de personnalisation et de ciblage publicitaire.<\/p>\n<p class=\"consentModule_secondaryText\">Vous gardez la possibilit\u00e9 de retirer votre consentement \u00e0 tout moment en consultant notre <a href=\"https:\/\/www.dna.fr\/protection-des-donnees\" target=\"_blank\" title=\"Consulter notre politique de protection des donn\u00e9es\" rel=\"noopener\">politique de protection des donn\u00e9es<\/a>. <br \/>&#13;<br \/>\n            <a href=\"https:\/\/www.dna.fr\/culture-loisirs\/2025\/11\/03\/javascript:Didomi.notice.show()\" class=\"consentModule_cmp\" target=\"_blank\" rel=\"noopener\">G\u00e9rer mes choix<\/a>&#13;\n        <\/p>\n<p>&#13;<br \/>\n                        J&rsquo;accepte&#13;<br \/>\n            J&rsquo;accepte tous les cookies&#13;\n        <\/p>\n<p>Cette journ\u00e9e ouvre une r\u00e9flexion collective sur les enjeux contemporains de l\u2019accueil et de la relation avec les adolescents. R\u00e9servation n\u00e9cessaire au 03\u00a088\u00a083\u00a084\u00a085.<\/p>\n<p><strong> Mercredi 5 <\/strong><strong>novembre<\/strong> , de 15\u00a0h \u00e0 17\u00a0h, les adultes et adolescents, \u00e0 partir de 12 ans, sont invit\u00e9s \u00e0 venir s\u2019initier \u00e0 la BD avec l\u2019illustrateur strasbourgeois Benjamin Strickler, \u00e0 la m\u00e9diath\u00e8que Frida-Kahlo. Gratuit, sur r\u00e9servation par t\u00e9l\u00e9phone\u00a003\u00a068\u00a098\u00a052\u00a039.<\/p>\n","protected":false},"excerpt":{"rendered":"La treizi\u00e8me \u00e9dition du salon de l\u2019illustration et de la lecture jeunesse Schilik on carnet aura lieu du&hellip;\n","protected":false},"author":2,"featured_media":508819,"comment_status":"","ping_status":"","sticky":false,"template":"","format":"standard","meta":{"footnotes":""},"categories":[2820],"tags":[1111,11,1687,2880,1777,674,107,1685,1011,27,775,2410,12,25,5512,640,3265],"class_list":{"0":"post-508818","1":"post","2":"type-post","3":"status-publish","4":"format-standard","5":"has-post-thumbnail","7":"category-strasbourg","8":"tag-actu","9":"tag-actualites","10":"tag-culture-loisirs","11":"tag-edition-strasbourg","12":"tag-eu","13":"tag-europe","14":"tag-fil-info","15":"tag-foire-et-salon","16":"tag-fr","17":"tag-france","18":"tag-grand-est","19":"tag-livres-bd","20":"tag-news","21":"tag-republique-francaise","22":"tag-schiltigheim","23":"tag-strasbourg","24":"tag-strasbourg-nord"},"share_on_mastodon":{"url":"https:\/\/pubeurope.com\/@fr\/115485746535335996","error":""},"_links":{"self":[{"href":"https:\/\/www.europesays.com\/fr\/wp-json\/wp\/v2\/posts\/508818","targetHints":{"allow":["GET"]}}],"collection":[{"href":"https:\/\/www.europesays.com\/fr\/wp-json\/wp\/v2\/posts"}],"about":[{"href":"https:\/\/www.europesays.com\/fr\/wp-json\/wp\/v2\/types\/post"}],"author":[{"embeddable":true,"href":"https:\/\/www.europesays.com\/fr\/wp-json\/wp\/v2\/users\/2"}],"replies":[{"embeddable":true,"href":"https:\/\/www.europesays.com\/fr\/wp-json\/wp\/v2\/comments?post=508818"}],"version-history":[{"count":0,"href":"https:\/\/www.europesays.com\/fr\/wp-json\/wp\/v2\/posts\/508818\/revisions"}],"wp:featuredmedia":[{"embeddable":true,"href":"https:\/\/www.europesays.com\/fr\/wp-json\/wp\/v2\/media\/508819"}],"wp:attachment":[{"href":"https:\/\/www.europesays.com\/fr\/wp-json\/wp\/v2\/media?parent=508818"}],"wp:term":[{"taxonomy":"category","embeddable":true,"href":"https:\/\/www.europesays.com\/fr\/wp-json\/wp\/v2\/categories?post=508818"},{"taxonomy":"post_tag","embeddable":true,"href":"https:\/\/www.europesays.com\/fr\/wp-json\/wp\/v2\/tags?post=508818"}],"curies":[{"name":"wp","href":"https:\/\/api.w.org\/{rel}","templated":true}]}}