{"id":508826,"date":"2025-11-03T12:27:07","date_gmt":"2025-11-03T12:27:07","guid":{"rendered":"https:\/\/www.europesays.com\/fr\/508826\/"},"modified":"2025-11-03T12:27:07","modified_gmt":"2025-11-03T12:27:07","slug":"un-jeune-de-19-ans-decede-percute-par-une-voiture-sur-la-quatre-voies-dans-le-sens-nantes-rennes","status":"publish","type":"post","link":"https:\/\/www.europesays.com\/fr\/508826\/","title":{"rendered":"Un jeune de 19 ans d\u00e9c\u00e8de percut\u00e9 par une voiture sur la quatre voies dans le sens Nantes-Rennes"},"content":{"rendered":"<p>Toutes les questions n\u2019ont pas encore de r\u00e9ponses \u00e0 cette heure. Ce samedi 1er\u00a0novembre 2025, vers 7\u00a0h\u00a020, un pi\u00e9ton a \u00e9t\u00e9 mortellement percut\u00e9 par une voiture, alors qu\u2019il se trouvait sur la RN 137.<\/p>\n<p>L\u2019accident a eu lieu dans le sens Nantes-Rennes, au point kilom\u00e9trique 3, <a href=\"https:\/\/redon.maville.com\/bretagne\/ille-et-vilaine\/grand-fougeray\/\" target=\"_self\" rel=\"noopener\">\u00e0 hauteur de la commune de Grand-Fougeray<\/a>, dans le sud de l\u2019Ille-et-Vilaine, \u00e0 la limite de la Loire-Atlantique.<\/p>\n<p>Une enqu\u00eate ouverte<\/p>\n<p>La victime \u00e9tait \u00e2g\u00e9e de 19 ans. Elle \u00e9tait originaire de la Loire-Atlantique.<\/p>\n<p>L\u2019automobiliste, lui, a \u00e9t\u00e9 pris en charge par les pompiers. Il pr\u00e9sentait des blessures l\u00e9g\u00e8res et a \u00e9t\u00e9 transport\u00e9 \u00e0 l\u2019h\u00f4pital.<\/p>\n<p>Au total, une quinzaine de pompiers venus de l\u2019Ille-et-Vilaine et de la Loire-Atlantique ont \u00e9t\u00e9 engag\u00e9s sur cet accident. La gendarmerie \u00e9tait \u00e9galement pr\u00e9sente. Une enqu\u00eate a \u00e9t\u00e9 ouverte pour d\u00e9terminer les circonstances exactes de l\u2019accident.<\/p>\n<p>\u00a0<\/p>\n","protected":false},"excerpt":{"rendered":"Toutes les questions n\u2019ont pas encore de r\u00e9ponses \u00e0 cette heure. Ce samedi 1er\u00a0novembre 2025, vers 7\u00a0h\u00a020, un&hellip;\n","protected":false},"author":2,"featured_media":508827,"comment_status":"","ping_status":"","sticky":false,"template":"","format":"standard","meta":{"footnotes":""},"categories":[2818],"tags":[5185,1111,11,1764,1762,1777,674,1011,27,3913,766,5914,12,2636,22602,25,4071,32839,4752],"class_list":{"0":"post-508826","1":"post","2":"type-post","3":"status-publish","4":"format-standard","5":"has-post-thumbnail","7":"category-nantes","8":"tag-5185","9":"tag-actu","10":"tag-actualites","11":"tag-ans","12":"tag-decede","13":"tag-eu","14":"tag-europe","15":"tag-fr","16":"tag-france","17":"tag-jeune","18":"tag-nantes","19":"tag-nantes-rennes","20":"tag-news","21":"tag-pays-de-la-loire","22":"tag-percute","23":"tag-republique-francaise","24":"tag-sens","25":"tag-voies","26":"tag-voiture"},"share_on_mastodon":{"url":"https:\/\/pubeurope.com\/@fr\/115485766222358338","error":""},"_links":{"self":[{"href":"https:\/\/www.europesays.com\/fr\/wp-json\/wp\/v2\/posts\/508826","targetHints":{"allow":["GET"]}}],"collection":[{"href":"https:\/\/www.europesays.com\/fr\/wp-json\/wp\/v2\/posts"}],"about":[{"href":"https:\/\/www.europesays.com\/fr\/wp-json\/wp\/v2\/types\/post"}],"author":[{"embeddable":true,"href":"https:\/\/www.europesays.com\/fr\/wp-json\/wp\/v2\/users\/2"}],"replies":[{"embeddable":true,"href":"https:\/\/www.europesays.com\/fr\/wp-json\/wp\/v2\/comments?post=508826"}],"version-history":[{"count":0,"href":"https:\/\/www.europesays.com\/fr\/wp-json\/wp\/v2\/posts\/508826\/revisions"}],"wp:featuredmedia":[{"embeddable":true,"href":"https:\/\/www.europesays.com\/fr\/wp-json\/wp\/v2\/media\/508827"}],"wp:attachment":[{"href":"https:\/\/www.europesays.com\/fr\/wp-json\/wp\/v2\/media?parent=508826"}],"wp:term":[{"taxonomy":"category","embeddable":true,"href":"https:\/\/www.europesays.com\/fr\/wp-json\/wp\/v2\/categories?post=508826"},{"taxonomy":"post_tag","embeddable":true,"href":"https:\/\/www.europesays.com\/fr\/wp-json\/wp\/v2\/tags?post=508826"}],"curies":[{"name":"wp","href":"https:\/\/api.w.org\/{rel}","templated":true}]}}