{"id":508836,"date":"2025-11-03T12:32:11","date_gmt":"2025-11-03T12:32:11","guid":{"rendered":"https:\/\/www.europesays.com\/fr\/508836\/"},"modified":"2025-11-03T12:32:11","modified_gmt":"2025-11-03T12:32:11","slug":"geste-deplace-ou-raciste-lors-du-match-toulouse-hac-la-fff-et-la-lfp-se-saisissent-du-dossier","status":"publish","type":"post","link":"https:\/\/www.europesays.com\/fr\/508836\/","title":{"rendered":"Geste d\u00e9plac\u00e9 ou raciste lors du match Toulouse-HAC ? La FFF et la LFP se saisissent du dossier"},"content":{"rendered":"<p>            Par<br \/>\n        <strong><br \/>\n            <a href=\"https:\/\/actu.fr\/auteur\/vanessa-leroy\" title=\"Consulter tous les articles de Vanessa Leroy\" target=\"_blank\" rel=\"noopener\">Vanessa Leroy<\/a><br \/>\n        <\/strong><\/p>\n<p>        Publi\u00e9 le<\/p>\n<p>            3 nov. 2025 \u00e0 13h19        <\/p>\n<p><strong>Geste d\u00e9plac\u00e9 ? Geste raciste ?<\/strong> Dimanche 2 novembre 2025, \u00e0 la 91e minute de jeu, le match entre le Toulouse Football Club et le <a href=\"https:\/\/actu.fr\/normandie\/havre_76351\" target=\"_blank\" rel=\"noopener\">Havre<\/a> Athletic Club, qui s\u2019est sold\u00e9 par un score nul et vierge de 0-0, a pris une toute autre tournure\u2026<\/p>\n<p>Didier Digard et le HAC condamnent \u00ab\u00a0fermement\u00a0\u00bb ce geste<\/p>\n<p class=\" wall-content\">Sur les images diffus\u00e9es sur la cha\u00eene Ligue1+, on voit l\u2019attaquant norv\u00e9gien Aron D\u00f6nnum <strong>agiter la main devant son nez<\/strong> tout en fixant le joueur havrais Simon Ebonog. Un geste que Didier Digard, l\u2019entra\u00eeneur du HAC, et le club doyen condamnent \u00ab\u00a0fermement\u00a0\u00bb.<\/p>\n<blockquote class=\"ac-article-quote wall-content\">\n<p>C\u2019est au-dessus du football. Je ne vais pas me positionner parce que je ne peux pas interpr\u00e9ter \u00e0 la place de quelqu\u2019un ce qu\u2019il pense. Mais en disant, au minimum, que mon joueur pue, c&rsquo;est une humiliation publique. C&rsquo;est le minimum que l&rsquo;on puisse interpr\u00e9ter, et c&rsquo;est d\u00e9j\u00e0 tr\u00e8s grave.<\/p>\n<p>    <strong>Didier Digard<\/strong><br \/>\n        entra\u00eeneur du Havre, en conf\u00e9rence de presse    <\/p><\/blockquote>\n<p class=\" wall-content\">\n<p class=\" wall-content\">Des propos qui ont visiblement \u00e9t\u00e9 entendus puisque <strong>le comit\u00e9 d\u2019\u00e9thique de la F\u00e9d\u00e9ration fran\u00e7aise de football s\u2019est saisi du dossier<\/strong>, indique <a href=\"https:\/\/rmcsport.bfmtv.com\/football\/ligue-1\/video-acte-raciste-ou-non-le-geste-polemique-de-donnum-sur-ebonog-sera-juge-par-la-fff_VN-202511030445.html\" target=\"_blank\" rel=\"noopener\">RMC Sport<\/a> ce lundi midi.<\/p>\n<p>Le cas disciplinaire \u00e9tudi\u00e9 le 12 novembre par la LFP ?<\/p>\n<p class=\" wall-content\">Par ailleurs, <strong>le Conseil national de l\u2019\u00e9thique<\/strong> est \u00e9galement actif sur le sujet. \u00ab\u00a0J\u2019ai consult\u00e9 les membres du CNE. Il y a une suspicion, pour le moins, de geste \u00e0 caract\u00e8re raciste, explique Fr\u00e9d\u00e9ric Thiriez, le pr\u00e9sident de cet organisme, <a href=\"https:\/\/www.lequipe.fr\/Football\/Actualites\/Affaire-donnum-le-conseil-national-de-l-ethique-saisit-la-commission-de-discipline-de-la-lfp\/1606837\" target=\"_blank\" rel=\"noopener\">au quotidien L\u2019Equipe<\/a>. Dans ces cas-l\u00e0, il appartient au Conseil national de l\u2019\u00e9thique de saisir la commission de discipline de la Ligue et c\u2019est elle qui jugera s\u2019il y a effectivement un geste \u00e0 caract\u00e8re raciste qui en soi constitue un manquement \u00e0 l\u2019\u00e9thique. Il y a des pr\u00e9c\u00e9dents d\u2019ailleurs.\u00a0\u00bb<\/p>\n<p class=\" wall-content\">Le cas disciplinaire pourrait \u00eatre \u00e9tudi\u00e9 le mercredi 12 novembre ou plus tard si une instruction est demand\u00e9e, indique L\u2019Equipe.<\/p>\n<p>Vid\u00e9os : en ce moment sur Actu<\/p>\n<p class=\" wall-content\">Dans un communiqu\u00e9 de presse adress\u00e9 aux r\u00e9dactions dimanche soit, \u00ab\u00a0<strong>le HAC demande le respect de son joueur<\/strong>, Simon Ebonog, et de son entra\u00eeneur, Didier Digard, lequel, ayant fait remarquer ce geste, fut sanctionn\u00e9, lui, d\u2019un carton jaune pour v\u00e9h\u00e9mence. Le HAC, club engag\u00e9, club citoyen, esp\u00e8re vivement que tout sera entrepris pour que ce geste soit sanctionn\u00e9 pour ce qu\u2019il est : un geste qui ternit les valeurs de respect, de savoir-\u00eatre, de vivre-ensemble. Un geste qui ternit donc le football.\u00a0\u00bb<\/p>\n<p class=\" wall-content\">De son c\u00f4t\u00e9, <a href=\"https:\/\/actu.fr\/occitanie\/toulouse_31555\/aron-donnum-accuse-de-racisme-apres-un-geste-polemique-le-toulouse-fc-denonce-une-instrumentalisation_63384661.html\" target=\"_blank\" rel=\"noopener\">le TFC d\u00e9nonce \u00ab\u00a0une instrumentalisation\u00a0\u00bb<\/a>. \u00ab\u00a0C\u2019est fou de dire que je suis raciste, s\u2019est justifi\u00e9 le Norv\u00e9gien Aron D\u00f6nnum. Il s\u2019approche de moi, je peux sentir son haleine et elle sent mauvais, cela n\u2019a rien \u00e0 voir avec du racisme.\u00a0\u00bb Affaire \u00e0 suivre\u2026<\/p>\n<p>Votre r\u00e9gion, votre actu !<\/p>\n<p>Recevez chaque jour les infos qui comptent pour vous.<\/p>\n<p>\t<a href=\"https:\/\/actu.fr\/newsletter\" class=\"ac-btn ac-btn--corner ac-btn--medium ac-btn--blue800\" target=\"_blank\" rel=\"noopener\">S&rsquo;incrire<\/a><br \/>\nSuivez l\u2019actualit\u00e9 du Havre <a href=\"https:\/\/www.whatsapp.com\/channel\/0029VaFqJYE8aKvLBwVrEe0o\" target=\"_blank\" rel=\"noopener\">sur notre cha\u00eene WhatsApp<\/a> et <a href=\"https:\/\/www.tiktok.com\/@76actu.fr?lang=fr\" target=\"_blank\" rel=\"noopener\">sur notre compte TikTok<\/a><\/p>\n<p class=\" wall-content\">Personnalisez votre actualit\u00e9 en ajoutant vos villes et m\u00e9dias en favori avec <a href=\"https:\/\/moncompte.actu.fr\" title=\"D\u00e9couvez Mon Actu\" rel=\"nofollow noopener\" data-trk=\"{&quot;cta&quot;:{&quot;action&quot;:&quot;https:\\\/\\\/moncompte.actu.fr&quot;,&quot;category&quot;:&quot;mon compte&quot;,&quot;from&quot;:&quot;article footer&quot;,&quot;name&quot;:&quot;Mon actu&quot;,&quot;type&quot;:&quot;cta&quot;}}\" target=\"_blank\">Mon Actu<\/a>.<\/p>\n<p>                    <script async src=\"\/\/www.tiktok.com\/embed.js\"><\/script><\/p>\n","protected":false},"excerpt":{"rendered":"Par Vanessa Leroy Publi\u00e9 le 3 nov. 2025 \u00e0 13h19 Geste d\u00e9plac\u00e9 ? Geste raciste ? Dimanche 2&hellip;\n","protected":false},"author":2,"featured_media":508837,"comment_status":"","ping_status":"","sticky":false,"template":"","format":"standard","meta":{"footnotes":""},"categories":[2816],"tags":[1111,11,1777,674,63,1011,27,22565,66,12,2680,25,60,2312,4159],"class_list":{"0":"post-508836","1":"post","2":"type-post","3":"status-publish","4":"format-standard","5":"has-post-thumbnail","7":"category-toulouse","8":"tag-actu","9":"tag-actualites","10":"tag-eu","11":"tag-europe","12":"tag-football","13":"tag-fr","14":"tag-france","15":"tag-havre-ac-hac","16":"tag-ligue-1","17":"tag-news","18":"tag-occitanie","19":"tag-republique-francaise","20":"tag-sports","21":"tag-toulouse","22":"tag-toulouse-football-club-tfc"},"share_on_mastodon":{"url":"https:\/\/pubeurope.com\/@fr\/115485785888494221","error":""},"_links":{"self":[{"href":"https:\/\/www.europesays.com\/fr\/wp-json\/wp\/v2\/posts\/508836","targetHints":{"allow":["GET"]}}],"collection":[{"href":"https:\/\/www.europesays.com\/fr\/wp-json\/wp\/v2\/posts"}],"about":[{"href":"https:\/\/www.europesays.com\/fr\/wp-json\/wp\/v2\/types\/post"}],"author":[{"embeddable":true,"href":"https:\/\/www.europesays.com\/fr\/wp-json\/wp\/v2\/users\/2"}],"replies":[{"embeddable":true,"href":"https:\/\/www.europesays.com\/fr\/wp-json\/wp\/v2\/comments?post=508836"}],"version-history":[{"count":0,"href":"https:\/\/www.europesays.com\/fr\/wp-json\/wp\/v2\/posts\/508836\/revisions"}],"wp:featuredmedia":[{"embeddable":true,"href":"https:\/\/www.europesays.com\/fr\/wp-json\/wp\/v2\/media\/508837"}],"wp:attachment":[{"href":"https:\/\/www.europesays.com\/fr\/wp-json\/wp\/v2\/media?parent=508836"}],"wp:term":[{"taxonomy":"category","embeddable":true,"href":"https:\/\/www.europesays.com\/fr\/wp-json\/wp\/v2\/categories?post=508836"},{"taxonomy":"post_tag","embeddable":true,"href":"https:\/\/www.europesays.com\/fr\/wp-json\/wp\/v2\/tags?post=508836"}],"curies":[{"name":"wp","href":"https:\/\/api.w.org\/{rel}","templated":true}]}}