{"id":508843,"date":"2025-11-03T12:36:15","date_gmt":"2025-11-03T12:36:15","guid":{"rendered":"https:\/\/www.europesays.com\/fr\/508843\/"},"modified":"2025-11-03T12:36:15","modified_gmt":"2025-11-03T12:36:15","slug":"un-homme-blesse-par-balles-lors-dune-fusillade","status":"publish","type":"post","link":"https:\/\/www.europesays.com\/fr\/508843\/","title":{"rendered":"un homme bless\u00e9 par balles lors d\u2019une fusillade"},"content":{"rendered":"<p>\n    La victime a \u00e9t\u00e9 bless\u00e9e dans la nuit de samedi \u00e0 dimanche par plusieurs individus \u00e9quip\u00e9s d\u2019une arme longue dans le 9e arrondissement. Plusieurs \u00e9tuis de calibre 9 et 12 mm ont \u00e9t\u00e9 saisis par les forces de l\u2019ordre.<\/p>\n<p class=\"fig-paragraph\">Dans la nuit de samedi \u00e0 dimanche dernier, un homme a \u00e9t\u00e9 pris pour cible par\u00a0<a href=\"http:\/\/www.lefigaro.fr\/marseille\/racket-coups-de-feu-un-pizzaiolo-de-salon-de-provence-tourmente-par-d-inquietants-maitres-chanteurs-20251023\" data-fig-type=\"NewsFlash\" data-gtm-custom-categorie=\"navigation\" data-gtm-custom-action=\"crossclick\" data-gtm-custom-label=\"Contextuel\" data-gtm-event=\"customEventSPE\" data-fig-domain=\"LEFIGARO\" target=\"_blank\" rel=\"noopener\">plusieurs individus arm\u00e9s<\/a>\u00a0dans le 9e arrondissement de Marseille, a appris Le Figaro d\u2019une source polici\u00e8re, confirmant une information de\u00a0<a href=\"https:\/\/www.laprovence.com\/article\/faits-divers-justice\/8065186899147514\/fusillade-a-marseille-un-homme-gravement-blesse-par-balle-dans-le-9e-arrondissement-samedi-soir\" target=\"_blank\" rel=\"sponsored noopener\" data-gtm-custom-categorie=\"navigation\" data-gtm-custom-action=\"crossclick\" data-gtm-custom-label=\"Contextuel\" data-gtm-event=\"customEventSPE\">La Provence<\/a> .<\/p>\n<p class=\"fig-paragraph\">Selon nos confr\u00e8res, la victime est \u00e2g\u00e9e d\u2019une trentaine d\u2019ann\u00e9es et cherchait vraisemblablement \u00e0 se ravitailler en produits stup\u00e9fiants. Au moins trois tireurs ont fait irruption le long du boulevard Romain Rolland \u00e0 bord d\u2019un v\u00e9hicule alors que l\u2019homme sortait d\u2019un b\u00e2timent. Les suspects ont ensuite rapidement pris la fuite, ne laissant derri\u00e8re eux que quelques \u00e9tuis de calibre 9 et 12\u00a0mm.<\/p>\n<p>                                    <a class=\"fig-a11y-skip a11y-hidden\" href=\"#fig-a11y-skip-main-inarticle\"><br \/>\n        Passer la publicit\u00e9<br \/>\n    <\/a><\/p>\n<p>Un v\u00e9hicule retrouv\u00e9 incendi\u00e9<\/p>\n<p class=\"fig-paragraph\">La victime a \u00e9t\u00e9 rapidement prise en charge par les secours dans un \u00e9tat pr\u00e9occupant puisqu\u2019elle a \u00e9t\u00e9 atteinte de deux balles au niveau de l\u2019abdomen. Son pronostic vital n\u2019\u00e9tait toutefois plus engag\u00e9 quelques heures apr\u00e8s les faits. Une enqu\u00eate a \u00e9t\u00e9 ouverte et confi\u00e9e \u00e0 la Division de la criminalit\u00e9 organis\u00e9e et sp\u00e9cialis\u00e9e (DCOS), lanc\u00e9e sur la piste de tireurs \u00e9quip\u00e9s d\u2019au moins une arme longue. Un v\u00e9hicule probablement utilis\u00e9 par les malfaiteurs a \u00e9t\u00e9 retrouv\u00e9 incendi\u00e9 pr\u00e8s des lieux de la fusillade.<\/p>\n","protected":false},"excerpt":{"rendered":"La victime a \u00e9t\u00e9 bless\u00e9e dans la nuit de samedi \u00e0 dimanche par plusieurs individus \u00e9quip\u00e9s d\u2019une arme&hellip;\n","protected":false},"author":2,"featured_media":508844,"comment_status":"","ping_status":"","sticky":false,"template":"","format":"standard","meta":{"footnotes":""},"categories":[2814],"tags":[1111,11,1777,674,1011,27,3832,884,12,882,25,887],"class_list":{"0":"post-508843","1":"post","2":"type-post","3":"status-publish","4":"format-standard","5":"has-post-thumbnail","7":"category-marseille","8":"tag-actu","9":"tag-actualites","10":"tag-eu","11":"tag-europe","12":"tag-fr","13":"tag-france","14":"tag-fusillade","15":"tag-marseille","16":"tag-news","17":"tag-provence-alpes-cote-dazur","18":"tag-republique-francaise","19":"tag-trafic-de-drogue"},"share_on_mastodon":{"url":"https:\/\/pubeurope.com\/@fr\/115485801517030745","error":""},"_links":{"self":[{"href":"https:\/\/www.europesays.com\/fr\/wp-json\/wp\/v2\/posts\/508843","targetHints":{"allow":["GET"]}}],"collection":[{"href":"https:\/\/www.europesays.com\/fr\/wp-json\/wp\/v2\/posts"}],"about":[{"href":"https:\/\/www.europesays.com\/fr\/wp-json\/wp\/v2\/types\/post"}],"author":[{"embeddable":true,"href":"https:\/\/www.europesays.com\/fr\/wp-json\/wp\/v2\/users\/2"}],"replies":[{"embeddable":true,"href":"https:\/\/www.europesays.com\/fr\/wp-json\/wp\/v2\/comments?post=508843"}],"version-history":[{"count":0,"href":"https:\/\/www.europesays.com\/fr\/wp-json\/wp\/v2\/posts\/508843\/revisions"}],"wp:featuredmedia":[{"embeddable":true,"href":"https:\/\/www.europesays.com\/fr\/wp-json\/wp\/v2\/media\/508844"}],"wp:attachment":[{"href":"https:\/\/www.europesays.com\/fr\/wp-json\/wp\/v2\/media?parent=508843"}],"wp:term":[{"taxonomy":"category","embeddable":true,"href":"https:\/\/www.europesays.com\/fr\/wp-json\/wp\/v2\/categories?post=508843"},{"taxonomy":"post_tag","embeddable":true,"href":"https:\/\/www.europesays.com\/fr\/wp-json\/wp\/v2\/tags?post=508843"}],"curies":[{"name":"wp","href":"https:\/\/api.w.org\/{rel}","templated":true}]}}