{"id":508855,"date":"2025-11-03T12:43:15","date_gmt":"2025-11-03T12:43:15","guid":{"rendered":"https:\/\/www.europesays.com\/fr\/508855\/"},"modified":"2025-11-03T12:43:15","modified_gmt":"2025-11-03T12:43:15","slug":"heurgon-x-opera-gallery-une-soiree-exclusive-au-faubourg-saint-honore","status":"publish","type":"post","link":"https:\/\/www.europesays.com\/fr\/508855\/","title":{"rendered":"Heurgon x Opera Gallery Une soir\u00e9e exclusive au Faubourg Saint-Honor\u00e9"},"content":{"rendered":"<p class=\"p1\">Le <strong>20 novembre 2025<\/strong>, pour ses 160 ans, <strong>HEURGON<\/strong> propose un \u00e9v\u00e9nement exclusif pour les amateurs d\u2019art et les collectionneurs : une soir\u00e9e unique en partenariat avec <strong>Opera Gallery<\/strong>, dans notre flagship du 58 rue du Faubourg Saint-Honor\u00e9.<\/p>\n<p class=\"p1\">Dans le cadre de ce partenariat avec Opera Gallery, une s\u00e9lection exclusive d\u2019\u0153uvres iconiques de Niki de Saint Phalle, de Yves Klein, ainsi que des cr\u00e9ations majeures d\u2019artistes contemporains, seront d\u00e9voil\u00e9es.<\/p>\n<p class=\"p1\">Vous d\u00e9couvrirez \u00e9galement une exposition exceptionnelle de pi\u00e8ces de haute horlogerie et de joaillerie, pr\u00e9sent\u00e9es et sign\u00e9es par nos 24 partenaires d\u2019exceptions.<\/p>\n<p class=\"p1\">Cette prestigieuse collaboration entre <strong>HEURGON<\/strong> et <strong>OPERA GALLERY<\/strong> offre une exp\u00e9rience immersive, ou l\u2019art et le luxe se rencontrent, symbole de l\u2019excellence et du raffinement. Une occasion rare de d\u00e9couvrir des \u0153uvres artistiques et des pi\u00e8ces de haute horlogerie et de joaillerie dans un environnement r\u00e9solument exclusif.<\/p>\n","protected":false},"excerpt":{"rendered":"Le 20 novembre 2025, pour ses 160 ans, HEURGON propose un \u00e9v\u00e9nement exclusif pour les amateurs d\u2019art et&hellip;\n","protected":false},"author":2,"featured_media":508856,"comment_status":"","ping_status":"","sticky":false,"template":"","format":"standard","meta":{"footnotes":""},"categories":[1888],"tags":[11,1777,674,3293,1011,27,12,626,25],"class_list":{"0":"post-508855","1":"post","2":"type-post","3":"status-publish","4":"format-standard","5":"has-post-thumbnail","7":"category-paris","8":"tag-actualites","9":"tag-eu","10":"tag-europe","11":"tag-exposition","12":"tag-fr","13":"tag-france","14":"tag-news","15":"tag-paris","16":"tag-republique-francaise"},"share_on_mastodon":{"url":"https:\/\/pubeurope.com\/@fr\/115485829116148180","error":""},"_links":{"self":[{"href":"https:\/\/www.europesays.com\/fr\/wp-json\/wp\/v2\/posts\/508855","targetHints":{"allow":["GET"]}}],"collection":[{"href":"https:\/\/www.europesays.com\/fr\/wp-json\/wp\/v2\/posts"}],"about":[{"href":"https:\/\/www.europesays.com\/fr\/wp-json\/wp\/v2\/types\/post"}],"author":[{"embeddable":true,"href":"https:\/\/www.europesays.com\/fr\/wp-json\/wp\/v2\/users\/2"}],"replies":[{"embeddable":true,"href":"https:\/\/www.europesays.com\/fr\/wp-json\/wp\/v2\/comments?post=508855"}],"version-history":[{"count":0,"href":"https:\/\/www.europesays.com\/fr\/wp-json\/wp\/v2\/posts\/508855\/revisions"}],"wp:featuredmedia":[{"embeddable":true,"href":"https:\/\/www.europesays.com\/fr\/wp-json\/wp\/v2\/media\/508856"}],"wp:attachment":[{"href":"https:\/\/www.europesays.com\/fr\/wp-json\/wp\/v2\/media?parent=508855"}],"wp:term":[{"taxonomy":"category","embeddable":true,"href":"https:\/\/www.europesays.com\/fr\/wp-json\/wp\/v2\/categories?post=508855"},{"taxonomy":"post_tag","embeddable":true,"href":"https:\/\/www.europesays.com\/fr\/wp-json\/wp\/v2\/tags?post=508855"}],"curies":[{"name":"wp","href":"https:\/\/api.w.org\/{rel}","templated":true}]}}