{"id":508859,"date":"2025-11-03T12:45:17","date_gmt":"2025-11-03T12:45:17","guid":{"rendered":"https:\/\/www.europesays.com\/fr\/508859\/"},"modified":"2025-11-03T12:45:17","modified_gmt":"2025-11-03T12:45:17","slug":"cest-quoi-cette-bd-evenement","status":"publish","type":"post","link":"https:\/\/www.europesays.com\/fr\/508859\/","title":{"rendered":"c\u2019est quoi cette BD \u00e9v\u00e9nement ?"},"content":{"rendered":"<p>Le journaliste aux millions de followers sort sa premi\u00e8re bande dessin\u00e9e ce 4 novembre 2025, d\u00e9di\u00e9e \u00e0 la g\u00e9opolitique et l\u2019histoire de la Russie.<\/p>\n<p>HugoD\u00e9crypte \u2014 de son vrai nom Hugo Travers \u2014 se lance dans une nouvelle aventure artistique. <a href=\"https:\/\/leclaireur.fnac.com\/article\/388592-squeezie-hugodecrypte-assiste-t-on-a-une-hybridation-de-youtube-et-de-la-television\/\" target=\"_blank\" rel=\"noreferrer noopener\">Le journaliste, star des r\u00e9seaux sociaux<\/a> aux millions de followers sort, en effet, sa toute premi\u00e8re <a href=\"https:\/\/www.fnac.com\/s8\/BD-et-Humour\" target=\"_blank\" rel=\"noreferrer noopener\">bande dessin\u00e9e<\/a> ce 4 novembre 2025 aux \u00e9ditions Allary, intitul\u00e9e HugoD\u00e9crypte en Russie, co-\u00e9crite par <a href=\"https:\/\/www.fnac.com\/ia4678840\/Kris\" target=\"_blank\" rel=\"noreferrer noopener\">Kris<\/a> et dessin\u00e9e par <a href=\"https:\/\/www.fnac.com\/ia9659084\/Kokopello\" target=\"_blank\" rel=\"noreferrer noopener\">Kokopello<\/a>.<\/p>\n<p>Dans cette BD le mettant en sc\u00e8ne \u2014 d\u2019une fa\u00e7on tr\u00e8s m\u00e9ta et qui brise le quatri\u00e8me mur \u2014, HugoD\u00e9crypte part en Russie afin de retracer l\u2019histoire et le contexte g\u00e9opolitique du plus vaste pays d\u2019Europe. Partant de la fondation de la Russie au IXe si\u00e8cle jusqu\u2019\u00e0 la r\u00e9cente guerre en Ukraine, le journaliste dresse le portrait d\u2019un territoire ainsi que d\u2019une nation, entre approche historique et ludique, adapt\u00e9e \u00e0 un tr\u00e8s large public. La BD est ainsi conseill\u00e9e d\u00e8s l\u2019\u00e2ge de 13 ans.<\/p>\n<blockquote class=\"instagram-media\" data-instgrm-captioned=\"\" data-instgrm-permalink=\"https:\/\/www.instagram.com\/p\/DQFGWX0CDWn\/?utm_source=ig_embed&amp;utm_campaign=loading\" data-instgrm-version=\"14\" style=\" background:#FFF; border:0; border-radius:3px; box-shadow:0 0 1px 0 rgba(0,0,0,0.5),0 1px 10px 0 rgba(0,0,0,0.15); margin: 1px; max-width:540px; min-width:326px; padding:0; width:99.375%; width:-webkit-calc(100% - 2px); width:calc(100% - 2px);\"\/>\n<p>Donner l\u2019acc\u00e8s \u00e0 tous et toutes \u00e0 l\u2019information a fait le succ\u00e8s du vid\u00e9aste sur les r\u00e9seaux sociaux. Aujourd\u2019hui, HugoD\u00e9crypte en Russie poursuit la vocation du journaliste, qui analyse et d\u00e9cortique le monde dans un souci de vulgarisation.<\/p>\n<p>HugoD\u00e9crypte en Russie sort ce 4 novembre 2025 et devrait conna\u00eetre un immense succ\u00e8s en librairies. En tentant une nouvelle approche pour informer et instruire, HugoD\u00e9crypte s\u2019affranchit des limites de la vid\u00e9o et pourrait toucher un nouveau public.<\/p>\n<p>Un rendez-vous r\u00e9current \u00e0 venir<\/p>\n<p>HugoD\u00e9crypte en Russie n\u2019est que le premier tome d\u2019une s\u00e9rie de bandes dessin\u00e9es \u00e0 retrouver annuellement. Les \u00e9ditions Allary ont ainsi annonc\u00e9 que la BD de HugoD\u00e9crypte reviendra chaque ann\u00e9e, avec \u00e0 chaque fois un nouveau th\u00e8me ou un nouveau pays analys\u00e9.<\/p>\n<p>Les prochains tomes ne sont pas encore connus, mais HugoD\u00e9crypte en Russie marque le d\u00e9but d\u2019une aventure journalistique et artistique importante. Pour l\u2019occasion, HugoD\u00e9crypte et le dessinateur Kokopello seront \u00e0 retrouver \u00e0 la Fnac Forum des Halles le 8 novembre 2025 et \u00e0 la Fnac Lyon Bellecour\u00a0le 15 novembre 2025 pour <a href=\"https:\/\/leclaireur.fnac.com\/evenement\/cp68913-le-journaliste-hugodecrypte-et-le-dessinateur-kokopello-en-dedicace-a-la-fnac\/\" target=\"_blank\" rel=\"noreferrer noopener\">deux s\u00e9ances de d\u00e9dicaces exceptionnelles<\/a>.<\/p>\n<p>        <script async src=\"\/\/www.instagram.com\/embed.js\"><\/script><\/p>\n","protected":false},"excerpt":{"rendered":"Le journaliste aux millions de followers sort sa premi\u00e8re bande dessin\u00e9e ce 4 novembre 2025, d\u00e9di\u00e9e \u00e0 la&hellip;\n","protected":false},"author":2,"featured_media":508860,"comment_status":"","ping_status":"","sticky":false,"template":"","format":"standard","meta":{"footnotes":""},"categories":[1591],"tags":[11,13153,1887,12,1885,1886,132,3686],"class_list":{"0":"post-508859","1":"post","2":"type-post","3":"status-publish","4":"format-standard","5":"has-post-thumbnail","7":"category-russie","8":"tag-actualites","9":"tag-bande-dessinee","10":"tag-federation-de-russie","11":"tag-news","12":"tag-russia","13":"tag-russian-federation","14":"tag-russie","15":"tag-sortie"},"share_on_mastodon":{"url":"https:\/\/pubeurope.com\/@fr\/115485836901258663","error":""},"_links":{"self":[{"href":"https:\/\/www.europesays.com\/fr\/wp-json\/wp\/v2\/posts\/508859","targetHints":{"allow":["GET"]}}],"collection":[{"href":"https:\/\/www.europesays.com\/fr\/wp-json\/wp\/v2\/posts"}],"about":[{"href":"https:\/\/www.europesays.com\/fr\/wp-json\/wp\/v2\/types\/post"}],"author":[{"embeddable":true,"href":"https:\/\/www.europesays.com\/fr\/wp-json\/wp\/v2\/users\/2"}],"replies":[{"embeddable":true,"href":"https:\/\/www.europesays.com\/fr\/wp-json\/wp\/v2\/comments?post=508859"}],"version-history":[{"count":0,"href":"https:\/\/www.europesays.com\/fr\/wp-json\/wp\/v2\/posts\/508859\/revisions"}],"wp:featuredmedia":[{"embeddable":true,"href":"https:\/\/www.europesays.com\/fr\/wp-json\/wp\/v2\/media\/508860"}],"wp:attachment":[{"href":"https:\/\/www.europesays.com\/fr\/wp-json\/wp\/v2\/media?parent=508859"}],"wp:term":[{"taxonomy":"category","embeddable":true,"href":"https:\/\/www.europesays.com\/fr\/wp-json\/wp\/v2\/categories?post=508859"},{"taxonomy":"post_tag","embeddable":true,"href":"https:\/\/www.europesays.com\/fr\/wp-json\/wp\/v2\/tags?post=508859"}],"curies":[{"name":"wp","href":"https:\/\/api.w.org\/{rel}","templated":true}]}}